{"id":90810,"date":"2023-04-03T12:09:08","date_gmt":"2023-04-03T11:09:08","guid":{"rendered":"https:\/\/www.altominho.tv\/site\/?p=90810"},"modified":"2023-04-03T12:09:20","modified_gmt":"2023-04-03T11:09:20","slug":"melgaco-dance-center","status":"publish","type":"post","link":"https:\/\/www.altominho.tv\/site\/2023\/04\/03\/melgaco-dance-center\/","title":{"rendered":"Melga\u00e7o Dance Center continua a brilhar"},"content":{"rendered":"<p>O Melga\u00e7o Dance Center conquistou ontem o apuramento para o \u00b4All Dance Europe 2023`, onde vai lutar pelo t\u00edtulo de Campe\u00e3o Europeu, em Tarragona, Espanha, de 3 a 6 de agosto.<\/p>\n<p>No All Dance Portugal, a escola de dan\u00e7a alcan\u00e7ou a primeira posi\u00e7\u00e3o na categoria de jazz moderno e o segundo lugar na categoria de jazz teatral.<\/p>\n<p><img loading=\"lazy\" decoding=\"async\" class=\"alignnone size-medium wp-image-90812\" src=\"https:\/\/www.altominho.tv\/site\/wp-content\/uploads\/2023\/04\/All-dance-534x433.jpg\" alt=\"\" width=\"534\" height=\"433\" srcset=\"https:\/\/www.altominho.tv\/site\/wp-content\/uploads\/2023\/04\/All-dance-534x433.jpg 534w, https:\/\/www.altominho.tv\/site\/wp-content\/uploads\/2023\/04\/All-dance-1024x831.jpg 1024w, https:\/\/www.altominho.tv\/site\/wp-content\/uploads\/2023\/04\/All-dance-768x623.jpg 768w, https:\/\/www.altominho.tv\/site\/wp-content\/uploads\/2023\/04\/All-dance-370x300.jpg 370w, https:\/\/www.altominho.tv\/site\/wp-content\/uploads\/2023\/04\/All-dance-270x219.jpg 270w, https:\/\/www.altominho.tv\/site\/wp-content\/uploads\/2023\/04\/All-dance-570x463.jpg 570w, https:\/\/www.altominho.tv\/site\/wp-content\/uploads\/2023\/04\/All-dance-740x601.jpg 740w, https:\/\/www.altominho.tv\/site\/wp-content\/uploads\/2023\/04\/All-dance.jpg 1067w\" sizes=\"auto, (max-width: 534px) 100vw, 534px\" \/><\/p>\n<p>Considerado o maior evento nacional de dan\u00e7a, o All Dance Portugal decorreu em Santa Maria da Feira, no Porto. No total, participaram cerca de 2800 bailarinos de 120 escolas ou companhias de dan\u00e7a.<\/p>\n<p>No fim de semana passado, o Melga\u00e7o Dance Center j\u00e1 tinha conseguido o apuramento para o Campeonato do Mundo de Dan\u00e7a, que este ano se realiza em Braga, entre 30 de junho e 8 de julho.<\/p>\n<p>Recorde-se que o Melga\u00e7o Dance Center sagrou-se campe\u00e3o da Europa de Dan\u00e7a em 2022, em Roma.<\/p>\n","protected":false},"excerpt":{"rendered":"<p>O Melga\u00e7o Dance Center conquistou ontem o apuramento para o \u00b4All Dance Europe 2023`, onde vai lutar pelo t\u00edtulo de Campe\u00e3o Europeu, em Tarragona, Espanha, de 3 a 6 de agosto. No All Dance Portugal, a escola de dan\u00e7a alcan\u00e7ou a primeira posi\u00e7\u00e3o na categoria de jazz moderno e o segundo lugar na categoria de [&hellip;]<\/p>\n","protected":false},"author":24,"featured_media":90811,"comment_status":"closed","ping_status":"closed","sticky":false,"template":"","format":"standard","meta":{"_exactmetrics_skip_tracking":false,"footnotes":""},"categories":[8],"tags":[27],"class_list":["post-90810","post","type-post","status-publish","format-standard","has-post-thumbnail","hentry","category-melgaco","tag-sociedade"],"yoast_head":"<!-- This site is optimized with the Yoast SEO Premium plugin v28.3 (Yoast SEO v28.3) - https:\/\/yoast.com\/product\/yoast-seo-premium-wordpress\/ -->\n<title>Melga\u00e7o Dance Center continua a brilhar<\/title>\n<meta name=\"description\" content=\"O Melga\u00e7o Dance Center conquistou ontem o apuramento para o \u00b4All Dance Europe 2023`, onde vai lutar pelo t\u00edtulo de Campe\u00e3o Europeu, em Tarragona, Espanha, de 3 a 6 de agosto.\u00a0\" \/>\n<meta name=\"robots\" content=\"index, follow, max-snippet:-1, max-image-preview:large, max-video-preview:-1\" \/>\n<link rel=\"canonical\" href=\"https:\/\/www.altominho.tv\/site\/2023\/04\/03\/melgaco-dance-center\/\" \/>\n<meta property=\"og:locale\" content=\"pt_PT\" \/>\n<meta property=\"og:type\" content=\"article\" \/>\n<meta property=\"og:title\" content=\"Melga\u00e7o Dance Center continua a brilhar\" \/>\n<meta property=\"og:description\" content=\"O Melga\u00e7o Dance Center conquistou ontem o apuramento para o \u00b4All Dance Europe 2023`, onde vai lutar pelo t\u00edtulo de Campe\u00e3o Europeu, em Tarragona, Espanha, de 3 a 6 de agosto.\u00a0\" \/>\n<meta property=\"og:url\" content=\"https:\/\/www.altominho.tv\/site\/2023\/04\/03\/melgaco-dance-center\/\" \/>\n<meta property=\"og:site_name\" content=\"Altominho.tv\" \/>\n<meta property=\"article:publisher\" content=\"https:\/\/www.facebook.com\/altominhotv\" \/>\n<meta property=\"article:published_time\" content=\"2023-04-03T11:09:08+00:00\" \/>\n<meta property=\"article:modified_time\" content=\"2023-04-03T11:09:20+00:00\" \/>\n<meta property=\"og:image\" content=\"https:\/\/www.altominho.tv\/site\/wp-content\/uploads\/2023\/04\/Melgaco-dance.jpg\" \/>\n\t<meta property=\"og:image:width\" content=\"1086\" \/>\n\t<meta property=\"og:image:height\" content=\"775\" \/>\n\t<meta property=\"og:image:type\" content=\"image\/jpeg\" \/>\n<meta name=\"author\" content=\"Cesar Lopes\" \/>\n<meta name=\"twitter:card\" content=\"summary_large_image\" \/>\n<meta name=\"twitter:creator\" content=\"@altominhoTV\" \/>\n<meta name=\"twitter:site\" content=\"@altominhoTV\" \/>\n<meta name=\"twitter:label1\" content=\"Escrito por\" \/>\n\t<meta name=\"twitter:data1\" content=\"Cesar Lopes\" \/>\n\t<meta name=\"twitter:label2\" content=\"Tempo estimado de leitura\" \/>\n\t<meta name=\"twitter:data2\" content=\"1 minuto\" \/>\n<script type=\"application\/ld+json\" class=\"yoast-schema-graph\">{\"@context\":\"https:\\\/\\\/schema.org\",\"@graph\":[{\"@type\":\"Article\",\"@id\":\"https:\\\/\\\/www.altominho.tv\\\/site\\\/2023\\\/04\\\/03\\\/melgaco-dance-center\\\/#article\",\"isPartOf\":{\"@id\":\"https:\\\/\\\/www.altominho.tv\\\/site\\\/2023\\\/04\\\/03\\\/melgaco-dance-center\\\/\"},\"author\":{\"name\":\"Cesar Lopes\",\"@id\":\"https:\\\/\\\/www.altominho.tv\\\/site\\\/#\\\/schema\\\/person\\\/c5570e5afb933b8d08c43373326ef1b1\"},\"headline\":\"Melga\u00e7o Dance Center continua a brilhar\",\"datePublished\":\"2023-04-03T11:09:08+00:00\",\"dateModified\":\"2023-04-03T11:09:20+00:00\",\"mainEntityOfPage\":{\"@id\":\"https:\\\/\\\/www.altominho.tv\\\/site\\\/2023\\\/04\\\/03\\\/melgaco-dance-center\\\/\"},\"wordCount\":154,\"image\":{\"@id\":\"https:\\\/\\\/www.altominho.tv\\\/site\\\/2023\\\/04\\\/03\\\/melgaco-dance-center\\\/#primaryimage\"},\"thumbnailUrl\":\"https:\\\/\\\/www.altominho.tv\\\/site\\\/wp-content\\\/uploads\\\/2023\\\/04\\\/Melgaco-dance.jpg\",\"keywords\":[\"Sociedade\"],\"articleSection\":[\"Melga\u00e7o\"],\"inLanguage\":\"pt-PT\",\"copyrightYear\":\"2023\",\"copyrightHolder\":{\"@id\":\"https:\\\/\\\/www.altominho.tv\\\/site\\\/#organization\"}},{\"@type\":\"WebPage\",\"@id\":\"https:\\\/\\\/www.altominho.tv\\\/site\\\/2023\\\/04\\\/03\\\/melgaco-dance-center\\\/\",\"url\":\"https:\\\/\\\/www.altominho.tv\\\/site\\\/2023\\\/04\\\/03\\\/melgaco-dance-center\\\/\",\"name\":\"Melga\u00e7o Dance Center continua a brilhar\",\"isPartOf\":{\"@id\":\"https:\\\/\\\/www.altominho.tv\\\/site\\\/#website\"},\"primaryImageOfPage\":{\"@id\":\"https:\\\/\\\/www.altominho.tv\\\/site\\\/2023\\\/04\\\/03\\\/melgaco-dance-center\\\/#primaryimage\"},\"image\":{\"@id\":\"https:\\\/\\\/www.altominho.tv\\\/site\\\/2023\\\/04\\\/03\\\/melgaco-dance-center\\\/#primaryimage\"},\"thumbnailUrl\":\"https:\\\/\\\/www.altominho.tv\\\/site\\\/wp-content\\\/uploads\\\/2023\\\/04\\\/Melgaco-dance.jpg\",\"datePublished\":\"2023-04-03T11:09:08+00:00\",\"dateModified\":\"2023-04-03T11:09:20+00:00\",\"author\":{\"@id\":\"https:\\\/\\\/www.altominho.tv\\\/site\\\/#\\\/schema\\\/person\\\/c5570e5afb933b8d08c43373326ef1b1\"},\"description\":\"O Melga\u00e7o Dance Center conquistou ontem o apuramento para o \u00b4All Dance Europe 2023`, onde vai lutar pelo t\u00edtulo de Campe\u00e3o Europeu, em Tarragona, Espanha, de 3 a 6 de agosto.\u00a0\",\"breadcrumb\":{\"@id\":\"https:\\\/\\\/www.altominho.tv\\\/site\\\/2023\\\/04\\\/03\\\/melgaco-dance-center\\\/#breadcrumb\"},\"inLanguage\":\"pt-PT\",\"potentialAction\":[{\"@type\":\"ReadAction\",\"target\":[\"https:\\\/\\\/www.altominho.tv\\\/site\\\/2023\\\/04\\\/03\\\/melgaco-dance-center\\\/\"]}]},{\"@type\":\"ImageObject\",\"inLanguage\":\"pt-PT\",\"@id\":\"https:\\\/\\\/www.altominho.tv\\\/site\\\/2023\\\/04\\\/03\\\/melgaco-dance-center\\\/#primaryimage\",\"url\":\"https:\\\/\\\/www.altominho.tv\\\/site\\\/wp-content\\\/uploads\\\/2023\\\/04\\\/Melgaco-dance.jpg\",\"contentUrl\":\"https:\\\/\\\/www.altominho.tv\\\/site\\\/wp-content\\\/uploads\\\/2023\\\/04\\\/Melgaco-dance.jpg\",\"width\":1086,\"height\":775},{\"@type\":\"BreadcrumbList\",\"@id\":\"https:\\\/\\\/www.altominho.tv\\\/site\\\/2023\\\/04\\\/03\\\/melgaco-dance-center\\\/#breadcrumb\",\"itemListElement\":[{\"@type\":\"ListItem\",\"position\":1,\"name\":\"In\u00edcio\",\"item\":\"https:\\\/\\\/www.altominho.tv\\\/site\\\/\"},{\"@type\":\"ListItem\",\"position\":2,\"name\":\"Melga\u00e7o Dance Center continua a brilhar\"}]},{\"@type\":\"WebSite\",\"@id\":\"https:\\\/\\\/www.altominho.tv\\\/site\\\/#website\",\"url\":\"https:\\\/\\\/www.altominho.tv\\\/site\\\/\",\"name\":\"Altominho.tv\",\"description\":\"A sua regi\u00e3o \u00e0 dist\u00e2ncia de um clique...\",\"potentialAction\":[{\"@type\":\"SearchAction\",\"target\":{\"@type\":\"EntryPoint\",\"urlTemplate\":\"https:\\\/\\\/www.altominho.tv\\\/site\\\/?s={search_term_string}\"},\"query-input\":{\"@type\":\"PropertyValueSpecification\",\"valueRequired\":true,\"valueName\":\"search_term_string\"}}],\"inLanguage\":\"pt-PT\"},{\"@type\":\"Person\",\"@id\":\"https:\\\/\\\/www.altominho.tv\\\/site\\\/#\\\/schema\\\/person\\\/c5570e5afb933b8d08c43373326ef1b1\",\"name\":\"Cesar Lopes\",\"image\":{\"@type\":\"ImageObject\",\"inLanguage\":\"pt-PT\",\"@id\":\"https:\\\/\\\/www.altominho.tv\\\/site\\\/wp-content\\\/uploads\\\/2022\\\/10\\\/Sem-Titulo-150x150.jpg\",\"url\":\"https:\\\/\\\/www.altominho.tv\\\/site\\\/wp-content\\\/uploads\\\/2022\\\/10\\\/Sem-Titulo-150x150.jpg\",\"contentUrl\":\"https:\\\/\\\/www.altominho.tv\\\/site\\\/wp-content\\\/uploads\\\/2022\\\/10\\\/Sem-Titulo-150x150.jpg\",\"caption\":\"Cesar Lopes\"},\"url\":\"https:\\\/\\\/www.altominho.tv\\\/site\\\/author\\\/cesarlopes\\\/\"}]}<\/script>\n<!-- \/ Yoast SEO Premium plugin. -->","yoast_head_json":{"title":"Melga\u00e7o Dance Center continua a brilhar","description":"O Melga\u00e7o Dance Center conquistou ontem o apuramento para o \u00b4All Dance Europe 2023`, onde vai lutar pelo t\u00edtulo de Campe\u00e3o Europeu, em Tarragona, Espanha, de 3 a 6 de agosto.\u00a0","robots":{"index":"index","follow":"follow","max-snippet":"max-snippet:-1","max-image-preview":"max-image-preview:large","max-video-preview":"max-video-preview:-1"},"canonical":"https:\/\/www.altominho.tv\/site\/2023\/04\/03\/melgaco-dance-center\/","og_locale":"pt_PT","og_type":"article","og_title":"Melga\u00e7o Dance Center continua a brilhar","og_description":"O Melga\u00e7o Dance Center conquistou ontem o apuramento para o \u00b4All Dance Europe 2023`, onde vai lutar pelo t\u00edtulo de Campe\u00e3o Europeu, em Tarragona, Espanha, de 3 a 6 de agosto.\u00a0","og_url":"https:\/\/www.altominho.tv\/site\/2023\/04\/03\/melgaco-dance-center\/","og_site_name":"Altominho.tv","article_publisher":"https:\/\/www.facebook.com\/altominhotv","article_published_time":"2023-04-03T11:09:08+00:00","article_modified_time":"2023-04-03T11:09:20+00:00","og_image":[{"width":1086,"height":775,"url":"https:\/\/www.altominho.tv\/site\/wp-content\/uploads\/2023\/04\/Melgaco-dance.jpg","type":"image\/jpeg"}],"author":"Cesar Lopes","twitter_card":"summary_large_image","twitter_creator":"@altominhoTV","twitter_site":"@altominhoTV","twitter_misc":{"Escrito por":"Cesar Lopes","Tempo estimado de leitura":"1 minuto"},"schema":{"@context":"https:\/\/schema.org","@graph":[{"@type":"Article","@id":"https:\/\/www.altominho.tv\/site\/2023\/04\/03\/melgaco-dance-center\/#article","isPartOf":{"@id":"https:\/\/www.altominho.tv\/site\/2023\/04\/03\/melgaco-dance-center\/"},"author":{"name":"Cesar Lopes","@id":"https:\/\/www.altominho.tv\/site\/#\/schema\/person\/c5570e5afb933b8d08c43373326ef1b1"},"headline":"Melga\u00e7o Dance Center continua a brilhar","datePublished":"2023-04-03T11:09:08+00:00","dateModified":"2023-04-03T11:09:20+00:00","mainEntityOfPage":{"@id":"https:\/\/www.altominho.tv\/site\/2023\/04\/03\/melgaco-dance-center\/"},"wordCount":154,"image":{"@id":"https:\/\/www.altominho.tv\/site\/2023\/04\/03\/melgaco-dance-center\/#primaryimage"},"thumbnailUrl":"https:\/\/www.altominho.tv\/site\/wp-content\/uploads\/2023\/04\/Melgaco-dance.jpg","keywords":["Sociedade"],"articleSection":["Melga\u00e7o"],"inLanguage":"pt-PT","copyrightYear":"2023","copyrightHolder":{"@id":"https:\/\/www.altominho.tv\/site\/#organization"}},{"@type":"WebPage","@id":"https:\/\/www.altominho.tv\/site\/2023\/04\/03\/melgaco-dance-center\/","url":"https:\/\/www.altominho.tv\/site\/2023\/04\/03\/melgaco-dance-center\/","name":"Melga\u00e7o Dance Center continua a brilhar","isPartOf":{"@id":"https:\/\/www.altominho.tv\/site\/#website"},"primaryImageOfPage":{"@id":"https:\/\/www.altominho.tv\/site\/2023\/04\/03\/melgaco-dance-center\/#primaryimage"},"image":{"@id":"https:\/\/www.altominho.tv\/site\/2023\/04\/03\/melgaco-dance-center\/#primaryimage"},"thumbnailUrl":"https:\/\/www.altominho.tv\/site\/wp-content\/uploads\/2023\/04\/Melgaco-dance.jpg","datePublished":"2023-04-03T11:09:08+00:00","dateModified":"2023-04-03T11:09:20+00:00","author":{"@id":"https:\/\/www.altominho.tv\/site\/#\/schema\/person\/c5570e5afb933b8d08c43373326ef1b1"},"description":"O Melga\u00e7o Dance Center conquistou ontem o apuramento para o \u00b4All Dance Europe 2023`, onde vai lutar pelo t\u00edtulo de Campe\u00e3o Europeu, em Tarragona, Espanha, de 3 a 6 de agosto.\u00a0","breadcrumb":{"@id":"https:\/\/www.altominho.tv\/site\/2023\/04\/03\/melgaco-dance-center\/#breadcrumb"},"inLanguage":"pt-PT","potentialAction":[{"@type":"ReadAction","target":["https:\/\/www.altominho.tv\/site\/2023\/04\/03\/melgaco-dance-center\/"]}]},{"@type":"ImageObject","inLanguage":"pt-PT","@id":"https:\/\/www.altominho.tv\/site\/2023\/04\/03\/melgaco-dance-center\/#primaryimage","url":"https:\/\/www.altominho.tv\/site\/wp-content\/uploads\/2023\/04\/Melgaco-dance.jpg","contentUrl":"https:\/\/www.altominho.tv\/site\/wp-content\/uploads\/2023\/04\/Melgaco-dance.jpg","width":1086,"height":775},{"@type":"BreadcrumbList","@id":"https:\/\/www.altominho.tv\/site\/2023\/04\/03\/melgaco-dance-center\/#breadcrumb","itemListElement":[{"@type":"ListItem","position":1,"name":"In\u00edcio","item":"https:\/\/www.altominho.tv\/site\/"},{"@type":"ListItem","position":2,"name":"Melga\u00e7o Dance Center continua a brilhar"}]},{"@type":"WebSite","@id":"https:\/\/www.altominho.tv\/site\/#website","url":"https:\/\/www.altominho.tv\/site\/","name":"Altominho.tv","description":"A sua regi\u00e3o \u00e0 dist\u00e2ncia de um clique...","potentialAction":[{"@type":"SearchAction","target":{"@type":"EntryPoint","urlTemplate":"https:\/\/www.altominho.tv\/site\/?s={search_term_string}"},"query-input":{"@type":"PropertyValueSpecification","valueRequired":true,"valueName":"search_term_string"}}],"inLanguage":"pt-PT"},{"@type":"Person","@id":"https:\/\/www.altominho.tv\/site\/#\/schema\/person\/c5570e5afb933b8d08c43373326ef1b1","name":"Cesar Lopes","image":{"@type":"ImageObject","inLanguage":"pt-PT","@id":"https:\/\/www.altominho.tv\/site\/wp-content\/uploads\/2022\/10\/Sem-Titulo-150x150.jpg","url":"https:\/\/www.altominho.tv\/site\/wp-content\/uploads\/2022\/10\/Sem-Titulo-150x150.jpg","contentUrl":"https:\/\/www.altominho.tv\/site\/wp-content\/uploads\/2022\/10\/Sem-Titulo-150x150.jpg","caption":"Cesar Lopes"},"url":"https:\/\/www.altominho.tv\/site\/author\/cesarlopes\/"}]}},"_links":{"self":[{"href":"https:\/\/www.altominho.tv\/site\/wp-json\/wp\/v2\/posts\/90810","targetHints":{"allow":["GET"]}}],"collection":[{"href":"https:\/\/www.altominho.tv\/site\/wp-json\/wp\/v2\/posts"}],"about":[{"href":"https:\/\/www.altominho.tv\/site\/wp-json\/wp\/v2\/types\/post"}],"author":[{"embeddable":true,"href":"https:\/\/www.altominho.tv\/site\/wp-json\/wp\/v2\/users\/24"}],"replies":[{"embeddable":true,"href":"https:\/\/www.altominho.tv\/site\/wp-json\/wp\/v2\/comments?post=90810"}],"version-history":[{"count":1,"href":"https:\/\/www.altominho.tv\/site\/wp-json\/wp\/v2\/posts\/90810\/revisions"}],"predecessor-version":[{"id":90813,"href":"https:\/\/www.altominho.tv\/site\/wp-json\/wp\/v2\/posts\/90810\/revisions\/90813"}],"wp:featuredmedia":[{"embeddable":true,"href":"https:\/\/www.altominho.tv\/site\/wp-json\/wp\/v2\/media\/90811"}],"wp:attachment":[{"href":"https:\/\/www.altominho.tv\/site\/wp-json\/wp\/v2\/media?parent=90810"}],"wp:term":[{"taxonomy":"category","embeddable":true,"href":"https:\/\/www.altominho.tv\/site\/wp-json\/wp\/v2\/categories?post=90810"},{"taxonomy":"post_tag","embeddable":true,"href":"https:\/\/www.altominho.tv\/site\/wp-json\/wp\/v2\/tags?post=90810"}],"curies":[{"name":"wp","href":"https:\/\/api.w.org\/{rel}","templated":true}]}}