{"id":90799,"date":"2023-04-03T10:04:28","date_gmt":"2023-04-03T09:04:28","guid":{"rendered":"https:\/\/www.altominho.tv\/site\/?p=90799"},"modified":"2023-04-03T10:04:32","modified_gmt":"2023-04-03T09:04:32","slug":"viana-do-castelo-com-taxa-de-ocupacao-na-pascoa-acima-dos-80","status":"publish","type":"post","link":"https:\/\/www.altominho.tv\/site\/2023\/04\/03\/viana-do-castelo-com-taxa-de-ocupacao-na-pascoa-acima-dos-80\/","title":{"rendered":"Viana do Castelo com taxa de ocupa\u00e7\u00e3o na P\u00e1scoa acima dos 80%"},"content":{"rendered":"<p>A taxa de ocupa\u00e7\u00e3o em 12 unidades hoteleiras do concelho de Viana do castelo, com um total de 472 quartos, \u00e9 de cerca de 83.91%, \u201cligeiramente superior\u201d \u00e0 percentagem registada no mesmo per\u00edodo de 2022.<\/p>\n<p>Em resposta por escrito, a um pedido de informa\u00e7\u00e3o enviado pela ag\u00eancia Lusa, os servi\u00e7os de Turismo da C\u00e2mara de Viana do Castelo adiantaram que o aumento de procura registado este ano \u00e9 justificado pela \u201cretoma total da atividade tur\u00edstica ap\u00f3s a pandemia de Covid-19\u201d.<\/p>\n<p>A mesma fonte da autarquia da capital do Alto Minho explicou que os turistas que procuram o concelho de Viana do Castelo durante o per\u00edodo da P\u00e1scoa s\u00e3o \u201cprincipalmente do mercado nacional e de Espanha\u201d.<\/p>\n<p>Questionadas sobre as previs\u00f5es para os pr\u00f3ximos meses, as 12 unidades hoteleiras contactadas pelo servi\u00e7o de Turismo da autarquia prev\u00eaem \u201csuperar os n\u00fameros alcan\u00e7ados em 2022, que poder\u00e3o variar entre os 55% e os 60%\u201d.<\/p>\n<p>No total, o concelho de Viana do Castelo disp\u00f5e de 52 empreendimentos tur\u00edsticos, entre eles, 20 hot\u00e9is, sete casas de turismo de habita\u00e7\u00e3o, 24 de turismo rural, um apartamento tur\u00edstico, que disponibilizam um toral de 939 camas.<\/p>\n<p>O concelho disp\u00f5e ainda de 1.139 quartos em Alojamento Local (AL).<\/p>\n","protected":false},"excerpt":{"rendered":"<p>A taxa de ocupa\u00e7\u00e3o em 12 unidades hoteleiras do concelho de Viana do castelo, com um total de 472 quartos, \u00e9 de cerca de 83.91%, \u201cligeiramente superior\u201d \u00e0 percentagem registada no mesmo per\u00edodo de 2022. Em resposta por escrito, a um pedido de informa\u00e7\u00e3o enviado pela ag\u00eancia Lusa, os servi\u00e7os de Turismo da C\u00e2mara de [&hellip;]<\/p>\n","protected":false},"author":13,"featured_media":48821,"comment_status":"closed","ping_status":"closed","sticky":false,"template":"","format":"standard","meta":{"_exactmetrics_skip_tracking":false,"_exactmetrics_sitenote_active":false,"_exactmetrics_sitenote_note":"","_exactmetrics_sitenote_category":0,"footnotes":""},"categories":[14],"tags":[21,56329],"class_list":["post-90799","post","type-post","status-publish","format-standard","has-post-thumbnail","hentry","category-viana-do-castelo","tag-economia","tag-turismo"],"yoast_head":"<!-- This site is optimized with the Yoast SEO Premium plugin v27.5 (Yoast SEO v27.5) - https:\/\/yoast.com\/product\/yoast-seo-premium-wordpress\/ -->\n<title>Viana do Castelo com taxa de ocupa\u00e7\u00e3o na P\u00e1scoa acima dos 80%<\/title>\n<meta name=\"description\" content=\"A taxa de ocupa\u00e7\u00e3o em 12 unidades hoteleiras do concelho de Viana do castelo, com um total de 472 quartos, \u00e9 de cerca de 83.91%.\" \/>\n<meta name=\"robots\" content=\"index, follow, max-snippet:-1, max-image-preview:large, max-video-preview:-1\" \/>\n<link rel=\"canonical\" href=\"https:\/\/www.altominho.tv\/site\/2023\/04\/03\/viana-do-castelo-com-taxa-de-ocupacao-na-pascoa-acima-dos-80\/\" \/>\n<meta property=\"og:locale\" content=\"pt_PT\" \/>\n<meta property=\"og:type\" content=\"article\" \/>\n<meta property=\"og:title\" content=\"Viana do Castelo com taxa de ocupa\u00e7\u00e3o na P\u00e1scoa acima dos 80%\" \/>\n<meta property=\"og:description\" content=\"A taxa de ocupa\u00e7\u00e3o em 12 unidades hoteleiras do concelho de Viana do castelo, com um total de 472 quartos, \u00e9 de cerca de 83.91%.\" \/>\n<meta property=\"og:url\" content=\"https:\/\/www.altominho.tv\/site\/2023\/04\/03\/viana-do-castelo-com-taxa-de-ocupacao-na-pascoa-acima-dos-80\/\" \/>\n<meta property=\"og:site_name\" content=\"Altominho.tv\" \/>\n<meta property=\"article:publisher\" content=\"https:\/\/www.facebook.com\/altominhotv\" \/>\n<meta property=\"article:published_time\" content=\"2023-04-03T09:04:28+00:00\" \/>\n<meta property=\"article:modified_time\" content=\"2023-04-03T09:04:32+00:00\" \/>\n<meta property=\"og:image\" content=\"https:\/\/www.altominho.tv\/site\/wp-content\/uploads\/2020\/07\/Vista-ae\u0301rea-Viana-do-Castelo.jpg\" \/>\n\t<meta property=\"og:image:width\" content=\"1600\" \/>\n\t<meta property=\"og:image:height\" content=\"712\" \/>\n\t<meta property=\"og:image:type\" content=\"image\/jpeg\" \/>\n<meta name=\"author\" content=\"Lusa\" \/>\n<meta name=\"twitter:card\" content=\"summary_large_image\" \/>\n<meta name=\"twitter:creator\" content=\"@altominhoTV\" \/>\n<meta name=\"twitter:site\" content=\"@altominhoTV\" \/>\n<meta name=\"twitter:label1\" content=\"Escrito por\" \/>\n\t<meta name=\"twitter:data1\" content=\"Lusa\" \/>\n\t<meta name=\"twitter:label2\" content=\"Tempo estimado de leitura\" \/>\n\t<meta name=\"twitter:data2\" content=\"2 minutos\" \/>\n<script type=\"application\/ld+json\" class=\"yoast-schema-graph\">{\"@context\":\"https:\\\/\\\/schema.org\",\"@graph\":[{\"@type\":\"Article\",\"@id\":\"https:\\\/\\\/www.altominho.tv\\\/site\\\/2023\\\/04\\\/03\\\/viana-do-castelo-com-taxa-de-ocupacao-na-pascoa-acima-dos-80\\\/#article\",\"isPartOf\":{\"@id\":\"https:\\\/\\\/www.altominho.tv\\\/site\\\/2023\\\/04\\\/03\\\/viana-do-castelo-com-taxa-de-ocupacao-na-pascoa-acima-dos-80\\\/\"},\"author\":{\"name\":\"Lusa\",\"@id\":\"https:\\\/\\\/www.altominho.tv\\\/site\\\/#\\\/schema\\\/person\\\/63f693da3e1899361cbe955c46f3232e\"},\"headline\":\"Viana do Castelo com taxa de ocupa\u00e7\u00e3o na P\u00e1scoa acima dos 80%\",\"datePublished\":\"2023-04-03T09:04:28+00:00\",\"dateModified\":\"2023-04-03T09:04:32+00:00\",\"mainEntityOfPage\":{\"@id\":\"https:\\\/\\\/www.altominho.tv\\\/site\\\/2023\\\/04\\\/03\\\/viana-do-castelo-com-taxa-de-ocupacao-na-pascoa-acima-dos-80\\\/\"},\"wordCount\":219,\"image\":{\"@id\":\"https:\\\/\\\/www.altominho.tv\\\/site\\\/2023\\\/04\\\/03\\\/viana-do-castelo-com-taxa-de-ocupacao-na-pascoa-acima-dos-80\\\/#primaryimage\"},\"thumbnailUrl\":\"https:\\\/\\\/www.altominho.tv\\\/site\\\/wp-content\\\/uploads\\\/2020\\\/07\\\/Vista-ae\u0301rea-Viana-do-Castelo.jpg\",\"keywords\":[\"Economia\",\"Turismo\"],\"articleSection\":[\"Viana do Castelo\"],\"inLanguage\":\"pt-PT\",\"copyrightYear\":\"2023\",\"copyrightHolder\":{\"@id\":\"https:\\\/\\\/www.altominho.tv\\\/site\\\/#organization\"}},{\"@type\":\"WebPage\",\"@id\":\"https:\\\/\\\/www.altominho.tv\\\/site\\\/2023\\\/04\\\/03\\\/viana-do-castelo-com-taxa-de-ocupacao-na-pascoa-acima-dos-80\\\/\",\"url\":\"https:\\\/\\\/www.altominho.tv\\\/site\\\/2023\\\/04\\\/03\\\/viana-do-castelo-com-taxa-de-ocupacao-na-pascoa-acima-dos-80\\\/\",\"name\":\"Viana do Castelo com taxa de ocupa\u00e7\u00e3o na P\u00e1scoa acima dos 80%\",\"isPartOf\":{\"@id\":\"https:\\\/\\\/www.altominho.tv\\\/site\\\/#website\"},\"primaryImageOfPage\":{\"@id\":\"https:\\\/\\\/www.altominho.tv\\\/site\\\/2023\\\/04\\\/03\\\/viana-do-castelo-com-taxa-de-ocupacao-na-pascoa-acima-dos-80\\\/#primaryimage\"},\"image\":{\"@id\":\"https:\\\/\\\/www.altominho.tv\\\/site\\\/2023\\\/04\\\/03\\\/viana-do-castelo-com-taxa-de-ocupacao-na-pascoa-acima-dos-80\\\/#primaryimage\"},\"thumbnailUrl\":\"https:\\\/\\\/www.altominho.tv\\\/site\\\/wp-content\\\/uploads\\\/2020\\\/07\\\/Vista-ae\u0301rea-Viana-do-Castelo.jpg\",\"datePublished\":\"2023-04-03T09:04:28+00:00\",\"dateModified\":\"2023-04-03T09:04:32+00:00\",\"author\":{\"@id\":\"https:\\\/\\\/www.altominho.tv\\\/site\\\/#\\\/schema\\\/person\\\/63f693da3e1899361cbe955c46f3232e\"},\"description\":\"A taxa de ocupa\u00e7\u00e3o em 12 unidades hoteleiras do concelho de Viana do castelo, com um total de 472 quartos, \u00e9 de cerca de 83.91%.\",\"breadcrumb\":{\"@id\":\"https:\\\/\\\/www.altominho.tv\\\/site\\\/2023\\\/04\\\/03\\\/viana-do-castelo-com-taxa-de-ocupacao-na-pascoa-acima-dos-80\\\/#breadcrumb\"},\"inLanguage\":\"pt-PT\",\"potentialAction\":[{\"@type\":\"ReadAction\",\"target\":[\"https:\\\/\\\/www.altominho.tv\\\/site\\\/2023\\\/04\\\/03\\\/viana-do-castelo-com-taxa-de-ocupacao-na-pascoa-acima-dos-80\\\/\"]}]},{\"@type\":\"ImageObject\",\"inLanguage\":\"pt-PT\",\"@id\":\"https:\\\/\\\/www.altominho.tv\\\/site\\\/2023\\\/04\\\/03\\\/viana-do-castelo-com-taxa-de-ocupacao-na-pascoa-acima-dos-80\\\/#primaryimage\",\"url\":\"https:\\\/\\\/www.altominho.tv\\\/site\\\/wp-content\\\/uploads\\\/2020\\\/07\\\/Vista-ae\u0301rea-Viana-do-Castelo.jpg\",\"contentUrl\":\"https:\\\/\\\/www.altominho.tv\\\/site\\\/wp-content\\\/uploads\\\/2020\\\/07\\\/Vista-ae\u0301rea-Viana-do-Castelo.jpg\",\"width\":1600,\"height\":712},{\"@type\":\"BreadcrumbList\",\"@id\":\"https:\\\/\\\/www.altominho.tv\\\/site\\\/2023\\\/04\\\/03\\\/viana-do-castelo-com-taxa-de-ocupacao-na-pascoa-acima-dos-80\\\/#breadcrumb\",\"itemListElement\":[{\"@type\":\"ListItem\",\"position\":1,\"name\":\"In\u00edcio\",\"item\":\"https:\\\/\\\/www.altominho.tv\\\/site\\\/\"},{\"@type\":\"ListItem\",\"position\":2,\"name\":\"Viana do Castelo com taxa de ocupa\u00e7\u00e3o na P\u00e1scoa acima dos 80%\"}]},{\"@type\":\"WebSite\",\"@id\":\"https:\\\/\\\/www.altominho.tv\\\/site\\\/#website\",\"url\":\"https:\\\/\\\/www.altominho.tv\\\/site\\\/\",\"name\":\"Altominho.tv\",\"description\":\"A sua regi\u00e3o \u00e0 dist\u00e2ncia de um clique...\",\"potentialAction\":[{\"@type\":\"SearchAction\",\"target\":{\"@type\":\"EntryPoint\",\"urlTemplate\":\"https:\\\/\\\/www.altominho.tv\\\/site\\\/?s={search_term_string}\"},\"query-input\":{\"@type\":\"PropertyValueSpecification\",\"valueRequired\":true,\"valueName\":\"search_term_string\"}}],\"inLanguage\":\"pt-PT\"},{\"@type\":\"Person\",\"@id\":\"https:\\\/\\\/www.altominho.tv\\\/site\\\/#\\\/schema\\\/person\\\/63f693da3e1899361cbe955c46f3232e\",\"name\":\"Lusa\",\"image\":{\"@type\":\"ImageObject\",\"inLanguage\":\"pt-PT\",\"@id\":\"https:\\\/\\\/www.altominho.tv\\\/site\\\/wp-content\\\/uploads\\\/2019\\\/08\\\/LUSA_Logo.gif\",\"url\":\"https:\\\/\\\/www.altominho.tv\\\/site\\\/wp-content\\\/uploads\\\/2019\\\/08\\\/LUSA_Logo.gif\",\"contentUrl\":\"https:\\\/\\\/www.altominho.tv\\\/site\\\/wp-content\\\/uploads\\\/2019\\\/08\\\/LUSA_Logo.gif\",\"caption\":\"Lusa\"},\"sameAs\":[\"http:\\\/\\\/\\\/\\\/www.altominho.tv\\\/site\"],\"url\":\"https:\\\/\\\/www.altominho.tv\\\/site\\\/author\\\/lusa\\\/\"}]}<\/script>\n<!-- \/ Yoast SEO Premium plugin. -->","yoast_head_json":{"title":"Viana do Castelo com taxa de ocupa\u00e7\u00e3o na P\u00e1scoa acima dos 80%","description":"A taxa de ocupa\u00e7\u00e3o em 12 unidades hoteleiras do concelho de Viana do castelo, com um total de 472 quartos, \u00e9 de cerca de 83.91%.","robots":{"index":"index","follow":"follow","max-snippet":"max-snippet:-1","max-image-preview":"max-image-preview:large","max-video-preview":"max-video-preview:-1"},"canonical":"https:\/\/www.altominho.tv\/site\/2023\/04\/03\/viana-do-castelo-com-taxa-de-ocupacao-na-pascoa-acima-dos-80\/","og_locale":"pt_PT","og_type":"article","og_title":"Viana do Castelo com taxa de ocupa\u00e7\u00e3o na P\u00e1scoa acima dos 80%","og_description":"A taxa de ocupa\u00e7\u00e3o em 12 unidades hoteleiras do concelho de Viana do castelo, com um total de 472 quartos, \u00e9 de cerca de 83.91%.","og_url":"https:\/\/www.altominho.tv\/site\/2023\/04\/03\/viana-do-castelo-com-taxa-de-ocupacao-na-pascoa-acima-dos-80\/","og_site_name":"Altominho.tv","article_publisher":"https:\/\/www.facebook.com\/altominhotv","article_published_time":"2023-04-03T09:04:28+00:00","article_modified_time":"2023-04-03T09:04:32+00:00","og_image":[{"width":1600,"height":712,"url":"https:\/\/www.altominho.tv\/site\/wp-content\/uploads\/2020\/07\/Vista-ae\u0301rea-Viana-do-Castelo.jpg","type":"image\/jpeg"}],"author":"Lusa","twitter_card":"summary_large_image","twitter_creator":"@altominhoTV","twitter_site":"@altominhoTV","twitter_misc":{"Escrito por":"Lusa","Tempo estimado de leitura":"2 minutos"},"schema":{"@context":"https:\/\/schema.org","@graph":[{"@type":"Article","@id":"https:\/\/www.altominho.tv\/site\/2023\/04\/03\/viana-do-castelo-com-taxa-de-ocupacao-na-pascoa-acima-dos-80\/#article","isPartOf":{"@id":"https:\/\/www.altominho.tv\/site\/2023\/04\/03\/viana-do-castelo-com-taxa-de-ocupacao-na-pascoa-acima-dos-80\/"},"author":{"name":"Lusa","@id":"https:\/\/www.altominho.tv\/site\/#\/schema\/person\/63f693da3e1899361cbe955c46f3232e"},"headline":"Viana do Castelo com taxa de ocupa\u00e7\u00e3o na P\u00e1scoa acima dos 80%","datePublished":"2023-04-03T09:04:28+00:00","dateModified":"2023-04-03T09:04:32+00:00","mainEntityOfPage":{"@id":"https:\/\/www.altominho.tv\/site\/2023\/04\/03\/viana-do-castelo-com-taxa-de-ocupacao-na-pascoa-acima-dos-80\/"},"wordCount":219,"image":{"@id":"https:\/\/www.altominho.tv\/site\/2023\/04\/03\/viana-do-castelo-com-taxa-de-ocupacao-na-pascoa-acima-dos-80\/#primaryimage"},"thumbnailUrl":"https:\/\/www.altominho.tv\/site\/wp-content\/uploads\/2020\/07\/Vista-ae\u0301rea-Viana-do-Castelo.jpg","keywords":["Economia","Turismo"],"articleSection":["Viana do Castelo"],"inLanguage":"pt-PT","copyrightYear":"2023","copyrightHolder":{"@id":"https:\/\/www.altominho.tv\/site\/#organization"}},{"@type":"WebPage","@id":"https:\/\/www.altominho.tv\/site\/2023\/04\/03\/viana-do-castelo-com-taxa-de-ocupacao-na-pascoa-acima-dos-80\/","url":"https:\/\/www.altominho.tv\/site\/2023\/04\/03\/viana-do-castelo-com-taxa-de-ocupacao-na-pascoa-acima-dos-80\/","name":"Viana do Castelo com taxa de ocupa\u00e7\u00e3o na P\u00e1scoa acima dos 80%","isPartOf":{"@id":"https:\/\/www.altominho.tv\/site\/#website"},"primaryImageOfPage":{"@id":"https:\/\/www.altominho.tv\/site\/2023\/04\/03\/viana-do-castelo-com-taxa-de-ocupacao-na-pascoa-acima-dos-80\/#primaryimage"},"image":{"@id":"https:\/\/www.altominho.tv\/site\/2023\/04\/03\/viana-do-castelo-com-taxa-de-ocupacao-na-pascoa-acima-dos-80\/#primaryimage"},"thumbnailUrl":"https:\/\/www.altominho.tv\/site\/wp-content\/uploads\/2020\/07\/Vista-ae\u0301rea-Viana-do-Castelo.jpg","datePublished":"2023-04-03T09:04:28+00:00","dateModified":"2023-04-03T09:04:32+00:00","author":{"@id":"https:\/\/www.altominho.tv\/site\/#\/schema\/person\/63f693da3e1899361cbe955c46f3232e"},"description":"A taxa de ocupa\u00e7\u00e3o em 12 unidades hoteleiras do concelho de Viana do castelo, com um total de 472 quartos, \u00e9 de cerca de 83.91%.","breadcrumb":{"@id":"https:\/\/www.altominho.tv\/site\/2023\/04\/03\/viana-do-castelo-com-taxa-de-ocupacao-na-pascoa-acima-dos-80\/#breadcrumb"},"inLanguage":"pt-PT","potentialAction":[{"@type":"ReadAction","target":["https:\/\/www.altominho.tv\/site\/2023\/04\/03\/viana-do-castelo-com-taxa-de-ocupacao-na-pascoa-acima-dos-80\/"]}]},{"@type":"ImageObject","inLanguage":"pt-PT","@id":"https:\/\/www.altominho.tv\/site\/2023\/04\/03\/viana-do-castelo-com-taxa-de-ocupacao-na-pascoa-acima-dos-80\/#primaryimage","url":"https:\/\/www.altominho.tv\/site\/wp-content\/uploads\/2020\/07\/Vista-ae\u0301rea-Viana-do-Castelo.jpg","contentUrl":"https:\/\/www.altominho.tv\/site\/wp-content\/uploads\/2020\/07\/Vista-ae\u0301rea-Viana-do-Castelo.jpg","width":1600,"height":712},{"@type":"BreadcrumbList","@id":"https:\/\/www.altominho.tv\/site\/2023\/04\/03\/viana-do-castelo-com-taxa-de-ocupacao-na-pascoa-acima-dos-80\/#breadcrumb","itemListElement":[{"@type":"ListItem","position":1,"name":"In\u00edcio","item":"https:\/\/www.altominho.tv\/site\/"},{"@type":"ListItem","position":2,"name":"Viana do Castelo com taxa de ocupa\u00e7\u00e3o na P\u00e1scoa acima dos 80%"}]},{"@type":"WebSite","@id":"https:\/\/www.altominho.tv\/site\/#website","url":"https:\/\/www.altominho.tv\/site\/","name":"Altominho.tv","description":"A sua regi\u00e3o \u00e0 dist\u00e2ncia de um clique...","potentialAction":[{"@type":"SearchAction","target":{"@type":"EntryPoint","urlTemplate":"https:\/\/www.altominho.tv\/site\/?s={search_term_string}"},"query-input":{"@type":"PropertyValueSpecification","valueRequired":true,"valueName":"search_term_string"}}],"inLanguage":"pt-PT"},{"@type":"Person","@id":"https:\/\/www.altominho.tv\/site\/#\/schema\/person\/63f693da3e1899361cbe955c46f3232e","name":"Lusa","image":{"@type":"ImageObject","inLanguage":"pt-PT","@id":"https:\/\/www.altominho.tv\/site\/wp-content\/uploads\/2019\/08\/LUSA_Logo.gif","url":"https:\/\/www.altominho.tv\/site\/wp-content\/uploads\/2019\/08\/LUSA_Logo.gif","contentUrl":"https:\/\/www.altominho.tv\/site\/wp-content\/uploads\/2019\/08\/LUSA_Logo.gif","caption":"Lusa"},"sameAs":["http:\/\/\/\/www.altominho.tv\/site"],"url":"https:\/\/www.altominho.tv\/site\/author\/lusa\/"}]}},"_links":{"self":[{"href":"https:\/\/www.altominho.tv\/site\/wp-json\/wp\/v2\/posts\/90799","targetHints":{"allow":["GET"]}}],"collection":[{"href":"https:\/\/www.altominho.tv\/site\/wp-json\/wp\/v2\/posts"}],"about":[{"href":"https:\/\/www.altominho.tv\/site\/wp-json\/wp\/v2\/types\/post"}],"author":[{"embeddable":true,"href":"https:\/\/www.altominho.tv\/site\/wp-json\/wp\/v2\/users\/13"}],"replies":[{"embeddable":true,"href":"https:\/\/www.altominho.tv\/site\/wp-json\/wp\/v2\/comments?post=90799"}],"version-history":[{"count":1,"href":"https:\/\/www.altominho.tv\/site\/wp-json\/wp\/v2\/posts\/90799\/revisions"}],"predecessor-version":[{"id":90800,"href":"https:\/\/www.altominho.tv\/site\/wp-json\/wp\/v2\/posts\/90799\/revisions\/90800"}],"wp:featuredmedia":[{"embeddable":true,"href":"https:\/\/www.altominho.tv\/site\/wp-json\/wp\/v2\/media\/48821"}],"wp:attachment":[{"href":"https:\/\/www.altominho.tv\/site\/wp-json\/wp\/v2\/media?parent=90799"}],"wp:term":[{"taxonomy":"category","embeddable":true,"href":"https:\/\/www.altominho.tv\/site\/wp-json\/wp\/v2\/categories?post=90799"},{"taxonomy":"post_tag","embeddable":true,"href":"https:\/\/www.altominho.tv\/site\/wp-json\/wp\/v2\/tags?post=90799"}],"curies":[{"name":"wp","href":"https:\/\/api.w.org\/{rel}","templated":true}]}}