{"id":90345,"date":"2023-03-22T12:05:10","date_gmt":"2023-03-22T12:05:10","guid":{"rendered":"https:\/\/www.altominho.tv\/site\/?p=90345"},"modified":"2023-03-22T12:05:15","modified_gmt":"2023-03-22T12:05:15","slug":"viana-do-castelo-11","status":"publish","type":"post","link":"https:\/\/www.altominho.tv\/site\/2023\/03\/22\/viana-do-castelo-11\/","title":{"rendered":"CIM Alto Minho fecha protocolo com Plano Nacional das Artes"},"content":{"rendered":"<p>A Comunidade Internacional do Alto Minho (CIM Ato Minho) assinou, ontem, dia 21, um protocolo de coopera\u00e7\u00e3o com o Plano Nacional das Artes (PNA), em Viana do Castelo. Este tem como finalidade \u201cfacilitar a operacionaliza\u00e7\u00e3o conjunta da estrat\u00e9gia de promo\u00e7\u00e3o do sucesso educativo no territ\u00f3rio do Alto Minho\u201d revelou a CIM em nota divulgada.<\/p>\n<p>O acordo foi firmado pelo presidente da CIM Alto Minho, Manoel Batista, e pelo comiss\u00e1rio executivo do PNA, Paulo Pires, numa cerim\u00f3nia no Museu de Artes Decorativas, em Viana do Castelo. Contou com a presen\u00e7a de autarcas e diretores de agrupamentos de escolas do Alto Minho e foi precedida por um momento musical a cargo de quatro jovens da Escola Profissional Art\u00edstica do Alto Minho.<\/p>\n<p>Aos olhos de Manoel Batista, este protocolo simboliza \u201co continuar de experi\u00eancias e de projetos conjuntos que assentam no potencial humano e criativo do territ\u00f3rio, na diversidade e, sobretudo, no papel das comunidades educativas, do aluno, do professor, do colaborador e do encarregado de educa\u00e7\u00e3o\u201d.<\/p>\n<p>O Plano Nacional das Artes tem como objetivo tornar as artes mais acess\u00edveis aos cidad\u00e3os, nomeadamente \u00e0s crian\u00e7as e aos jovens, promovendo a participa\u00e7\u00e3o, frui\u00e7\u00e3o e cria\u00e7\u00e3o cultural. Pretende incentivar o compromisso cultural das comunidades e organiza\u00e7\u00f5es e desenvolver, ainda, redes de colabora\u00e7\u00e3o e parcerias com entidades p\u00fablicas e privadas.<\/p>\n","protected":false},"excerpt":{"rendered":"<p>A Comunidade Internacional do Alto Minho (CIM Ato Minho) assinou, ontem, dia 21, um protocolo de coopera\u00e7\u00e3o com o Plano Nacional das Artes (PNA), em Viana do Castelo. Este tem como finalidade \u201cfacilitar a operacionaliza\u00e7\u00e3o conjunta da estrat\u00e9gia de promo\u00e7\u00e3o do sucesso educativo no territ\u00f3rio do Alto Minho\u201d revelou a CIM em nota divulgada. O [&hellip;]<\/p>\n","protected":false},"author":28,"featured_media":90347,"comment_status":"closed","ping_status":"closed","sticky":false,"template":"","format":"standard","meta":{"_exactmetrics_skip_tracking":false,"_exactmetrics_sitenote_active":false,"_exactmetrics_sitenote_note":"","_exactmetrics_sitenote_category":0,"footnotes":""},"categories":[73],"tags":[19],"class_list":["post-90345","post","type-post","status-publish","format-standard","has-post-thumbnail","hentry","category-alto-minho","tag-cultura"],"yoast_head":"<!-- This site is optimized with the Yoast SEO Premium plugin v27.5 (Yoast SEO v27.5) - https:\/\/yoast.com\/product\/yoast-seo-premium-wordpress\/ -->\n<title>CIM Alto Minho fecha protocolo com Plano Nacional das Artes<\/title>\n<meta name=\"description\" content=\"A Comunidade Internacional do Alto Minho (CIM Ato Minho) assinou, ontem, dia 21, um protocolo de coopera\u00e7\u00e3o com o Plano Nacional das Artes (PNA), em Viana do Castelo.\" \/>\n<meta name=\"robots\" content=\"index, follow, max-snippet:-1, max-image-preview:large, max-video-preview:-1\" \/>\n<link rel=\"canonical\" href=\"https:\/\/www.altominho.tv\/site\/2023\/03\/22\/viana-do-castelo-11\/\" \/>\n<meta property=\"og:locale\" content=\"pt_PT\" \/>\n<meta property=\"og:type\" content=\"article\" \/>\n<meta property=\"og:title\" content=\"CIM Alto Minho fecha protocolo com Plano Nacional das Artes\" \/>\n<meta property=\"og:description\" content=\"A Comunidade Internacional do Alto Minho (CIM Ato Minho) assinou, ontem, dia 21, um protocolo de coopera\u00e7\u00e3o com o Plano Nacional das Artes (PNA), em Viana do Castelo.\" \/>\n<meta property=\"og:url\" content=\"https:\/\/www.altominho.tv\/site\/2023\/03\/22\/viana-do-castelo-11\/\" \/>\n<meta property=\"og:site_name\" content=\"Altominho.tv\" \/>\n<meta property=\"article:publisher\" content=\"https:\/\/www.facebook.com\/altominhotv\" \/>\n<meta property=\"article:published_time\" content=\"2023-03-22T12:05:10+00:00\" \/>\n<meta property=\"article:modified_time\" content=\"2023-03-22T12:05:15+00:00\" \/>\n<meta property=\"og:image\" content=\"https:\/\/www.altominho.tv\/site\/wp-content\/uploads\/2023\/03\/3.jfif_.jpeg\" \/>\n\t<meta property=\"og:image:width\" content=\"1200\" \/>\n\t<meta property=\"og:image:height\" content=\"1068\" \/>\n\t<meta property=\"og:image:type\" content=\"image\/jpeg\" \/>\n<meta name=\"author\" content=\"Beatriz Lira\" \/>\n<meta name=\"twitter:card\" content=\"summary_large_image\" \/>\n<meta name=\"twitter:creator\" content=\"@altominhoTV\" \/>\n<meta name=\"twitter:site\" content=\"@altominhoTV\" \/>\n<meta name=\"twitter:label1\" content=\"Escrito por\" \/>\n\t<meta name=\"twitter:data1\" content=\"Beatriz Lira\" \/>\n\t<meta name=\"twitter:label2\" content=\"Tempo estimado de leitura\" \/>\n\t<meta name=\"twitter:data2\" content=\"2 minutos\" \/>\n<script type=\"application\/ld+json\" class=\"yoast-schema-graph\">{\"@context\":\"https:\\\/\\\/schema.org\",\"@graph\":[{\"@type\":\"Article\",\"@id\":\"https:\\\/\\\/www.altominho.tv\\\/site\\\/2023\\\/03\\\/22\\\/viana-do-castelo-11\\\/#article\",\"isPartOf\":{\"@id\":\"https:\\\/\\\/www.altominho.tv\\\/site\\\/2023\\\/03\\\/22\\\/viana-do-castelo-11\\\/\"},\"author\":{\"name\":\"Beatriz Lira\",\"@id\":\"https:\\\/\\\/www.altominho.tv\\\/site\\\/#\\\/schema\\\/person\\\/f95a2097796cf4462fe1e476cddc40e4\"},\"headline\":\"CIM Alto Minho fecha protocolo com Plano Nacional das Artes\",\"datePublished\":\"2023-03-22T12:05:10+00:00\",\"dateModified\":\"2023-03-22T12:05:15+00:00\",\"mainEntityOfPage\":{\"@id\":\"https:\\\/\\\/www.altominho.tv\\\/site\\\/2023\\\/03\\\/22\\\/viana-do-castelo-11\\\/\"},\"wordCount\":244,\"image\":{\"@id\":\"https:\\\/\\\/www.altominho.tv\\\/site\\\/2023\\\/03\\\/22\\\/viana-do-castelo-11\\\/#primaryimage\"},\"thumbnailUrl\":\"https:\\\/\\\/www.altominho.tv\\\/site\\\/wp-content\\\/uploads\\\/2023\\\/03\\\/3.jfif_.jpeg\",\"keywords\":[\"Cultura\"],\"articleSection\":[\"Alto Minho\"],\"inLanguage\":\"pt-PT\",\"copyrightYear\":\"2023\",\"copyrightHolder\":{\"@id\":\"https:\\\/\\\/www.altominho.tv\\\/site\\\/#organization\"}},{\"@type\":\"WebPage\",\"@id\":\"https:\\\/\\\/www.altominho.tv\\\/site\\\/2023\\\/03\\\/22\\\/viana-do-castelo-11\\\/\",\"url\":\"https:\\\/\\\/www.altominho.tv\\\/site\\\/2023\\\/03\\\/22\\\/viana-do-castelo-11\\\/\",\"name\":\"CIM Alto Minho fecha protocolo com Plano Nacional das Artes\",\"isPartOf\":{\"@id\":\"https:\\\/\\\/www.altominho.tv\\\/site\\\/#website\"},\"primaryImageOfPage\":{\"@id\":\"https:\\\/\\\/www.altominho.tv\\\/site\\\/2023\\\/03\\\/22\\\/viana-do-castelo-11\\\/#primaryimage\"},\"image\":{\"@id\":\"https:\\\/\\\/www.altominho.tv\\\/site\\\/2023\\\/03\\\/22\\\/viana-do-castelo-11\\\/#primaryimage\"},\"thumbnailUrl\":\"https:\\\/\\\/www.altominho.tv\\\/site\\\/wp-content\\\/uploads\\\/2023\\\/03\\\/3.jfif_.jpeg\",\"datePublished\":\"2023-03-22T12:05:10+00:00\",\"dateModified\":\"2023-03-22T12:05:15+00:00\",\"author\":{\"@id\":\"https:\\\/\\\/www.altominho.tv\\\/site\\\/#\\\/schema\\\/person\\\/f95a2097796cf4462fe1e476cddc40e4\"},\"description\":\"A Comunidade Internacional do Alto Minho (CIM Ato Minho) assinou, ontem, dia 21, um protocolo de coopera\u00e7\u00e3o com o Plano Nacional das Artes (PNA), em Viana do Castelo.\",\"breadcrumb\":{\"@id\":\"https:\\\/\\\/www.altominho.tv\\\/site\\\/2023\\\/03\\\/22\\\/viana-do-castelo-11\\\/#breadcrumb\"},\"inLanguage\":\"pt-PT\",\"potentialAction\":[{\"@type\":\"ReadAction\",\"target\":[\"https:\\\/\\\/www.altominho.tv\\\/site\\\/2023\\\/03\\\/22\\\/viana-do-castelo-11\\\/\"]}]},{\"@type\":\"ImageObject\",\"inLanguage\":\"pt-PT\",\"@id\":\"https:\\\/\\\/www.altominho.tv\\\/site\\\/2023\\\/03\\\/22\\\/viana-do-castelo-11\\\/#primaryimage\",\"url\":\"https:\\\/\\\/www.altominho.tv\\\/site\\\/wp-content\\\/uploads\\\/2023\\\/03\\\/3.jfif_.jpeg\",\"contentUrl\":\"https:\\\/\\\/www.altominho.tv\\\/site\\\/wp-content\\\/uploads\\\/2023\\\/03\\\/3.jfif_.jpeg\",\"width\":1200,\"height\":1068},{\"@type\":\"BreadcrumbList\",\"@id\":\"https:\\\/\\\/www.altominho.tv\\\/site\\\/2023\\\/03\\\/22\\\/viana-do-castelo-11\\\/#breadcrumb\",\"itemListElement\":[{\"@type\":\"ListItem\",\"position\":1,\"name\":\"In\u00edcio\",\"item\":\"https:\\\/\\\/www.altominho.tv\\\/site\\\/\"},{\"@type\":\"ListItem\",\"position\":2,\"name\":\"CIM Alto Minho fecha protocolo com Plano Nacional das Artes\"}]},{\"@type\":\"WebSite\",\"@id\":\"https:\\\/\\\/www.altominho.tv\\\/site\\\/#website\",\"url\":\"https:\\\/\\\/www.altominho.tv\\\/site\\\/\",\"name\":\"Altominho.tv\",\"description\":\"A sua regi\u00e3o \u00e0 dist\u00e2ncia de um clique...\",\"potentialAction\":[{\"@type\":\"SearchAction\",\"target\":{\"@type\":\"EntryPoint\",\"urlTemplate\":\"https:\\\/\\\/www.altominho.tv\\\/site\\\/?s={search_term_string}\"},\"query-input\":{\"@type\":\"PropertyValueSpecification\",\"valueRequired\":true,\"valueName\":\"search_term_string\"}}],\"inLanguage\":\"pt-PT\"},{\"@type\":\"Person\",\"@id\":\"https:\\\/\\\/www.altominho.tv\\\/site\\\/#\\\/schema\\\/person\\\/f95a2097796cf4462fe1e476cddc40e4\",\"name\":\"Beatriz Lira\",\"image\":{\"@type\":\"ImageObject\",\"inLanguage\":\"pt-PT\",\"@id\":\"https:\\\/\\\/www.altominho.tv\\\/site\\\/wp-content\\\/uploads\\\/2023\\\/03\\\/Screenshot_20230306-141220_Photos-150x150.jpg\",\"url\":\"https:\\\/\\\/www.altominho.tv\\\/site\\\/wp-content\\\/uploads\\\/2023\\\/03\\\/Screenshot_20230306-141220_Photos-150x150.jpg\",\"contentUrl\":\"https:\\\/\\\/www.altominho.tv\\\/site\\\/wp-content\\\/uploads\\\/2023\\\/03\\\/Screenshot_20230306-141220_Photos-150x150.jpg\",\"caption\":\"Beatriz Lira\"},\"url\":\"https:\\\/\\\/www.altominho.tv\\\/site\\\/author\\\/beatriz\\\/\"}]}<\/script>\n<!-- \/ Yoast SEO Premium plugin. -->","yoast_head_json":{"title":"CIM Alto Minho fecha protocolo com Plano Nacional das Artes","description":"A Comunidade Internacional do Alto Minho (CIM Ato Minho) assinou, ontem, dia 21, um protocolo de coopera\u00e7\u00e3o com o Plano Nacional das Artes (PNA), em Viana do Castelo.","robots":{"index":"index","follow":"follow","max-snippet":"max-snippet:-1","max-image-preview":"max-image-preview:large","max-video-preview":"max-video-preview:-1"},"canonical":"https:\/\/www.altominho.tv\/site\/2023\/03\/22\/viana-do-castelo-11\/","og_locale":"pt_PT","og_type":"article","og_title":"CIM Alto Minho fecha protocolo com Plano Nacional das Artes","og_description":"A Comunidade Internacional do Alto Minho (CIM Ato Minho) assinou, ontem, dia 21, um protocolo de coopera\u00e7\u00e3o com o Plano Nacional das Artes (PNA), em Viana do Castelo.","og_url":"https:\/\/www.altominho.tv\/site\/2023\/03\/22\/viana-do-castelo-11\/","og_site_name":"Altominho.tv","article_publisher":"https:\/\/www.facebook.com\/altominhotv","article_published_time":"2023-03-22T12:05:10+00:00","article_modified_time":"2023-03-22T12:05:15+00:00","og_image":[{"width":1200,"height":1068,"url":"https:\/\/www.altominho.tv\/site\/wp-content\/uploads\/2023\/03\/3.jfif_.jpeg","type":"image\/jpeg"}],"author":"Beatriz Lira","twitter_card":"summary_large_image","twitter_creator":"@altominhoTV","twitter_site":"@altominhoTV","twitter_misc":{"Escrito por":"Beatriz Lira","Tempo estimado de leitura":"2 minutos"},"schema":{"@context":"https:\/\/schema.org","@graph":[{"@type":"Article","@id":"https:\/\/www.altominho.tv\/site\/2023\/03\/22\/viana-do-castelo-11\/#article","isPartOf":{"@id":"https:\/\/www.altominho.tv\/site\/2023\/03\/22\/viana-do-castelo-11\/"},"author":{"name":"Beatriz Lira","@id":"https:\/\/www.altominho.tv\/site\/#\/schema\/person\/f95a2097796cf4462fe1e476cddc40e4"},"headline":"CIM Alto Minho fecha protocolo com Plano Nacional das Artes","datePublished":"2023-03-22T12:05:10+00:00","dateModified":"2023-03-22T12:05:15+00:00","mainEntityOfPage":{"@id":"https:\/\/www.altominho.tv\/site\/2023\/03\/22\/viana-do-castelo-11\/"},"wordCount":244,"image":{"@id":"https:\/\/www.altominho.tv\/site\/2023\/03\/22\/viana-do-castelo-11\/#primaryimage"},"thumbnailUrl":"https:\/\/www.altominho.tv\/site\/wp-content\/uploads\/2023\/03\/3.jfif_.jpeg","keywords":["Cultura"],"articleSection":["Alto Minho"],"inLanguage":"pt-PT","copyrightYear":"2023","copyrightHolder":{"@id":"https:\/\/www.altominho.tv\/site\/#organization"}},{"@type":"WebPage","@id":"https:\/\/www.altominho.tv\/site\/2023\/03\/22\/viana-do-castelo-11\/","url":"https:\/\/www.altominho.tv\/site\/2023\/03\/22\/viana-do-castelo-11\/","name":"CIM Alto Minho fecha protocolo com Plano Nacional das Artes","isPartOf":{"@id":"https:\/\/www.altominho.tv\/site\/#website"},"primaryImageOfPage":{"@id":"https:\/\/www.altominho.tv\/site\/2023\/03\/22\/viana-do-castelo-11\/#primaryimage"},"image":{"@id":"https:\/\/www.altominho.tv\/site\/2023\/03\/22\/viana-do-castelo-11\/#primaryimage"},"thumbnailUrl":"https:\/\/www.altominho.tv\/site\/wp-content\/uploads\/2023\/03\/3.jfif_.jpeg","datePublished":"2023-03-22T12:05:10+00:00","dateModified":"2023-03-22T12:05:15+00:00","author":{"@id":"https:\/\/www.altominho.tv\/site\/#\/schema\/person\/f95a2097796cf4462fe1e476cddc40e4"},"description":"A Comunidade Internacional do Alto Minho (CIM Ato Minho) assinou, ontem, dia 21, um protocolo de coopera\u00e7\u00e3o com o Plano Nacional das Artes (PNA), em Viana do Castelo.","breadcrumb":{"@id":"https:\/\/www.altominho.tv\/site\/2023\/03\/22\/viana-do-castelo-11\/#breadcrumb"},"inLanguage":"pt-PT","potentialAction":[{"@type":"ReadAction","target":["https:\/\/www.altominho.tv\/site\/2023\/03\/22\/viana-do-castelo-11\/"]}]},{"@type":"ImageObject","inLanguage":"pt-PT","@id":"https:\/\/www.altominho.tv\/site\/2023\/03\/22\/viana-do-castelo-11\/#primaryimage","url":"https:\/\/www.altominho.tv\/site\/wp-content\/uploads\/2023\/03\/3.jfif_.jpeg","contentUrl":"https:\/\/www.altominho.tv\/site\/wp-content\/uploads\/2023\/03\/3.jfif_.jpeg","width":1200,"height":1068},{"@type":"BreadcrumbList","@id":"https:\/\/www.altominho.tv\/site\/2023\/03\/22\/viana-do-castelo-11\/#breadcrumb","itemListElement":[{"@type":"ListItem","position":1,"name":"In\u00edcio","item":"https:\/\/www.altominho.tv\/site\/"},{"@type":"ListItem","position":2,"name":"CIM Alto Minho fecha protocolo com Plano Nacional das Artes"}]},{"@type":"WebSite","@id":"https:\/\/www.altominho.tv\/site\/#website","url":"https:\/\/www.altominho.tv\/site\/","name":"Altominho.tv","description":"A sua regi\u00e3o \u00e0 dist\u00e2ncia de um clique...","potentialAction":[{"@type":"SearchAction","target":{"@type":"EntryPoint","urlTemplate":"https:\/\/www.altominho.tv\/site\/?s={search_term_string}"},"query-input":{"@type":"PropertyValueSpecification","valueRequired":true,"valueName":"search_term_string"}}],"inLanguage":"pt-PT"},{"@type":"Person","@id":"https:\/\/www.altominho.tv\/site\/#\/schema\/person\/f95a2097796cf4462fe1e476cddc40e4","name":"Beatriz Lira","image":{"@type":"ImageObject","inLanguage":"pt-PT","@id":"https:\/\/www.altominho.tv\/site\/wp-content\/uploads\/2023\/03\/Screenshot_20230306-141220_Photos-150x150.jpg","url":"https:\/\/www.altominho.tv\/site\/wp-content\/uploads\/2023\/03\/Screenshot_20230306-141220_Photos-150x150.jpg","contentUrl":"https:\/\/www.altominho.tv\/site\/wp-content\/uploads\/2023\/03\/Screenshot_20230306-141220_Photos-150x150.jpg","caption":"Beatriz Lira"},"url":"https:\/\/www.altominho.tv\/site\/author\/beatriz\/"}]}},"_links":{"self":[{"href":"https:\/\/www.altominho.tv\/site\/wp-json\/wp\/v2\/posts\/90345","targetHints":{"allow":["GET"]}}],"collection":[{"href":"https:\/\/www.altominho.tv\/site\/wp-json\/wp\/v2\/posts"}],"about":[{"href":"https:\/\/www.altominho.tv\/site\/wp-json\/wp\/v2\/types\/post"}],"author":[{"embeddable":true,"href":"https:\/\/www.altominho.tv\/site\/wp-json\/wp\/v2\/users\/28"}],"replies":[{"embeddable":true,"href":"https:\/\/www.altominho.tv\/site\/wp-json\/wp\/v2\/comments?post=90345"}],"version-history":[{"count":1,"href":"https:\/\/www.altominho.tv\/site\/wp-json\/wp\/v2\/posts\/90345\/revisions"}],"predecessor-version":[{"id":90348,"href":"https:\/\/www.altominho.tv\/site\/wp-json\/wp\/v2\/posts\/90345\/revisions\/90348"}],"wp:featuredmedia":[{"embeddable":true,"href":"https:\/\/www.altominho.tv\/site\/wp-json\/wp\/v2\/media\/90347"}],"wp:attachment":[{"href":"https:\/\/www.altominho.tv\/site\/wp-json\/wp\/v2\/media?parent=90345"}],"wp:term":[{"taxonomy":"category","embeddable":true,"href":"https:\/\/www.altominho.tv\/site\/wp-json\/wp\/v2\/categories?post=90345"},{"taxonomy":"post_tag","embeddable":true,"href":"https:\/\/www.altominho.tv\/site\/wp-json\/wp\/v2\/tags?post=90345"}],"curies":[{"name":"wp","href":"https:\/\/api.w.org\/{rel}","templated":true}]}}