{"id":90315,"date":"2023-03-21T18:28:02","date_gmt":"2023-03-21T18:28:02","guid":{"rendered":"https:\/\/www.altominho.tv\/site\/?p=90315"},"modified":"2023-03-21T18:28:08","modified_gmt":"2023-03-21T18:28:08","slug":"mais-de-1500-alunos-do-alto-minho-participam-nas-olimpiadas-de-educacao-financeira","status":"publish","type":"post","link":"https:\/\/www.altominho.tv\/site\/2023\/03\/21\/mais-de-1500-alunos-do-alto-minho-participam-nas-olimpiadas-de-educacao-financeira\/","title":{"rendered":"Mais de 1500 alunos do Alto Minho participam nas Olimp\u00edadas de Educa\u00e7\u00e3o Financeira"},"content":{"rendered":"<p>As &#8220;Olimp\u00edadas de Educa\u00e7\u00e3o Financeira\u201d, que decorrem at\u00e9 24 de mar\u00e7o, contam com a participa\u00e7\u00e3o de mais de 1500 alunos dos agrupamento escolares do distrito de Viana do Castelo, entre os mais de 15 mil participantes de v\u00e1rios pontos do pa\u00eds.<\/p>\n<p>O concurso, que abrange turmas do primeiro ciclo ao secund\u00e1rio, integra o programa &#8220;No Poupar Est\u00e1 o Ganho\u201d, implementado pela Comunidade Intermunicipal (CIM) do Alto Minho, em articula\u00e7\u00e3o com os 10 munic\u00edpios do Alto Minho e em colabora\u00e7\u00e3o com a Funda\u00e7\u00e3o Dr. Ant\u00f3nio Cupertino de Miranda.<\/p>\n<p>At\u00e9 24 de mar\u00e7o, cada turma tem acesso a um quiz digital, atrav\u00e9s do site do projeto, para responder em conjunto, procurando acertar no m\u00e1ximo de respostas no menor tempo poss\u00edvel.<\/p>\n<p>As 60 quest\u00f5es do jogo abordam v\u00e1rias das tem\u00e1ticas desenvolvidas ao longo do ano letivo, no \u00e2mbito do &#8220;No Poupar Est\u00e1 o Ganho\u201d, desde o planeamento e gest\u00e3o do or\u00e7amento aos sistemas e produtos financeiros (meios de pagamento, contas banc\u00e1rias, empr\u00e9stimos, seguros), passando pela poupan\u00e7a, \u00e9tica, direitos e deveres do consumidor e ainda economia circular.<\/p>\n<p>Durante a iniciativa, os estudantes v\u00e3o poder competir entre si, enquanto desenvolvem os seus conhecimentos de literacia financeira. As turmas com melhor pontua\u00e7\u00e3o no quiz ser\u00e3o as vencedoras das &#8220;Olimp\u00edadas de Educa\u00e7\u00e3o Financeira\u201d, a n\u00edvel municipal ou nacional.<\/p>\n<p>Os resultados ser\u00e3o conhecidos entre 29 e 31 de mar\u00e7o, atrav\u00e9s das plataformas digitais do &#8220;No Poupar Est\u00e1 o Ganho\u201d.<\/p>\n<p>Para al\u00e9m das &#8220;Olimp\u00edadas\u201d, a iniciativa &#8220;No Poupar Est\u00e1 o Ganho\u201d proporciona \u00e0s turmas que integram o projeto um conjunto de conte\u00fados, recursos multim\u00e9dia, jogos e livros digitais, que procuram &#8220;contribuir para a forma\u00e7\u00e3o dos alunos enquanto futuros consumidores mais informados e conscientes&#8221;.<\/p>\n<p>O programa integra tamb\u00e9m um ranking mensal interescolas, desafios mensais e um concurso final, com o objetivo de incentivar os alunos do projeto a aplicarem os conhecimento e compet\u00eancias de literacia financeira que adquirirem ao longo do ano.<\/p>\n<p>J\u00e1 aos professores que participam com as suas turmas no &#8220;No Poupar Est\u00e1 o Ganho\u201d \u00e9 proporcionada forma\u00e7\u00e3o e acompanhamento cont\u00ednuo, para que consigam facilmente integrar a literacia financeira (obrigat\u00f3ria no ensino b\u00e1sico) nos seus planos de aulas.<\/p>\n<p>A iniciativa faz parte do projeto PIICIE \u2013 &#8220;Alto Minho School 4All\u201d \u2013 &#8220;Planos Integrados e Inovadores de Combate ao Insucesso Escolar\u201d, cofinanciado pelo PO Norte 2020.<\/p>\n","protected":false},"excerpt":{"rendered":"<p>As &#8220;Olimp\u00edadas de Educa\u00e7\u00e3o Financeira\u201d, que decorrem at\u00e9 24 de mar\u00e7o, contam com a participa\u00e7\u00e3o de mais de 1500 alunos dos agrupamento escolares do distrito de Viana do Castelo, entre os mais de 15 mil participantes de v\u00e1rios pontos do pa\u00eds. O concurso, que abrange turmas do primeiro ciclo ao secund\u00e1rio, integra o programa &#8220;No [&hellip;]<\/p>\n","protected":false},"author":12,"featured_media":90318,"comment_status":"closed","ping_status":"closed","sticky":false,"template":"","format":"standard","meta":{"_exactmetrics_skip_tracking":false,"_exactmetrics_sitenote_active":false,"_exactmetrics_sitenote_note":"","_exactmetrics_sitenote_category":0,"footnotes":""},"categories":[73],"tags":[22],"class_list":["post-90315","post","type-post","status-publish","format-standard","has-post-thumbnail","hentry","category-alto-minho","tag-educacao"],"yoast_head":"<!-- This site is optimized with the Yoast SEO Premium plugin v27.5 (Yoast SEO v27.5) - https:\/\/yoast.com\/product\/yoast-seo-premium-wordpress\/ -->\n<title>Mais de 1500 alunos do Alto Minho participam nas Olimp\u00edadas de Educa\u00e7\u00e3o Financeira<\/title>\n<meta name=\"robots\" content=\"index, follow, max-snippet:-1, max-image-preview:large, max-video-preview:-1\" \/>\n<link rel=\"canonical\" href=\"https:\/\/www.altominho.tv\/site\/2023\/03\/21\/mais-de-1500-alunos-do-alto-minho-participam-nas-olimpiadas-de-educacao-financeira\/\" \/>\n<meta property=\"og:locale\" content=\"pt_PT\" \/>\n<meta property=\"og:type\" content=\"article\" \/>\n<meta property=\"og:title\" content=\"Mais de 1500 alunos do Alto Minho participam nas Olimp\u00edadas de Educa\u00e7\u00e3o Financeira\" \/>\n<meta property=\"og:description\" content=\"As &#8220;Olimp\u00edadas de Educa\u00e7\u00e3o Financeira\u201d, que decorrem at\u00e9 24 de mar\u00e7o, contam com a participa\u00e7\u00e3o de mais de 1500 alunos dos agrupamento escolares do distrito de Viana do Castelo, entre os mais de 15 mil participantes de v\u00e1rios pontos do pa\u00eds. O concurso, que abrange turmas do primeiro ciclo ao secund\u00e1rio, integra o programa &#8220;No [&hellip;]\" \/>\n<meta property=\"og:url\" content=\"https:\/\/www.altominho.tv\/site\/2023\/03\/21\/mais-de-1500-alunos-do-alto-minho-participam-nas-olimpiadas-de-educacao-financeira\/\" \/>\n<meta property=\"og:site_name\" content=\"Altominho.tv\" \/>\n<meta property=\"article:publisher\" content=\"https:\/\/www.facebook.com\/altominhotv\" \/>\n<meta property=\"article:published_time\" content=\"2023-03-21T18:28:02+00:00\" \/>\n<meta property=\"article:modified_time\" content=\"2023-03-21T18:28:08+00:00\" \/>\n<meta property=\"og:image\" content=\"https:\/\/www.altominho.tv\/site\/wp-content\/uploads\/2023\/03\/Olimpiadas.jpg\" \/>\n\t<meta property=\"og:image:width\" content=\"957\" \/>\n\t<meta property=\"og:image:height\" content=\"538\" \/>\n\t<meta property=\"og:image:type\" content=\"image\/jpeg\" \/>\n<meta name=\"author\" content=\"Andreia Ferreira\" \/>\n<meta name=\"twitter:card\" content=\"summary_large_image\" \/>\n<meta name=\"twitter:creator\" content=\"@altominhoTV\" \/>\n<meta name=\"twitter:site\" content=\"@altominhoTV\" \/>\n<meta name=\"twitter:label1\" content=\"Escrito por\" \/>\n\t<meta name=\"twitter:data1\" content=\"Andreia Ferreira\" \/>\n\t<meta name=\"twitter:label2\" content=\"Tempo estimado de leitura\" \/>\n\t<meta name=\"twitter:data2\" content=\"3 minutos\" \/>\n<script type=\"application\/ld+json\" class=\"yoast-schema-graph\">{\"@context\":\"https:\\\/\\\/schema.org\",\"@graph\":[{\"@type\":\"Article\",\"@id\":\"https:\\\/\\\/www.altominho.tv\\\/site\\\/2023\\\/03\\\/21\\\/mais-de-1500-alunos-do-alto-minho-participam-nas-olimpiadas-de-educacao-financeira\\\/#article\",\"isPartOf\":{\"@id\":\"https:\\\/\\\/www.altominho.tv\\\/site\\\/2023\\\/03\\\/21\\\/mais-de-1500-alunos-do-alto-minho-participam-nas-olimpiadas-de-educacao-financeira\\\/\"},\"author\":{\"name\":\"Andreia Ferreira\",\"@id\":\"https:\\\/\\\/www.altominho.tv\\\/site\\\/#\\\/schema\\\/person\\\/d9be4265364723f14ea8e0d56a1d38cd\"},\"headline\":\"Mais de 1500 alunos do Alto Minho participam nas Olimp\u00edadas de Educa\u00e7\u00e3o Financeira\",\"datePublished\":\"2023-03-21T18:28:02+00:00\",\"dateModified\":\"2023-03-21T18:28:08+00:00\",\"mainEntityOfPage\":{\"@id\":\"https:\\\/\\\/www.altominho.tv\\\/site\\\/2023\\\/03\\\/21\\\/mais-de-1500-alunos-do-alto-minho-participam-nas-olimpiadas-de-educacao-financeira\\\/\"},\"wordCount\":423,\"image\":{\"@id\":\"https:\\\/\\\/www.altominho.tv\\\/site\\\/2023\\\/03\\\/21\\\/mais-de-1500-alunos-do-alto-minho-participam-nas-olimpiadas-de-educacao-financeira\\\/#primaryimage\"},\"thumbnailUrl\":\"https:\\\/\\\/www.altominho.tv\\\/site\\\/wp-content\\\/uploads\\\/2023\\\/03\\\/Olimpiadas.jpg\",\"keywords\":[\"Educa\u00e7\u00e3o\"],\"articleSection\":[\"Alto Minho\"],\"inLanguage\":\"pt-PT\",\"copyrightYear\":\"2023\",\"copyrightHolder\":{\"@id\":\"https:\\\/\\\/www.altominho.tv\\\/site\\\/#organization\"}},{\"@type\":\"WebPage\",\"@id\":\"https:\\\/\\\/www.altominho.tv\\\/site\\\/2023\\\/03\\\/21\\\/mais-de-1500-alunos-do-alto-minho-participam-nas-olimpiadas-de-educacao-financeira\\\/\",\"url\":\"https:\\\/\\\/www.altominho.tv\\\/site\\\/2023\\\/03\\\/21\\\/mais-de-1500-alunos-do-alto-minho-participam-nas-olimpiadas-de-educacao-financeira\\\/\",\"name\":\"Mais de 1500 alunos do Alto Minho participam nas Olimp\u00edadas de Educa\u00e7\u00e3o Financeira\",\"isPartOf\":{\"@id\":\"https:\\\/\\\/www.altominho.tv\\\/site\\\/#website\"},\"primaryImageOfPage\":{\"@id\":\"https:\\\/\\\/www.altominho.tv\\\/site\\\/2023\\\/03\\\/21\\\/mais-de-1500-alunos-do-alto-minho-participam-nas-olimpiadas-de-educacao-financeira\\\/#primaryimage\"},\"image\":{\"@id\":\"https:\\\/\\\/www.altominho.tv\\\/site\\\/2023\\\/03\\\/21\\\/mais-de-1500-alunos-do-alto-minho-participam-nas-olimpiadas-de-educacao-financeira\\\/#primaryimage\"},\"thumbnailUrl\":\"https:\\\/\\\/www.altominho.tv\\\/site\\\/wp-content\\\/uploads\\\/2023\\\/03\\\/Olimpiadas.jpg\",\"datePublished\":\"2023-03-21T18:28:02+00:00\",\"dateModified\":\"2023-03-21T18:28:08+00:00\",\"author\":{\"@id\":\"https:\\\/\\\/www.altominho.tv\\\/site\\\/#\\\/schema\\\/person\\\/d9be4265364723f14ea8e0d56a1d38cd\"},\"breadcrumb\":{\"@id\":\"https:\\\/\\\/www.altominho.tv\\\/site\\\/2023\\\/03\\\/21\\\/mais-de-1500-alunos-do-alto-minho-participam-nas-olimpiadas-de-educacao-financeira\\\/#breadcrumb\"},\"inLanguage\":\"pt-PT\",\"potentialAction\":[{\"@type\":\"ReadAction\",\"target\":[\"https:\\\/\\\/www.altominho.tv\\\/site\\\/2023\\\/03\\\/21\\\/mais-de-1500-alunos-do-alto-minho-participam-nas-olimpiadas-de-educacao-financeira\\\/\"]}]},{\"@type\":\"ImageObject\",\"inLanguage\":\"pt-PT\",\"@id\":\"https:\\\/\\\/www.altominho.tv\\\/site\\\/2023\\\/03\\\/21\\\/mais-de-1500-alunos-do-alto-minho-participam-nas-olimpiadas-de-educacao-financeira\\\/#primaryimage\",\"url\":\"https:\\\/\\\/www.altominho.tv\\\/site\\\/wp-content\\\/uploads\\\/2023\\\/03\\\/Olimpiadas.jpg\",\"contentUrl\":\"https:\\\/\\\/www.altominho.tv\\\/site\\\/wp-content\\\/uploads\\\/2023\\\/03\\\/Olimpiadas.jpg\",\"width\":957,\"height\":538},{\"@type\":\"BreadcrumbList\",\"@id\":\"https:\\\/\\\/www.altominho.tv\\\/site\\\/2023\\\/03\\\/21\\\/mais-de-1500-alunos-do-alto-minho-participam-nas-olimpiadas-de-educacao-financeira\\\/#breadcrumb\",\"itemListElement\":[{\"@type\":\"ListItem\",\"position\":1,\"name\":\"In\u00edcio\",\"item\":\"https:\\\/\\\/www.altominho.tv\\\/site\\\/\"},{\"@type\":\"ListItem\",\"position\":2,\"name\":\"Mais de 1500 alunos do Alto Minho participam nas Olimp\u00edadas de Educa\u00e7\u00e3o Financeira\"}]},{\"@type\":\"WebSite\",\"@id\":\"https:\\\/\\\/www.altominho.tv\\\/site\\\/#website\",\"url\":\"https:\\\/\\\/www.altominho.tv\\\/site\\\/\",\"name\":\"Altominho.tv\",\"description\":\"A sua regi\u00e3o \u00e0 dist\u00e2ncia de um clique...\",\"potentialAction\":[{\"@type\":\"SearchAction\",\"target\":{\"@type\":\"EntryPoint\",\"urlTemplate\":\"https:\\\/\\\/www.altominho.tv\\\/site\\\/?s={search_term_string}\"},\"query-input\":{\"@type\":\"PropertyValueSpecification\",\"valueRequired\":true,\"valueName\":\"search_term_string\"}}],\"inLanguage\":\"pt-PT\"},{\"@type\":\"Person\",\"@id\":\"https:\\\/\\\/www.altominho.tv\\\/site\\\/#\\\/schema\\\/person\\\/d9be4265364723f14ea8e0d56a1d38cd\",\"name\":\"Andreia Ferreira\",\"image\":{\"@type\":\"ImageObject\",\"inLanguage\":\"pt-PT\",\"@id\":\"https:\\\/\\\/www.altominho.tv\\\/site\\\/wp-content\\\/uploads\\\/2021\\\/01\\\/AndreiaFerreira-150x150.jpg\",\"url\":\"https:\\\/\\\/www.altominho.tv\\\/site\\\/wp-content\\\/uploads\\\/2021\\\/01\\\/AndreiaFerreira-150x150.jpg\",\"contentUrl\":\"https:\\\/\\\/www.altominho.tv\\\/site\\\/wp-content\\\/uploads\\\/2021\\\/01\\\/AndreiaFerreira-150x150.jpg\",\"caption\":\"Andreia Ferreira\"},\"url\":\"https:\\\/\\\/www.altominho.tv\\\/site\\\/author\\\/andreiaferreira\\\/\"}]}<\/script>\n<!-- \/ Yoast SEO Premium plugin. -->","yoast_head_json":{"title":"Mais de 1500 alunos do Alto Minho participam nas Olimp\u00edadas de Educa\u00e7\u00e3o Financeira","robots":{"index":"index","follow":"follow","max-snippet":"max-snippet:-1","max-image-preview":"max-image-preview:large","max-video-preview":"max-video-preview:-1"},"canonical":"https:\/\/www.altominho.tv\/site\/2023\/03\/21\/mais-de-1500-alunos-do-alto-minho-participam-nas-olimpiadas-de-educacao-financeira\/","og_locale":"pt_PT","og_type":"article","og_title":"Mais de 1500 alunos do Alto Minho participam nas Olimp\u00edadas de Educa\u00e7\u00e3o Financeira","og_description":"As &#8220;Olimp\u00edadas de Educa\u00e7\u00e3o Financeira\u201d, que decorrem at\u00e9 24 de mar\u00e7o, contam com a participa\u00e7\u00e3o de mais de 1500 alunos dos agrupamento escolares do distrito de Viana do Castelo, entre os mais de 15 mil participantes de v\u00e1rios pontos do pa\u00eds. O concurso, que abrange turmas do primeiro ciclo ao secund\u00e1rio, integra o programa &#8220;No [&hellip;]","og_url":"https:\/\/www.altominho.tv\/site\/2023\/03\/21\/mais-de-1500-alunos-do-alto-minho-participam-nas-olimpiadas-de-educacao-financeira\/","og_site_name":"Altominho.tv","article_publisher":"https:\/\/www.facebook.com\/altominhotv","article_published_time":"2023-03-21T18:28:02+00:00","article_modified_time":"2023-03-21T18:28:08+00:00","og_image":[{"width":957,"height":538,"url":"https:\/\/www.altominho.tv\/site\/wp-content\/uploads\/2023\/03\/Olimpiadas.jpg","type":"image\/jpeg"}],"author":"Andreia Ferreira","twitter_card":"summary_large_image","twitter_creator":"@altominhoTV","twitter_site":"@altominhoTV","twitter_misc":{"Escrito por":"Andreia Ferreira","Tempo estimado de leitura":"3 minutos"},"schema":{"@context":"https:\/\/schema.org","@graph":[{"@type":"Article","@id":"https:\/\/www.altominho.tv\/site\/2023\/03\/21\/mais-de-1500-alunos-do-alto-minho-participam-nas-olimpiadas-de-educacao-financeira\/#article","isPartOf":{"@id":"https:\/\/www.altominho.tv\/site\/2023\/03\/21\/mais-de-1500-alunos-do-alto-minho-participam-nas-olimpiadas-de-educacao-financeira\/"},"author":{"name":"Andreia Ferreira","@id":"https:\/\/www.altominho.tv\/site\/#\/schema\/person\/d9be4265364723f14ea8e0d56a1d38cd"},"headline":"Mais de 1500 alunos do Alto Minho participam nas Olimp\u00edadas de Educa\u00e7\u00e3o Financeira","datePublished":"2023-03-21T18:28:02+00:00","dateModified":"2023-03-21T18:28:08+00:00","mainEntityOfPage":{"@id":"https:\/\/www.altominho.tv\/site\/2023\/03\/21\/mais-de-1500-alunos-do-alto-minho-participam-nas-olimpiadas-de-educacao-financeira\/"},"wordCount":423,"image":{"@id":"https:\/\/www.altominho.tv\/site\/2023\/03\/21\/mais-de-1500-alunos-do-alto-minho-participam-nas-olimpiadas-de-educacao-financeira\/#primaryimage"},"thumbnailUrl":"https:\/\/www.altominho.tv\/site\/wp-content\/uploads\/2023\/03\/Olimpiadas.jpg","keywords":["Educa\u00e7\u00e3o"],"articleSection":["Alto Minho"],"inLanguage":"pt-PT","copyrightYear":"2023","copyrightHolder":{"@id":"https:\/\/www.altominho.tv\/site\/#organization"}},{"@type":"WebPage","@id":"https:\/\/www.altominho.tv\/site\/2023\/03\/21\/mais-de-1500-alunos-do-alto-minho-participam-nas-olimpiadas-de-educacao-financeira\/","url":"https:\/\/www.altominho.tv\/site\/2023\/03\/21\/mais-de-1500-alunos-do-alto-minho-participam-nas-olimpiadas-de-educacao-financeira\/","name":"Mais de 1500 alunos do Alto Minho participam nas Olimp\u00edadas de Educa\u00e7\u00e3o Financeira","isPartOf":{"@id":"https:\/\/www.altominho.tv\/site\/#website"},"primaryImageOfPage":{"@id":"https:\/\/www.altominho.tv\/site\/2023\/03\/21\/mais-de-1500-alunos-do-alto-minho-participam-nas-olimpiadas-de-educacao-financeira\/#primaryimage"},"image":{"@id":"https:\/\/www.altominho.tv\/site\/2023\/03\/21\/mais-de-1500-alunos-do-alto-minho-participam-nas-olimpiadas-de-educacao-financeira\/#primaryimage"},"thumbnailUrl":"https:\/\/www.altominho.tv\/site\/wp-content\/uploads\/2023\/03\/Olimpiadas.jpg","datePublished":"2023-03-21T18:28:02+00:00","dateModified":"2023-03-21T18:28:08+00:00","author":{"@id":"https:\/\/www.altominho.tv\/site\/#\/schema\/person\/d9be4265364723f14ea8e0d56a1d38cd"},"breadcrumb":{"@id":"https:\/\/www.altominho.tv\/site\/2023\/03\/21\/mais-de-1500-alunos-do-alto-minho-participam-nas-olimpiadas-de-educacao-financeira\/#breadcrumb"},"inLanguage":"pt-PT","potentialAction":[{"@type":"ReadAction","target":["https:\/\/www.altominho.tv\/site\/2023\/03\/21\/mais-de-1500-alunos-do-alto-minho-participam-nas-olimpiadas-de-educacao-financeira\/"]}]},{"@type":"ImageObject","inLanguage":"pt-PT","@id":"https:\/\/www.altominho.tv\/site\/2023\/03\/21\/mais-de-1500-alunos-do-alto-minho-participam-nas-olimpiadas-de-educacao-financeira\/#primaryimage","url":"https:\/\/www.altominho.tv\/site\/wp-content\/uploads\/2023\/03\/Olimpiadas.jpg","contentUrl":"https:\/\/www.altominho.tv\/site\/wp-content\/uploads\/2023\/03\/Olimpiadas.jpg","width":957,"height":538},{"@type":"BreadcrumbList","@id":"https:\/\/www.altominho.tv\/site\/2023\/03\/21\/mais-de-1500-alunos-do-alto-minho-participam-nas-olimpiadas-de-educacao-financeira\/#breadcrumb","itemListElement":[{"@type":"ListItem","position":1,"name":"In\u00edcio","item":"https:\/\/www.altominho.tv\/site\/"},{"@type":"ListItem","position":2,"name":"Mais de 1500 alunos do Alto Minho participam nas Olimp\u00edadas de Educa\u00e7\u00e3o Financeira"}]},{"@type":"WebSite","@id":"https:\/\/www.altominho.tv\/site\/#website","url":"https:\/\/www.altominho.tv\/site\/","name":"Altominho.tv","description":"A sua regi\u00e3o \u00e0 dist\u00e2ncia de um clique...","potentialAction":[{"@type":"SearchAction","target":{"@type":"EntryPoint","urlTemplate":"https:\/\/www.altominho.tv\/site\/?s={search_term_string}"},"query-input":{"@type":"PropertyValueSpecification","valueRequired":true,"valueName":"search_term_string"}}],"inLanguage":"pt-PT"},{"@type":"Person","@id":"https:\/\/www.altominho.tv\/site\/#\/schema\/person\/d9be4265364723f14ea8e0d56a1d38cd","name":"Andreia Ferreira","image":{"@type":"ImageObject","inLanguage":"pt-PT","@id":"https:\/\/www.altominho.tv\/site\/wp-content\/uploads\/2021\/01\/AndreiaFerreira-150x150.jpg","url":"https:\/\/www.altominho.tv\/site\/wp-content\/uploads\/2021\/01\/AndreiaFerreira-150x150.jpg","contentUrl":"https:\/\/www.altominho.tv\/site\/wp-content\/uploads\/2021\/01\/AndreiaFerreira-150x150.jpg","caption":"Andreia Ferreira"},"url":"https:\/\/www.altominho.tv\/site\/author\/andreiaferreira\/"}]}},"_links":{"self":[{"href":"https:\/\/www.altominho.tv\/site\/wp-json\/wp\/v2\/posts\/90315","targetHints":{"allow":["GET"]}}],"collection":[{"href":"https:\/\/www.altominho.tv\/site\/wp-json\/wp\/v2\/posts"}],"about":[{"href":"https:\/\/www.altominho.tv\/site\/wp-json\/wp\/v2\/types\/post"}],"author":[{"embeddable":true,"href":"https:\/\/www.altominho.tv\/site\/wp-json\/wp\/v2\/users\/12"}],"replies":[{"embeddable":true,"href":"https:\/\/www.altominho.tv\/site\/wp-json\/wp\/v2\/comments?post=90315"}],"version-history":[{"count":2,"href":"https:\/\/www.altominho.tv\/site\/wp-json\/wp\/v2\/posts\/90315\/revisions"}],"predecessor-version":[{"id":90319,"href":"https:\/\/www.altominho.tv\/site\/wp-json\/wp\/v2\/posts\/90315\/revisions\/90319"}],"wp:featuredmedia":[{"embeddable":true,"href":"https:\/\/www.altominho.tv\/site\/wp-json\/wp\/v2\/media\/90318"}],"wp:attachment":[{"href":"https:\/\/www.altominho.tv\/site\/wp-json\/wp\/v2\/media?parent=90315"}],"wp:term":[{"taxonomy":"category","embeddable":true,"href":"https:\/\/www.altominho.tv\/site\/wp-json\/wp\/v2\/categories?post=90315"},{"taxonomy":"post_tag","embeddable":true,"href":"https:\/\/www.altominho.tv\/site\/wp-json\/wp\/v2\/tags?post=90315"}],"curies":[{"name":"wp","href":"https:\/\/api.w.org\/{rel}","templated":true}]}}