{"id":90133,"date":"2023-03-17T12:07:44","date_gmt":"2023-03-17T12:07:44","guid":{"rendered":"https:\/\/www.altominho.tv\/site\/?p=90133"},"modified":"2023-03-17T12:07:49","modified_gmt":"2023-03-17T12:07:49","slug":"cim-alto-minho-promove-concerto-musica-com-todos-em-vila-praia-de-ancora","status":"publish","type":"post","link":"https:\/\/www.altominho.tv\/site\/2023\/03\/17\/cim-alto-minho-promove-concerto-musica-com-todos-em-vila-praia-de-ancora\/","title":{"rendered":"CIM Alto Minho promove concerto \u201cM\u00fasica com todos\u201d em Vila Praia de \u00c2ncora"},"content":{"rendered":"<p>A Comunidade Intermunicipal (CIM) do Alto Minho promove no s\u00e1bado, no audit\u00f3rio municipal Ramos Pereira, em Vila Praia de \u00c2ncora, no concelho de Caminha, um concerto intitulado \u201cM\u00fasica com Todos\u201d, pela Orquestra do Alto Minho.<\/p>\n<p>Em comunicado, a CIM do Alto Minho, que agrega os 10 concelhos do distrito de Viana do Castelo, adiantou que \u201cneste concerto ser\u00e3o interpretadas obras do repert\u00f3rio filarm\u00f3nico juntando no mesmo palco m\u00fasicos, pessoas com diversidade funcional e t\u00e9cnicos das institui\u00e7\u00f5es de apoio \u00e0 pessoa com diversidade funcional\u201d.<\/p>\n<p>Este concerto \u201ccoincide com a \u00faltima fase da iniciativa M\u00fasica com Todos, a\u00e7\u00e3o promovida pela CIM Alto Minho e apoiada pelo Norte 2020 que nos \u00faltimos meses juntou m\u00fasicos ativos em associa\u00e7\u00f5es e coletividades musicais do territ\u00f3rio e institui\u00e7\u00f5es de apoio \u00e0 pessoa com diversidade funcional\u201d.<\/p>\n<p>A iniciativa \u201cfaz parte de um projeto mais alargado denominado \u2018Inclus\u00e3o ativa de grupos vulner\u00e1veis &#8211; Cultura para Todos\u2019, cujo objetivo principal se pautou pela estrutura\u00e7\u00e3o, dinamiza\u00e7\u00e3o e capacita\u00e7\u00e3o de uma rede de coopera\u00e7\u00e3o envolvendo as entidades locais de apoio social e cultural, tornando as manifesta\u00e7\u00f5es culturais mais inclusivas e acess\u00edveis\u201d.<\/p>\n<p>A entrada \u00e9 gratuita e o concerto tem in\u00edcio \u00e0s 18h30.<\/p>\n","protected":false},"excerpt":{"rendered":"<p>A Comunidade Intermunicipal (CIM) do Alto Minho promove no s\u00e1bado, no audit\u00f3rio municipal Ramos Pereira, em Vila Praia de \u00c2ncora, no concelho de Caminha, um concerto intitulado \u201cM\u00fasica com Todos\u201d, pela Orquestra do Alto Minho. Em comunicado, a CIM do Alto Minho, que agrega os 10 concelhos do distrito de Viana do Castelo, adiantou que [&hellip;]<\/p>\n","protected":false},"author":15,"featured_media":90134,"comment_status":"closed","ping_status":"closed","sticky":false,"template":"","format":"standard","meta":{"_exactmetrics_skip_tracking":false,"_exactmetrics_sitenote_active":false,"_exactmetrics_sitenote_note":"","_exactmetrics_sitenote_category":0,"footnotes":""},"categories":[7],"tags":[19],"class_list":["post-90133","post","type-post","status-publish","format-standard","has-post-thumbnail","hentry","category-caminha","tag-cultura"],"yoast_head":"<!-- This site is optimized with the Yoast SEO Premium plugin v27.5 (Yoast SEO v27.5) - https:\/\/yoast.com\/product\/yoast-seo-premium-wordpress\/ -->\n<title>CIM Alto Minho promove concerto \u201cM\u00fasica com todos\u201d em Vila Praia de \u00c2ncora<\/title>\n<meta name=\"description\" content=\"A Comunidade Intermunicipal (CIM) do Alto Minho promove um concerto intitulado \u201cM\u00fasica com Todos\u201d, pela Orquestra do Alto Minho.\" \/>\n<meta name=\"robots\" content=\"index, follow, max-snippet:-1, max-image-preview:large, max-video-preview:-1\" \/>\n<link rel=\"canonical\" href=\"https:\/\/www.altominho.tv\/site\/2023\/03\/17\/cim-alto-minho-promove-concerto-musica-com-todos-em-vila-praia-de-ancora\/\" \/>\n<meta property=\"og:locale\" content=\"pt_PT\" \/>\n<meta property=\"og:type\" content=\"article\" \/>\n<meta property=\"og:title\" content=\"CIM Alto Minho promove concerto \u201cM\u00fasica com todos\u201d em Vila Praia de \u00c2ncora\" \/>\n<meta property=\"og:description\" content=\"A Comunidade Intermunicipal (CIM) do Alto Minho promove um concerto intitulado \u201cM\u00fasica com Todos\u201d, pela Orquestra do Alto Minho.\" \/>\n<meta property=\"og:url\" content=\"https:\/\/www.altominho.tv\/site\/2023\/03\/17\/cim-alto-minho-promove-concerto-musica-com-todos-em-vila-praia-de-ancora\/\" \/>\n<meta property=\"og:site_name\" content=\"Altominho.tv\" \/>\n<meta property=\"article:publisher\" content=\"https:\/\/www.facebook.com\/altominhotv\" \/>\n<meta property=\"article:published_time\" content=\"2023-03-17T12:07:44+00:00\" \/>\n<meta property=\"article:modified_time\" content=\"2023-03-17T12:07:49+00:00\" \/>\n<meta property=\"og:image\" content=\"https:\/\/www.altominho.tv\/site\/wp-content\/uploads\/2023\/03\/Orquestra-do-Alto-Minho.jpg\" \/>\n\t<meta property=\"og:image:width\" content=\"2048\" \/>\n\t<meta property=\"og:image:height\" content=\"1152\" \/>\n\t<meta property=\"og:image:type\" content=\"image\/jpeg\" \/>\n<meta name=\"author\" content=\"Andreia Ferreira | Lusa\" \/>\n<meta name=\"twitter:card\" content=\"summary_large_image\" \/>\n<meta name=\"twitter:creator\" content=\"@altominhoTV\" \/>\n<meta name=\"twitter:site\" content=\"@altominhoTV\" \/>\n<meta name=\"twitter:label1\" content=\"Escrito por\" \/>\n\t<meta name=\"twitter:data1\" content=\"Andreia Ferreira | Lusa\" \/>\n\t<meta name=\"twitter:label2\" content=\"Tempo estimado de leitura\" \/>\n\t<meta name=\"twitter:data2\" content=\"2 minutos\" \/>\n<script type=\"application\/ld+json\" class=\"yoast-schema-graph\">{\"@context\":\"https:\\\/\\\/schema.org\",\"@graph\":[{\"@type\":\"Article\",\"@id\":\"https:\\\/\\\/www.altominho.tv\\\/site\\\/2023\\\/03\\\/17\\\/cim-alto-minho-promove-concerto-musica-com-todos-em-vila-praia-de-ancora\\\/#article\",\"isPartOf\":{\"@id\":\"https:\\\/\\\/www.altominho.tv\\\/site\\\/2023\\\/03\\\/17\\\/cim-alto-minho-promove-concerto-musica-com-todos-em-vila-praia-de-ancora\\\/\"},\"author\":{\"name\":\"Andreia Ferreira | Lusa\",\"@id\":\"https:\\\/\\\/www.altominho.tv\\\/site\\\/#\\\/schema\\\/person\\\/a0bff6dc1041aadd46fa81887444b017\"},\"headline\":\"CIM Alto Minho promove concerto \u201cM\u00fasica com todos\u201d em Vila Praia de \u00c2ncora\",\"datePublished\":\"2023-03-17T12:07:44+00:00\",\"dateModified\":\"2023-03-17T12:07:49+00:00\",\"mainEntityOfPage\":{\"@id\":\"https:\\\/\\\/www.altominho.tv\\\/site\\\/2023\\\/03\\\/17\\\/cim-alto-minho-promove-concerto-musica-com-todos-em-vila-praia-de-ancora\\\/\"},\"wordCount\":224,\"image\":{\"@id\":\"https:\\\/\\\/www.altominho.tv\\\/site\\\/2023\\\/03\\\/17\\\/cim-alto-minho-promove-concerto-musica-com-todos-em-vila-praia-de-ancora\\\/#primaryimage\"},\"thumbnailUrl\":\"https:\\\/\\\/www.altominho.tv\\\/site\\\/wp-content\\\/uploads\\\/2023\\\/03\\\/Orquestra-do-Alto-Minho.jpg\",\"keywords\":[\"Cultura\"],\"articleSection\":[\"Caminha\"],\"inLanguage\":\"pt-PT\",\"copyrightYear\":\"2023\",\"copyrightHolder\":{\"@id\":\"https:\\\/\\\/www.altominho.tv\\\/site\\\/#organization\"}},{\"@type\":\"WebPage\",\"@id\":\"https:\\\/\\\/www.altominho.tv\\\/site\\\/2023\\\/03\\\/17\\\/cim-alto-minho-promove-concerto-musica-com-todos-em-vila-praia-de-ancora\\\/\",\"url\":\"https:\\\/\\\/www.altominho.tv\\\/site\\\/2023\\\/03\\\/17\\\/cim-alto-minho-promove-concerto-musica-com-todos-em-vila-praia-de-ancora\\\/\",\"name\":\"CIM Alto Minho promove concerto \u201cM\u00fasica com todos\u201d em Vila Praia de \u00c2ncora\",\"isPartOf\":{\"@id\":\"https:\\\/\\\/www.altominho.tv\\\/site\\\/#website\"},\"primaryImageOfPage\":{\"@id\":\"https:\\\/\\\/www.altominho.tv\\\/site\\\/2023\\\/03\\\/17\\\/cim-alto-minho-promove-concerto-musica-com-todos-em-vila-praia-de-ancora\\\/#primaryimage\"},\"image\":{\"@id\":\"https:\\\/\\\/www.altominho.tv\\\/site\\\/2023\\\/03\\\/17\\\/cim-alto-minho-promove-concerto-musica-com-todos-em-vila-praia-de-ancora\\\/#primaryimage\"},\"thumbnailUrl\":\"https:\\\/\\\/www.altominho.tv\\\/site\\\/wp-content\\\/uploads\\\/2023\\\/03\\\/Orquestra-do-Alto-Minho.jpg\",\"datePublished\":\"2023-03-17T12:07:44+00:00\",\"dateModified\":\"2023-03-17T12:07:49+00:00\",\"author\":{\"@id\":\"https:\\\/\\\/www.altominho.tv\\\/site\\\/#\\\/schema\\\/person\\\/a0bff6dc1041aadd46fa81887444b017\"},\"description\":\"A Comunidade Intermunicipal (CIM) do Alto Minho promove um concerto intitulado \u201cM\u00fasica com Todos\u201d, pela Orquestra do Alto Minho.\",\"breadcrumb\":{\"@id\":\"https:\\\/\\\/www.altominho.tv\\\/site\\\/2023\\\/03\\\/17\\\/cim-alto-minho-promove-concerto-musica-com-todos-em-vila-praia-de-ancora\\\/#breadcrumb\"},\"inLanguage\":\"pt-PT\",\"potentialAction\":[{\"@type\":\"ReadAction\",\"target\":[\"https:\\\/\\\/www.altominho.tv\\\/site\\\/2023\\\/03\\\/17\\\/cim-alto-minho-promove-concerto-musica-com-todos-em-vila-praia-de-ancora\\\/\"]}]},{\"@type\":\"ImageObject\",\"inLanguage\":\"pt-PT\",\"@id\":\"https:\\\/\\\/www.altominho.tv\\\/site\\\/2023\\\/03\\\/17\\\/cim-alto-minho-promove-concerto-musica-com-todos-em-vila-praia-de-ancora\\\/#primaryimage\",\"url\":\"https:\\\/\\\/www.altominho.tv\\\/site\\\/wp-content\\\/uploads\\\/2023\\\/03\\\/Orquestra-do-Alto-Minho.jpg\",\"contentUrl\":\"https:\\\/\\\/www.altominho.tv\\\/site\\\/wp-content\\\/uploads\\\/2023\\\/03\\\/Orquestra-do-Alto-Minho.jpg\",\"width\":2048,\"height\":1152,\"caption\":\"ORQUESTRA DO ALTO MINHO\"},{\"@type\":\"BreadcrumbList\",\"@id\":\"https:\\\/\\\/www.altominho.tv\\\/site\\\/2023\\\/03\\\/17\\\/cim-alto-minho-promove-concerto-musica-com-todos-em-vila-praia-de-ancora\\\/#breadcrumb\",\"itemListElement\":[{\"@type\":\"ListItem\",\"position\":1,\"name\":\"In\u00edcio\",\"item\":\"https:\\\/\\\/www.altominho.tv\\\/site\\\/\"},{\"@type\":\"ListItem\",\"position\":2,\"name\":\"CIM Alto Minho promove concerto \u201cM\u00fasica com todos\u201d em Vila Praia de \u00c2ncora\"}]},{\"@type\":\"WebSite\",\"@id\":\"https:\\\/\\\/www.altominho.tv\\\/site\\\/#website\",\"url\":\"https:\\\/\\\/www.altominho.tv\\\/site\\\/\",\"name\":\"Altominho.tv\",\"description\":\"A sua regi\u00e3o \u00e0 dist\u00e2ncia de um clique...\",\"potentialAction\":[{\"@type\":\"SearchAction\",\"target\":{\"@type\":\"EntryPoint\",\"urlTemplate\":\"https:\\\/\\\/www.altominho.tv\\\/site\\\/?s={search_term_string}\"},\"query-input\":{\"@type\":\"PropertyValueSpecification\",\"valueRequired\":true,\"valueName\":\"search_term_string\"}}],\"inLanguage\":\"pt-PT\"},{\"@type\":\"Person\",\"@id\":\"https:\\\/\\\/www.altominho.tv\\\/site\\\/#\\\/schema\\\/person\\\/a0bff6dc1041aadd46fa81887444b017\",\"name\":\"Andreia Ferreira | Lusa\",\"image\":{\"@type\":\"ImageObject\",\"inLanguage\":\"pt-PT\",\"@id\":\"https:\\\/\\\/www.altominho.tv\\\/site\\\/wp-content\\\/uploads\\\/2018\\\/04\\\/Andreia-150x150.jpg\",\"url\":\"https:\\\/\\\/www.altominho.tv\\\/site\\\/wp-content\\\/uploads\\\/2018\\\/04\\\/Andreia-150x150.jpg\",\"contentUrl\":\"https:\\\/\\\/www.altominho.tv\\\/site\\\/wp-content\\\/uploads\\\/2018\\\/04\\\/Andreia-150x150.jpg\",\"caption\":\"Andreia Ferreira | Lusa\"},\"sameAs\":[\"https:\\\/\\\/www.altominho.tv\\\/site\"],\"url\":\"https:\\\/\\\/www.altominho.tv\\\/site\\\/author\\\/andreiaferreiralusa\\\/\"}]}<\/script>\n<!-- \/ Yoast SEO Premium plugin. -->","yoast_head_json":{"title":"CIM Alto Minho promove concerto \u201cM\u00fasica com todos\u201d em Vila Praia de \u00c2ncora","description":"A Comunidade Intermunicipal (CIM) do Alto Minho promove um concerto intitulado \u201cM\u00fasica com Todos\u201d, pela Orquestra do Alto Minho.","robots":{"index":"index","follow":"follow","max-snippet":"max-snippet:-1","max-image-preview":"max-image-preview:large","max-video-preview":"max-video-preview:-1"},"canonical":"https:\/\/www.altominho.tv\/site\/2023\/03\/17\/cim-alto-minho-promove-concerto-musica-com-todos-em-vila-praia-de-ancora\/","og_locale":"pt_PT","og_type":"article","og_title":"CIM Alto Minho promove concerto \u201cM\u00fasica com todos\u201d em Vila Praia de \u00c2ncora","og_description":"A Comunidade Intermunicipal (CIM) do Alto Minho promove um concerto intitulado \u201cM\u00fasica com Todos\u201d, pela Orquestra do Alto Minho.","og_url":"https:\/\/www.altominho.tv\/site\/2023\/03\/17\/cim-alto-minho-promove-concerto-musica-com-todos-em-vila-praia-de-ancora\/","og_site_name":"Altominho.tv","article_publisher":"https:\/\/www.facebook.com\/altominhotv","article_published_time":"2023-03-17T12:07:44+00:00","article_modified_time":"2023-03-17T12:07:49+00:00","og_image":[{"width":2048,"height":1152,"url":"https:\/\/www.altominho.tv\/site\/wp-content\/uploads\/2023\/03\/Orquestra-do-Alto-Minho.jpg","type":"image\/jpeg"}],"author":"Andreia Ferreira | Lusa","twitter_card":"summary_large_image","twitter_creator":"@altominhoTV","twitter_site":"@altominhoTV","twitter_misc":{"Escrito por":"Andreia Ferreira | Lusa","Tempo estimado de leitura":"2 minutos"},"schema":{"@context":"https:\/\/schema.org","@graph":[{"@type":"Article","@id":"https:\/\/www.altominho.tv\/site\/2023\/03\/17\/cim-alto-minho-promove-concerto-musica-com-todos-em-vila-praia-de-ancora\/#article","isPartOf":{"@id":"https:\/\/www.altominho.tv\/site\/2023\/03\/17\/cim-alto-minho-promove-concerto-musica-com-todos-em-vila-praia-de-ancora\/"},"author":{"name":"Andreia Ferreira | Lusa","@id":"https:\/\/www.altominho.tv\/site\/#\/schema\/person\/a0bff6dc1041aadd46fa81887444b017"},"headline":"CIM Alto Minho promove concerto \u201cM\u00fasica com todos\u201d em Vila Praia de \u00c2ncora","datePublished":"2023-03-17T12:07:44+00:00","dateModified":"2023-03-17T12:07:49+00:00","mainEntityOfPage":{"@id":"https:\/\/www.altominho.tv\/site\/2023\/03\/17\/cim-alto-minho-promove-concerto-musica-com-todos-em-vila-praia-de-ancora\/"},"wordCount":224,"image":{"@id":"https:\/\/www.altominho.tv\/site\/2023\/03\/17\/cim-alto-minho-promove-concerto-musica-com-todos-em-vila-praia-de-ancora\/#primaryimage"},"thumbnailUrl":"https:\/\/www.altominho.tv\/site\/wp-content\/uploads\/2023\/03\/Orquestra-do-Alto-Minho.jpg","keywords":["Cultura"],"articleSection":["Caminha"],"inLanguage":"pt-PT","copyrightYear":"2023","copyrightHolder":{"@id":"https:\/\/www.altominho.tv\/site\/#organization"}},{"@type":"WebPage","@id":"https:\/\/www.altominho.tv\/site\/2023\/03\/17\/cim-alto-minho-promove-concerto-musica-com-todos-em-vila-praia-de-ancora\/","url":"https:\/\/www.altominho.tv\/site\/2023\/03\/17\/cim-alto-minho-promove-concerto-musica-com-todos-em-vila-praia-de-ancora\/","name":"CIM Alto Minho promove concerto \u201cM\u00fasica com todos\u201d em Vila Praia de \u00c2ncora","isPartOf":{"@id":"https:\/\/www.altominho.tv\/site\/#website"},"primaryImageOfPage":{"@id":"https:\/\/www.altominho.tv\/site\/2023\/03\/17\/cim-alto-minho-promove-concerto-musica-com-todos-em-vila-praia-de-ancora\/#primaryimage"},"image":{"@id":"https:\/\/www.altominho.tv\/site\/2023\/03\/17\/cim-alto-minho-promove-concerto-musica-com-todos-em-vila-praia-de-ancora\/#primaryimage"},"thumbnailUrl":"https:\/\/www.altominho.tv\/site\/wp-content\/uploads\/2023\/03\/Orquestra-do-Alto-Minho.jpg","datePublished":"2023-03-17T12:07:44+00:00","dateModified":"2023-03-17T12:07:49+00:00","author":{"@id":"https:\/\/www.altominho.tv\/site\/#\/schema\/person\/a0bff6dc1041aadd46fa81887444b017"},"description":"A Comunidade Intermunicipal (CIM) do Alto Minho promove um concerto intitulado \u201cM\u00fasica com Todos\u201d, pela Orquestra do Alto Minho.","breadcrumb":{"@id":"https:\/\/www.altominho.tv\/site\/2023\/03\/17\/cim-alto-minho-promove-concerto-musica-com-todos-em-vila-praia-de-ancora\/#breadcrumb"},"inLanguage":"pt-PT","potentialAction":[{"@type":"ReadAction","target":["https:\/\/www.altominho.tv\/site\/2023\/03\/17\/cim-alto-minho-promove-concerto-musica-com-todos-em-vila-praia-de-ancora\/"]}]},{"@type":"ImageObject","inLanguage":"pt-PT","@id":"https:\/\/www.altominho.tv\/site\/2023\/03\/17\/cim-alto-minho-promove-concerto-musica-com-todos-em-vila-praia-de-ancora\/#primaryimage","url":"https:\/\/www.altominho.tv\/site\/wp-content\/uploads\/2023\/03\/Orquestra-do-Alto-Minho.jpg","contentUrl":"https:\/\/www.altominho.tv\/site\/wp-content\/uploads\/2023\/03\/Orquestra-do-Alto-Minho.jpg","width":2048,"height":1152,"caption":"ORQUESTRA DO ALTO MINHO"},{"@type":"BreadcrumbList","@id":"https:\/\/www.altominho.tv\/site\/2023\/03\/17\/cim-alto-minho-promove-concerto-musica-com-todos-em-vila-praia-de-ancora\/#breadcrumb","itemListElement":[{"@type":"ListItem","position":1,"name":"In\u00edcio","item":"https:\/\/www.altominho.tv\/site\/"},{"@type":"ListItem","position":2,"name":"CIM Alto Minho promove concerto \u201cM\u00fasica com todos\u201d em Vila Praia de \u00c2ncora"}]},{"@type":"WebSite","@id":"https:\/\/www.altominho.tv\/site\/#website","url":"https:\/\/www.altominho.tv\/site\/","name":"Altominho.tv","description":"A sua regi\u00e3o \u00e0 dist\u00e2ncia de um clique...","potentialAction":[{"@type":"SearchAction","target":{"@type":"EntryPoint","urlTemplate":"https:\/\/www.altominho.tv\/site\/?s={search_term_string}"},"query-input":{"@type":"PropertyValueSpecification","valueRequired":true,"valueName":"search_term_string"}}],"inLanguage":"pt-PT"},{"@type":"Person","@id":"https:\/\/www.altominho.tv\/site\/#\/schema\/person\/a0bff6dc1041aadd46fa81887444b017","name":"Andreia Ferreira | Lusa","image":{"@type":"ImageObject","inLanguage":"pt-PT","@id":"https:\/\/www.altominho.tv\/site\/wp-content\/uploads\/2018\/04\/Andreia-150x150.jpg","url":"https:\/\/www.altominho.tv\/site\/wp-content\/uploads\/2018\/04\/Andreia-150x150.jpg","contentUrl":"https:\/\/www.altominho.tv\/site\/wp-content\/uploads\/2018\/04\/Andreia-150x150.jpg","caption":"Andreia Ferreira | Lusa"},"sameAs":["https:\/\/www.altominho.tv\/site"],"url":"https:\/\/www.altominho.tv\/site\/author\/andreiaferreiralusa\/"}]}},"_links":{"self":[{"href":"https:\/\/www.altominho.tv\/site\/wp-json\/wp\/v2\/posts\/90133","targetHints":{"allow":["GET"]}}],"collection":[{"href":"https:\/\/www.altominho.tv\/site\/wp-json\/wp\/v2\/posts"}],"about":[{"href":"https:\/\/www.altominho.tv\/site\/wp-json\/wp\/v2\/types\/post"}],"author":[{"embeddable":true,"href":"https:\/\/www.altominho.tv\/site\/wp-json\/wp\/v2\/users\/15"}],"replies":[{"embeddable":true,"href":"https:\/\/www.altominho.tv\/site\/wp-json\/wp\/v2\/comments?post=90133"}],"version-history":[{"count":2,"href":"https:\/\/www.altominho.tv\/site\/wp-json\/wp\/v2\/posts\/90133\/revisions"}],"predecessor-version":[{"id":90136,"href":"https:\/\/www.altominho.tv\/site\/wp-json\/wp\/v2\/posts\/90133\/revisions\/90136"}],"wp:featuredmedia":[{"embeddable":true,"href":"https:\/\/www.altominho.tv\/site\/wp-json\/wp\/v2\/media\/90134"}],"wp:attachment":[{"href":"https:\/\/www.altominho.tv\/site\/wp-json\/wp\/v2\/media?parent=90133"}],"wp:term":[{"taxonomy":"category","embeddable":true,"href":"https:\/\/www.altominho.tv\/site\/wp-json\/wp\/v2\/categories?post=90133"},{"taxonomy":"post_tag","embeddable":true,"href":"https:\/\/www.altominho.tv\/site\/wp-json\/wp\/v2\/tags?post=90133"}],"curies":[{"name":"wp","href":"https:\/\/api.w.org\/{rel}","templated":true}]}}