{"id":90088,"date":"2023-03-16T11:54:06","date_gmt":"2023-03-16T11:54:06","guid":{"rendered":"https:\/\/www.altominho.tv\/site\/?p=90088"},"modified":"2023-03-16T11:54:12","modified_gmt":"2023-03-16T11:54:12","slug":"orgaos-sociais-da-associacao-de-municipios-da-serra-darga-ja-foram-empossados","status":"publish","type":"post","link":"https:\/\/www.altominho.tv\/site\/2023\/03\/16\/orgaos-sociais-da-associacao-de-municipios-da-serra-darga-ja-foram-empossados\/","title":{"rendered":"\u00d3rg\u00e3os sociais da Associa\u00e7\u00e3o de Munic\u00edpios da Serra d`Arga j\u00e1 foram empossados"},"content":{"rendered":"<p>A assembleia geral da Associa\u00e7\u00e3o de Munic\u00edpios da Serra d\u2019Arga reuniu ontem, em Dem, para eleger e instalar os seus \u00f3rg\u00e3os sociais, designadamente a Mesa da Assembleia e o Conselho Fiscal.<\/p>\n<p>A sess\u00e3o foi provisoriamente dirigida por Ventura Cunha. A seguir \u00e0 vota\u00e7\u00e3o, os dois \u00f3rg\u00e3os foram instalados, estando a associa\u00e7\u00e3o agora em condi\u00e7\u00f5es de iniciar formalmente o seu trabalho.<\/p>\n<p>&#8220;Depois da proje\u00e7\u00e3o de um pequeno v\u00eddeo, que expressa toda a beleza e potencialidade da Serra d\u2019Arga, cumpriram-se as formalidades e seguiram-se as vota\u00e7\u00f5es, tendo sido apresentada, para ambos os \u00f3rg\u00e3os, apenas uma lista. A lista \u201cA\u201d recolheu, nos dois casos, sete votos a favor e duas absten\u00e7\u00f5es&#8221;, refere o munic\u00edpio em comunicado.<\/p>\n<p>A Mesa fica assim constitu\u00edda: Presidente: Cl\u00e1udio Rodrigues Coelho &#8211; Munic\u00edpio de Vila Nova de Cerveira; Vice-Presidente: Jos\u00e9 Em\u00edlio da Rocha Antunes Viana &#8211; Munic\u00edpio de Viana do Castelo e Secret\u00e1rio: Hugo Bezerra Afonso &#8211; Munic\u00edpio de Caminha.<\/p>\n<p>Quanto ao Conselho Fiscal \u00e9 presidido por Maria de F\u00e1tima Carvalhosa Lopes &#8211; Munic\u00edpio de Ponte de Lima; Vogal: Ant\u00f3nio Moreira Rego &#8211; Munic\u00edpio de Viana do Castelo e ainda como Vogal: Renato Heitor Correia Domingues &#8211; Munic\u00edpio de Vila Nova de Cerveira.<\/p>\n<p>De acordo com Rui Lages, presidente da C\u00e2mara de Caminha, o grande desafio \u00e9 a formaliza\u00e7\u00e3o da Paisagem Protegida Regional da Serra D\u2019Arga.<\/p>\n<p>A associa\u00e7\u00e3o, constitu\u00edda oficialmente no dia 28 de janeiro deste ano, vai trabalhar em prol da Serra d\u2019Arga, na sua defesa, prote\u00e7\u00e3o, conserva\u00e7\u00e3o e na realiza\u00e7\u00e3o de estudos.<\/p>\n","protected":false},"excerpt":{"rendered":"<p>A assembleia geral da Associa\u00e7\u00e3o de Munic\u00edpios da Serra d\u2019Arga reuniu ontem, em Dem, para eleger e instalar os seus \u00f3rg\u00e3os sociais, designadamente a Mesa da Assembleia e o Conselho Fiscal. A sess\u00e3o foi provisoriamente dirigida por Ventura Cunha. A seguir \u00e0 vota\u00e7\u00e3o, os dois \u00f3rg\u00e3os foram instalados, estando a associa\u00e7\u00e3o agora em condi\u00e7\u00f5es de [&hellip;]<\/p>\n","protected":false},"author":24,"featured_media":90089,"comment_status":"closed","ping_status":"closed","sticky":false,"template":"","format":"standard","meta":{"_exactmetrics_skip_tracking":false,"_exactmetrics_sitenote_active":false,"_exactmetrics_sitenote_note":"","_exactmetrics_sitenote_category":0,"footnotes":""},"categories":[7],"tags":[27],"class_list":["post-90088","post","type-post","status-publish","format-standard","has-post-thumbnail","hentry","category-caminha","tag-sociedade"],"yoast_head":"<!-- This site is optimized with the Yoast SEO Premium plugin v27.5 (Yoast SEO v27.5) - https:\/\/yoast.com\/product\/yoast-seo-premium-wordpress\/ -->\n<title>\u00d3rg\u00e3os sociais da Associa\u00e7\u00e3o de Munic\u00edpios da Serra d`Arga j\u00e1 foram empossados<\/title>\n<meta name=\"description\" content=\"A assembleia geral da Associa\u00e7\u00e3o de Munic\u00edpios da Serra d\u2019Arga reuniu ontem, em Dem, para eleger e instalar os seus \u00f3rg\u00e3os sociais, designadamente a Mesa da Assembleia e o Conselho Fiscal.\" \/>\n<meta name=\"robots\" content=\"index, follow, max-snippet:-1, max-image-preview:large, max-video-preview:-1\" \/>\n<link rel=\"canonical\" href=\"https:\/\/www.altominho.tv\/site\/2023\/03\/16\/orgaos-sociais-da-associacao-de-municipios-da-serra-darga-ja-foram-empossados\/\" \/>\n<meta property=\"og:locale\" content=\"pt_PT\" \/>\n<meta property=\"og:type\" content=\"article\" \/>\n<meta property=\"og:title\" content=\"\u00d3rg\u00e3os sociais da Associa\u00e7\u00e3o de Munic\u00edpios da Serra d`Arga j\u00e1 foram empossados\" \/>\n<meta property=\"og:description\" content=\"A assembleia geral da Associa\u00e7\u00e3o de Munic\u00edpios da Serra d\u2019Arga reuniu ontem, em Dem, para eleger e instalar os seus \u00f3rg\u00e3os sociais, designadamente a Mesa da Assembleia e o Conselho Fiscal.\" \/>\n<meta property=\"og:url\" content=\"https:\/\/www.altominho.tv\/site\/2023\/03\/16\/orgaos-sociais-da-associacao-de-municipios-da-serra-darga-ja-foram-empossados\/\" \/>\n<meta property=\"og:site_name\" content=\"Altominho.tv\" \/>\n<meta property=\"article:publisher\" content=\"https:\/\/www.facebook.com\/altominhotv\" \/>\n<meta property=\"article:published_time\" content=\"2023-03-16T11:54:06+00:00\" \/>\n<meta property=\"article:modified_time\" content=\"2023-03-16T11:54:12+00:00\" \/>\n<meta property=\"og:image\" content=\"https:\/\/www.altominho.tv\/site\/wp-content\/uploads\/2023\/03\/Arga.jpeg\" \/>\n\t<meta property=\"og:image:width\" content=\"1024\" \/>\n\t<meta property=\"og:image:height\" content=\"683\" \/>\n\t<meta property=\"og:image:type\" content=\"image\/jpeg\" \/>\n<meta name=\"author\" content=\"Cesar Lopes\" \/>\n<meta name=\"twitter:card\" content=\"summary_large_image\" \/>\n<meta name=\"twitter:creator\" content=\"@altominhoTV\" \/>\n<meta name=\"twitter:site\" content=\"@altominhoTV\" \/>\n<meta name=\"twitter:label1\" content=\"Escrito por\" \/>\n\t<meta name=\"twitter:data1\" content=\"Cesar Lopes\" \/>\n\t<meta name=\"twitter:label2\" content=\"Tempo estimado de leitura\" \/>\n\t<meta name=\"twitter:data2\" content=\"2 minutos\" \/>\n<script type=\"application\/ld+json\" class=\"yoast-schema-graph\">{\"@context\":\"https:\\\/\\\/schema.org\",\"@graph\":[{\"@type\":\"Article\",\"@id\":\"https:\\\/\\\/www.altominho.tv\\\/site\\\/2023\\\/03\\\/16\\\/orgaos-sociais-da-associacao-de-municipios-da-serra-darga-ja-foram-empossados\\\/#article\",\"isPartOf\":{\"@id\":\"https:\\\/\\\/www.altominho.tv\\\/site\\\/2023\\\/03\\\/16\\\/orgaos-sociais-da-associacao-de-municipios-da-serra-darga-ja-foram-empossados\\\/\"},\"author\":{\"name\":\"Cesar Lopes\",\"@id\":\"https:\\\/\\\/www.altominho.tv\\\/site\\\/#\\\/schema\\\/person\\\/c5570e5afb933b8d08c43373326ef1b1\"},\"headline\":\"\u00d3rg\u00e3os sociais da Associa\u00e7\u00e3o de Munic\u00edpios da Serra d`Arga j\u00e1 foram empossados\",\"datePublished\":\"2023-03-16T11:54:06+00:00\",\"dateModified\":\"2023-03-16T11:54:12+00:00\",\"mainEntityOfPage\":{\"@id\":\"https:\\\/\\\/www.altominho.tv\\\/site\\\/2023\\\/03\\\/16\\\/orgaos-sociais-da-associacao-de-municipios-da-serra-darga-ja-foram-empossados\\\/\"},\"wordCount\":294,\"image\":{\"@id\":\"https:\\\/\\\/www.altominho.tv\\\/site\\\/2023\\\/03\\\/16\\\/orgaos-sociais-da-associacao-de-municipios-da-serra-darga-ja-foram-empossados\\\/#primaryimage\"},\"thumbnailUrl\":\"https:\\\/\\\/www.altominho.tv\\\/site\\\/wp-content\\\/uploads\\\/2023\\\/03\\\/Arga.jpeg\",\"keywords\":[\"Sociedade\"],\"articleSection\":[\"Caminha\"],\"inLanguage\":\"pt-PT\",\"copyrightYear\":\"2023\",\"copyrightHolder\":{\"@id\":\"https:\\\/\\\/www.altominho.tv\\\/site\\\/#organization\"}},{\"@type\":\"WebPage\",\"@id\":\"https:\\\/\\\/www.altominho.tv\\\/site\\\/2023\\\/03\\\/16\\\/orgaos-sociais-da-associacao-de-municipios-da-serra-darga-ja-foram-empossados\\\/\",\"url\":\"https:\\\/\\\/www.altominho.tv\\\/site\\\/2023\\\/03\\\/16\\\/orgaos-sociais-da-associacao-de-municipios-da-serra-darga-ja-foram-empossados\\\/\",\"name\":\"\u00d3rg\u00e3os sociais da Associa\u00e7\u00e3o de Munic\u00edpios da Serra d`Arga j\u00e1 foram empossados\",\"isPartOf\":{\"@id\":\"https:\\\/\\\/www.altominho.tv\\\/site\\\/#website\"},\"primaryImageOfPage\":{\"@id\":\"https:\\\/\\\/www.altominho.tv\\\/site\\\/2023\\\/03\\\/16\\\/orgaos-sociais-da-associacao-de-municipios-da-serra-darga-ja-foram-empossados\\\/#primaryimage\"},\"image\":{\"@id\":\"https:\\\/\\\/www.altominho.tv\\\/site\\\/2023\\\/03\\\/16\\\/orgaos-sociais-da-associacao-de-municipios-da-serra-darga-ja-foram-empossados\\\/#primaryimage\"},\"thumbnailUrl\":\"https:\\\/\\\/www.altominho.tv\\\/site\\\/wp-content\\\/uploads\\\/2023\\\/03\\\/Arga.jpeg\",\"datePublished\":\"2023-03-16T11:54:06+00:00\",\"dateModified\":\"2023-03-16T11:54:12+00:00\",\"author\":{\"@id\":\"https:\\\/\\\/www.altominho.tv\\\/site\\\/#\\\/schema\\\/person\\\/c5570e5afb933b8d08c43373326ef1b1\"},\"description\":\"A assembleia geral da Associa\u00e7\u00e3o de Munic\u00edpios da Serra d\u2019Arga reuniu ontem, em Dem, para eleger e instalar os seus \u00f3rg\u00e3os sociais, designadamente a Mesa da Assembleia e o Conselho Fiscal.\",\"breadcrumb\":{\"@id\":\"https:\\\/\\\/www.altominho.tv\\\/site\\\/2023\\\/03\\\/16\\\/orgaos-sociais-da-associacao-de-municipios-da-serra-darga-ja-foram-empossados\\\/#breadcrumb\"},\"inLanguage\":\"pt-PT\",\"potentialAction\":[{\"@type\":\"ReadAction\",\"target\":[\"https:\\\/\\\/www.altominho.tv\\\/site\\\/2023\\\/03\\\/16\\\/orgaos-sociais-da-associacao-de-municipios-da-serra-darga-ja-foram-empossados\\\/\"]}]},{\"@type\":\"ImageObject\",\"inLanguage\":\"pt-PT\",\"@id\":\"https:\\\/\\\/www.altominho.tv\\\/site\\\/2023\\\/03\\\/16\\\/orgaos-sociais-da-associacao-de-municipios-da-serra-darga-ja-foram-empossados\\\/#primaryimage\",\"url\":\"https:\\\/\\\/www.altominho.tv\\\/site\\\/wp-content\\\/uploads\\\/2023\\\/03\\\/Arga.jpeg\",\"contentUrl\":\"https:\\\/\\\/www.altominho.tv\\\/site\\\/wp-content\\\/uploads\\\/2023\\\/03\\\/Arga.jpeg\",\"width\":1024,\"height\":683},{\"@type\":\"BreadcrumbList\",\"@id\":\"https:\\\/\\\/www.altominho.tv\\\/site\\\/2023\\\/03\\\/16\\\/orgaos-sociais-da-associacao-de-municipios-da-serra-darga-ja-foram-empossados\\\/#breadcrumb\",\"itemListElement\":[{\"@type\":\"ListItem\",\"position\":1,\"name\":\"In\u00edcio\",\"item\":\"https:\\\/\\\/www.altominho.tv\\\/site\\\/\"},{\"@type\":\"ListItem\",\"position\":2,\"name\":\"\u00d3rg\u00e3os sociais da Associa\u00e7\u00e3o de Munic\u00edpios da Serra d`Arga j\u00e1 foram empossados\"}]},{\"@type\":\"WebSite\",\"@id\":\"https:\\\/\\\/www.altominho.tv\\\/site\\\/#website\",\"url\":\"https:\\\/\\\/www.altominho.tv\\\/site\\\/\",\"name\":\"Altominho.tv\",\"description\":\"A sua regi\u00e3o \u00e0 dist\u00e2ncia de um clique...\",\"potentialAction\":[{\"@type\":\"SearchAction\",\"target\":{\"@type\":\"EntryPoint\",\"urlTemplate\":\"https:\\\/\\\/www.altominho.tv\\\/site\\\/?s={search_term_string}\"},\"query-input\":{\"@type\":\"PropertyValueSpecification\",\"valueRequired\":true,\"valueName\":\"search_term_string\"}}],\"inLanguage\":\"pt-PT\"},{\"@type\":\"Person\",\"@id\":\"https:\\\/\\\/www.altominho.tv\\\/site\\\/#\\\/schema\\\/person\\\/c5570e5afb933b8d08c43373326ef1b1\",\"name\":\"Cesar Lopes\",\"image\":{\"@type\":\"ImageObject\",\"inLanguage\":\"pt-PT\",\"@id\":\"https:\\\/\\\/www.altominho.tv\\\/site\\\/wp-content\\\/uploads\\\/2022\\\/10\\\/Sem-Titulo-150x150.jpg\",\"url\":\"https:\\\/\\\/www.altominho.tv\\\/site\\\/wp-content\\\/uploads\\\/2022\\\/10\\\/Sem-Titulo-150x150.jpg\",\"contentUrl\":\"https:\\\/\\\/www.altominho.tv\\\/site\\\/wp-content\\\/uploads\\\/2022\\\/10\\\/Sem-Titulo-150x150.jpg\",\"caption\":\"Cesar Lopes\"},\"url\":\"https:\\\/\\\/www.altominho.tv\\\/site\\\/author\\\/cesarlopes\\\/\"}]}<\/script>\n<!-- \/ Yoast SEO Premium plugin. -->","yoast_head_json":{"title":"\u00d3rg\u00e3os sociais da Associa\u00e7\u00e3o de Munic\u00edpios da Serra d`Arga j\u00e1 foram empossados","description":"A assembleia geral da Associa\u00e7\u00e3o de Munic\u00edpios da Serra d\u2019Arga reuniu ontem, em Dem, para eleger e instalar os seus \u00f3rg\u00e3os sociais, designadamente a Mesa da Assembleia e o Conselho Fiscal.","robots":{"index":"index","follow":"follow","max-snippet":"max-snippet:-1","max-image-preview":"max-image-preview:large","max-video-preview":"max-video-preview:-1"},"canonical":"https:\/\/www.altominho.tv\/site\/2023\/03\/16\/orgaos-sociais-da-associacao-de-municipios-da-serra-darga-ja-foram-empossados\/","og_locale":"pt_PT","og_type":"article","og_title":"\u00d3rg\u00e3os sociais da Associa\u00e7\u00e3o de Munic\u00edpios da Serra d`Arga j\u00e1 foram empossados","og_description":"A assembleia geral da Associa\u00e7\u00e3o de Munic\u00edpios da Serra d\u2019Arga reuniu ontem, em Dem, para eleger e instalar os seus \u00f3rg\u00e3os sociais, designadamente a Mesa da Assembleia e o Conselho Fiscal.","og_url":"https:\/\/www.altominho.tv\/site\/2023\/03\/16\/orgaos-sociais-da-associacao-de-municipios-da-serra-darga-ja-foram-empossados\/","og_site_name":"Altominho.tv","article_publisher":"https:\/\/www.facebook.com\/altominhotv","article_published_time":"2023-03-16T11:54:06+00:00","article_modified_time":"2023-03-16T11:54:12+00:00","og_image":[{"width":1024,"height":683,"url":"https:\/\/www.altominho.tv\/site\/wp-content\/uploads\/2023\/03\/Arga.jpeg","type":"image\/jpeg"}],"author":"Cesar Lopes","twitter_card":"summary_large_image","twitter_creator":"@altominhoTV","twitter_site":"@altominhoTV","twitter_misc":{"Escrito por":"Cesar Lopes","Tempo estimado de leitura":"2 minutos"},"schema":{"@context":"https:\/\/schema.org","@graph":[{"@type":"Article","@id":"https:\/\/www.altominho.tv\/site\/2023\/03\/16\/orgaos-sociais-da-associacao-de-municipios-da-serra-darga-ja-foram-empossados\/#article","isPartOf":{"@id":"https:\/\/www.altominho.tv\/site\/2023\/03\/16\/orgaos-sociais-da-associacao-de-municipios-da-serra-darga-ja-foram-empossados\/"},"author":{"name":"Cesar Lopes","@id":"https:\/\/www.altominho.tv\/site\/#\/schema\/person\/c5570e5afb933b8d08c43373326ef1b1"},"headline":"\u00d3rg\u00e3os sociais da Associa\u00e7\u00e3o de Munic\u00edpios da Serra d`Arga j\u00e1 foram empossados","datePublished":"2023-03-16T11:54:06+00:00","dateModified":"2023-03-16T11:54:12+00:00","mainEntityOfPage":{"@id":"https:\/\/www.altominho.tv\/site\/2023\/03\/16\/orgaos-sociais-da-associacao-de-municipios-da-serra-darga-ja-foram-empossados\/"},"wordCount":294,"image":{"@id":"https:\/\/www.altominho.tv\/site\/2023\/03\/16\/orgaos-sociais-da-associacao-de-municipios-da-serra-darga-ja-foram-empossados\/#primaryimage"},"thumbnailUrl":"https:\/\/www.altominho.tv\/site\/wp-content\/uploads\/2023\/03\/Arga.jpeg","keywords":["Sociedade"],"articleSection":["Caminha"],"inLanguage":"pt-PT","copyrightYear":"2023","copyrightHolder":{"@id":"https:\/\/www.altominho.tv\/site\/#organization"}},{"@type":"WebPage","@id":"https:\/\/www.altominho.tv\/site\/2023\/03\/16\/orgaos-sociais-da-associacao-de-municipios-da-serra-darga-ja-foram-empossados\/","url":"https:\/\/www.altominho.tv\/site\/2023\/03\/16\/orgaos-sociais-da-associacao-de-municipios-da-serra-darga-ja-foram-empossados\/","name":"\u00d3rg\u00e3os sociais da Associa\u00e7\u00e3o de Munic\u00edpios da Serra d`Arga j\u00e1 foram empossados","isPartOf":{"@id":"https:\/\/www.altominho.tv\/site\/#website"},"primaryImageOfPage":{"@id":"https:\/\/www.altominho.tv\/site\/2023\/03\/16\/orgaos-sociais-da-associacao-de-municipios-da-serra-darga-ja-foram-empossados\/#primaryimage"},"image":{"@id":"https:\/\/www.altominho.tv\/site\/2023\/03\/16\/orgaos-sociais-da-associacao-de-municipios-da-serra-darga-ja-foram-empossados\/#primaryimage"},"thumbnailUrl":"https:\/\/www.altominho.tv\/site\/wp-content\/uploads\/2023\/03\/Arga.jpeg","datePublished":"2023-03-16T11:54:06+00:00","dateModified":"2023-03-16T11:54:12+00:00","author":{"@id":"https:\/\/www.altominho.tv\/site\/#\/schema\/person\/c5570e5afb933b8d08c43373326ef1b1"},"description":"A assembleia geral da Associa\u00e7\u00e3o de Munic\u00edpios da Serra d\u2019Arga reuniu ontem, em Dem, para eleger e instalar os seus \u00f3rg\u00e3os sociais, designadamente a Mesa da Assembleia e o Conselho Fiscal.","breadcrumb":{"@id":"https:\/\/www.altominho.tv\/site\/2023\/03\/16\/orgaos-sociais-da-associacao-de-municipios-da-serra-darga-ja-foram-empossados\/#breadcrumb"},"inLanguage":"pt-PT","potentialAction":[{"@type":"ReadAction","target":["https:\/\/www.altominho.tv\/site\/2023\/03\/16\/orgaos-sociais-da-associacao-de-municipios-da-serra-darga-ja-foram-empossados\/"]}]},{"@type":"ImageObject","inLanguage":"pt-PT","@id":"https:\/\/www.altominho.tv\/site\/2023\/03\/16\/orgaos-sociais-da-associacao-de-municipios-da-serra-darga-ja-foram-empossados\/#primaryimage","url":"https:\/\/www.altominho.tv\/site\/wp-content\/uploads\/2023\/03\/Arga.jpeg","contentUrl":"https:\/\/www.altominho.tv\/site\/wp-content\/uploads\/2023\/03\/Arga.jpeg","width":1024,"height":683},{"@type":"BreadcrumbList","@id":"https:\/\/www.altominho.tv\/site\/2023\/03\/16\/orgaos-sociais-da-associacao-de-municipios-da-serra-darga-ja-foram-empossados\/#breadcrumb","itemListElement":[{"@type":"ListItem","position":1,"name":"In\u00edcio","item":"https:\/\/www.altominho.tv\/site\/"},{"@type":"ListItem","position":2,"name":"\u00d3rg\u00e3os sociais da Associa\u00e7\u00e3o de Munic\u00edpios da Serra d`Arga j\u00e1 foram empossados"}]},{"@type":"WebSite","@id":"https:\/\/www.altominho.tv\/site\/#website","url":"https:\/\/www.altominho.tv\/site\/","name":"Altominho.tv","description":"A sua regi\u00e3o \u00e0 dist\u00e2ncia de um clique...","potentialAction":[{"@type":"SearchAction","target":{"@type":"EntryPoint","urlTemplate":"https:\/\/www.altominho.tv\/site\/?s={search_term_string}"},"query-input":{"@type":"PropertyValueSpecification","valueRequired":true,"valueName":"search_term_string"}}],"inLanguage":"pt-PT"},{"@type":"Person","@id":"https:\/\/www.altominho.tv\/site\/#\/schema\/person\/c5570e5afb933b8d08c43373326ef1b1","name":"Cesar Lopes","image":{"@type":"ImageObject","inLanguage":"pt-PT","@id":"https:\/\/www.altominho.tv\/site\/wp-content\/uploads\/2022\/10\/Sem-Titulo-150x150.jpg","url":"https:\/\/www.altominho.tv\/site\/wp-content\/uploads\/2022\/10\/Sem-Titulo-150x150.jpg","contentUrl":"https:\/\/www.altominho.tv\/site\/wp-content\/uploads\/2022\/10\/Sem-Titulo-150x150.jpg","caption":"Cesar Lopes"},"url":"https:\/\/www.altominho.tv\/site\/author\/cesarlopes\/"}]}},"_links":{"self":[{"href":"https:\/\/www.altominho.tv\/site\/wp-json\/wp\/v2\/posts\/90088","targetHints":{"allow":["GET"]}}],"collection":[{"href":"https:\/\/www.altominho.tv\/site\/wp-json\/wp\/v2\/posts"}],"about":[{"href":"https:\/\/www.altominho.tv\/site\/wp-json\/wp\/v2\/types\/post"}],"author":[{"embeddable":true,"href":"https:\/\/www.altominho.tv\/site\/wp-json\/wp\/v2\/users\/24"}],"replies":[{"embeddable":true,"href":"https:\/\/www.altominho.tv\/site\/wp-json\/wp\/v2\/comments?post=90088"}],"version-history":[{"count":1,"href":"https:\/\/www.altominho.tv\/site\/wp-json\/wp\/v2\/posts\/90088\/revisions"}],"predecessor-version":[{"id":90090,"href":"https:\/\/www.altominho.tv\/site\/wp-json\/wp\/v2\/posts\/90088\/revisions\/90090"}],"wp:featuredmedia":[{"embeddable":true,"href":"https:\/\/www.altominho.tv\/site\/wp-json\/wp\/v2\/media\/90089"}],"wp:attachment":[{"href":"https:\/\/www.altominho.tv\/site\/wp-json\/wp\/v2\/media?parent=90088"}],"wp:term":[{"taxonomy":"category","embeddable":true,"href":"https:\/\/www.altominho.tv\/site\/wp-json\/wp\/v2\/categories?post=90088"},{"taxonomy":"post_tag","embeddable":true,"href":"https:\/\/www.altominho.tv\/site\/wp-json\/wp\/v2\/tags?post=90088"}],"curies":[{"name":"wp","href":"https:\/\/api.w.org\/{rel}","templated":true}]}}