{"id":90023,"date":"2023-03-15T11:03:39","date_gmt":"2023-03-15T11:03:39","guid":{"rendered":"https:\/\/www.altominho.tv\/site\/?p=90023"},"modified":"2023-03-15T11:05:58","modified_gmt":"2023-03-15T11:05:58","slug":"alunos-de-moncao-participam-em-mostra-de-teatro-escolar","status":"publish","type":"post","link":"https:\/\/www.altominho.tv\/site\/2023\/03\/15\/alunos-de-moncao-participam-em-mostra-de-teatro-escolar\/","title":{"rendered":"Alunos de Mon\u00e7\u00e3o participam em Mostra de Teatro Escolar"},"content":{"rendered":"<p dir=\"auto\">O Cine Teatro Jo\u00e3o Verde, em Mon\u00e7\u00e3o, vai ser palco de mais uma edi\u00e7\u00e3o do Represent&#8217;arte. A Mostra de Teatro Escolar vai acontecer no pr\u00f3ximo fim de semana, 18 e 19 de mar\u00e7o, com a participa\u00e7\u00e3o de 129 crian\u00e7as.<\/p>\n<p dir=\"auto\">A iniciativa, promovida pela Divis\u00e3o de A\u00e7\u00e3o Social, Cultura e Turismo do munic\u00edpio de Mon\u00e7\u00e3o, tem como protagonistas os alunos do 3.\u00ba ano de cinco escolas do concelho.<\/p>\n<p dir=\"auto\">Durante os dois dias, os espet\u00e1culos, com in\u00edcio \u00e0s 15h00, contam com a participa\u00e7\u00e3o de alunos do Centro Escolar Professor Jos\u00e9 Pinheiro Gon\u00e7alves, da Escola B\u00e1sica de Estrada, em Mazedo, da Escola B\u00e1sica do Vale do Mouro, em Tangil, da Escola B\u00e1sica de Pias e do Col\u00e9gio do Minho.<\/p>\n<p dir=\"auto\">O projeto come\u00e7ou nos estabelecimentos de ensino, com o objetivo de &#8220;levar o teatro e todas as suas sensa\u00e7\u00f5es e emo\u00e7\u00f5es \u00e0 escola&#8221;.<\/p>\n<p dir=\"auto\"><span style=\"font-size: revert\">&#8220;Adotar o teatro em contexto de sala de aula como forma de afirma\u00e7\u00e3o, de express\u00e3o plena de igualdade e percursor da emancipa\u00e7\u00e3o, art\u00edstica e cultural&#8221; foi o prop\u00f3sito do Represent&#8217;arte, que &#8220;procura incentivar a cria\u00e7\u00e3o de um conjunto de estrat\u00e9gias e atividades onde os participantes desenvolvem, rituais, exerc\u00edcios, tarefas, t\u00e9cnicas e ferramentas que se revelem eficazes para a co-cria\u00e7\u00e3o&#8221;.<\/span><\/p>\n<p dir=\"auto\">Fomentar a rela\u00e7\u00e3o entre todos os intervenientes, despertar a motiva\u00e7\u00e3o, o interesse e a curiosidade pelas artes do espet\u00e1culo s\u00e3o objetivos deste projeto criativo, que culmina com uma apresenta\u00e7\u00e3o p\u00fablica no palco do Cine Teatro Jo\u00e3o Verde.<\/p>\n<p dir=\"auto\">A entrada \u00e9 gratuita, devendo o bilhete ser levantado na Loja Interativa de Turismo ou no Cine Teatro Jo\u00e3o Verde.<\/p>\n","protected":false},"excerpt":{"rendered":"<p>O Cine Teatro Jo\u00e3o Verde, em Mon\u00e7\u00e3o, vai ser palco de mais uma edi\u00e7\u00e3o do Represent&#8217;arte. A Mostra de Teatro Escolar vai acontecer no pr\u00f3ximo fim de semana, 18 e 19 de mar\u00e7o, com a participa\u00e7\u00e3o de 129 crian\u00e7as. A iniciativa, promovida pela Divis\u00e3o de A\u00e7\u00e3o Social, Cultura e Turismo do munic\u00edpio de Mon\u00e7\u00e3o, tem [&hellip;]<\/p>\n","protected":false},"author":12,"featured_media":90024,"comment_status":"closed","ping_status":"closed","sticky":false,"template":"","format":"standard","meta":{"_exactmetrics_skip_tracking":false,"_exactmetrics_sitenote_active":false,"_exactmetrics_sitenote_note":"","_exactmetrics_sitenote_category":0,"footnotes":""},"categories":[9],"tags":[19,22],"class_list":["post-90023","post","type-post","status-publish","format-standard","has-post-thumbnail","hentry","category-moncao","tag-cultura","tag-educacao"],"yoast_head":"<!-- This site is optimized with the Yoast SEO Premium plugin v27.5 (Yoast SEO v27.5) - https:\/\/yoast.com\/product\/yoast-seo-premium-wordpress\/ -->\n<title>Alunos de Mon\u00e7\u00e3o participam em Mostra de Teatro Escolar<\/title>\n<meta name=\"robots\" content=\"index, follow, max-snippet:-1, max-image-preview:large, max-video-preview:-1\" \/>\n<link rel=\"canonical\" href=\"https:\/\/www.altominho.tv\/site\/2023\/03\/15\/alunos-de-moncao-participam-em-mostra-de-teatro-escolar\/\" \/>\n<meta property=\"og:locale\" content=\"pt_PT\" \/>\n<meta property=\"og:type\" content=\"article\" \/>\n<meta property=\"og:title\" content=\"Alunos de Mon\u00e7\u00e3o participam em Mostra de Teatro Escolar\" \/>\n<meta property=\"og:description\" content=\"O Cine Teatro Jo\u00e3o Verde, em Mon\u00e7\u00e3o, vai ser palco de mais uma edi\u00e7\u00e3o do Represent&#8217;arte. A Mostra de Teatro Escolar vai acontecer no pr\u00f3ximo fim de semana, 18 e 19 de mar\u00e7o, com a participa\u00e7\u00e3o de 129 crian\u00e7as. A iniciativa, promovida pela Divis\u00e3o de A\u00e7\u00e3o Social, Cultura e Turismo do munic\u00edpio de Mon\u00e7\u00e3o, tem [&hellip;]\" \/>\n<meta property=\"og:url\" content=\"https:\/\/www.altominho.tv\/site\/2023\/03\/15\/alunos-de-moncao-participam-em-mostra-de-teatro-escolar\/\" \/>\n<meta property=\"og:site_name\" content=\"Altominho.tv\" \/>\n<meta property=\"article:publisher\" content=\"https:\/\/www.facebook.com\/altominhotv\" \/>\n<meta property=\"article:published_time\" content=\"2023-03-15T11:03:39+00:00\" \/>\n<meta property=\"article:modified_time\" content=\"2023-03-15T11:05:58+00:00\" \/>\n<meta property=\"og:image\" content=\"https:\/\/www.altominho.tv\/site\/wp-content\/uploads\/2023\/03\/Representarte-scaled-e1678878334251.jpg\" \/>\n\t<meta property=\"og:image:width\" content=\"2003\" \/>\n\t<meta property=\"og:image:height\" content=\"979\" \/>\n\t<meta property=\"og:image:type\" content=\"image\/jpeg\" \/>\n<meta name=\"author\" content=\"Andreia Ferreira\" \/>\n<meta name=\"twitter:card\" content=\"summary_large_image\" \/>\n<meta name=\"twitter:creator\" content=\"@altominhoTV\" \/>\n<meta name=\"twitter:site\" content=\"@altominhoTV\" \/>\n<meta name=\"twitter:label1\" content=\"Escrito por\" \/>\n\t<meta name=\"twitter:data1\" content=\"Andreia Ferreira\" \/>\n\t<meta name=\"twitter:label2\" content=\"Tempo estimado de leitura\" \/>\n\t<meta name=\"twitter:data2\" content=\"2 minutos\" \/>\n<script type=\"application\/ld+json\" class=\"yoast-schema-graph\">{\"@context\":\"https:\\\/\\\/schema.org\",\"@graph\":[{\"@type\":\"Article\",\"@id\":\"https:\\\/\\\/www.altominho.tv\\\/site\\\/2023\\\/03\\\/15\\\/alunos-de-moncao-participam-em-mostra-de-teatro-escolar\\\/#article\",\"isPartOf\":{\"@id\":\"https:\\\/\\\/www.altominho.tv\\\/site\\\/2023\\\/03\\\/15\\\/alunos-de-moncao-participam-em-mostra-de-teatro-escolar\\\/\"},\"author\":{\"name\":\"Andreia Ferreira\",\"@id\":\"https:\\\/\\\/www.altominho.tv\\\/site\\\/#\\\/schema\\\/person\\\/d9be4265364723f14ea8e0d56a1d38cd\"},\"headline\":\"Alunos de Mon\u00e7\u00e3o participam em Mostra de Teatro Escolar\",\"datePublished\":\"2023-03-15T11:03:39+00:00\",\"dateModified\":\"2023-03-15T11:05:58+00:00\",\"mainEntityOfPage\":{\"@id\":\"https:\\\/\\\/www.altominho.tv\\\/site\\\/2023\\\/03\\\/15\\\/alunos-de-moncao-participam-em-mostra-de-teatro-escolar\\\/\"},\"wordCount\":299,\"image\":{\"@id\":\"https:\\\/\\\/www.altominho.tv\\\/site\\\/2023\\\/03\\\/15\\\/alunos-de-moncao-participam-em-mostra-de-teatro-escolar\\\/#primaryimage\"},\"thumbnailUrl\":\"https:\\\/\\\/www.altominho.tv\\\/site\\\/wp-content\\\/uploads\\\/2023\\\/03\\\/Representarte-scaled-e1678878334251.jpg\",\"keywords\":[\"Cultura\",\"Educa\u00e7\u00e3o\"],\"articleSection\":[\"Mon\u00e7\u00e3o\"],\"inLanguage\":\"pt-PT\",\"copyrightYear\":\"2023\",\"copyrightHolder\":{\"@id\":\"https:\\\/\\\/www.altominho.tv\\\/site\\\/#organization\"}},{\"@type\":\"WebPage\",\"@id\":\"https:\\\/\\\/www.altominho.tv\\\/site\\\/2023\\\/03\\\/15\\\/alunos-de-moncao-participam-em-mostra-de-teatro-escolar\\\/\",\"url\":\"https:\\\/\\\/www.altominho.tv\\\/site\\\/2023\\\/03\\\/15\\\/alunos-de-moncao-participam-em-mostra-de-teatro-escolar\\\/\",\"name\":\"Alunos de Mon\u00e7\u00e3o participam em Mostra de Teatro Escolar\",\"isPartOf\":{\"@id\":\"https:\\\/\\\/www.altominho.tv\\\/site\\\/#website\"},\"primaryImageOfPage\":{\"@id\":\"https:\\\/\\\/www.altominho.tv\\\/site\\\/2023\\\/03\\\/15\\\/alunos-de-moncao-participam-em-mostra-de-teatro-escolar\\\/#primaryimage\"},\"image\":{\"@id\":\"https:\\\/\\\/www.altominho.tv\\\/site\\\/2023\\\/03\\\/15\\\/alunos-de-moncao-participam-em-mostra-de-teatro-escolar\\\/#primaryimage\"},\"thumbnailUrl\":\"https:\\\/\\\/www.altominho.tv\\\/site\\\/wp-content\\\/uploads\\\/2023\\\/03\\\/Representarte-scaled-e1678878334251.jpg\",\"datePublished\":\"2023-03-15T11:03:39+00:00\",\"dateModified\":\"2023-03-15T11:05:58+00:00\",\"author\":{\"@id\":\"https:\\\/\\\/www.altominho.tv\\\/site\\\/#\\\/schema\\\/person\\\/d9be4265364723f14ea8e0d56a1d38cd\"},\"breadcrumb\":{\"@id\":\"https:\\\/\\\/www.altominho.tv\\\/site\\\/2023\\\/03\\\/15\\\/alunos-de-moncao-participam-em-mostra-de-teatro-escolar\\\/#breadcrumb\"},\"inLanguage\":\"pt-PT\",\"potentialAction\":[{\"@type\":\"ReadAction\",\"target\":[\"https:\\\/\\\/www.altominho.tv\\\/site\\\/2023\\\/03\\\/15\\\/alunos-de-moncao-participam-em-mostra-de-teatro-escolar\\\/\"]}]},{\"@type\":\"ImageObject\",\"inLanguage\":\"pt-PT\",\"@id\":\"https:\\\/\\\/www.altominho.tv\\\/site\\\/2023\\\/03\\\/15\\\/alunos-de-moncao-participam-em-mostra-de-teatro-escolar\\\/#primaryimage\",\"url\":\"https:\\\/\\\/www.altominho.tv\\\/site\\\/wp-content\\\/uploads\\\/2023\\\/03\\\/Representarte-scaled-e1678878334251.jpg\",\"contentUrl\":\"https:\\\/\\\/www.altominho.tv\\\/site\\\/wp-content\\\/uploads\\\/2023\\\/03\\\/Representarte-scaled-e1678878334251.jpg\",\"width\":2003,\"height\":979},{\"@type\":\"BreadcrumbList\",\"@id\":\"https:\\\/\\\/www.altominho.tv\\\/site\\\/2023\\\/03\\\/15\\\/alunos-de-moncao-participam-em-mostra-de-teatro-escolar\\\/#breadcrumb\",\"itemListElement\":[{\"@type\":\"ListItem\",\"position\":1,\"name\":\"In\u00edcio\",\"item\":\"https:\\\/\\\/www.altominho.tv\\\/site\\\/\"},{\"@type\":\"ListItem\",\"position\":2,\"name\":\"Alunos de Mon\u00e7\u00e3o participam em Mostra de Teatro Escolar\"}]},{\"@type\":\"WebSite\",\"@id\":\"https:\\\/\\\/www.altominho.tv\\\/site\\\/#website\",\"url\":\"https:\\\/\\\/www.altominho.tv\\\/site\\\/\",\"name\":\"Altominho.tv\",\"description\":\"A sua regi\u00e3o \u00e0 dist\u00e2ncia de um clique...\",\"potentialAction\":[{\"@type\":\"SearchAction\",\"target\":{\"@type\":\"EntryPoint\",\"urlTemplate\":\"https:\\\/\\\/www.altominho.tv\\\/site\\\/?s={search_term_string}\"},\"query-input\":{\"@type\":\"PropertyValueSpecification\",\"valueRequired\":true,\"valueName\":\"search_term_string\"}}],\"inLanguage\":\"pt-PT\"},{\"@type\":\"Person\",\"@id\":\"https:\\\/\\\/www.altominho.tv\\\/site\\\/#\\\/schema\\\/person\\\/d9be4265364723f14ea8e0d56a1d38cd\",\"name\":\"Andreia Ferreira\",\"image\":{\"@type\":\"ImageObject\",\"inLanguage\":\"pt-PT\",\"@id\":\"https:\\\/\\\/www.altominho.tv\\\/site\\\/wp-content\\\/uploads\\\/2021\\\/01\\\/AndreiaFerreira-150x150.jpg\",\"url\":\"https:\\\/\\\/www.altominho.tv\\\/site\\\/wp-content\\\/uploads\\\/2021\\\/01\\\/AndreiaFerreira-150x150.jpg\",\"contentUrl\":\"https:\\\/\\\/www.altominho.tv\\\/site\\\/wp-content\\\/uploads\\\/2021\\\/01\\\/AndreiaFerreira-150x150.jpg\",\"caption\":\"Andreia Ferreira\"},\"url\":\"https:\\\/\\\/www.altominho.tv\\\/site\\\/author\\\/andreiaferreira\\\/\"}]}<\/script>\n<!-- \/ Yoast SEO Premium plugin. -->","yoast_head_json":{"title":"Alunos de Mon\u00e7\u00e3o participam em Mostra de Teatro Escolar","robots":{"index":"index","follow":"follow","max-snippet":"max-snippet:-1","max-image-preview":"max-image-preview:large","max-video-preview":"max-video-preview:-1"},"canonical":"https:\/\/www.altominho.tv\/site\/2023\/03\/15\/alunos-de-moncao-participam-em-mostra-de-teatro-escolar\/","og_locale":"pt_PT","og_type":"article","og_title":"Alunos de Mon\u00e7\u00e3o participam em Mostra de Teatro Escolar","og_description":"O Cine Teatro Jo\u00e3o Verde, em Mon\u00e7\u00e3o, vai ser palco de mais uma edi\u00e7\u00e3o do Represent&#8217;arte. A Mostra de Teatro Escolar vai acontecer no pr\u00f3ximo fim de semana, 18 e 19 de mar\u00e7o, com a participa\u00e7\u00e3o de 129 crian\u00e7as. A iniciativa, promovida pela Divis\u00e3o de A\u00e7\u00e3o Social, Cultura e Turismo do munic\u00edpio de Mon\u00e7\u00e3o, tem [&hellip;]","og_url":"https:\/\/www.altominho.tv\/site\/2023\/03\/15\/alunos-de-moncao-participam-em-mostra-de-teatro-escolar\/","og_site_name":"Altominho.tv","article_publisher":"https:\/\/www.facebook.com\/altominhotv","article_published_time":"2023-03-15T11:03:39+00:00","article_modified_time":"2023-03-15T11:05:58+00:00","og_image":[{"width":2003,"height":979,"url":"https:\/\/www.altominho.tv\/site\/wp-content\/uploads\/2023\/03\/Representarte-scaled-e1678878334251.jpg","type":"image\/jpeg"}],"author":"Andreia Ferreira","twitter_card":"summary_large_image","twitter_creator":"@altominhoTV","twitter_site":"@altominhoTV","twitter_misc":{"Escrito por":"Andreia Ferreira","Tempo estimado de leitura":"2 minutos"},"schema":{"@context":"https:\/\/schema.org","@graph":[{"@type":"Article","@id":"https:\/\/www.altominho.tv\/site\/2023\/03\/15\/alunos-de-moncao-participam-em-mostra-de-teatro-escolar\/#article","isPartOf":{"@id":"https:\/\/www.altominho.tv\/site\/2023\/03\/15\/alunos-de-moncao-participam-em-mostra-de-teatro-escolar\/"},"author":{"name":"Andreia Ferreira","@id":"https:\/\/www.altominho.tv\/site\/#\/schema\/person\/d9be4265364723f14ea8e0d56a1d38cd"},"headline":"Alunos de Mon\u00e7\u00e3o participam em Mostra de Teatro Escolar","datePublished":"2023-03-15T11:03:39+00:00","dateModified":"2023-03-15T11:05:58+00:00","mainEntityOfPage":{"@id":"https:\/\/www.altominho.tv\/site\/2023\/03\/15\/alunos-de-moncao-participam-em-mostra-de-teatro-escolar\/"},"wordCount":299,"image":{"@id":"https:\/\/www.altominho.tv\/site\/2023\/03\/15\/alunos-de-moncao-participam-em-mostra-de-teatro-escolar\/#primaryimage"},"thumbnailUrl":"https:\/\/www.altominho.tv\/site\/wp-content\/uploads\/2023\/03\/Representarte-scaled-e1678878334251.jpg","keywords":["Cultura","Educa\u00e7\u00e3o"],"articleSection":["Mon\u00e7\u00e3o"],"inLanguage":"pt-PT","copyrightYear":"2023","copyrightHolder":{"@id":"https:\/\/www.altominho.tv\/site\/#organization"}},{"@type":"WebPage","@id":"https:\/\/www.altominho.tv\/site\/2023\/03\/15\/alunos-de-moncao-participam-em-mostra-de-teatro-escolar\/","url":"https:\/\/www.altominho.tv\/site\/2023\/03\/15\/alunos-de-moncao-participam-em-mostra-de-teatro-escolar\/","name":"Alunos de Mon\u00e7\u00e3o participam em Mostra de Teatro Escolar","isPartOf":{"@id":"https:\/\/www.altominho.tv\/site\/#website"},"primaryImageOfPage":{"@id":"https:\/\/www.altominho.tv\/site\/2023\/03\/15\/alunos-de-moncao-participam-em-mostra-de-teatro-escolar\/#primaryimage"},"image":{"@id":"https:\/\/www.altominho.tv\/site\/2023\/03\/15\/alunos-de-moncao-participam-em-mostra-de-teatro-escolar\/#primaryimage"},"thumbnailUrl":"https:\/\/www.altominho.tv\/site\/wp-content\/uploads\/2023\/03\/Representarte-scaled-e1678878334251.jpg","datePublished":"2023-03-15T11:03:39+00:00","dateModified":"2023-03-15T11:05:58+00:00","author":{"@id":"https:\/\/www.altominho.tv\/site\/#\/schema\/person\/d9be4265364723f14ea8e0d56a1d38cd"},"breadcrumb":{"@id":"https:\/\/www.altominho.tv\/site\/2023\/03\/15\/alunos-de-moncao-participam-em-mostra-de-teatro-escolar\/#breadcrumb"},"inLanguage":"pt-PT","potentialAction":[{"@type":"ReadAction","target":["https:\/\/www.altominho.tv\/site\/2023\/03\/15\/alunos-de-moncao-participam-em-mostra-de-teatro-escolar\/"]}]},{"@type":"ImageObject","inLanguage":"pt-PT","@id":"https:\/\/www.altominho.tv\/site\/2023\/03\/15\/alunos-de-moncao-participam-em-mostra-de-teatro-escolar\/#primaryimage","url":"https:\/\/www.altominho.tv\/site\/wp-content\/uploads\/2023\/03\/Representarte-scaled-e1678878334251.jpg","contentUrl":"https:\/\/www.altominho.tv\/site\/wp-content\/uploads\/2023\/03\/Representarte-scaled-e1678878334251.jpg","width":2003,"height":979},{"@type":"BreadcrumbList","@id":"https:\/\/www.altominho.tv\/site\/2023\/03\/15\/alunos-de-moncao-participam-em-mostra-de-teatro-escolar\/#breadcrumb","itemListElement":[{"@type":"ListItem","position":1,"name":"In\u00edcio","item":"https:\/\/www.altominho.tv\/site\/"},{"@type":"ListItem","position":2,"name":"Alunos de Mon\u00e7\u00e3o participam em Mostra de Teatro Escolar"}]},{"@type":"WebSite","@id":"https:\/\/www.altominho.tv\/site\/#website","url":"https:\/\/www.altominho.tv\/site\/","name":"Altominho.tv","description":"A sua regi\u00e3o \u00e0 dist\u00e2ncia de um clique...","potentialAction":[{"@type":"SearchAction","target":{"@type":"EntryPoint","urlTemplate":"https:\/\/www.altominho.tv\/site\/?s={search_term_string}"},"query-input":{"@type":"PropertyValueSpecification","valueRequired":true,"valueName":"search_term_string"}}],"inLanguage":"pt-PT"},{"@type":"Person","@id":"https:\/\/www.altominho.tv\/site\/#\/schema\/person\/d9be4265364723f14ea8e0d56a1d38cd","name":"Andreia Ferreira","image":{"@type":"ImageObject","inLanguage":"pt-PT","@id":"https:\/\/www.altominho.tv\/site\/wp-content\/uploads\/2021\/01\/AndreiaFerreira-150x150.jpg","url":"https:\/\/www.altominho.tv\/site\/wp-content\/uploads\/2021\/01\/AndreiaFerreira-150x150.jpg","contentUrl":"https:\/\/www.altominho.tv\/site\/wp-content\/uploads\/2021\/01\/AndreiaFerreira-150x150.jpg","caption":"Andreia Ferreira"},"url":"https:\/\/www.altominho.tv\/site\/author\/andreiaferreira\/"}]}},"_links":{"self":[{"href":"https:\/\/www.altominho.tv\/site\/wp-json\/wp\/v2\/posts\/90023","targetHints":{"allow":["GET"]}}],"collection":[{"href":"https:\/\/www.altominho.tv\/site\/wp-json\/wp\/v2\/posts"}],"about":[{"href":"https:\/\/www.altominho.tv\/site\/wp-json\/wp\/v2\/types\/post"}],"author":[{"embeddable":true,"href":"https:\/\/www.altominho.tv\/site\/wp-json\/wp\/v2\/users\/12"}],"replies":[{"embeddable":true,"href":"https:\/\/www.altominho.tv\/site\/wp-json\/wp\/v2\/comments?post=90023"}],"version-history":[{"count":1,"href":"https:\/\/www.altominho.tv\/site\/wp-json\/wp\/v2\/posts\/90023\/revisions"}],"predecessor-version":[{"id":90038,"href":"https:\/\/www.altominho.tv\/site\/wp-json\/wp\/v2\/posts\/90023\/revisions\/90038"}],"wp:featuredmedia":[{"embeddable":true,"href":"https:\/\/www.altominho.tv\/site\/wp-json\/wp\/v2\/media\/90024"}],"wp:attachment":[{"href":"https:\/\/www.altominho.tv\/site\/wp-json\/wp\/v2\/media?parent=90023"}],"wp:term":[{"taxonomy":"category","embeddable":true,"href":"https:\/\/www.altominho.tv\/site\/wp-json\/wp\/v2\/categories?post=90023"},{"taxonomy":"post_tag","embeddable":true,"href":"https:\/\/www.altominho.tv\/site\/wp-json\/wp\/v2\/tags?post=90023"}],"curies":[{"name":"wp","href":"https:\/\/api.w.org\/{rel}","templated":true}]}}