{"id":90015,"date":"2023-03-14T17:55:13","date_gmt":"2023-03-14T17:55:13","guid":{"rendered":"https:\/\/www.altominho.tv\/site\/?p=90015"},"modified":"2023-03-14T17:55:19","modified_gmt":"2023-03-14T17:55:19","slug":"moncao-3","status":"publish","type":"post","link":"https:\/\/www.altominho.tv\/site\/2023\/03\/14\/moncao-3\/","title":{"rendered":"Mon\u00e7\u00e3o foi palco de a\u00e7\u00e3o de sensibiliza\u00e7\u00e3o e limpeza das margens do rio Minho"},"content":{"rendered":"<p>Para assinalar o Dia Internacional de A\u00e7\u00e3o pelos Rios, realizou-se esta manh\u00e3, uma a\u00e7\u00e3o de sensibiliza\u00e7\u00e3o ambiental e limpeza das margens do rio Minho. Esta ocorreu no \u00e2mbito do projeto ib\u00e9rico \u201cMares Circulares\u201d, promovido pela Liga para a Prote\u00e7\u00e3o da Natureza (LPN).<\/p>\n<p>A iniciativa teve lugar na Lodeira, junto \u00e0 ponte internacional entre Mon\u00e7\u00e3o e Salvaterra do Mi\u00f1o e contou com a presen\u00e7a de elementos da LPN, Associa\u00e7\u00e3o \u201cRaia\u201d e 80 alunos do concelho.<\/p>\n<p>Em representa\u00e7\u00e3o do Munic\u00edpio esteve a Vereadora Daniela Fernandes que real\u00e7ou a import\u00e2ncia destas a\u00e7\u00f5es \u201cna promo\u00e7\u00e3o de uma consci\u00eancia ecol\u00f3gica nos jovens mon\u00e7anenses, real\u00e7ando o seu contributo no tocante \u00e0 preserva\u00e7\u00e3o da natureza e sustentabilidade ambiental\u201d afirmou a respons\u00e1vel.<\/p>\n<p>A iniciativa resultou na recolha de 40 quilogramas de pl\u00e1stico, 33 de vidro e 74 de material indiferenciado e, ainda, um para-choques, um barril de \u00f3leo e alguns pneus<\/p>\n","protected":false},"excerpt":{"rendered":"<p>Para assinalar o Dia Internacional de A\u00e7\u00e3o pelos Rios, realizou-se esta manh\u00e3, uma a\u00e7\u00e3o de sensibiliza\u00e7\u00e3o ambiental e limpeza das margens do rio Minho. Esta ocorreu no \u00e2mbito do projeto ib\u00e9rico \u201cMares Circulares\u201d, promovido pela Liga para a Prote\u00e7\u00e3o da Natureza (LPN). A iniciativa teve lugar na Lodeira, junto \u00e0 ponte internacional entre Mon\u00e7\u00e3o e [&hellip;]<\/p>\n","protected":false},"author":28,"featured_media":90016,"comment_status":"closed","ping_status":"closed","sticky":false,"template":"","format":"standard","meta":{"_exactmetrics_skip_tracking":false,"_exactmetrics_sitenote_active":false,"_exactmetrics_sitenote_note":"","_exactmetrics_sitenote_category":0,"footnotes":""},"categories":[9],"tags":[27],"class_list":["post-90015","post","type-post","status-publish","format-standard","has-post-thumbnail","hentry","category-moncao","tag-sociedade"],"yoast_head":"<!-- This site is optimized with the Yoast SEO Premium plugin v27.5 (Yoast SEO v27.5) - https:\/\/yoast.com\/product\/yoast-seo-premium-wordpress\/ -->\n<title>Mon\u00e7\u00e3o foi palco de a\u00e7\u00e3o de sensibiliza\u00e7\u00e3o e limpeza das margens do rio Minho<\/title>\n<meta name=\"description\" content=\"Para assinalar o Dia Internacional de A\u00e7\u00e3o pelos Rios, realizou-se esta manh\u00e3, uma a\u00e7\u00e3o de sensibiliza\u00e7\u00e3o ambiental e limpeza das margens do rio Minho.\" \/>\n<meta name=\"robots\" content=\"index, follow, max-snippet:-1, max-image-preview:large, max-video-preview:-1\" \/>\n<link rel=\"canonical\" href=\"https:\/\/www.altominho.tv\/site\/2023\/03\/14\/moncao-3\/\" \/>\n<meta property=\"og:locale\" content=\"pt_PT\" \/>\n<meta property=\"og:type\" content=\"article\" \/>\n<meta property=\"og:title\" content=\"Mon\u00e7\u00e3o foi palco de a\u00e7\u00e3o de sensibiliza\u00e7\u00e3o e limpeza das margens do rio Minho\" \/>\n<meta property=\"og:description\" content=\"Para assinalar o Dia Internacional de A\u00e7\u00e3o pelos Rios, realizou-se esta manh\u00e3, uma a\u00e7\u00e3o de sensibiliza\u00e7\u00e3o ambiental e limpeza das margens do rio Minho.\" \/>\n<meta property=\"og:url\" content=\"https:\/\/www.altominho.tv\/site\/2023\/03\/14\/moncao-3\/\" \/>\n<meta property=\"og:site_name\" content=\"Altominho.tv\" \/>\n<meta property=\"article:publisher\" content=\"https:\/\/www.facebook.com\/altominhotv\" \/>\n<meta property=\"article:published_time\" content=\"2023-03-14T17:55:13+00:00\" \/>\n<meta property=\"article:modified_time\" content=\"2023-03-14T17:55:19+00:00\" \/>\n<meta property=\"og:image\" content=\"https:\/\/www.altominho.tv\/site\/wp-content\/uploads\/2023\/03\/cais-rio-minho-3-1024x641-1-1.jpeg\" \/>\n\t<meta property=\"og:image:width\" content=\"1024\" \/>\n\t<meta property=\"og:image:height\" content=\"641\" \/>\n\t<meta property=\"og:image:type\" content=\"image\/jpeg\" \/>\n<meta name=\"author\" content=\"Beatriz Lira\" \/>\n<meta name=\"twitter:card\" content=\"summary_large_image\" \/>\n<meta name=\"twitter:creator\" content=\"@altominhoTV\" \/>\n<meta name=\"twitter:site\" content=\"@altominhoTV\" \/>\n<meta name=\"twitter:label1\" content=\"Escrito por\" \/>\n\t<meta name=\"twitter:data1\" content=\"Beatriz Lira\" \/>\n\t<meta name=\"twitter:label2\" content=\"Tempo estimado de leitura\" \/>\n\t<meta name=\"twitter:data2\" content=\"1 minuto\" \/>\n<script type=\"application\/ld+json\" class=\"yoast-schema-graph\">{\"@context\":\"https:\\\/\\\/schema.org\",\"@graph\":[{\"@type\":\"Article\",\"@id\":\"https:\\\/\\\/www.altominho.tv\\\/site\\\/2023\\\/03\\\/14\\\/moncao-3\\\/#article\",\"isPartOf\":{\"@id\":\"https:\\\/\\\/www.altominho.tv\\\/site\\\/2023\\\/03\\\/14\\\/moncao-3\\\/\"},\"author\":{\"name\":\"Beatriz Lira\",\"@id\":\"https:\\\/\\\/www.altominho.tv\\\/site\\\/#\\\/schema\\\/person\\\/f95a2097796cf4462fe1e476cddc40e4\"},\"headline\":\"Mon\u00e7\u00e3o foi palco de a\u00e7\u00e3o de sensibiliza\u00e7\u00e3o e limpeza das margens do rio Minho\",\"datePublished\":\"2023-03-14T17:55:13+00:00\",\"dateModified\":\"2023-03-14T17:55:19+00:00\",\"mainEntityOfPage\":{\"@id\":\"https:\\\/\\\/www.altominho.tv\\\/site\\\/2023\\\/03\\\/14\\\/moncao-3\\\/\"},\"wordCount\":176,\"image\":{\"@id\":\"https:\\\/\\\/www.altominho.tv\\\/site\\\/2023\\\/03\\\/14\\\/moncao-3\\\/#primaryimage\"},\"thumbnailUrl\":\"https:\\\/\\\/www.altominho.tv\\\/site\\\/wp-content\\\/uploads\\\/2023\\\/03\\\/cais-rio-minho-3-1024x641-1-1.jpeg\",\"keywords\":[\"Sociedade\"],\"articleSection\":[\"Mon\u00e7\u00e3o\"],\"inLanguage\":\"pt-PT\",\"copyrightYear\":\"2023\",\"copyrightHolder\":{\"@id\":\"https:\\\/\\\/www.altominho.tv\\\/site\\\/#organization\"}},{\"@type\":\"WebPage\",\"@id\":\"https:\\\/\\\/www.altominho.tv\\\/site\\\/2023\\\/03\\\/14\\\/moncao-3\\\/\",\"url\":\"https:\\\/\\\/www.altominho.tv\\\/site\\\/2023\\\/03\\\/14\\\/moncao-3\\\/\",\"name\":\"Mon\u00e7\u00e3o foi palco de a\u00e7\u00e3o de sensibiliza\u00e7\u00e3o e limpeza das margens do rio Minho\",\"isPartOf\":{\"@id\":\"https:\\\/\\\/www.altominho.tv\\\/site\\\/#website\"},\"primaryImageOfPage\":{\"@id\":\"https:\\\/\\\/www.altominho.tv\\\/site\\\/2023\\\/03\\\/14\\\/moncao-3\\\/#primaryimage\"},\"image\":{\"@id\":\"https:\\\/\\\/www.altominho.tv\\\/site\\\/2023\\\/03\\\/14\\\/moncao-3\\\/#primaryimage\"},\"thumbnailUrl\":\"https:\\\/\\\/www.altominho.tv\\\/site\\\/wp-content\\\/uploads\\\/2023\\\/03\\\/cais-rio-minho-3-1024x641-1-1.jpeg\",\"datePublished\":\"2023-03-14T17:55:13+00:00\",\"dateModified\":\"2023-03-14T17:55:19+00:00\",\"author\":{\"@id\":\"https:\\\/\\\/www.altominho.tv\\\/site\\\/#\\\/schema\\\/person\\\/f95a2097796cf4462fe1e476cddc40e4\"},\"description\":\"Para assinalar o Dia Internacional de A\u00e7\u00e3o pelos Rios, realizou-se esta manh\u00e3, uma a\u00e7\u00e3o de sensibiliza\u00e7\u00e3o ambiental e limpeza das margens do rio Minho.\",\"breadcrumb\":{\"@id\":\"https:\\\/\\\/www.altominho.tv\\\/site\\\/2023\\\/03\\\/14\\\/moncao-3\\\/#breadcrumb\"},\"inLanguage\":\"pt-PT\",\"potentialAction\":[{\"@type\":\"ReadAction\",\"target\":[\"https:\\\/\\\/www.altominho.tv\\\/site\\\/2023\\\/03\\\/14\\\/moncao-3\\\/\"]}]},{\"@type\":\"ImageObject\",\"inLanguage\":\"pt-PT\",\"@id\":\"https:\\\/\\\/www.altominho.tv\\\/site\\\/2023\\\/03\\\/14\\\/moncao-3\\\/#primaryimage\",\"url\":\"https:\\\/\\\/www.altominho.tv\\\/site\\\/wp-content\\\/uploads\\\/2023\\\/03\\\/cais-rio-minho-3-1024x641-1-1.jpeg\",\"contentUrl\":\"https:\\\/\\\/www.altominho.tv\\\/site\\\/wp-content\\\/uploads\\\/2023\\\/03\\\/cais-rio-minho-3-1024x641-1-1.jpeg\",\"width\":1024,\"height\":641},{\"@type\":\"BreadcrumbList\",\"@id\":\"https:\\\/\\\/www.altominho.tv\\\/site\\\/2023\\\/03\\\/14\\\/moncao-3\\\/#breadcrumb\",\"itemListElement\":[{\"@type\":\"ListItem\",\"position\":1,\"name\":\"In\u00edcio\",\"item\":\"https:\\\/\\\/www.altominho.tv\\\/site\\\/\"},{\"@type\":\"ListItem\",\"position\":2,\"name\":\"Mon\u00e7\u00e3o foi palco de a\u00e7\u00e3o de sensibiliza\u00e7\u00e3o e limpeza das margens do rio Minho\"}]},{\"@type\":\"WebSite\",\"@id\":\"https:\\\/\\\/www.altominho.tv\\\/site\\\/#website\",\"url\":\"https:\\\/\\\/www.altominho.tv\\\/site\\\/\",\"name\":\"Altominho.tv\",\"description\":\"A sua regi\u00e3o \u00e0 dist\u00e2ncia de um clique...\",\"potentialAction\":[{\"@type\":\"SearchAction\",\"target\":{\"@type\":\"EntryPoint\",\"urlTemplate\":\"https:\\\/\\\/www.altominho.tv\\\/site\\\/?s={search_term_string}\"},\"query-input\":{\"@type\":\"PropertyValueSpecification\",\"valueRequired\":true,\"valueName\":\"search_term_string\"}}],\"inLanguage\":\"pt-PT\"},{\"@type\":\"Person\",\"@id\":\"https:\\\/\\\/www.altominho.tv\\\/site\\\/#\\\/schema\\\/person\\\/f95a2097796cf4462fe1e476cddc40e4\",\"name\":\"Beatriz Lira\",\"image\":{\"@type\":\"ImageObject\",\"inLanguage\":\"pt-PT\",\"@id\":\"https:\\\/\\\/www.altominho.tv\\\/site\\\/wp-content\\\/uploads\\\/2023\\\/03\\\/Screenshot_20230306-141220_Photos-150x150.jpg\",\"url\":\"https:\\\/\\\/www.altominho.tv\\\/site\\\/wp-content\\\/uploads\\\/2023\\\/03\\\/Screenshot_20230306-141220_Photos-150x150.jpg\",\"contentUrl\":\"https:\\\/\\\/www.altominho.tv\\\/site\\\/wp-content\\\/uploads\\\/2023\\\/03\\\/Screenshot_20230306-141220_Photos-150x150.jpg\",\"caption\":\"Beatriz Lira\"},\"url\":\"https:\\\/\\\/www.altominho.tv\\\/site\\\/author\\\/beatriz\\\/\"}]}<\/script>\n<!-- \/ Yoast SEO Premium plugin. -->","yoast_head_json":{"title":"Mon\u00e7\u00e3o foi palco de a\u00e7\u00e3o de sensibiliza\u00e7\u00e3o e limpeza das margens do rio Minho","description":"Para assinalar o Dia Internacional de A\u00e7\u00e3o pelos Rios, realizou-se esta manh\u00e3, uma a\u00e7\u00e3o de sensibiliza\u00e7\u00e3o ambiental e limpeza das margens do rio Minho.","robots":{"index":"index","follow":"follow","max-snippet":"max-snippet:-1","max-image-preview":"max-image-preview:large","max-video-preview":"max-video-preview:-1"},"canonical":"https:\/\/www.altominho.tv\/site\/2023\/03\/14\/moncao-3\/","og_locale":"pt_PT","og_type":"article","og_title":"Mon\u00e7\u00e3o foi palco de a\u00e7\u00e3o de sensibiliza\u00e7\u00e3o e limpeza das margens do rio Minho","og_description":"Para assinalar o Dia Internacional de A\u00e7\u00e3o pelos Rios, realizou-se esta manh\u00e3, uma a\u00e7\u00e3o de sensibiliza\u00e7\u00e3o ambiental e limpeza das margens do rio Minho.","og_url":"https:\/\/www.altominho.tv\/site\/2023\/03\/14\/moncao-3\/","og_site_name":"Altominho.tv","article_publisher":"https:\/\/www.facebook.com\/altominhotv","article_published_time":"2023-03-14T17:55:13+00:00","article_modified_time":"2023-03-14T17:55:19+00:00","og_image":[{"width":1024,"height":641,"url":"https:\/\/www.altominho.tv\/site\/wp-content\/uploads\/2023\/03\/cais-rio-minho-3-1024x641-1-1.jpeg","type":"image\/jpeg"}],"author":"Beatriz Lira","twitter_card":"summary_large_image","twitter_creator":"@altominhoTV","twitter_site":"@altominhoTV","twitter_misc":{"Escrito por":"Beatriz Lira","Tempo estimado de leitura":"1 minuto"},"schema":{"@context":"https:\/\/schema.org","@graph":[{"@type":"Article","@id":"https:\/\/www.altominho.tv\/site\/2023\/03\/14\/moncao-3\/#article","isPartOf":{"@id":"https:\/\/www.altominho.tv\/site\/2023\/03\/14\/moncao-3\/"},"author":{"name":"Beatriz Lira","@id":"https:\/\/www.altominho.tv\/site\/#\/schema\/person\/f95a2097796cf4462fe1e476cddc40e4"},"headline":"Mon\u00e7\u00e3o foi palco de a\u00e7\u00e3o de sensibiliza\u00e7\u00e3o e limpeza das margens do rio Minho","datePublished":"2023-03-14T17:55:13+00:00","dateModified":"2023-03-14T17:55:19+00:00","mainEntityOfPage":{"@id":"https:\/\/www.altominho.tv\/site\/2023\/03\/14\/moncao-3\/"},"wordCount":176,"image":{"@id":"https:\/\/www.altominho.tv\/site\/2023\/03\/14\/moncao-3\/#primaryimage"},"thumbnailUrl":"https:\/\/www.altominho.tv\/site\/wp-content\/uploads\/2023\/03\/cais-rio-minho-3-1024x641-1-1.jpeg","keywords":["Sociedade"],"articleSection":["Mon\u00e7\u00e3o"],"inLanguage":"pt-PT","copyrightYear":"2023","copyrightHolder":{"@id":"https:\/\/www.altominho.tv\/site\/#organization"}},{"@type":"WebPage","@id":"https:\/\/www.altominho.tv\/site\/2023\/03\/14\/moncao-3\/","url":"https:\/\/www.altominho.tv\/site\/2023\/03\/14\/moncao-3\/","name":"Mon\u00e7\u00e3o foi palco de a\u00e7\u00e3o de sensibiliza\u00e7\u00e3o e limpeza das margens do rio Minho","isPartOf":{"@id":"https:\/\/www.altominho.tv\/site\/#website"},"primaryImageOfPage":{"@id":"https:\/\/www.altominho.tv\/site\/2023\/03\/14\/moncao-3\/#primaryimage"},"image":{"@id":"https:\/\/www.altominho.tv\/site\/2023\/03\/14\/moncao-3\/#primaryimage"},"thumbnailUrl":"https:\/\/www.altominho.tv\/site\/wp-content\/uploads\/2023\/03\/cais-rio-minho-3-1024x641-1-1.jpeg","datePublished":"2023-03-14T17:55:13+00:00","dateModified":"2023-03-14T17:55:19+00:00","author":{"@id":"https:\/\/www.altominho.tv\/site\/#\/schema\/person\/f95a2097796cf4462fe1e476cddc40e4"},"description":"Para assinalar o Dia Internacional de A\u00e7\u00e3o pelos Rios, realizou-se esta manh\u00e3, uma a\u00e7\u00e3o de sensibiliza\u00e7\u00e3o ambiental e limpeza das margens do rio Minho.","breadcrumb":{"@id":"https:\/\/www.altominho.tv\/site\/2023\/03\/14\/moncao-3\/#breadcrumb"},"inLanguage":"pt-PT","potentialAction":[{"@type":"ReadAction","target":["https:\/\/www.altominho.tv\/site\/2023\/03\/14\/moncao-3\/"]}]},{"@type":"ImageObject","inLanguage":"pt-PT","@id":"https:\/\/www.altominho.tv\/site\/2023\/03\/14\/moncao-3\/#primaryimage","url":"https:\/\/www.altominho.tv\/site\/wp-content\/uploads\/2023\/03\/cais-rio-minho-3-1024x641-1-1.jpeg","contentUrl":"https:\/\/www.altominho.tv\/site\/wp-content\/uploads\/2023\/03\/cais-rio-minho-3-1024x641-1-1.jpeg","width":1024,"height":641},{"@type":"BreadcrumbList","@id":"https:\/\/www.altominho.tv\/site\/2023\/03\/14\/moncao-3\/#breadcrumb","itemListElement":[{"@type":"ListItem","position":1,"name":"In\u00edcio","item":"https:\/\/www.altominho.tv\/site\/"},{"@type":"ListItem","position":2,"name":"Mon\u00e7\u00e3o foi palco de a\u00e7\u00e3o de sensibiliza\u00e7\u00e3o e limpeza das margens do rio Minho"}]},{"@type":"WebSite","@id":"https:\/\/www.altominho.tv\/site\/#website","url":"https:\/\/www.altominho.tv\/site\/","name":"Altominho.tv","description":"A sua regi\u00e3o \u00e0 dist\u00e2ncia de um clique...","potentialAction":[{"@type":"SearchAction","target":{"@type":"EntryPoint","urlTemplate":"https:\/\/www.altominho.tv\/site\/?s={search_term_string}"},"query-input":{"@type":"PropertyValueSpecification","valueRequired":true,"valueName":"search_term_string"}}],"inLanguage":"pt-PT"},{"@type":"Person","@id":"https:\/\/www.altominho.tv\/site\/#\/schema\/person\/f95a2097796cf4462fe1e476cddc40e4","name":"Beatriz Lira","image":{"@type":"ImageObject","inLanguage":"pt-PT","@id":"https:\/\/www.altominho.tv\/site\/wp-content\/uploads\/2023\/03\/Screenshot_20230306-141220_Photos-150x150.jpg","url":"https:\/\/www.altominho.tv\/site\/wp-content\/uploads\/2023\/03\/Screenshot_20230306-141220_Photos-150x150.jpg","contentUrl":"https:\/\/www.altominho.tv\/site\/wp-content\/uploads\/2023\/03\/Screenshot_20230306-141220_Photos-150x150.jpg","caption":"Beatriz Lira"},"url":"https:\/\/www.altominho.tv\/site\/author\/beatriz\/"}]}},"_links":{"self":[{"href":"https:\/\/www.altominho.tv\/site\/wp-json\/wp\/v2\/posts\/90015","targetHints":{"allow":["GET"]}}],"collection":[{"href":"https:\/\/www.altominho.tv\/site\/wp-json\/wp\/v2\/posts"}],"about":[{"href":"https:\/\/www.altominho.tv\/site\/wp-json\/wp\/v2\/types\/post"}],"author":[{"embeddable":true,"href":"https:\/\/www.altominho.tv\/site\/wp-json\/wp\/v2\/users\/28"}],"replies":[{"embeddable":true,"href":"https:\/\/www.altominho.tv\/site\/wp-json\/wp\/v2\/comments?post=90015"}],"version-history":[{"count":1,"href":"https:\/\/www.altominho.tv\/site\/wp-json\/wp\/v2\/posts\/90015\/revisions"}],"predecessor-version":[{"id":90017,"href":"https:\/\/www.altominho.tv\/site\/wp-json\/wp\/v2\/posts\/90015\/revisions\/90017"}],"wp:featuredmedia":[{"embeddable":true,"href":"https:\/\/www.altominho.tv\/site\/wp-json\/wp\/v2\/media\/90016"}],"wp:attachment":[{"href":"https:\/\/www.altominho.tv\/site\/wp-json\/wp\/v2\/media?parent=90015"}],"wp:term":[{"taxonomy":"category","embeddable":true,"href":"https:\/\/www.altominho.tv\/site\/wp-json\/wp\/v2\/categories?post=90015"},{"taxonomy":"post_tag","embeddable":true,"href":"https:\/\/www.altominho.tv\/site\/wp-json\/wp\/v2\/tags?post=90015"}],"curies":[{"name":"wp","href":"https:\/\/api.w.org\/{rel}","templated":true}]}}