{"id":9001,"date":"2018-01-30T14:53:56","date_gmt":"2018-01-30T14:53:56","guid":{"rendered":"http:\/\/www.altominho.tv\/site\/?p=9001"},"modified":"2018-01-30T14:53:56","modified_gmt":"2018-01-30T14:53:56","slug":"primeira-exposicao-dos-novos-artistas-da-bienal-de-cerveira-inaugura-sabado","status":"publish","type":"post","link":"https:\/\/www.altominho.tv\/site\/2018\/01\/30\/primeira-exposicao-dos-novos-artistas-da-bienal-de-cerveira-inaugura-sabado\/","title":{"rendered":"Primeira exposi\u00e7\u00e3o dos &#8216;Novos Artistas&#8217; da Bienal de Cerveira inaugura s\u00e1bado"},"content":{"rendered":"<p style=\"font-weight: 400\">Uma viagem pelo universo n\u00e1utico atrav\u00e9s da arte \u00e9 a proposta que a artista brasileira Polliana Dalla Barba apresenta ao p\u00fablico, a partir de s\u00e1bado, na Galeria do F\u00f3rum Cultural de Cerveira. Trata-se da exposi\u00e7\u00e3o \u201cSerendipidade\u201d que resulta do concurso \u201cNovos Artistas 2018\u201d, promovido pela Funda\u00e7\u00e3o Bienal de Arte de Cerveira.<\/p>\n<p style=\"font-weight: 400\">\u201cSerendipidade\u201d \u00e9 resultado de uma viagem realizada por mar entre os meses de mar\u00e7o e abril de 2016, onde Polliana Dalla Barba cruzou o oceano Atl\u00e2ntico, o mar Adri\u00e1tico e o Mediterr\u00e2neo at\u00e9 chegar a Israel. \u201cDurante o trajeto foram utilizados diferentes tipos de embarca\u00e7\u00f5es e meios de transportes, assumindo os improv\u00e1veis desvios e enfrentando diversos contratempos\u201d, explica a jovem artista.<\/p>\n","protected":false},"excerpt":{"rendered":"<p>Uma viagem pelo universo n\u00e1utico atrav\u00e9s da arte \u00e9 a proposta que a artista brasileira Polliana Dalla Barba apresenta ao p\u00fablico, a partir de s\u00e1bado, na Galeria do F\u00f3rum Cultural de Cerveira. Trata-se da exposi\u00e7\u00e3o \u201cSerendipidade\u201d que resulta do concurso \u201cNovos Artistas 2018\u201d, promovido pela Funda\u00e7\u00e3o Bienal de Arte de Cerveira. \u201cSerendipidade\u201d \u00e9 resultado de [&hellip;]<\/p>\n","protected":false},"author":6,"featured_media":9002,"comment_status":"closed","ping_status":"closed","sticky":false,"template":"","format":"standard","meta":{"_exactmetrics_skip_tracking":false,"_exactmetrics_sitenote_active":false,"_exactmetrics_sitenote_note":"","_exactmetrics_sitenote_category":0,"footnotes":""},"categories":[15],"tags":[19],"class_list":["post-9001","post","type-post","status-publish","format-standard","has-post-thumbnail","hentry","category-vila-nova-de-cerveira","tag-cultura"],"yoast_head":"<!-- This site is optimized with the Yoast SEO Premium plugin v27.5 (Yoast SEO v27.5) - https:\/\/yoast.com\/product\/yoast-seo-premium-wordpress\/ -->\n<title>Primeira exposi\u00e7\u00e3o dos &#039;Novos Artistas&#039; da Bienal de Cerveira inaugura s\u00e1bado<\/title>\n<meta name=\"robots\" content=\"index, follow, max-snippet:-1, max-image-preview:large, max-video-preview:-1\" \/>\n<link rel=\"canonical\" href=\"https:\/\/www.altominho.tv\/site\/2018\/01\/30\/primeira-exposicao-dos-novos-artistas-da-bienal-de-cerveira-inaugura-sabado\/\" \/>\n<meta property=\"og:locale\" content=\"pt_PT\" \/>\n<meta property=\"og:type\" content=\"article\" \/>\n<meta property=\"og:title\" content=\"Primeira exposi\u00e7\u00e3o dos &#039;Novos Artistas&#039; da Bienal de Cerveira inaugura s\u00e1bado\" \/>\n<meta property=\"og:description\" content=\"Uma viagem pelo universo n\u00e1utico atrav\u00e9s da arte \u00e9 a proposta que a artista brasileira Polliana Dalla Barba apresenta ao p\u00fablico, a partir de s\u00e1bado, na Galeria do F\u00f3rum Cultural de Cerveira. Trata-se da exposi\u00e7\u00e3o \u201cSerendipidade\u201d que resulta do concurso \u201cNovos Artistas 2018\u201d, promovido pela Funda\u00e7\u00e3o Bienal de Arte de Cerveira. \u201cSerendipidade\u201d \u00e9 resultado de [&hellip;]\" \/>\n<meta property=\"og:url\" content=\"https:\/\/www.altominho.tv\/site\/2018\/01\/30\/primeira-exposicao-dos-novos-artistas-da-bienal-de-cerveira-inaugura-sabado\/\" \/>\n<meta property=\"og:site_name\" content=\"Altominho.tv\" \/>\n<meta property=\"article:publisher\" content=\"https:\/\/www.facebook.com\/altominhotv\" \/>\n<meta property=\"article:published_time\" content=\"2018-01-30T14:53:56+00:00\" \/>\n<meta property=\"og:image\" content=\"https:\/\/www.altominho.tv\/site\/wp-content\/uploads\/2018\/01\/JER.jpg\" \/>\n\t<meta property=\"og:image:width\" content=\"3637\" \/>\n\t<meta property=\"og:image:height\" content=\"2433\" \/>\n\t<meta property=\"og:image:type\" content=\"image\/jpeg\" \/>\n<meta name=\"author\" content=\"C\u00e1tia Malheiro\" \/>\n<meta name=\"twitter:card\" content=\"summary_large_image\" \/>\n<meta name=\"twitter:creator\" content=\"@altominhoTV\" \/>\n<meta name=\"twitter:site\" content=\"@altominhoTV\" \/>\n<meta name=\"twitter:label1\" content=\"Escrito por\" \/>\n\t<meta name=\"twitter:data1\" content=\"C\u00e1tia Malheiro\" \/>\n\t<meta name=\"twitter:label2\" content=\"Tempo estimado de leitura\" \/>\n\t<meta name=\"twitter:data2\" content=\"1 minuto\" \/>\n<script type=\"application\/ld+json\" class=\"yoast-schema-graph\">{\"@context\":\"https:\\\/\\\/schema.org\",\"@graph\":[{\"@type\":\"Article\",\"@id\":\"https:\\\/\\\/www.altominho.tv\\\/site\\\/2018\\\/01\\\/30\\\/primeira-exposicao-dos-novos-artistas-da-bienal-de-cerveira-inaugura-sabado\\\/#article\",\"isPartOf\":{\"@id\":\"https:\\\/\\\/www.altominho.tv\\\/site\\\/2018\\\/01\\\/30\\\/primeira-exposicao-dos-novos-artistas-da-bienal-de-cerveira-inaugura-sabado\\\/\"},\"author\":{\"name\":\"C\u00e1tia Malheiro\",\"@id\":\"https:\\\/\\\/www.altominho.tv\\\/site\\\/#\\\/schema\\\/person\\\/5c9404a8b438614c93da6ca09db92574\"},\"headline\":\"Primeira exposi\u00e7\u00e3o dos &#8216;Novos Artistas&#8217; da Bienal de Cerveira inaugura s\u00e1bado\",\"datePublished\":\"2018-01-30T14:53:56+00:00\",\"mainEntityOfPage\":{\"@id\":\"https:\\\/\\\/www.altominho.tv\\\/site\\\/2018\\\/01\\\/30\\\/primeira-exposicao-dos-novos-artistas-da-bienal-de-cerveira-inaugura-sabado\\\/\"},\"wordCount\":134,\"image\":{\"@id\":\"https:\\\/\\\/www.altominho.tv\\\/site\\\/2018\\\/01\\\/30\\\/primeira-exposicao-dos-novos-artistas-da-bienal-de-cerveira-inaugura-sabado\\\/#primaryimage\"},\"thumbnailUrl\":\"https:\\\/\\\/www.altominho.tv\\\/site\\\/wp-content\\\/uploads\\\/2018\\\/01\\\/JER.jpg\",\"keywords\":[\"Cultura\"],\"articleSection\":[\"Vila Nova de Cerveira\"],\"inLanguage\":\"pt-PT\",\"copyrightYear\":\"2018\",\"copyrightHolder\":{\"@id\":\"https:\\\/\\\/www.altominho.tv\\\/site\\\/#organization\"}},{\"@type\":\"WebPage\",\"@id\":\"https:\\\/\\\/www.altominho.tv\\\/site\\\/2018\\\/01\\\/30\\\/primeira-exposicao-dos-novos-artistas-da-bienal-de-cerveira-inaugura-sabado\\\/\",\"url\":\"https:\\\/\\\/www.altominho.tv\\\/site\\\/2018\\\/01\\\/30\\\/primeira-exposicao-dos-novos-artistas-da-bienal-de-cerveira-inaugura-sabado\\\/\",\"name\":\"Primeira exposi\u00e7\u00e3o dos 'Novos Artistas' da Bienal de Cerveira inaugura s\u00e1bado\",\"isPartOf\":{\"@id\":\"https:\\\/\\\/www.altominho.tv\\\/site\\\/#website\"},\"primaryImageOfPage\":{\"@id\":\"https:\\\/\\\/www.altominho.tv\\\/site\\\/2018\\\/01\\\/30\\\/primeira-exposicao-dos-novos-artistas-da-bienal-de-cerveira-inaugura-sabado\\\/#primaryimage\"},\"image\":{\"@id\":\"https:\\\/\\\/www.altominho.tv\\\/site\\\/2018\\\/01\\\/30\\\/primeira-exposicao-dos-novos-artistas-da-bienal-de-cerveira-inaugura-sabado\\\/#primaryimage\"},\"thumbnailUrl\":\"https:\\\/\\\/www.altominho.tv\\\/site\\\/wp-content\\\/uploads\\\/2018\\\/01\\\/JER.jpg\",\"datePublished\":\"2018-01-30T14:53:56+00:00\",\"author\":{\"@id\":\"https:\\\/\\\/www.altominho.tv\\\/site\\\/#\\\/schema\\\/person\\\/5c9404a8b438614c93da6ca09db92574\"},\"breadcrumb\":{\"@id\":\"https:\\\/\\\/www.altominho.tv\\\/site\\\/2018\\\/01\\\/30\\\/primeira-exposicao-dos-novos-artistas-da-bienal-de-cerveira-inaugura-sabado\\\/#breadcrumb\"},\"inLanguage\":\"pt-PT\",\"potentialAction\":[{\"@type\":\"ReadAction\",\"target\":[\"https:\\\/\\\/www.altominho.tv\\\/site\\\/2018\\\/01\\\/30\\\/primeira-exposicao-dos-novos-artistas-da-bienal-de-cerveira-inaugura-sabado\\\/\"]}]},{\"@type\":\"ImageObject\",\"inLanguage\":\"pt-PT\",\"@id\":\"https:\\\/\\\/www.altominho.tv\\\/site\\\/2018\\\/01\\\/30\\\/primeira-exposicao-dos-novos-artistas-da-bienal-de-cerveira-inaugura-sabado\\\/#primaryimage\",\"url\":\"https:\\\/\\\/www.altominho.tv\\\/site\\\/wp-content\\\/uploads\\\/2018\\\/01\\\/JER.jpg\",\"contentUrl\":\"https:\\\/\\\/www.altominho.tv\\\/site\\\/wp-content\\\/uploads\\\/2018\\\/01\\\/JER.jpg\",\"width\":3637,\"height\":2433},{\"@type\":\"BreadcrumbList\",\"@id\":\"https:\\\/\\\/www.altominho.tv\\\/site\\\/2018\\\/01\\\/30\\\/primeira-exposicao-dos-novos-artistas-da-bienal-de-cerveira-inaugura-sabado\\\/#breadcrumb\",\"itemListElement\":[{\"@type\":\"ListItem\",\"position\":1,\"name\":\"In\u00edcio\",\"item\":\"https:\\\/\\\/www.altominho.tv\\\/site\\\/\"},{\"@type\":\"ListItem\",\"position\":2,\"name\":\"Primeira exposi\u00e7\u00e3o dos &#8216;Novos Artistas&#8217; da Bienal de Cerveira inaugura s\u00e1bado\"}]},{\"@type\":\"WebSite\",\"@id\":\"https:\\\/\\\/www.altominho.tv\\\/site\\\/#website\",\"url\":\"https:\\\/\\\/www.altominho.tv\\\/site\\\/\",\"name\":\"Altominho.tv\",\"description\":\"A sua regi\u00e3o \u00e0 dist\u00e2ncia de um clique...\",\"potentialAction\":[{\"@type\":\"SearchAction\",\"target\":{\"@type\":\"EntryPoint\",\"urlTemplate\":\"https:\\\/\\\/www.altominho.tv\\\/site\\\/?s={search_term_string}\"},\"query-input\":{\"@type\":\"PropertyValueSpecification\",\"valueRequired\":true,\"valueName\":\"search_term_string\"}}],\"inLanguage\":\"pt-PT\"},{\"@type\":\"Person\",\"@id\":\"https:\\\/\\\/www.altominho.tv\\\/site\\\/#\\\/schema\\\/person\\\/5c9404a8b438614c93da6ca09db92574\",\"name\":\"C\u00e1tia Malheiro\",\"image\":{\"@type\":\"ImageObject\",\"inLanguage\":\"pt-PT\",\"@id\":\"https:\\\/\\\/www.altominho.tv\\\/site\\\/wp-content\\\/uploads\\\/2017\\\/11\\\/Catia_Malheiro-150x150.jpg\",\"url\":\"https:\\\/\\\/www.altominho.tv\\\/site\\\/wp-content\\\/uploads\\\/2017\\\/11\\\/Catia_Malheiro-150x150.jpg\",\"contentUrl\":\"https:\\\/\\\/www.altominho.tv\\\/site\\\/wp-content\\\/uploads\\\/2017\\\/11\\\/Catia_Malheiro-150x150.jpg\",\"caption\":\"C\u00e1tia Malheiro\"},\"url\":\"https:\\\/\\\/www.altominho.tv\\\/site\\\/author\\\/catiamalheiro\\\/\"}]}<\/script>\n<!-- \/ Yoast SEO Premium plugin. -->","yoast_head_json":{"title":"Primeira exposi\u00e7\u00e3o dos 'Novos Artistas' da Bienal de Cerveira inaugura s\u00e1bado","robots":{"index":"index","follow":"follow","max-snippet":"max-snippet:-1","max-image-preview":"max-image-preview:large","max-video-preview":"max-video-preview:-1"},"canonical":"https:\/\/www.altominho.tv\/site\/2018\/01\/30\/primeira-exposicao-dos-novos-artistas-da-bienal-de-cerveira-inaugura-sabado\/","og_locale":"pt_PT","og_type":"article","og_title":"Primeira exposi\u00e7\u00e3o dos 'Novos Artistas' da Bienal de Cerveira inaugura s\u00e1bado","og_description":"Uma viagem pelo universo n\u00e1utico atrav\u00e9s da arte \u00e9 a proposta que a artista brasileira Polliana Dalla Barba apresenta ao p\u00fablico, a partir de s\u00e1bado, na Galeria do F\u00f3rum Cultural de Cerveira. Trata-se da exposi\u00e7\u00e3o \u201cSerendipidade\u201d que resulta do concurso \u201cNovos Artistas 2018\u201d, promovido pela Funda\u00e7\u00e3o Bienal de Arte de Cerveira. \u201cSerendipidade\u201d \u00e9 resultado de [&hellip;]","og_url":"https:\/\/www.altominho.tv\/site\/2018\/01\/30\/primeira-exposicao-dos-novos-artistas-da-bienal-de-cerveira-inaugura-sabado\/","og_site_name":"Altominho.tv","article_publisher":"https:\/\/www.facebook.com\/altominhotv","article_published_time":"2018-01-30T14:53:56+00:00","og_image":[{"width":3637,"height":2433,"url":"https:\/\/www.altominho.tv\/site\/wp-content\/uploads\/2018\/01\/JER.jpg","type":"image\/jpeg"}],"author":"C\u00e1tia Malheiro","twitter_card":"summary_large_image","twitter_creator":"@altominhoTV","twitter_site":"@altominhoTV","twitter_misc":{"Escrito por":"C\u00e1tia Malheiro","Tempo estimado de leitura":"1 minuto"},"schema":{"@context":"https:\/\/schema.org","@graph":[{"@type":"Article","@id":"https:\/\/www.altominho.tv\/site\/2018\/01\/30\/primeira-exposicao-dos-novos-artistas-da-bienal-de-cerveira-inaugura-sabado\/#article","isPartOf":{"@id":"https:\/\/www.altominho.tv\/site\/2018\/01\/30\/primeira-exposicao-dos-novos-artistas-da-bienal-de-cerveira-inaugura-sabado\/"},"author":{"name":"C\u00e1tia Malheiro","@id":"https:\/\/www.altominho.tv\/site\/#\/schema\/person\/5c9404a8b438614c93da6ca09db92574"},"headline":"Primeira exposi\u00e7\u00e3o dos &#8216;Novos Artistas&#8217; da Bienal de Cerveira inaugura s\u00e1bado","datePublished":"2018-01-30T14:53:56+00:00","mainEntityOfPage":{"@id":"https:\/\/www.altominho.tv\/site\/2018\/01\/30\/primeira-exposicao-dos-novos-artistas-da-bienal-de-cerveira-inaugura-sabado\/"},"wordCount":134,"image":{"@id":"https:\/\/www.altominho.tv\/site\/2018\/01\/30\/primeira-exposicao-dos-novos-artistas-da-bienal-de-cerveira-inaugura-sabado\/#primaryimage"},"thumbnailUrl":"https:\/\/www.altominho.tv\/site\/wp-content\/uploads\/2018\/01\/JER.jpg","keywords":["Cultura"],"articleSection":["Vila Nova de Cerveira"],"inLanguage":"pt-PT","copyrightYear":"2018","copyrightHolder":{"@id":"https:\/\/www.altominho.tv\/site\/#organization"}},{"@type":"WebPage","@id":"https:\/\/www.altominho.tv\/site\/2018\/01\/30\/primeira-exposicao-dos-novos-artistas-da-bienal-de-cerveira-inaugura-sabado\/","url":"https:\/\/www.altominho.tv\/site\/2018\/01\/30\/primeira-exposicao-dos-novos-artistas-da-bienal-de-cerveira-inaugura-sabado\/","name":"Primeira exposi\u00e7\u00e3o dos 'Novos Artistas' da Bienal de Cerveira inaugura s\u00e1bado","isPartOf":{"@id":"https:\/\/www.altominho.tv\/site\/#website"},"primaryImageOfPage":{"@id":"https:\/\/www.altominho.tv\/site\/2018\/01\/30\/primeira-exposicao-dos-novos-artistas-da-bienal-de-cerveira-inaugura-sabado\/#primaryimage"},"image":{"@id":"https:\/\/www.altominho.tv\/site\/2018\/01\/30\/primeira-exposicao-dos-novos-artistas-da-bienal-de-cerveira-inaugura-sabado\/#primaryimage"},"thumbnailUrl":"https:\/\/www.altominho.tv\/site\/wp-content\/uploads\/2018\/01\/JER.jpg","datePublished":"2018-01-30T14:53:56+00:00","author":{"@id":"https:\/\/www.altominho.tv\/site\/#\/schema\/person\/5c9404a8b438614c93da6ca09db92574"},"breadcrumb":{"@id":"https:\/\/www.altominho.tv\/site\/2018\/01\/30\/primeira-exposicao-dos-novos-artistas-da-bienal-de-cerveira-inaugura-sabado\/#breadcrumb"},"inLanguage":"pt-PT","potentialAction":[{"@type":"ReadAction","target":["https:\/\/www.altominho.tv\/site\/2018\/01\/30\/primeira-exposicao-dos-novos-artistas-da-bienal-de-cerveira-inaugura-sabado\/"]}]},{"@type":"ImageObject","inLanguage":"pt-PT","@id":"https:\/\/www.altominho.tv\/site\/2018\/01\/30\/primeira-exposicao-dos-novos-artistas-da-bienal-de-cerveira-inaugura-sabado\/#primaryimage","url":"https:\/\/www.altominho.tv\/site\/wp-content\/uploads\/2018\/01\/JER.jpg","contentUrl":"https:\/\/www.altominho.tv\/site\/wp-content\/uploads\/2018\/01\/JER.jpg","width":3637,"height":2433},{"@type":"BreadcrumbList","@id":"https:\/\/www.altominho.tv\/site\/2018\/01\/30\/primeira-exposicao-dos-novos-artistas-da-bienal-de-cerveira-inaugura-sabado\/#breadcrumb","itemListElement":[{"@type":"ListItem","position":1,"name":"In\u00edcio","item":"https:\/\/www.altominho.tv\/site\/"},{"@type":"ListItem","position":2,"name":"Primeira exposi\u00e7\u00e3o dos &#8216;Novos Artistas&#8217; da Bienal de Cerveira inaugura s\u00e1bado"}]},{"@type":"WebSite","@id":"https:\/\/www.altominho.tv\/site\/#website","url":"https:\/\/www.altominho.tv\/site\/","name":"Altominho.tv","description":"A sua regi\u00e3o \u00e0 dist\u00e2ncia de um clique...","potentialAction":[{"@type":"SearchAction","target":{"@type":"EntryPoint","urlTemplate":"https:\/\/www.altominho.tv\/site\/?s={search_term_string}"},"query-input":{"@type":"PropertyValueSpecification","valueRequired":true,"valueName":"search_term_string"}}],"inLanguage":"pt-PT"},{"@type":"Person","@id":"https:\/\/www.altominho.tv\/site\/#\/schema\/person\/5c9404a8b438614c93da6ca09db92574","name":"C\u00e1tia Malheiro","image":{"@type":"ImageObject","inLanguage":"pt-PT","@id":"https:\/\/www.altominho.tv\/site\/wp-content\/uploads\/2017\/11\/Catia_Malheiro-150x150.jpg","url":"https:\/\/www.altominho.tv\/site\/wp-content\/uploads\/2017\/11\/Catia_Malheiro-150x150.jpg","contentUrl":"https:\/\/www.altominho.tv\/site\/wp-content\/uploads\/2017\/11\/Catia_Malheiro-150x150.jpg","caption":"C\u00e1tia Malheiro"},"url":"https:\/\/www.altominho.tv\/site\/author\/catiamalheiro\/"}]}},"_links":{"self":[{"href":"https:\/\/www.altominho.tv\/site\/wp-json\/wp\/v2\/posts\/9001","targetHints":{"allow":["GET"]}}],"collection":[{"href":"https:\/\/www.altominho.tv\/site\/wp-json\/wp\/v2\/posts"}],"about":[{"href":"https:\/\/www.altominho.tv\/site\/wp-json\/wp\/v2\/types\/post"}],"author":[{"embeddable":true,"href":"https:\/\/www.altominho.tv\/site\/wp-json\/wp\/v2\/users\/6"}],"replies":[{"embeddable":true,"href":"https:\/\/www.altominho.tv\/site\/wp-json\/wp\/v2\/comments?post=9001"}],"version-history":[{"count":0,"href":"https:\/\/www.altominho.tv\/site\/wp-json\/wp\/v2\/posts\/9001\/revisions"}],"wp:featuredmedia":[{"embeddable":true,"href":"https:\/\/www.altominho.tv\/site\/wp-json\/wp\/v2\/media\/9002"}],"wp:attachment":[{"href":"https:\/\/www.altominho.tv\/site\/wp-json\/wp\/v2\/media?parent=9001"}],"wp:term":[{"taxonomy":"category","embeddable":true,"href":"https:\/\/www.altominho.tv\/site\/wp-json\/wp\/v2\/categories?post=9001"},{"taxonomy":"post_tag","embeddable":true,"href":"https:\/\/www.altominho.tv\/site\/wp-json\/wp\/v2\/tags?post=9001"}],"curies":[{"name":"wp","href":"https:\/\/api.w.org\/{rel}","templated":true}]}}