{"id":89983,"date":"2023-03-14T11:15:30","date_gmt":"2023-03-14T11:15:30","guid":{"rendered":"https:\/\/www.altominho.tv\/site\/?p=89983"},"modified":"2023-03-14T11:15:34","modified_gmt":"2023-03-14T11:15:34","slug":"camara-de-cerveira-aumenta-300-euros-as-bolsas-de-estudo-para-estudantes-universitarios","status":"publish","type":"post","link":"https:\/\/www.altominho.tv\/site\/2023\/03\/14\/camara-de-cerveira-aumenta-300-euros-as-bolsas-de-estudo-para-estudantes-universitarios\/","title":{"rendered":"C\u00e2mara de Cerveira aumenta 300 euros \u00e0s bolsas de estudo para estudantes universit\u00e1rios"},"content":{"rendered":"<p>A C\u00e2mara de Vila Nova de Cerveira decidiu aumentar o valor atribu\u00eddo \u00e0s bolsas de estudo para o ensino superior em 300 euros, passando para uma presta\u00e7\u00e3o anual de 1500 euros.<\/p>\n<p>Segundo a autarquia, esta medida considera a &#8220;atual conjuntura socioecon\u00f3mica, com alguns agregados familiares a enfrentar s\u00e9rias dificuldades para fazer face \u00e0s despesas com os estudos dos seus filhos&#8221;.<\/p>\n<p>A atualiza\u00e7\u00e3o do valor obrigou a uma revis\u00e3o do regulamento municipal de concess\u00e3o das bolsas de estudo para alunos do ensino superior, extens\u00edvel aos cursos com mestrado integrado. Ap\u00f3s aprova\u00e7\u00e3o em reuni\u00e3o de c\u00e2mara, o novo documento j\u00e1 se encontra em consulta p\u00fablica por um per\u00edodo de 30 dias para a recolha de sugest\u00f5es.<\/p>\n<p>O presidente da autarquia, Rui Teixeira, sublinha que o objetivo do munic\u00edpio \u201cpassa por conceder mais oportunidades de acesso ao ensino superior, promovendo o sucesso educativo e o \u00eaxito escolar&#8221;.<\/p>\n<p>&#8220;Os munic\u00edpios n\u00e3o podem, nem devem, eximir-se das suas responsabilidades na educa\u00e7\u00e3o dos seus residentes. Com a concess\u00e3o das bolsas de estudo aos alunos que comprovem a sua necessidade, a autarquia possibilita a continuidade dos estudos de jovens oriundos de fam\u00edlias mais vulner\u00e1veis e a forma\u00e7\u00e3o de quadros t\u00e9cnicos superiores que possam contribuir, no futuro, com o seu trabalho e dedica\u00e7\u00e3o, para o desenvolvimento social, econ\u00f3mico e cultural do concelho\u201d, sustentou, citado na nota enviada esta ter\u00e7a-feira \u00e0 imprensa.<\/p>\n<p>Este incentivo pode beneficiar at\u00e9 um total de 10 estudantes universit\u00e1rios do concelho, mediante o preenchimento dos requisitos de acesso predefinidos.<\/p>\n<p>De acordo com o regulamento das bolsas de estudo, os interessados\u00a0t\u00eam de residir no concelho de Vila Nova de Cerveira \u201ch\u00e1 mais de cinco anos\u201d, ingressar ou frequentar um curso de ensino superior reconhecido oficialmente e ter comprovada a insufici\u00eancia de recursos econ\u00f3micos.<\/p>\n<p>Para al\u00e9m disso, s\u00f3 pode concorrer quem n\u00e3o for titular de curso de ensino superior e n\u00e3o tiver mais de 35 anos, \u00e0 data da primeira matr\u00edcula. Tamb\u00e9m \u00e9 necess\u00e1rio ter aproveitamento escolar. No caso de ingresso no ano letivo 2022\/2023, o candidato deve ter uma m\u00e9dia igual ou superior a 14 valores e, se j\u00e1 frequentar o ensino superior, deve ter uma m\u00e9dia igual ou superior a 12 valores, devidamente comprovada. Os candidatos devem ainda disponibilizar-se para a realiza\u00e7\u00e3o de 70 horas de trabalho comunit\u00e1rio em atividades ou servi\u00e7os da C\u00e2mara Municipal na \u00e1rea de forma\u00e7\u00e3o frequentada ou outras.<\/p>\n<p>A concess\u00e3o das bolsas de estudo para o ensino superior ser\u00e1 anual, com a abertura de concurso espec\u00edfico divulgado por an\u00fancio p\u00fablico.<\/p>\n","protected":false},"excerpt":{"rendered":"<p>A C\u00e2mara de Vila Nova de Cerveira decidiu aumentar o valor atribu\u00eddo \u00e0s bolsas de estudo para o ensino superior em 300 euros, passando para uma presta\u00e7\u00e3o anual de 1500 euros. Segundo a autarquia, esta medida considera a &#8220;atual conjuntura socioecon\u00f3mica, com alguns agregados familiares a enfrentar s\u00e9rias dificuldades para fazer face \u00e0s despesas com [&hellip;]<\/p>\n","protected":false},"author":12,"featured_media":88370,"comment_status":"closed","ping_status":"closed","sticky":false,"template":"","format":"standard","meta":{"_exactmetrics_skip_tracking":false,"_exactmetrics_sitenote_active":false,"_exactmetrics_sitenote_note":"","_exactmetrics_sitenote_category":0,"footnotes":""},"categories":[15],"tags":[22],"class_list":["post-89983","post","type-post","status-publish","format-standard","has-post-thumbnail","hentry","category-vila-nova-de-cerveira","tag-educacao"],"yoast_head":"<!-- This site is optimized with the Yoast SEO Premium plugin v27.5 (Yoast SEO v27.5) - https:\/\/yoast.com\/product\/yoast-seo-premium-wordpress\/ -->\n<title>C\u00e2mara de Cerveira aumenta 300 euros \u00e0s bolsas de estudo para estudantes universit\u00e1rios<\/title>\n<meta name=\"robots\" content=\"index, follow, max-snippet:-1, max-image-preview:large, max-video-preview:-1\" \/>\n<link rel=\"canonical\" href=\"https:\/\/www.altominho.tv\/site\/2023\/03\/14\/camara-de-cerveira-aumenta-300-euros-as-bolsas-de-estudo-para-estudantes-universitarios\/\" \/>\n<meta property=\"og:locale\" content=\"pt_PT\" \/>\n<meta property=\"og:type\" content=\"article\" \/>\n<meta property=\"og:title\" content=\"C\u00e2mara de Cerveira aumenta 300 euros \u00e0s bolsas de estudo para estudantes universit\u00e1rios\" \/>\n<meta property=\"og:description\" content=\"A C\u00e2mara de Vila Nova de Cerveira decidiu aumentar o valor atribu\u00eddo \u00e0s bolsas de estudo para o ensino superior em 300 euros, passando para uma presta\u00e7\u00e3o anual de 1500 euros. Segundo a autarquia, esta medida considera a &#8220;atual conjuntura socioecon\u00f3mica, com alguns agregados familiares a enfrentar s\u00e9rias dificuldades para fazer face \u00e0s despesas com [&hellip;]\" \/>\n<meta property=\"og:url\" content=\"https:\/\/www.altominho.tv\/site\/2023\/03\/14\/camara-de-cerveira-aumenta-300-euros-as-bolsas-de-estudo-para-estudantes-universitarios\/\" \/>\n<meta property=\"og:site_name\" content=\"Altominho.tv\" \/>\n<meta property=\"article:publisher\" content=\"https:\/\/www.facebook.com\/altominhotv\" \/>\n<meta property=\"article:published_time\" content=\"2023-03-14T11:15:30+00:00\" \/>\n<meta property=\"article:modified_time\" content=\"2023-03-14T11:15:34+00:00\" \/>\n<meta property=\"og:image\" content=\"https:\/\/www.altominho.tv\/site\/wp-content\/uploads\/2023\/01\/Camara-scaled.jpg\" \/>\n\t<meta property=\"og:image:width\" content=\"2560\" \/>\n\t<meta property=\"og:image:height\" content=\"1708\" \/>\n\t<meta property=\"og:image:type\" content=\"image\/jpeg\" \/>\n<meta name=\"author\" content=\"Andreia Ferreira\" \/>\n<meta name=\"twitter:card\" content=\"summary_large_image\" \/>\n<meta name=\"twitter:creator\" content=\"@altominhoTV\" \/>\n<meta name=\"twitter:site\" content=\"@altominhoTV\" \/>\n<meta name=\"twitter:label1\" content=\"Escrito por\" \/>\n\t<meta name=\"twitter:data1\" content=\"Andreia Ferreira\" \/>\n\t<meta name=\"twitter:label2\" content=\"Tempo estimado de leitura\" \/>\n\t<meta name=\"twitter:data2\" content=\"3 minutos\" \/>\n<script type=\"application\/ld+json\" class=\"yoast-schema-graph\">{\"@context\":\"https:\\\/\\\/schema.org\",\"@graph\":[{\"@type\":\"Article\",\"@id\":\"https:\\\/\\\/www.altominho.tv\\\/site\\\/2023\\\/03\\\/14\\\/camara-de-cerveira-aumenta-300-euros-as-bolsas-de-estudo-para-estudantes-universitarios\\\/#article\",\"isPartOf\":{\"@id\":\"https:\\\/\\\/www.altominho.tv\\\/site\\\/2023\\\/03\\\/14\\\/camara-de-cerveira-aumenta-300-euros-as-bolsas-de-estudo-para-estudantes-universitarios\\\/\"},\"author\":{\"name\":\"Andreia Ferreira\",\"@id\":\"https:\\\/\\\/www.altominho.tv\\\/site\\\/#\\\/schema\\\/person\\\/d9be4265364723f14ea8e0d56a1d38cd\"},\"headline\":\"C\u00e2mara de Cerveira aumenta 300 euros \u00e0s bolsas de estudo para estudantes universit\u00e1rios\",\"datePublished\":\"2023-03-14T11:15:30+00:00\",\"dateModified\":\"2023-03-14T11:15:34+00:00\",\"mainEntityOfPage\":{\"@id\":\"https:\\\/\\\/www.altominho.tv\\\/site\\\/2023\\\/03\\\/14\\\/camara-de-cerveira-aumenta-300-euros-as-bolsas-de-estudo-para-estudantes-universitarios\\\/\"},\"wordCount\":461,\"image\":{\"@id\":\"https:\\\/\\\/www.altominho.tv\\\/site\\\/2023\\\/03\\\/14\\\/camara-de-cerveira-aumenta-300-euros-as-bolsas-de-estudo-para-estudantes-universitarios\\\/#primaryimage\"},\"thumbnailUrl\":\"https:\\\/\\\/www.altominho.tv\\\/site\\\/wp-content\\\/uploads\\\/2023\\\/01\\\/Camara-scaled.jpg\",\"keywords\":[\"Educa\u00e7\u00e3o\"],\"articleSection\":[\"Vila Nova de Cerveira\"],\"inLanguage\":\"pt-PT\",\"copyrightYear\":\"2023\",\"copyrightHolder\":{\"@id\":\"https:\\\/\\\/www.altominho.tv\\\/site\\\/#organization\"}},{\"@type\":\"WebPage\",\"@id\":\"https:\\\/\\\/www.altominho.tv\\\/site\\\/2023\\\/03\\\/14\\\/camara-de-cerveira-aumenta-300-euros-as-bolsas-de-estudo-para-estudantes-universitarios\\\/\",\"url\":\"https:\\\/\\\/www.altominho.tv\\\/site\\\/2023\\\/03\\\/14\\\/camara-de-cerveira-aumenta-300-euros-as-bolsas-de-estudo-para-estudantes-universitarios\\\/\",\"name\":\"C\u00e2mara de Cerveira aumenta 300 euros \u00e0s bolsas de estudo para estudantes universit\u00e1rios\",\"isPartOf\":{\"@id\":\"https:\\\/\\\/www.altominho.tv\\\/site\\\/#website\"},\"primaryImageOfPage\":{\"@id\":\"https:\\\/\\\/www.altominho.tv\\\/site\\\/2023\\\/03\\\/14\\\/camara-de-cerveira-aumenta-300-euros-as-bolsas-de-estudo-para-estudantes-universitarios\\\/#primaryimage\"},\"image\":{\"@id\":\"https:\\\/\\\/www.altominho.tv\\\/site\\\/2023\\\/03\\\/14\\\/camara-de-cerveira-aumenta-300-euros-as-bolsas-de-estudo-para-estudantes-universitarios\\\/#primaryimage\"},\"thumbnailUrl\":\"https:\\\/\\\/www.altominho.tv\\\/site\\\/wp-content\\\/uploads\\\/2023\\\/01\\\/Camara-scaled.jpg\",\"datePublished\":\"2023-03-14T11:15:30+00:00\",\"dateModified\":\"2023-03-14T11:15:34+00:00\",\"author\":{\"@id\":\"https:\\\/\\\/www.altominho.tv\\\/site\\\/#\\\/schema\\\/person\\\/d9be4265364723f14ea8e0d56a1d38cd\"},\"breadcrumb\":{\"@id\":\"https:\\\/\\\/www.altominho.tv\\\/site\\\/2023\\\/03\\\/14\\\/camara-de-cerveira-aumenta-300-euros-as-bolsas-de-estudo-para-estudantes-universitarios\\\/#breadcrumb\"},\"inLanguage\":\"pt-PT\",\"potentialAction\":[{\"@type\":\"ReadAction\",\"target\":[\"https:\\\/\\\/www.altominho.tv\\\/site\\\/2023\\\/03\\\/14\\\/camara-de-cerveira-aumenta-300-euros-as-bolsas-de-estudo-para-estudantes-universitarios\\\/\"]}]},{\"@type\":\"ImageObject\",\"inLanguage\":\"pt-PT\",\"@id\":\"https:\\\/\\\/www.altominho.tv\\\/site\\\/2023\\\/03\\\/14\\\/camara-de-cerveira-aumenta-300-euros-as-bolsas-de-estudo-para-estudantes-universitarios\\\/#primaryimage\",\"url\":\"https:\\\/\\\/www.altominho.tv\\\/site\\\/wp-content\\\/uploads\\\/2023\\\/01\\\/Camara-scaled.jpg\",\"contentUrl\":\"https:\\\/\\\/www.altominho.tv\\\/site\\\/wp-content\\\/uploads\\\/2023\\\/01\\\/Camara-scaled.jpg\",\"width\":2560,\"height\":1708},{\"@type\":\"BreadcrumbList\",\"@id\":\"https:\\\/\\\/www.altominho.tv\\\/site\\\/2023\\\/03\\\/14\\\/camara-de-cerveira-aumenta-300-euros-as-bolsas-de-estudo-para-estudantes-universitarios\\\/#breadcrumb\",\"itemListElement\":[{\"@type\":\"ListItem\",\"position\":1,\"name\":\"In\u00edcio\",\"item\":\"https:\\\/\\\/www.altominho.tv\\\/site\\\/\"},{\"@type\":\"ListItem\",\"position\":2,\"name\":\"C\u00e2mara de Cerveira aumenta 300 euros \u00e0s bolsas de estudo para estudantes universit\u00e1rios\"}]},{\"@type\":\"WebSite\",\"@id\":\"https:\\\/\\\/www.altominho.tv\\\/site\\\/#website\",\"url\":\"https:\\\/\\\/www.altominho.tv\\\/site\\\/\",\"name\":\"Altominho.tv\",\"description\":\"A sua regi\u00e3o \u00e0 dist\u00e2ncia de um clique...\",\"potentialAction\":[{\"@type\":\"SearchAction\",\"target\":{\"@type\":\"EntryPoint\",\"urlTemplate\":\"https:\\\/\\\/www.altominho.tv\\\/site\\\/?s={search_term_string}\"},\"query-input\":{\"@type\":\"PropertyValueSpecification\",\"valueRequired\":true,\"valueName\":\"search_term_string\"}}],\"inLanguage\":\"pt-PT\"},{\"@type\":\"Person\",\"@id\":\"https:\\\/\\\/www.altominho.tv\\\/site\\\/#\\\/schema\\\/person\\\/d9be4265364723f14ea8e0d56a1d38cd\",\"name\":\"Andreia Ferreira\",\"image\":{\"@type\":\"ImageObject\",\"inLanguage\":\"pt-PT\",\"@id\":\"https:\\\/\\\/www.altominho.tv\\\/site\\\/wp-content\\\/uploads\\\/2021\\\/01\\\/AndreiaFerreira-150x150.jpg\",\"url\":\"https:\\\/\\\/www.altominho.tv\\\/site\\\/wp-content\\\/uploads\\\/2021\\\/01\\\/AndreiaFerreira-150x150.jpg\",\"contentUrl\":\"https:\\\/\\\/www.altominho.tv\\\/site\\\/wp-content\\\/uploads\\\/2021\\\/01\\\/AndreiaFerreira-150x150.jpg\",\"caption\":\"Andreia Ferreira\"},\"url\":\"https:\\\/\\\/www.altominho.tv\\\/site\\\/author\\\/andreiaferreira\\\/\"}]}<\/script>\n<!-- \/ Yoast SEO Premium plugin. -->","yoast_head_json":{"title":"C\u00e2mara de Cerveira aumenta 300 euros \u00e0s bolsas de estudo para estudantes universit\u00e1rios","robots":{"index":"index","follow":"follow","max-snippet":"max-snippet:-1","max-image-preview":"max-image-preview:large","max-video-preview":"max-video-preview:-1"},"canonical":"https:\/\/www.altominho.tv\/site\/2023\/03\/14\/camara-de-cerveira-aumenta-300-euros-as-bolsas-de-estudo-para-estudantes-universitarios\/","og_locale":"pt_PT","og_type":"article","og_title":"C\u00e2mara de Cerveira aumenta 300 euros \u00e0s bolsas de estudo para estudantes universit\u00e1rios","og_description":"A C\u00e2mara de Vila Nova de Cerveira decidiu aumentar o valor atribu\u00eddo \u00e0s bolsas de estudo para o ensino superior em 300 euros, passando para uma presta\u00e7\u00e3o anual de 1500 euros. Segundo a autarquia, esta medida considera a &#8220;atual conjuntura socioecon\u00f3mica, com alguns agregados familiares a enfrentar s\u00e9rias dificuldades para fazer face \u00e0s despesas com [&hellip;]","og_url":"https:\/\/www.altominho.tv\/site\/2023\/03\/14\/camara-de-cerveira-aumenta-300-euros-as-bolsas-de-estudo-para-estudantes-universitarios\/","og_site_name":"Altominho.tv","article_publisher":"https:\/\/www.facebook.com\/altominhotv","article_published_time":"2023-03-14T11:15:30+00:00","article_modified_time":"2023-03-14T11:15:34+00:00","og_image":[{"width":2560,"height":1708,"url":"https:\/\/www.altominho.tv\/site\/wp-content\/uploads\/2023\/01\/Camara-scaled.jpg","type":"image\/jpeg"}],"author":"Andreia Ferreira","twitter_card":"summary_large_image","twitter_creator":"@altominhoTV","twitter_site":"@altominhoTV","twitter_misc":{"Escrito por":"Andreia Ferreira","Tempo estimado de leitura":"3 minutos"},"schema":{"@context":"https:\/\/schema.org","@graph":[{"@type":"Article","@id":"https:\/\/www.altominho.tv\/site\/2023\/03\/14\/camara-de-cerveira-aumenta-300-euros-as-bolsas-de-estudo-para-estudantes-universitarios\/#article","isPartOf":{"@id":"https:\/\/www.altominho.tv\/site\/2023\/03\/14\/camara-de-cerveira-aumenta-300-euros-as-bolsas-de-estudo-para-estudantes-universitarios\/"},"author":{"name":"Andreia Ferreira","@id":"https:\/\/www.altominho.tv\/site\/#\/schema\/person\/d9be4265364723f14ea8e0d56a1d38cd"},"headline":"C\u00e2mara de Cerveira aumenta 300 euros \u00e0s bolsas de estudo para estudantes universit\u00e1rios","datePublished":"2023-03-14T11:15:30+00:00","dateModified":"2023-03-14T11:15:34+00:00","mainEntityOfPage":{"@id":"https:\/\/www.altominho.tv\/site\/2023\/03\/14\/camara-de-cerveira-aumenta-300-euros-as-bolsas-de-estudo-para-estudantes-universitarios\/"},"wordCount":461,"image":{"@id":"https:\/\/www.altominho.tv\/site\/2023\/03\/14\/camara-de-cerveira-aumenta-300-euros-as-bolsas-de-estudo-para-estudantes-universitarios\/#primaryimage"},"thumbnailUrl":"https:\/\/www.altominho.tv\/site\/wp-content\/uploads\/2023\/01\/Camara-scaled.jpg","keywords":["Educa\u00e7\u00e3o"],"articleSection":["Vila Nova de Cerveira"],"inLanguage":"pt-PT","copyrightYear":"2023","copyrightHolder":{"@id":"https:\/\/www.altominho.tv\/site\/#organization"}},{"@type":"WebPage","@id":"https:\/\/www.altominho.tv\/site\/2023\/03\/14\/camara-de-cerveira-aumenta-300-euros-as-bolsas-de-estudo-para-estudantes-universitarios\/","url":"https:\/\/www.altominho.tv\/site\/2023\/03\/14\/camara-de-cerveira-aumenta-300-euros-as-bolsas-de-estudo-para-estudantes-universitarios\/","name":"C\u00e2mara de Cerveira aumenta 300 euros \u00e0s bolsas de estudo para estudantes universit\u00e1rios","isPartOf":{"@id":"https:\/\/www.altominho.tv\/site\/#website"},"primaryImageOfPage":{"@id":"https:\/\/www.altominho.tv\/site\/2023\/03\/14\/camara-de-cerveira-aumenta-300-euros-as-bolsas-de-estudo-para-estudantes-universitarios\/#primaryimage"},"image":{"@id":"https:\/\/www.altominho.tv\/site\/2023\/03\/14\/camara-de-cerveira-aumenta-300-euros-as-bolsas-de-estudo-para-estudantes-universitarios\/#primaryimage"},"thumbnailUrl":"https:\/\/www.altominho.tv\/site\/wp-content\/uploads\/2023\/01\/Camara-scaled.jpg","datePublished":"2023-03-14T11:15:30+00:00","dateModified":"2023-03-14T11:15:34+00:00","author":{"@id":"https:\/\/www.altominho.tv\/site\/#\/schema\/person\/d9be4265364723f14ea8e0d56a1d38cd"},"breadcrumb":{"@id":"https:\/\/www.altominho.tv\/site\/2023\/03\/14\/camara-de-cerveira-aumenta-300-euros-as-bolsas-de-estudo-para-estudantes-universitarios\/#breadcrumb"},"inLanguage":"pt-PT","potentialAction":[{"@type":"ReadAction","target":["https:\/\/www.altominho.tv\/site\/2023\/03\/14\/camara-de-cerveira-aumenta-300-euros-as-bolsas-de-estudo-para-estudantes-universitarios\/"]}]},{"@type":"ImageObject","inLanguage":"pt-PT","@id":"https:\/\/www.altominho.tv\/site\/2023\/03\/14\/camara-de-cerveira-aumenta-300-euros-as-bolsas-de-estudo-para-estudantes-universitarios\/#primaryimage","url":"https:\/\/www.altominho.tv\/site\/wp-content\/uploads\/2023\/01\/Camara-scaled.jpg","contentUrl":"https:\/\/www.altominho.tv\/site\/wp-content\/uploads\/2023\/01\/Camara-scaled.jpg","width":2560,"height":1708},{"@type":"BreadcrumbList","@id":"https:\/\/www.altominho.tv\/site\/2023\/03\/14\/camara-de-cerveira-aumenta-300-euros-as-bolsas-de-estudo-para-estudantes-universitarios\/#breadcrumb","itemListElement":[{"@type":"ListItem","position":1,"name":"In\u00edcio","item":"https:\/\/www.altominho.tv\/site\/"},{"@type":"ListItem","position":2,"name":"C\u00e2mara de Cerveira aumenta 300 euros \u00e0s bolsas de estudo para estudantes universit\u00e1rios"}]},{"@type":"WebSite","@id":"https:\/\/www.altominho.tv\/site\/#website","url":"https:\/\/www.altominho.tv\/site\/","name":"Altominho.tv","description":"A sua regi\u00e3o \u00e0 dist\u00e2ncia de um clique...","potentialAction":[{"@type":"SearchAction","target":{"@type":"EntryPoint","urlTemplate":"https:\/\/www.altominho.tv\/site\/?s={search_term_string}"},"query-input":{"@type":"PropertyValueSpecification","valueRequired":true,"valueName":"search_term_string"}}],"inLanguage":"pt-PT"},{"@type":"Person","@id":"https:\/\/www.altominho.tv\/site\/#\/schema\/person\/d9be4265364723f14ea8e0d56a1d38cd","name":"Andreia Ferreira","image":{"@type":"ImageObject","inLanguage":"pt-PT","@id":"https:\/\/www.altominho.tv\/site\/wp-content\/uploads\/2021\/01\/AndreiaFerreira-150x150.jpg","url":"https:\/\/www.altominho.tv\/site\/wp-content\/uploads\/2021\/01\/AndreiaFerreira-150x150.jpg","contentUrl":"https:\/\/www.altominho.tv\/site\/wp-content\/uploads\/2021\/01\/AndreiaFerreira-150x150.jpg","caption":"Andreia Ferreira"},"url":"https:\/\/www.altominho.tv\/site\/author\/andreiaferreira\/"}]}},"_links":{"self":[{"href":"https:\/\/www.altominho.tv\/site\/wp-json\/wp\/v2\/posts\/89983","targetHints":{"allow":["GET"]}}],"collection":[{"href":"https:\/\/www.altominho.tv\/site\/wp-json\/wp\/v2\/posts"}],"about":[{"href":"https:\/\/www.altominho.tv\/site\/wp-json\/wp\/v2\/types\/post"}],"author":[{"embeddable":true,"href":"https:\/\/www.altominho.tv\/site\/wp-json\/wp\/v2\/users\/12"}],"replies":[{"embeddable":true,"href":"https:\/\/www.altominho.tv\/site\/wp-json\/wp\/v2\/comments?post=89983"}],"version-history":[{"count":3,"href":"https:\/\/www.altominho.tv\/site\/wp-json\/wp\/v2\/posts\/89983\/revisions"}],"predecessor-version":[{"id":89986,"href":"https:\/\/www.altominho.tv\/site\/wp-json\/wp\/v2\/posts\/89983\/revisions\/89986"}],"wp:featuredmedia":[{"embeddable":true,"href":"https:\/\/www.altominho.tv\/site\/wp-json\/wp\/v2\/media\/88370"}],"wp:attachment":[{"href":"https:\/\/www.altominho.tv\/site\/wp-json\/wp\/v2\/media?parent=89983"}],"wp:term":[{"taxonomy":"category","embeddable":true,"href":"https:\/\/www.altominho.tv\/site\/wp-json\/wp\/v2\/categories?post=89983"},{"taxonomy":"post_tag","embeddable":true,"href":"https:\/\/www.altominho.tv\/site\/wp-json\/wp\/v2\/tags?post=89983"}],"curies":[{"name":"wp","href":"https:\/\/api.w.org\/{rel}","templated":true}]}}