{"id":89972,"date":"2023-03-14T10:48:37","date_gmt":"2023-03-14T10:48:37","guid":{"rendered":"https:\/\/www.altominho.tv\/site\/?p=89972"},"modified":"2023-03-14T10:48:42","modified_gmt":"2023-03-14T10:48:42","slug":"vila-nova-de-cerveira","status":"publish","type":"post","link":"https:\/\/www.altominho.tv\/site\/2023\/03\/14\/vila-nova-de-cerveira\/","title":{"rendered":"\u201cModa S\u00e9nior\u201d a aproximar gera\u00e7\u00f5es em Vila Nova de Cerveira"},"content":{"rendered":"<p class=\"normal\"><span lang=\"UZ-CYR\">O Audit\u00f3rio da Bienal de Vila Nova de Cerveira ser\u00e1 palco do evento \u201cModa S\u00e9nior\u201d, esta quinta-feira, dia 16 de mar\u00e7o, pelas 14 horas.<\/span><\/p>\n<p class=\"normal\"><span lang=\"UZ-CYR\">\u00a0<\/span><span lang=\"UZ-CYR\">Este projeto caracteriza-se como um desfile de moda intergeracional onde idosos das Institui\u00e7\u00f5es Particulares de Solidariedade Social, ir\u00e3o desfilar ao lado de jovens da ETAP, a Escola Profissional.<\/span><\/p>\n<p class=\"normal\"><span lang=\"UZ-CYR\">\u00a0<\/span><span lang=\"UZ-CYR\">Este desfile resulta da Prova de Aptid\u00e3o Profissional do curso T\u00e9cnico de Comunica\u00e7\u00e3o e Servi\u00e7o Digital de alunas finalistas da ETAP, contando ainda, com o apoio da autarquia. <\/span><\/p>\n<p class=\"normal\"><span lang=\"UZ-CYR\">\u00a0<\/span><span lang=\"UZ-CYR\">A iniciativa tem como objetivo principal proporcionar aos idosos das diferentes IPSSs e que pertencem ao concelho de Vila Nova de Cerveira, um dia concentrado apenas neles, tornando-os \u00fateis, promovendo tamb\u00e9m, a aproxima\u00e7\u00e3o entre gera\u00e7\u00f5es. <\/span><\/p>\n","protected":false},"excerpt":{"rendered":"<p>O Audit\u00f3rio da Bienal de Vila Nova de Cerveira ser\u00e1 palco do evento \u201cModa S\u00e9nior\u201d, esta quinta-feira, dia 16 de mar\u00e7o, pelas 14 horas. \u00a0Este projeto caracteriza-se como um desfile de moda intergeracional onde idosos das Institui\u00e7\u00f5es Particulares de Solidariedade Social, ir\u00e3o desfilar ao lado de jovens da ETAP, a Escola Profissional. \u00a0Este desfile resulta [&hellip;]<\/p>\n","protected":false},"author":28,"featured_media":78697,"comment_status":"closed","ping_status":"closed","sticky":false,"template":"","format":"standard","meta":{"_exactmetrics_skip_tracking":false,"_exactmetrics_sitenote_active":false,"_exactmetrics_sitenote_note":"","_exactmetrics_sitenote_category":0,"footnotes":""},"categories":[15],"tags":[19,27],"class_list":["post-89972","post","type-post","status-publish","format-standard","has-post-thumbnail","hentry","category-vila-nova-de-cerveira","tag-cultura","tag-sociedade"],"yoast_head":"<!-- This site is optimized with the Yoast SEO Premium plugin v27.5 (Yoast SEO v27.5) - https:\/\/yoast.com\/product\/yoast-seo-premium-wordpress\/ -->\n<title>\u201cModa S\u00e9nior\u201d a aproximar gera\u00e7\u00f5es em Vila Nova de Cerveira<\/title>\n<meta name=\"description\" content=\"O Audit\u00f3rio da Bienal de Vila Nova de Cerveira ser\u00e1 palco do evento \u201cModa S\u00e9nior\u201d, esta quinta-feira, dia 16 de mar\u00e7o, pelas 14 horas.\" \/>\n<meta name=\"robots\" content=\"index, follow, max-snippet:-1, max-image-preview:large, max-video-preview:-1\" \/>\n<link rel=\"canonical\" href=\"https:\/\/www.altominho.tv\/site\/2023\/03\/14\/vila-nova-de-cerveira\/\" \/>\n<meta property=\"og:locale\" content=\"pt_PT\" \/>\n<meta property=\"og:type\" content=\"article\" \/>\n<meta property=\"og:title\" content=\"\u201cModa S\u00e9nior\u201d a aproximar gera\u00e7\u00f5es em Vila Nova de Cerveira\" \/>\n<meta property=\"og:description\" content=\"O Audit\u00f3rio da Bienal de Vila Nova de Cerveira ser\u00e1 palco do evento \u201cModa S\u00e9nior\u201d, esta quinta-feira, dia 16 de mar\u00e7o, pelas 14 horas.\" \/>\n<meta property=\"og:url\" content=\"https:\/\/www.altominho.tv\/site\/2023\/03\/14\/vila-nova-de-cerveira\/\" \/>\n<meta property=\"og:site_name\" content=\"Altominho.tv\" \/>\n<meta property=\"article:publisher\" content=\"https:\/\/www.facebook.com\/altominhotv\" \/>\n<meta property=\"article:published_time\" content=\"2023-03-14T10:48:37+00:00\" \/>\n<meta property=\"article:modified_time\" content=\"2023-03-14T10:48:42+00:00\" \/>\n<meta property=\"og:image\" content=\"https:\/\/www.altominho.tv\/site\/wp-content\/uploads\/2022\/04\/Bienal-Cerveira.jpg\" \/>\n\t<meta property=\"og:image:width\" content=\"1351\" \/>\n\t<meta property=\"og:image:height\" content=\"760\" \/>\n\t<meta property=\"og:image:type\" content=\"image\/jpeg\" \/>\n<meta name=\"author\" content=\"Beatriz Lira\" \/>\n<meta name=\"twitter:card\" content=\"summary_large_image\" \/>\n<meta name=\"twitter:creator\" content=\"@altominhoTV\" \/>\n<meta name=\"twitter:site\" content=\"@altominhoTV\" \/>\n<meta name=\"twitter:label1\" content=\"Escrito por\" \/>\n\t<meta name=\"twitter:data1\" content=\"Beatriz Lira\" \/>\n\t<meta name=\"twitter:label2\" content=\"Tempo estimado de leitura\" \/>\n\t<meta name=\"twitter:data2\" content=\"1 minuto\" \/>\n<script type=\"application\/ld+json\" class=\"yoast-schema-graph\">{\"@context\":\"https:\\\/\\\/schema.org\",\"@graph\":[{\"@type\":\"Article\",\"@id\":\"https:\\\/\\\/www.altominho.tv\\\/site\\\/2023\\\/03\\\/14\\\/vila-nova-de-cerveira\\\/#article\",\"isPartOf\":{\"@id\":\"https:\\\/\\\/www.altominho.tv\\\/site\\\/2023\\\/03\\\/14\\\/vila-nova-de-cerveira\\\/\"},\"author\":{\"name\":\"Beatriz Lira\",\"@id\":\"https:\\\/\\\/www.altominho.tv\\\/site\\\/#\\\/schema\\\/person\\\/f95a2097796cf4462fe1e476cddc40e4\"},\"headline\":\"\u201cModa S\u00e9nior\u201d a aproximar gera\u00e7\u00f5es em Vila Nova de Cerveira\",\"datePublished\":\"2023-03-14T10:48:37+00:00\",\"dateModified\":\"2023-03-14T10:48:42+00:00\",\"mainEntityOfPage\":{\"@id\":\"https:\\\/\\\/www.altominho.tv\\\/site\\\/2023\\\/03\\\/14\\\/vila-nova-de-cerveira\\\/\"},\"wordCount\":137,\"image\":{\"@id\":\"https:\\\/\\\/www.altominho.tv\\\/site\\\/2023\\\/03\\\/14\\\/vila-nova-de-cerveira\\\/#primaryimage\"},\"thumbnailUrl\":\"https:\\\/\\\/www.altominho.tv\\\/site\\\/wp-content\\\/uploads\\\/2022\\\/04\\\/Bienal-Cerveira.jpg\",\"keywords\":[\"Cultura\",\"Sociedade\"],\"articleSection\":[\"Vila Nova de Cerveira\"],\"inLanguage\":\"pt-PT\",\"copyrightYear\":\"2023\",\"copyrightHolder\":{\"@id\":\"https:\\\/\\\/www.altominho.tv\\\/site\\\/#organization\"}},{\"@type\":\"WebPage\",\"@id\":\"https:\\\/\\\/www.altominho.tv\\\/site\\\/2023\\\/03\\\/14\\\/vila-nova-de-cerveira\\\/\",\"url\":\"https:\\\/\\\/www.altominho.tv\\\/site\\\/2023\\\/03\\\/14\\\/vila-nova-de-cerveira\\\/\",\"name\":\"\u201cModa S\u00e9nior\u201d a aproximar gera\u00e7\u00f5es em Vila Nova de Cerveira\",\"isPartOf\":{\"@id\":\"https:\\\/\\\/www.altominho.tv\\\/site\\\/#website\"},\"primaryImageOfPage\":{\"@id\":\"https:\\\/\\\/www.altominho.tv\\\/site\\\/2023\\\/03\\\/14\\\/vila-nova-de-cerveira\\\/#primaryimage\"},\"image\":{\"@id\":\"https:\\\/\\\/www.altominho.tv\\\/site\\\/2023\\\/03\\\/14\\\/vila-nova-de-cerveira\\\/#primaryimage\"},\"thumbnailUrl\":\"https:\\\/\\\/www.altominho.tv\\\/site\\\/wp-content\\\/uploads\\\/2022\\\/04\\\/Bienal-Cerveira.jpg\",\"datePublished\":\"2023-03-14T10:48:37+00:00\",\"dateModified\":\"2023-03-14T10:48:42+00:00\",\"author\":{\"@id\":\"https:\\\/\\\/www.altominho.tv\\\/site\\\/#\\\/schema\\\/person\\\/f95a2097796cf4462fe1e476cddc40e4\"},\"description\":\"O Audit\u00f3rio da Bienal de Vila Nova de Cerveira ser\u00e1 palco do evento \u201cModa S\u00e9nior\u201d, esta quinta-feira, dia 16 de mar\u00e7o, pelas 14 horas.\",\"breadcrumb\":{\"@id\":\"https:\\\/\\\/www.altominho.tv\\\/site\\\/2023\\\/03\\\/14\\\/vila-nova-de-cerveira\\\/#breadcrumb\"},\"inLanguage\":\"pt-PT\",\"potentialAction\":[{\"@type\":\"ReadAction\",\"target\":[\"https:\\\/\\\/www.altominho.tv\\\/site\\\/2023\\\/03\\\/14\\\/vila-nova-de-cerveira\\\/\"]}]},{\"@type\":\"ImageObject\",\"inLanguage\":\"pt-PT\",\"@id\":\"https:\\\/\\\/www.altominho.tv\\\/site\\\/2023\\\/03\\\/14\\\/vila-nova-de-cerveira\\\/#primaryimage\",\"url\":\"https:\\\/\\\/www.altominho.tv\\\/site\\\/wp-content\\\/uploads\\\/2022\\\/04\\\/Bienal-Cerveira.jpg\",\"contentUrl\":\"https:\\\/\\\/www.altominho.tv\\\/site\\\/wp-content\\\/uploads\\\/2022\\\/04\\\/Bienal-Cerveira.jpg\",\"width\":1351,\"height\":760},{\"@type\":\"BreadcrumbList\",\"@id\":\"https:\\\/\\\/www.altominho.tv\\\/site\\\/2023\\\/03\\\/14\\\/vila-nova-de-cerveira\\\/#breadcrumb\",\"itemListElement\":[{\"@type\":\"ListItem\",\"position\":1,\"name\":\"In\u00edcio\",\"item\":\"https:\\\/\\\/www.altominho.tv\\\/site\\\/\"},{\"@type\":\"ListItem\",\"position\":2,\"name\":\"\u201cModa S\u00e9nior\u201d a aproximar gera\u00e7\u00f5es em Vila Nova de Cerveira\"}]},{\"@type\":\"WebSite\",\"@id\":\"https:\\\/\\\/www.altominho.tv\\\/site\\\/#website\",\"url\":\"https:\\\/\\\/www.altominho.tv\\\/site\\\/\",\"name\":\"Altominho.tv\",\"description\":\"A sua regi\u00e3o \u00e0 dist\u00e2ncia de um clique...\",\"potentialAction\":[{\"@type\":\"SearchAction\",\"target\":{\"@type\":\"EntryPoint\",\"urlTemplate\":\"https:\\\/\\\/www.altominho.tv\\\/site\\\/?s={search_term_string}\"},\"query-input\":{\"@type\":\"PropertyValueSpecification\",\"valueRequired\":true,\"valueName\":\"search_term_string\"}}],\"inLanguage\":\"pt-PT\"},{\"@type\":\"Person\",\"@id\":\"https:\\\/\\\/www.altominho.tv\\\/site\\\/#\\\/schema\\\/person\\\/f95a2097796cf4462fe1e476cddc40e4\",\"name\":\"Beatriz Lira\",\"image\":{\"@type\":\"ImageObject\",\"inLanguage\":\"pt-PT\",\"@id\":\"https:\\\/\\\/www.altominho.tv\\\/site\\\/wp-content\\\/uploads\\\/2023\\\/03\\\/Screenshot_20230306-141220_Photos-150x150.jpg\",\"url\":\"https:\\\/\\\/www.altominho.tv\\\/site\\\/wp-content\\\/uploads\\\/2023\\\/03\\\/Screenshot_20230306-141220_Photos-150x150.jpg\",\"contentUrl\":\"https:\\\/\\\/www.altominho.tv\\\/site\\\/wp-content\\\/uploads\\\/2023\\\/03\\\/Screenshot_20230306-141220_Photos-150x150.jpg\",\"caption\":\"Beatriz Lira\"},\"url\":\"https:\\\/\\\/www.altominho.tv\\\/site\\\/author\\\/beatriz\\\/\"}]}<\/script>\n<!-- \/ Yoast SEO Premium plugin. -->","yoast_head_json":{"title":"\u201cModa S\u00e9nior\u201d a aproximar gera\u00e7\u00f5es em Vila Nova de Cerveira","description":"O Audit\u00f3rio da Bienal de Vila Nova de Cerveira ser\u00e1 palco do evento \u201cModa S\u00e9nior\u201d, esta quinta-feira, dia 16 de mar\u00e7o, pelas 14 horas.","robots":{"index":"index","follow":"follow","max-snippet":"max-snippet:-1","max-image-preview":"max-image-preview:large","max-video-preview":"max-video-preview:-1"},"canonical":"https:\/\/www.altominho.tv\/site\/2023\/03\/14\/vila-nova-de-cerveira\/","og_locale":"pt_PT","og_type":"article","og_title":"\u201cModa S\u00e9nior\u201d a aproximar gera\u00e7\u00f5es em Vila Nova de Cerveira","og_description":"O Audit\u00f3rio da Bienal de Vila Nova de Cerveira ser\u00e1 palco do evento \u201cModa S\u00e9nior\u201d, esta quinta-feira, dia 16 de mar\u00e7o, pelas 14 horas.","og_url":"https:\/\/www.altominho.tv\/site\/2023\/03\/14\/vila-nova-de-cerveira\/","og_site_name":"Altominho.tv","article_publisher":"https:\/\/www.facebook.com\/altominhotv","article_published_time":"2023-03-14T10:48:37+00:00","article_modified_time":"2023-03-14T10:48:42+00:00","og_image":[{"width":1351,"height":760,"url":"https:\/\/www.altominho.tv\/site\/wp-content\/uploads\/2022\/04\/Bienal-Cerveira.jpg","type":"image\/jpeg"}],"author":"Beatriz Lira","twitter_card":"summary_large_image","twitter_creator":"@altominhoTV","twitter_site":"@altominhoTV","twitter_misc":{"Escrito por":"Beatriz Lira","Tempo estimado de leitura":"1 minuto"},"schema":{"@context":"https:\/\/schema.org","@graph":[{"@type":"Article","@id":"https:\/\/www.altominho.tv\/site\/2023\/03\/14\/vila-nova-de-cerveira\/#article","isPartOf":{"@id":"https:\/\/www.altominho.tv\/site\/2023\/03\/14\/vila-nova-de-cerveira\/"},"author":{"name":"Beatriz Lira","@id":"https:\/\/www.altominho.tv\/site\/#\/schema\/person\/f95a2097796cf4462fe1e476cddc40e4"},"headline":"\u201cModa S\u00e9nior\u201d a aproximar gera\u00e7\u00f5es em Vila Nova de Cerveira","datePublished":"2023-03-14T10:48:37+00:00","dateModified":"2023-03-14T10:48:42+00:00","mainEntityOfPage":{"@id":"https:\/\/www.altominho.tv\/site\/2023\/03\/14\/vila-nova-de-cerveira\/"},"wordCount":137,"image":{"@id":"https:\/\/www.altominho.tv\/site\/2023\/03\/14\/vila-nova-de-cerveira\/#primaryimage"},"thumbnailUrl":"https:\/\/www.altominho.tv\/site\/wp-content\/uploads\/2022\/04\/Bienal-Cerveira.jpg","keywords":["Cultura","Sociedade"],"articleSection":["Vila Nova de Cerveira"],"inLanguage":"pt-PT","copyrightYear":"2023","copyrightHolder":{"@id":"https:\/\/www.altominho.tv\/site\/#organization"}},{"@type":"WebPage","@id":"https:\/\/www.altominho.tv\/site\/2023\/03\/14\/vila-nova-de-cerveira\/","url":"https:\/\/www.altominho.tv\/site\/2023\/03\/14\/vila-nova-de-cerveira\/","name":"\u201cModa S\u00e9nior\u201d a aproximar gera\u00e7\u00f5es em Vila Nova de Cerveira","isPartOf":{"@id":"https:\/\/www.altominho.tv\/site\/#website"},"primaryImageOfPage":{"@id":"https:\/\/www.altominho.tv\/site\/2023\/03\/14\/vila-nova-de-cerveira\/#primaryimage"},"image":{"@id":"https:\/\/www.altominho.tv\/site\/2023\/03\/14\/vila-nova-de-cerveira\/#primaryimage"},"thumbnailUrl":"https:\/\/www.altominho.tv\/site\/wp-content\/uploads\/2022\/04\/Bienal-Cerveira.jpg","datePublished":"2023-03-14T10:48:37+00:00","dateModified":"2023-03-14T10:48:42+00:00","author":{"@id":"https:\/\/www.altominho.tv\/site\/#\/schema\/person\/f95a2097796cf4462fe1e476cddc40e4"},"description":"O Audit\u00f3rio da Bienal de Vila Nova de Cerveira ser\u00e1 palco do evento \u201cModa S\u00e9nior\u201d, esta quinta-feira, dia 16 de mar\u00e7o, pelas 14 horas.","breadcrumb":{"@id":"https:\/\/www.altominho.tv\/site\/2023\/03\/14\/vila-nova-de-cerveira\/#breadcrumb"},"inLanguage":"pt-PT","potentialAction":[{"@type":"ReadAction","target":["https:\/\/www.altominho.tv\/site\/2023\/03\/14\/vila-nova-de-cerveira\/"]}]},{"@type":"ImageObject","inLanguage":"pt-PT","@id":"https:\/\/www.altominho.tv\/site\/2023\/03\/14\/vila-nova-de-cerveira\/#primaryimage","url":"https:\/\/www.altominho.tv\/site\/wp-content\/uploads\/2022\/04\/Bienal-Cerveira.jpg","contentUrl":"https:\/\/www.altominho.tv\/site\/wp-content\/uploads\/2022\/04\/Bienal-Cerveira.jpg","width":1351,"height":760},{"@type":"BreadcrumbList","@id":"https:\/\/www.altominho.tv\/site\/2023\/03\/14\/vila-nova-de-cerveira\/#breadcrumb","itemListElement":[{"@type":"ListItem","position":1,"name":"In\u00edcio","item":"https:\/\/www.altominho.tv\/site\/"},{"@type":"ListItem","position":2,"name":"\u201cModa S\u00e9nior\u201d a aproximar gera\u00e7\u00f5es em Vila Nova de Cerveira"}]},{"@type":"WebSite","@id":"https:\/\/www.altominho.tv\/site\/#website","url":"https:\/\/www.altominho.tv\/site\/","name":"Altominho.tv","description":"A sua regi\u00e3o \u00e0 dist\u00e2ncia de um clique...","potentialAction":[{"@type":"SearchAction","target":{"@type":"EntryPoint","urlTemplate":"https:\/\/www.altominho.tv\/site\/?s={search_term_string}"},"query-input":{"@type":"PropertyValueSpecification","valueRequired":true,"valueName":"search_term_string"}}],"inLanguage":"pt-PT"},{"@type":"Person","@id":"https:\/\/www.altominho.tv\/site\/#\/schema\/person\/f95a2097796cf4462fe1e476cddc40e4","name":"Beatriz Lira","image":{"@type":"ImageObject","inLanguage":"pt-PT","@id":"https:\/\/www.altominho.tv\/site\/wp-content\/uploads\/2023\/03\/Screenshot_20230306-141220_Photos-150x150.jpg","url":"https:\/\/www.altominho.tv\/site\/wp-content\/uploads\/2023\/03\/Screenshot_20230306-141220_Photos-150x150.jpg","contentUrl":"https:\/\/www.altominho.tv\/site\/wp-content\/uploads\/2023\/03\/Screenshot_20230306-141220_Photos-150x150.jpg","caption":"Beatriz Lira"},"url":"https:\/\/www.altominho.tv\/site\/author\/beatriz\/"}]}},"_links":{"self":[{"href":"https:\/\/www.altominho.tv\/site\/wp-json\/wp\/v2\/posts\/89972","targetHints":{"allow":["GET"]}}],"collection":[{"href":"https:\/\/www.altominho.tv\/site\/wp-json\/wp\/v2\/posts"}],"about":[{"href":"https:\/\/www.altominho.tv\/site\/wp-json\/wp\/v2\/types\/post"}],"author":[{"embeddable":true,"href":"https:\/\/www.altominho.tv\/site\/wp-json\/wp\/v2\/users\/28"}],"replies":[{"embeddable":true,"href":"https:\/\/www.altominho.tv\/site\/wp-json\/wp\/v2\/comments?post=89972"}],"version-history":[{"count":1,"href":"https:\/\/www.altominho.tv\/site\/wp-json\/wp\/v2\/posts\/89972\/revisions"}],"predecessor-version":[{"id":89974,"href":"https:\/\/www.altominho.tv\/site\/wp-json\/wp\/v2\/posts\/89972\/revisions\/89974"}],"wp:featuredmedia":[{"embeddable":true,"href":"https:\/\/www.altominho.tv\/site\/wp-json\/wp\/v2\/media\/78697"}],"wp:attachment":[{"href":"https:\/\/www.altominho.tv\/site\/wp-json\/wp\/v2\/media?parent=89972"}],"wp:term":[{"taxonomy":"category","embeddable":true,"href":"https:\/\/www.altominho.tv\/site\/wp-json\/wp\/v2\/categories?post=89972"},{"taxonomy":"post_tag","embeddable":true,"href":"https:\/\/www.altominho.tv\/site\/wp-json\/wp\/v2\/tags?post=89972"}],"curies":[{"name":"wp","href":"https:\/\/api.w.org\/{rel}","templated":true}]}}