{"id":89968,"date":"2023-03-14T12:06:38","date_gmt":"2023-03-14T12:06:38","guid":{"rendered":"https:\/\/www.altominho.tv\/site\/?p=89968"},"modified":"2023-03-14T12:06:44","modified_gmt":"2023-03-14T12:06:44","slug":"cine-teatro-joao-verde-assinala-10o-aniversario-com-musica-teatro-e-cinema","status":"publish","type":"post","link":"https:\/\/www.altominho.tv\/site\/2023\/03\/14\/cine-teatro-joao-verde-assinala-10o-aniversario-com-musica-teatro-e-cinema\/","title":{"rendered":"Cine Teatro Jo\u00e3o Verde assinala 10\u00ba anivers\u00e1rio com m\u00fasica, teatro e cinema"},"content":{"rendered":"<p>O Cine Teatro Jo\u00e3o Verde (CTJV), em Mon\u00e7\u00e3o, assinala, este ano, o 10\u00ba anivers\u00e1rio da reabertura ao p\u00fablico, com um conjunto de espet\u00e1culos de m\u00fasica, teatro e cinema.<\/p>\n<p>Depois da Odisseia Nacional do Teatro Nacional D. Maria II, com a apresenta\u00e7\u00e3o da pe\u00e7a Lear a marcar a programa\u00e7\u00e3o de mar\u00e7o, o CTJV vai receber cinco novos espet\u00e1culos durante o m\u00eas de abril.<\/p>\n<p>Gon\u00e7alo Amorim e Paulo Furtado (The Legendary Tigerman) s\u00e3o os protagonistas do espet\u00e1culo Estro\/Watts \u2013 Poesia da Idade do Rock, que vai chegar a Mon\u00e7\u00e3o no dia 1 de abril.&nbsp; O projeto \u00e9 &#8220;uma compila\u00e7\u00e3o de poesia ligada ao rock, de onde se destacam, entre outros, autores como Bob Dylan, Patti Smith, Johnny Rotten, Leonard Cohen, David Byrne e Laurie Anderson, devolvendo ao estilo o estatuto de cancioneiro popular&#8221;.<\/p>\n<p>A 13 de abril acontece a Noite do Cineclube de Mon\u00e7\u00e3o, com a exibi\u00e7\u00e3o de Super Natural, a primeira longa-metragem do cineasta Jorge J\u00e1come que venceu o pr\u00e9mio da cr\u00edtica no 72\u00ba Festival de Cinema de Berlim. Nesta noite, o realizador vai estar presente para uma conversa aberta com o p\u00fablico, ap\u00f3s a exibi\u00e7\u00e3o do filme.<\/p>\n<p>No domingo, 16 de abril, \u00e9 apresentada \u201cA rolha da garrafa do rei d\u2019aonde?\u201d, uma pe\u00e7a de teatro musical em registo Oper\u00e1tico, que &#8220;expressa a exuber\u00e2ncia do imagin\u00e1rio do Leste Europeu&#8221;. <span style=\"font-size: revert\">O terceiro projeto da Companhia \u00d3pera Isto, que surgiu de um convite do Servi\u00e7o Educativo da Casa da M\u00fasica, &#8220;vive da for\u00e7a performativa da companhia e de figurinos talhados na identidade popular da R\u00fassia&#8221;, l\u00ea-se na sinopse do espet\u00e1culo.<\/span><\/p>\n<p>Uma das grandes surpresas de abril est\u00e1 reservada para a tarde do dia 22, com a apresenta\u00e7\u00e3o de &#8220;Enquanto Esperamos&#8221;. O projeto desenvolvido pelo Colectivo Espa\u00e7o Invis\u00edvel vai abrir os bastidores do CTJV \u00e0 curiosidade do p\u00fablico.<\/p>\n<p>J\u00e1 a 25 de abril assinala-se o dia do 10\u00ba anivers\u00e1rio da reabertura do CTJV, com a realiza\u00e7\u00e3o de um concerto onde se evoca a voz e a musicalidade de Jos\u00e9 Afonso. Ao palco vai subir um quinteto de m\u00fasicos para apresentar o espet\u00e1culo &#8220;De N\u00e3o Saber O Que Me Espera&#8221;.<\/p>\n<p>No ano do anivers\u00e1rio, este equipamento cultural oferece um tarif\u00e1rio acess\u00edvel para os espet\u00e1culos e apresenta um conjunto de iniciativas com entrada gratuita. Tamb\u00e9m aderiu ao bilhete \u00fanico para o acesso de pessoas com modalidade reduzida e acompanhante.<\/p>\n<p>O Cine Teatro Jo\u00e3o Verde \u00e9 uma estrutura apoiada pela Rede de Teatros e Cineteatros Portugueses, atrav\u00e9s da Dire\u00e7\u00e3o-Geral das Artes.<\/p>\n","protected":false},"excerpt":{"rendered":"<p>O Cine Teatro Jo\u00e3o Verde (CTJV), em Mon\u00e7\u00e3o, assinala, este ano, o 10\u00ba anivers\u00e1rio da reabertura ao p\u00fablico, com um conjunto de espet\u00e1culos de m\u00fasica, teatro e cinema. Depois da Odisseia Nacional do Teatro Nacional D. Maria II, com a apresenta\u00e7\u00e3o da pe\u00e7a Lear a marcar a programa\u00e7\u00e3o de mar\u00e7o, o CTJV vai receber cinco [&hellip;]<\/p>\n","protected":false},"author":12,"featured_media":89969,"comment_status":"closed","ping_status":"closed","sticky":false,"template":"","format":"standard","meta":{"_exactmetrics_skip_tracking":false,"_exactmetrics_sitenote_active":false,"_exactmetrics_sitenote_note":"","_exactmetrics_sitenote_category":0,"footnotes":""},"categories":[9],"tags":[19],"class_list":["post-89968","post","type-post","status-publish","format-standard","has-post-thumbnail","hentry","category-moncao","tag-cultura"],"yoast_head":"<!-- This site is optimized with the Yoast SEO Premium plugin v27.5 (Yoast SEO v27.5) - https:\/\/yoast.com\/product\/yoast-seo-premium-wordpress\/ -->\n<title>Cine Teatro Jo\u00e3o Verde assinala 10\u00ba anivers\u00e1rio com m\u00fasica, teatro e cinema<\/title>\n<meta name=\"description\" content=\"O Cine Teatro Jo\u00e3o Verde, em Mon\u00e7\u00e3o, assinala o 10\u00ba anivers\u00e1rio da reabertura ao p\u00fablico, com espet\u00e1culos de m\u00fasica, teatro e cinema.\" \/>\n<meta name=\"robots\" content=\"index, follow, max-snippet:-1, max-image-preview:large, max-video-preview:-1\" \/>\n<link rel=\"canonical\" href=\"https:\/\/www.altominho.tv\/site\/2023\/03\/14\/cine-teatro-joao-verde-assinala-10o-aniversario-com-musica-teatro-e-cinema\/\" \/>\n<meta property=\"og:locale\" content=\"pt_PT\" \/>\n<meta property=\"og:type\" content=\"article\" \/>\n<meta property=\"og:title\" content=\"Cine Teatro Jo\u00e3o Verde assinala 10\u00ba anivers\u00e1rio com m\u00fasica, teatro e cinema\" \/>\n<meta property=\"og:description\" content=\"O Cine Teatro Jo\u00e3o Verde, em Mon\u00e7\u00e3o, assinala o 10\u00ba anivers\u00e1rio da reabertura ao p\u00fablico, com espet\u00e1culos de m\u00fasica, teatro e cinema.\" \/>\n<meta property=\"og:url\" content=\"https:\/\/www.altominho.tv\/site\/2023\/03\/14\/cine-teatro-joao-verde-assinala-10o-aniversario-com-musica-teatro-e-cinema\/\" \/>\n<meta property=\"og:site_name\" content=\"Altominho.tv\" \/>\n<meta property=\"article:publisher\" content=\"https:\/\/www.facebook.com\/altominhotv\" \/>\n<meta property=\"article:published_time\" content=\"2023-03-14T12:06:38+00:00\" \/>\n<meta property=\"article:modified_time\" content=\"2023-03-14T12:06:44+00:00\" \/>\n<meta property=\"og:image\" content=\"https:\/\/www.altominho.tv\/site\/wp-content\/uploads\/2023\/03\/ctjv_moncao.jpg\" \/>\n\t<meta property=\"og:image:width\" content=\"1080\" \/>\n\t<meta property=\"og:image:height\" content=\"608\" \/>\n\t<meta property=\"og:image:type\" content=\"image\/jpeg\" \/>\n<meta name=\"author\" content=\"Andreia Ferreira\" \/>\n<meta name=\"twitter:card\" content=\"summary_large_image\" \/>\n<meta name=\"twitter:creator\" content=\"@altominhoTV\" \/>\n<meta name=\"twitter:site\" content=\"@altominhoTV\" \/>\n<meta name=\"twitter:label1\" content=\"Escrito por\" \/>\n\t<meta name=\"twitter:data1\" content=\"Andreia Ferreira\" \/>\n\t<meta name=\"twitter:label2\" content=\"Tempo estimado de leitura\" \/>\n\t<meta name=\"twitter:data2\" content=\"3 minutos\" \/>\n<script type=\"application\/ld+json\" class=\"yoast-schema-graph\">{\"@context\":\"https:\\\/\\\/schema.org\",\"@graph\":[{\"@type\":\"Article\",\"@id\":\"https:\\\/\\\/www.altominho.tv\\\/site\\\/2023\\\/03\\\/14\\\/cine-teatro-joao-verde-assinala-10o-aniversario-com-musica-teatro-e-cinema\\\/#article\",\"isPartOf\":{\"@id\":\"https:\\\/\\\/www.altominho.tv\\\/site\\\/2023\\\/03\\\/14\\\/cine-teatro-joao-verde-assinala-10o-aniversario-com-musica-teatro-e-cinema\\\/\"},\"author\":{\"name\":\"Andreia Ferreira\",\"@id\":\"https:\\\/\\\/www.altominho.tv\\\/site\\\/#\\\/schema\\\/person\\\/d9be4265364723f14ea8e0d56a1d38cd\"},\"headline\":\"Cine Teatro Jo\u00e3o Verde assinala 10\u00ba anivers\u00e1rio com m\u00fasica, teatro e cinema\",\"datePublished\":\"2023-03-14T12:06:38+00:00\",\"dateModified\":\"2023-03-14T12:06:44+00:00\",\"mainEntityOfPage\":{\"@id\":\"https:\\\/\\\/www.altominho.tv\\\/site\\\/2023\\\/03\\\/14\\\/cine-teatro-joao-verde-assinala-10o-aniversario-com-musica-teatro-e-cinema\\\/\"},\"wordCount\":460,\"image\":{\"@id\":\"https:\\\/\\\/www.altominho.tv\\\/site\\\/2023\\\/03\\\/14\\\/cine-teatro-joao-verde-assinala-10o-aniversario-com-musica-teatro-e-cinema\\\/#primaryimage\"},\"thumbnailUrl\":\"https:\\\/\\\/www.altominho.tv\\\/site\\\/wp-content\\\/uploads\\\/2023\\\/03\\\/ctjv_moncao.jpg\",\"keywords\":[\"Cultura\"],\"articleSection\":[\"Mon\u00e7\u00e3o\"],\"inLanguage\":\"pt-PT\",\"copyrightYear\":\"2023\",\"copyrightHolder\":{\"@id\":\"https:\\\/\\\/www.altominho.tv\\\/site\\\/#organization\"}},{\"@type\":\"WebPage\",\"@id\":\"https:\\\/\\\/www.altominho.tv\\\/site\\\/2023\\\/03\\\/14\\\/cine-teatro-joao-verde-assinala-10o-aniversario-com-musica-teatro-e-cinema\\\/\",\"url\":\"https:\\\/\\\/www.altominho.tv\\\/site\\\/2023\\\/03\\\/14\\\/cine-teatro-joao-verde-assinala-10o-aniversario-com-musica-teatro-e-cinema\\\/\",\"name\":\"Cine Teatro Jo\u00e3o Verde assinala 10\u00ba anivers\u00e1rio com m\u00fasica, teatro e cinema\",\"isPartOf\":{\"@id\":\"https:\\\/\\\/www.altominho.tv\\\/site\\\/#website\"},\"primaryImageOfPage\":{\"@id\":\"https:\\\/\\\/www.altominho.tv\\\/site\\\/2023\\\/03\\\/14\\\/cine-teatro-joao-verde-assinala-10o-aniversario-com-musica-teatro-e-cinema\\\/#primaryimage\"},\"image\":{\"@id\":\"https:\\\/\\\/www.altominho.tv\\\/site\\\/2023\\\/03\\\/14\\\/cine-teatro-joao-verde-assinala-10o-aniversario-com-musica-teatro-e-cinema\\\/#primaryimage\"},\"thumbnailUrl\":\"https:\\\/\\\/www.altominho.tv\\\/site\\\/wp-content\\\/uploads\\\/2023\\\/03\\\/ctjv_moncao.jpg\",\"datePublished\":\"2023-03-14T12:06:38+00:00\",\"dateModified\":\"2023-03-14T12:06:44+00:00\",\"author\":{\"@id\":\"https:\\\/\\\/www.altominho.tv\\\/site\\\/#\\\/schema\\\/person\\\/d9be4265364723f14ea8e0d56a1d38cd\"},\"description\":\"O Cine Teatro Jo\u00e3o Verde, em Mon\u00e7\u00e3o, assinala o 10\u00ba anivers\u00e1rio da reabertura ao p\u00fablico, com espet\u00e1culos de m\u00fasica, teatro e cinema.\",\"breadcrumb\":{\"@id\":\"https:\\\/\\\/www.altominho.tv\\\/site\\\/2023\\\/03\\\/14\\\/cine-teatro-joao-verde-assinala-10o-aniversario-com-musica-teatro-e-cinema\\\/#breadcrumb\"},\"inLanguage\":\"pt-PT\",\"potentialAction\":[{\"@type\":\"ReadAction\",\"target\":[\"https:\\\/\\\/www.altominho.tv\\\/site\\\/2023\\\/03\\\/14\\\/cine-teatro-joao-verde-assinala-10o-aniversario-com-musica-teatro-e-cinema\\\/\"]}]},{\"@type\":\"ImageObject\",\"inLanguage\":\"pt-PT\",\"@id\":\"https:\\\/\\\/www.altominho.tv\\\/site\\\/2023\\\/03\\\/14\\\/cine-teatro-joao-verde-assinala-10o-aniversario-com-musica-teatro-e-cinema\\\/#primaryimage\",\"url\":\"https:\\\/\\\/www.altominho.tv\\\/site\\\/wp-content\\\/uploads\\\/2023\\\/03\\\/ctjv_moncao.jpg\",\"contentUrl\":\"https:\\\/\\\/www.altominho.tv\\\/site\\\/wp-content\\\/uploads\\\/2023\\\/03\\\/ctjv_moncao.jpg\",\"width\":1080,\"height\":608,\"caption\":\"MUNIC\u00cdPIO DE MON\u00c7\u00c3O\"},{\"@type\":\"BreadcrumbList\",\"@id\":\"https:\\\/\\\/www.altominho.tv\\\/site\\\/2023\\\/03\\\/14\\\/cine-teatro-joao-verde-assinala-10o-aniversario-com-musica-teatro-e-cinema\\\/#breadcrumb\",\"itemListElement\":[{\"@type\":\"ListItem\",\"position\":1,\"name\":\"In\u00edcio\",\"item\":\"https:\\\/\\\/www.altominho.tv\\\/site\\\/\"},{\"@type\":\"ListItem\",\"position\":2,\"name\":\"Cine Teatro Jo\u00e3o Verde assinala 10\u00ba anivers\u00e1rio com m\u00fasica, teatro e cinema\"}]},{\"@type\":\"WebSite\",\"@id\":\"https:\\\/\\\/www.altominho.tv\\\/site\\\/#website\",\"url\":\"https:\\\/\\\/www.altominho.tv\\\/site\\\/\",\"name\":\"Altominho.tv\",\"description\":\"A sua regi\u00e3o \u00e0 dist\u00e2ncia de um clique...\",\"potentialAction\":[{\"@type\":\"SearchAction\",\"target\":{\"@type\":\"EntryPoint\",\"urlTemplate\":\"https:\\\/\\\/www.altominho.tv\\\/site\\\/?s={search_term_string}\"},\"query-input\":{\"@type\":\"PropertyValueSpecification\",\"valueRequired\":true,\"valueName\":\"search_term_string\"}}],\"inLanguage\":\"pt-PT\"},{\"@type\":\"Person\",\"@id\":\"https:\\\/\\\/www.altominho.tv\\\/site\\\/#\\\/schema\\\/person\\\/d9be4265364723f14ea8e0d56a1d38cd\",\"name\":\"Andreia Ferreira\",\"image\":{\"@type\":\"ImageObject\",\"inLanguage\":\"pt-PT\",\"@id\":\"https:\\\/\\\/www.altominho.tv\\\/site\\\/wp-content\\\/uploads\\\/2021\\\/01\\\/AndreiaFerreira-150x150.jpg\",\"url\":\"https:\\\/\\\/www.altominho.tv\\\/site\\\/wp-content\\\/uploads\\\/2021\\\/01\\\/AndreiaFerreira-150x150.jpg\",\"contentUrl\":\"https:\\\/\\\/www.altominho.tv\\\/site\\\/wp-content\\\/uploads\\\/2021\\\/01\\\/AndreiaFerreira-150x150.jpg\",\"caption\":\"Andreia Ferreira\"},\"url\":\"https:\\\/\\\/www.altominho.tv\\\/site\\\/author\\\/andreiaferreira\\\/\"}]}<\/script>\n<!-- \/ Yoast SEO Premium plugin. -->","yoast_head_json":{"title":"Cine Teatro Jo\u00e3o Verde assinala 10\u00ba anivers\u00e1rio com m\u00fasica, teatro e cinema","description":"O Cine Teatro Jo\u00e3o Verde, em Mon\u00e7\u00e3o, assinala o 10\u00ba anivers\u00e1rio da reabertura ao p\u00fablico, com espet\u00e1culos de m\u00fasica, teatro e cinema.","robots":{"index":"index","follow":"follow","max-snippet":"max-snippet:-1","max-image-preview":"max-image-preview:large","max-video-preview":"max-video-preview:-1"},"canonical":"https:\/\/www.altominho.tv\/site\/2023\/03\/14\/cine-teatro-joao-verde-assinala-10o-aniversario-com-musica-teatro-e-cinema\/","og_locale":"pt_PT","og_type":"article","og_title":"Cine Teatro Jo\u00e3o Verde assinala 10\u00ba anivers\u00e1rio com m\u00fasica, teatro e cinema","og_description":"O Cine Teatro Jo\u00e3o Verde, em Mon\u00e7\u00e3o, assinala o 10\u00ba anivers\u00e1rio da reabertura ao p\u00fablico, com espet\u00e1culos de m\u00fasica, teatro e cinema.","og_url":"https:\/\/www.altominho.tv\/site\/2023\/03\/14\/cine-teatro-joao-verde-assinala-10o-aniversario-com-musica-teatro-e-cinema\/","og_site_name":"Altominho.tv","article_publisher":"https:\/\/www.facebook.com\/altominhotv","article_published_time":"2023-03-14T12:06:38+00:00","article_modified_time":"2023-03-14T12:06:44+00:00","og_image":[{"width":1080,"height":608,"url":"https:\/\/www.altominho.tv\/site\/wp-content\/uploads\/2023\/03\/ctjv_moncao.jpg","type":"image\/jpeg"}],"author":"Andreia Ferreira","twitter_card":"summary_large_image","twitter_creator":"@altominhoTV","twitter_site":"@altominhoTV","twitter_misc":{"Escrito por":"Andreia Ferreira","Tempo estimado de leitura":"3 minutos"},"schema":{"@context":"https:\/\/schema.org","@graph":[{"@type":"Article","@id":"https:\/\/www.altominho.tv\/site\/2023\/03\/14\/cine-teatro-joao-verde-assinala-10o-aniversario-com-musica-teatro-e-cinema\/#article","isPartOf":{"@id":"https:\/\/www.altominho.tv\/site\/2023\/03\/14\/cine-teatro-joao-verde-assinala-10o-aniversario-com-musica-teatro-e-cinema\/"},"author":{"name":"Andreia Ferreira","@id":"https:\/\/www.altominho.tv\/site\/#\/schema\/person\/d9be4265364723f14ea8e0d56a1d38cd"},"headline":"Cine Teatro Jo\u00e3o Verde assinala 10\u00ba anivers\u00e1rio com m\u00fasica, teatro e cinema","datePublished":"2023-03-14T12:06:38+00:00","dateModified":"2023-03-14T12:06:44+00:00","mainEntityOfPage":{"@id":"https:\/\/www.altominho.tv\/site\/2023\/03\/14\/cine-teatro-joao-verde-assinala-10o-aniversario-com-musica-teatro-e-cinema\/"},"wordCount":460,"image":{"@id":"https:\/\/www.altominho.tv\/site\/2023\/03\/14\/cine-teatro-joao-verde-assinala-10o-aniversario-com-musica-teatro-e-cinema\/#primaryimage"},"thumbnailUrl":"https:\/\/www.altominho.tv\/site\/wp-content\/uploads\/2023\/03\/ctjv_moncao.jpg","keywords":["Cultura"],"articleSection":["Mon\u00e7\u00e3o"],"inLanguage":"pt-PT","copyrightYear":"2023","copyrightHolder":{"@id":"https:\/\/www.altominho.tv\/site\/#organization"}},{"@type":"WebPage","@id":"https:\/\/www.altominho.tv\/site\/2023\/03\/14\/cine-teatro-joao-verde-assinala-10o-aniversario-com-musica-teatro-e-cinema\/","url":"https:\/\/www.altominho.tv\/site\/2023\/03\/14\/cine-teatro-joao-verde-assinala-10o-aniversario-com-musica-teatro-e-cinema\/","name":"Cine Teatro Jo\u00e3o Verde assinala 10\u00ba anivers\u00e1rio com m\u00fasica, teatro e cinema","isPartOf":{"@id":"https:\/\/www.altominho.tv\/site\/#website"},"primaryImageOfPage":{"@id":"https:\/\/www.altominho.tv\/site\/2023\/03\/14\/cine-teatro-joao-verde-assinala-10o-aniversario-com-musica-teatro-e-cinema\/#primaryimage"},"image":{"@id":"https:\/\/www.altominho.tv\/site\/2023\/03\/14\/cine-teatro-joao-verde-assinala-10o-aniversario-com-musica-teatro-e-cinema\/#primaryimage"},"thumbnailUrl":"https:\/\/www.altominho.tv\/site\/wp-content\/uploads\/2023\/03\/ctjv_moncao.jpg","datePublished":"2023-03-14T12:06:38+00:00","dateModified":"2023-03-14T12:06:44+00:00","author":{"@id":"https:\/\/www.altominho.tv\/site\/#\/schema\/person\/d9be4265364723f14ea8e0d56a1d38cd"},"description":"O Cine Teatro Jo\u00e3o Verde, em Mon\u00e7\u00e3o, assinala o 10\u00ba anivers\u00e1rio da reabertura ao p\u00fablico, com espet\u00e1culos de m\u00fasica, teatro e cinema.","breadcrumb":{"@id":"https:\/\/www.altominho.tv\/site\/2023\/03\/14\/cine-teatro-joao-verde-assinala-10o-aniversario-com-musica-teatro-e-cinema\/#breadcrumb"},"inLanguage":"pt-PT","potentialAction":[{"@type":"ReadAction","target":["https:\/\/www.altominho.tv\/site\/2023\/03\/14\/cine-teatro-joao-verde-assinala-10o-aniversario-com-musica-teatro-e-cinema\/"]}]},{"@type":"ImageObject","inLanguage":"pt-PT","@id":"https:\/\/www.altominho.tv\/site\/2023\/03\/14\/cine-teatro-joao-verde-assinala-10o-aniversario-com-musica-teatro-e-cinema\/#primaryimage","url":"https:\/\/www.altominho.tv\/site\/wp-content\/uploads\/2023\/03\/ctjv_moncao.jpg","contentUrl":"https:\/\/www.altominho.tv\/site\/wp-content\/uploads\/2023\/03\/ctjv_moncao.jpg","width":1080,"height":608,"caption":"MUNIC\u00cdPIO DE MON\u00c7\u00c3O"},{"@type":"BreadcrumbList","@id":"https:\/\/www.altominho.tv\/site\/2023\/03\/14\/cine-teatro-joao-verde-assinala-10o-aniversario-com-musica-teatro-e-cinema\/#breadcrumb","itemListElement":[{"@type":"ListItem","position":1,"name":"In\u00edcio","item":"https:\/\/www.altominho.tv\/site\/"},{"@type":"ListItem","position":2,"name":"Cine Teatro Jo\u00e3o Verde assinala 10\u00ba anivers\u00e1rio com m\u00fasica, teatro e cinema"}]},{"@type":"WebSite","@id":"https:\/\/www.altominho.tv\/site\/#website","url":"https:\/\/www.altominho.tv\/site\/","name":"Altominho.tv","description":"A sua regi\u00e3o \u00e0 dist\u00e2ncia de um clique...","potentialAction":[{"@type":"SearchAction","target":{"@type":"EntryPoint","urlTemplate":"https:\/\/www.altominho.tv\/site\/?s={search_term_string}"},"query-input":{"@type":"PropertyValueSpecification","valueRequired":true,"valueName":"search_term_string"}}],"inLanguage":"pt-PT"},{"@type":"Person","@id":"https:\/\/www.altominho.tv\/site\/#\/schema\/person\/d9be4265364723f14ea8e0d56a1d38cd","name":"Andreia Ferreira","image":{"@type":"ImageObject","inLanguage":"pt-PT","@id":"https:\/\/www.altominho.tv\/site\/wp-content\/uploads\/2021\/01\/AndreiaFerreira-150x150.jpg","url":"https:\/\/www.altominho.tv\/site\/wp-content\/uploads\/2021\/01\/AndreiaFerreira-150x150.jpg","contentUrl":"https:\/\/www.altominho.tv\/site\/wp-content\/uploads\/2021\/01\/AndreiaFerreira-150x150.jpg","caption":"Andreia Ferreira"},"url":"https:\/\/www.altominho.tv\/site\/author\/andreiaferreira\/"}]}},"_links":{"self":[{"href":"https:\/\/www.altominho.tv\/site\/wp-json\/wp\/v2\/posts\/89968","targetHints":{"allow":["GET"]}}],"collection":[{"href":"https:\/\/www.altominho.tv\/site\/wp-json\/wp\/v2\/posts"}],"about":[{"href":"https:\/\/www.altominho.tv\/site\/wp-json\/wp\/v2\/types\/post"}],"author":[{"embeddable":true,"href":"https:\/\/www.altominho.tv\/site\/wp-json\/wp\/v2\/users\/12"}],"replies":[{"embeddable":true,"href":"https:\/\/www.altominho.tv\/site\/wp-json\/wp\/v2\/comments?post=89968"}],"version-history":[{"count":4,"href":"https:\/\/www.altominho.tv\/site\/wp-json\/wp\/v2\/posts\/89968\/revisions"}],"predecessor-version":[{"id":89995,"href":"https:\/\/www.altominho.tv\/site\/wp-json\/wp\/v2\/posts\/89968\/revisions\/89995"}],"wp:featuredmedia":[{"embeddable":true,"href":"https:\/\/www.altominho.tv\/site\/wp-json\/wp\/v2\/media\/89969"}],"wp:attachment":[{"href":"https:\/\/www.altominho.tv\/site\/wp-json\/wp\/v2\/media?parent=89968"}],"wp:term":[{"taxonomy":"category","embeddable":true,"href":"https:\/\/www.altominho.tv\/site\/wp-json\/wp\/v2\/categories?post=89968"},{"taxonomy":"post_tag","embeddable":true,"href":"https:\/\/www.altominho.tv\/site\/wp-json\/wp\/v2\/tags?post=89968"}],"curies":[{"name":"wp","href":"https:\/\/api.w.org\/{rel}","templated":true}]}}