{"id":89769,"date":"2023-03-07T17:59:31","date_gmt":"2023-03-07T17:59:31","guid":{"rendered":"https:\/\/www.altominho.tv\/site\/?p=89769"},"modified":"2023-03-07T17:59:36","modified_gmt":"2023-03-07T17:59:36","slug":"viana-do-castelo","status":"publish","type":"post","link":"https:\/\/www.altominho.tv\/site\/2023\/03\/07\/viana-do-castelo\/","title":{"rendered":"Aprovadas propostas de apoio a Juntas de Freguesia no valor de 191 mil euros"},"content":{"rendered":"<p>Foram hoje aprovadas, pelo Munic\u00edpio de Viana do Castelo, tr\u00eas propostas num valor global superior a 191 mil euros, com o objetivo de apoiar as Juntas e Uni\u00f5es de Freguesias do concelho. Estas dirigem-se a quest\u00f5es de mobilidade, seguran\u00e7a rodovi\u00e1ria e material circulante, \u00e0 constru\u00e7\u00e3o e requalifica\u00e7\u00e3o de equipamentos e, ainda, \u00e0 requalifica\u00e7\u00e3o urbana e de centros c\u00edvicos.<\/p>\n<p>A proposta de Apoio \u00e0s Juntas e Uni\u00f5es de Freguesias \u2013 Mobilidade, Seguran\u00e7a rodovi\u00e1ria e material circulante &#8211; ir\u00e1 beneficiar quatro freguesias e ultrapassa os 108.500 euros. Carre\u00e7o e a Uni\u00e3o de Freguesias de Nogueira, Meixedo e Vilar de Murteda receber\u00e3o 30 mil euros cada, para a pavimenta\u00e7\u00e3o da Rua da Cambadela e do Caminho do Redondelo, respetivamente.<\/p>\n<p>A Vila Punhe ir\u00e1 receber, tamb\u00e9m para pavimenta\u00e7\u00e3o , 24 mil euros e execu\u00e7\u00e3o da rede pluvial na perpendicular da Rua Travessa e, por \u00faltimo, Darque usufruir\u00e1 de 24.500 euros para a primeira fase da requalifica\u00e7\u00e3o de duas ruas.<\/p>\n<p>Segundo o documento da proposta, \u201co executivo municipal e as Uni\u00f5es e Juntas de Freguesia pretendem dar continuidade \u00e0 forte pol\u00edtica de investimento, concretizando a\u00e7\u00f5es e obras de constru\u00e7\u00e3o.&#8221;Acrescenta ainda que dedicam &#8221; no Plano de Atividades e Or\u00e7amento de 2023, para o efeito, mais de 8,1 milh\u00f5es de euros que, conclu\u00eddo, permitir\u00e1 elevar os n\u00edveis de seguran\u00e7a da estrutura\/rede vi\u00e1ria do concelho e a qualidade de vida dos respetivos espa\u00e7os territoriais\u201d.<\/p>\n<p>A segunda proposta de Apoio \u00e0s Juntas e Uni\u00f5es das Freguesias &#8211; Constru\u00e7\u00e3o e Requalifica\u00e7\u00e3o de Equipamentos ascende a 49 mil euros para tr\u00eas freguesias. A freguesia de Alvar\u00e3es receber\u00e1 14 mil euros para a requalifica\u00e7\u00e3o da Capela dos Padres, Outeiro 15 mil euros para o Museu do P\u00e3o e Vila Mou 20 mil euros para a requalifica\u00e7\u00e3o da Casa Mortu\u00e1ria de Torre.<\/p>\n<p>Estes apoios surgem para \u201calavancar respostas no territ\u00f3rio nos dom\u00ednios dos servi\u00e7os, social, cultural, desportivo e econ\u00f3mico, destacando-se a constru\u00e7\u00e3o, reabilita\u00e7\u00e3o e refuncionaliza\u00e7\u00e3o de espa\u00e7os para respostas administrativas, de conv\u00edvio, lazer, l\u00fadicas e culturais\u201d assegura o documento.<\/p>\n<p>A terceira proposta de Apoio \u00e0s Juntas e Uni\u00f5es das Freguesias \u2013 Requalifica\u00e7\u00e3o Urbana\/Centros C\u00edvicos resulta em 33.915 euros para Afife, com o intuito de concluir a requalifica\u00e7\u00e3o urban\u00edstica da zona envolvente do cemit\u00e9rio e da casa mortu\u00e1ria.<\/p>\n","protected":false},"excerpt":{"rendered":"<p>Foram hoje aprovadas, pelo Munic\u00edpio de Viana do Castelo, tr\u00eas propostas num valor global superior a 191 mil euros, com o objetivo de apoiar as Juntas e Uni\u00f5es de Freguesias do concelho. Estas dirigem-se a quest\u00f5es de mobilidade, seguran\u00e7a rodovi\u00e1ria e material circulante, \u00e0 constru\u00e7\u00e3o e requalifica\u00e7\u00e3o de equipamentos e, ainda, \u00e0 requalifica\u00e7\u00e3o urbana e [&hellip;]<\/p>\n","protected":false},"author":28,"featured_media":89772,"comment_status":"closed","ping_status":"closed","sticky":false,"template":"","format":"standard","meta":{"_exactmetrics_skip_tracking":false,"footnotes":""},"categories":[14],"tags":[56326],"class_list":["post-89769","post","type-post","status-publish","format-standard","has-post-thumbnail","hentry","category-viana-do-castelo","tag-politica"],"yoast_head":"<!-- This site is optimized with the Yoast SEO Premium plugin v28.3 (Yoast SEO v28.3) - https:\/\/yoast.com\/product\/yoast-seo-premium-wordpress\/ -->\n<title>Aprovadas propostas de apoio a Juntas de Freguesia no valor de 191 mil euros<\/title>\n<meta name=\"description\" content=\"Foram hoje aprovadas, pelo Munic\u00edpio de Viana do Castelo, tr\u00eas propostas num valor global superior a 191 mil euros, com o objetivo de apoiar as Juntas e Uni\u00f5es de Freguesias do concelho. Estas dirigem-se a quest\u00f5es de mobilidade, seguran\u00e7a rodovi\u00e1ria e material circulante, \u00e0 constru\u00e7\u00e3o e requalifica\u00e7\u00e3o de equipamentos e, ainda, \u00e0 requalifica\u00e7\u00e3o urbana e de centros c\u00edvicos.\" \/>\n<meta name=\"robots\" content=\"index, follow, max-snippet:-1, max-image-preview:large, max-video-preview:-1\" \/>\n<link rel=\"canonical\" href=\"https:\/\/www.altominho.tv\/site\/2023\/03\/07\/viana-do-castelo\/\" \/>\n<meta property=\"og:locale\" content=\"pt_PT\" \/>\n<meta property=\"og:type\" content=\"article\" \/>\n<meta property=\"og:title\" content=\"Aprovadas propostas de apoio a Juntas de Freguesia no valor de 191 mil euros\" \/>\n<meta property=\"og:description\" content=\"Foram hoje aprovadas, pelo Munic\u00edpio de Viana do Castelo, tr\u00eas propostas num valor global superior a 191 mil euros, com o objetivo de apoiar as Juntas e Uni\u00f5es de Freguesias do concelho. Estas dirigem-se a quest\u00f5es de mobilidade, seguran\u00e7a rodovi\u00e1ria e material circulante, \u00e0 constru\u00e7\u00e3o e requalifica\u00e7\u00e3o de equipamentos e, ainda, \u00e0 requalifica\u00e7\u00e3o urbana e de centros c\u00edvicos.\" \/>\n<meta property=\"og:url\" content=\"https:\/\/www.altominho.tv\/site\/2023\/03\/07\/viana-do-castelo\/\" \/>\n<meta property=\"og:site_name\" content=\"Altominho.tv\" \/>\n<meta property=\"article:publisher\" content=\"https:\/\/www.facebook.com\/altominhotv\" \/>\n<meta property=\"article:published_time\" content=\"2023-03-07T17:59:31+00:00\" \/>\n<meta property=\"article:modified_time\" content=\"2023-03-07T17:59:36+00:00\" \/>\n<meta property=\"og:image\" content=\"https:\/\/www.altominho.tv\/site\/wp-content\/uploads\/2023\/03\/Camara-Viana.jpeg\" \/>\n\t<meta property=\"og:image:width\" content=\"740\" \/>\n\t<meta property=\"og:image:height\" content=\"511\" \/>\n\t<meta property=\"og:image:type\" content=\"image\/jpeg\" \/>\n<meta name=\"author\" content=\"Beatriz Lira\" \/>\n<meta name=\"twitter:card\" content=\"summary_large_image\" \/>\n<meta name=\"twitter:creator\" content=\"@altominhoTV\" \/>\n<meta name=\"twitter:site\" content=\"@altominhoTV\" \/>\n<meta name=\"twitter:label1\" content=\"Escrito por\" \/>\n\t<meta name=\"twitter:data1\" content=\"Beatriz Lira\" \/>\n\t<meta name=\"twitter:label2\" content=\"Tempo estimado de leitura\" \/>\n\t<meta name=\"twitter:data2\" content=\"2 minutos\" \/>\n<script type=\"application\/ld+json\" class=\"yoast-schema-graph\">{\"@context\":\"https:\\\/\\\/schema.org\",\"@graph\":[{\"@type\":\"Article\",\"@id\":\"https:\\\/\\\/www.altominho.tv\\\/site\\\/2023\\\/03\\\/07\\\/viana-do-castelo\\\/#article\",\"isPartOf\":{\"@id\":\"https:\\\/\\\/www.altominho.tv\\\/site\\\/2023\\\/03\\\/07\\\/viana-do-castelo\\\/\"},\"author\":{\"name\":\"Beatriz Lira\",\"@id\":\"https:\\\/\\\/www.altominho.tv\\\/site\\\/#\\\/schema\\\/person\\\/f95a2097796cf4462fe1e476cddc40e4\"},\"headline\":\"Aprovadas propostas de apoio a Juntas de Freguesia no valor de 191 mil euros\",\"datePublished\":\"2023-03-07T17:59:31+00:00\",\"dateModified\":\"2023-03-07T17:59:36+00:00\",\"mainEntityOfPage\":{\"@id\":\"https:\\\/\\\/www.altominho.tv\\\/site\\\/2023\\\/03\\\/07\\\/viana-do-castelo\\\/\"},\"wordCount\":420,\"image\":{\"@id\":\"https:\\\/\\\/www.altominho.tv\\\/site\\\/2023\\\/03\\\/07\\\/viana-do-castelo\\\/#primaryimage\"},\"thumbnailUrl\":\"https:\\\/\\\/www.altominho.tv\\\/site\\\/wp-content\\\/uploads\\\/2023\\\/03\\\/Camara-Viana.jpeg\",\"keywords\":[\"Pol\u00edtica\"],\"articleSection\":[\"Viana do Castelo\"],\"inLanguage\":\"pt-PT\",\"copyrightYear\":\"2023\",\"copyrightHolder\":{\"@id\":\"https:\\\/\\\/www.altominho.tv\\\/site\\\/#organization\"}},{\"@type\":\"WebPage\",\"@id\":\"https:\\\/\\\/www.altominho.tv\\\/site\\\/2023\\\/03\\\/07\\\/viana-do-castelo\\\/\",\"url\":\"https:\\\/\\\/www.altominho.tv\\\/site\\\/2023\\\/03\\\/07\\\/viana-do-castelo\\\/\",\"name\":\"Aprovadas propostas de apoio a Juntas de Freguesia no valor de 191 mil euros\",\"isPartOf\":{\"@id\":\"https:\\\/\\\/www.altominho.tv\\\/site\\\/#website\"},\"primaryImageOfPage\":{\"@id\":\"https:\\\/\\\/www.altominho.tv\\\/site\\\/2023\\\/03\\\/07\\\/viana-do-castelo\\\/#primaryimage\"},\"image\":{\"@id\":\"https:\\\/\\\/www.altominho.tv\\\/site\\\/2023\\\/03\\\/07\\\/viana-do-castelo\\\/#primaryimage\"},\"thumbnailUrl\":\"https:\\\/\\\/www.altominho.tv\\\/site\\\/wp-content\\\/uploads\\\/2023\\\/03\\\/Camara-Viana.jpeg\",\"datePublished\":\"2023-03-07T17:59:31+00:00\",\"dateModified\":\"2023-03-07T17:59:36+00:00\",\"author\":{\"@id\":\"https:\\\/\\\/www.altominho.tv\\\/site\\\/#\\\/schema\\\/person\\\/f95a2097796cf4462fe1e476cddc40e4\"},\"description\":\"Foram hoje aprovadas, pelo Munic\u00edpio de Viana do Castelo, tr\u00eas propostas num valor global superior a 191 mil euros, com o objetivo de apoiar as Juntas e Uni\u00f5es de Freguesias do concelho. Estas dirigem-se a quest\u00f5es de mobilidade, seguran\u00e7a rodovi\u00e1ria e material circulante, \u00e0 constru\u00e7\u00e3o e requalifica\u00e7\u00e3o de equipamentos e, ainda, \u00e0 requalifica\u00e7\u00e3o urbana e de centros c\u00edvicos.\",\"breadcrumb\":{\"@id\":\"https:\\\/\\\/www.altominho.tv\\\/site\\\/2023\\\/03\\\/07\\\/viana-do-castelo\\\/#breadcrumb\"},\"inLanguage\":\"pt-PT\",\"potentialAction\":[{\"@type\":\"ReadAction\",\"target\":[\"https:\\\/\\\/www.altominho.tv\\\/site\\\/2023\\\/03\\\/07\\\/viana-do-castelo\\\/\"]}]},{\"@type\":\"ImageObject\",\"inLanguage\":\"pt-PT\",\"@id\":\"https:\\\/\\\/www.altominho.tv\\\/site\\\/2023\\\/03\\\/07\\\/viana-do-castelo\\\/#primaryimage\",\"url\":\"https:\\\/\\\/www.altominho.tv\\\/site\\\/wp-content\\\/uploads\\\/2023\\\/03\\\/Camara-Viana.jpeg\",\"contentUrl\":\"https:\\\/\\\/www.altominho.tv\\\/site\\\/wp-content\\\/uploads\\\/2023\\\/03\\\/Camara-Viana.jpeg\",\"width\":740,\"height\":511},{\"@type\":\"BreadcrumbList\",\"@id\":\"https:\\\/\\\/www.altominho.tv\\\/site\\\/2023\\\/03\\\/07\\\/viana-do-castelo\\\/#breadcrumb\",\"itemListElement\":[{\"@type\":\"ListItem\",\"position\":1,\"name\":\"In\u00edcio\",\"item\":\"https:\\\/\\\/www.altominho.tv\\\/site\\\/\"},{\"@type\":\"ListItem\",\"position\":2,\"name\":\"Aprovadas propostas de apoio a Juntas de Freguesia no valor de 191 mil euros\"}]},{\"@type\":\"WebSite\",\"@id\":\"https:\\\/\\\/www.altominho.tv\\\/site\\\/#website\",\"url\":\"https:\\\/\\\/www.altominho.tv\\\/site\\\/\",\"name\":\"Altominho.tv\",\"description\":\"A sua regi\u00e3o \u00e0 dist\u00e2ncia de um clique...\",\"potentialAction\":[{\"@type\":\"SearchAction\",\"target\":{\"@type\":\"EntryPoint\",\"urlTemplate\":\"https:\\\/\\\/www.altominho.tv\\\/site\\\/?s={search_term_string}\"},\"query-input\":{\"@type\":\"PropertyValueSpecification\",\"valueRequired\":true,\"valueName\":\"search_term_string\"}}],\"inLanguage\":\"pt-PT\"},{\"@type\":\"Person\",\"@id\":\"https:\\\/\\\/www.altominho.tv\\\/site\\\/#\\\/schema\\\/person\\\/f95a2097796cf4462fe1e476cddc40e4\",\"name\":\"Beatriz Lira\",\"image\":{\"@type\":\"ImageObject\",\"inLanguage\":\"pt-PT\",\"@id\":\"https:\\\/\\\/www.altominho.tv\\\/site\\\/wp-content\\\/uploads\\\/2023\\\/03\\\/Screenshot_20230306-141220_Photos-150x150.jpg\",\"url\":\"https:\\\/\\\/www.altominho.tv\\\/site\\\/wp-content\\\/uploads\\\/2023\\\/03\\\/Screenshot_20230306-141220_Photos-150x150.jpg\",\"contentUrl\":\"https:\\\/\\\/www.altominho.tv\\\/site\\\/wp-content\\\/uploads\\\/2023\\\/03\\\/Screenshot_20230306-141220_Photos-150x150.jpg\",\"caption\":\"Beatriz Lira\"},\"url\":\"https:\\\/\\\/www.altominho.tv\\\/site\\\/author\\\/beatriz\\\/\"}]}<\/script>\n<!-- \/ Yoast SEO Premium plugin. -->","yoast_head_json":{"title":"Aprovadas propostas de apoio a Juntas de Freguesia no valor de 191 mil euros","description":"Foram hoje aprovadas, pelo Munic\u00edpio de Viana do Castelo, tr\u00eas propostas num valor global superior a 191 mil euros, com o objetivo de apoiar as Juntas e Uni\u00f5es de Freguesias do concelho. Estas dirigem-se a quest\u00f5es de mobilidade, seguran\u00e7a rodovi\u00e1ria e material circulante, \u00e0 constru\u00e7\u00e3o e requalifica\u00e7\u00e3o de equipamentos e, ainda, \u00e0 requalifica\u00e7\u00e3o urbana e de centros c\u00edvicos.","robots":{"index":"index","follow":"follow","max-snippet":"max-snippet:-1","max-image-preview":"max-image-preview:large","max-video-preview":"max-video-preview:-1"},"canonical":"https:\/\/www.altominho.tv\/site\/2023\/03\/07\/viana-do-castelo\/","og_locale":"pt_PT","og_type":"article","og_title":"Aprovadas propostas de apoio a Juntas de Freguesia no valor de 191 mil euros","og_description":"Foram hoje aprovadas, pelo Munic\u00edpio de Viana do Castelo, tr\u00eas propostas num valor global superior a 191 mil euros, com o objetivo de apoiar as Juntas e Uni\u00f5es de Freguesias do concelho. Estas dirigem-se a quest\u00f5es de mobilidade, seguran\u00e7a rodovi\u00e1ria e material circulante, \u00e0 constru\u00e7\u00e3o e requalifica\u00e7\u00e3o de equipamentos e, ainda, \u00e0 requalifica\u00e7\u00e3o urbana e de centros c\u00edvicos.","og_url":"https:\/\/www.altominho.tv\/site\/2023\/03\/07\/viana-do-castelo\/","og_site_name":"Altominho.tv","article_publisher":"https:\/\/www.facebook.com\/altominhotv","article_published_time":"2023-03-07T17:59:31+00:00","article_modified_time":"2023-03-07T17:59:36+00:00","og_image":[{"width":740,"height":511,"url":"https:\/\/www.altominho.tv\/site\/wp-content\/uploads\/2023\/03\/Camara-Viana.jpeg","type":"image\/jpeg"}],"author":"Beatriz Lira","twitter_card":"summary_large_image","twitter_creator":"@altominhoTV","twitter_site":"@altominhoTV","twitter_misc":{"Escrito por":"Beatriz Lira","Tempo estimado de leitura":"2 minutos"},"schema":{"@context":"https:\/\/schema.org","@graph":[{"@type":"Article","@id":"https:\/\/www.altominho.tv\/site\/2023\/03\/07\/viana-do-castelo\/#article","isPartOf":{"@id":"https:\/\/www.altominho.tv\/site\/2023\/03\/07\/viana-do-castelo\/"},"author":{"name":"Beatriz Lira","@id":"https:\/\/www.altominho.tv\/site\/#\/schema\/person\/f95a2097796cf4462fe1e476cddc40e4"},"headline":"Aprovadas propostas de apoio a Juntas de Freguesia no valor de 191 mil euros","datePublished":"2023-03-07T17:59:31+00:00","dateModified":"2023-03-07T17:59:36+00:00","mainEntityOfPage":{"@id":"https:\/\/www.altominho.tv\/site\/2023\/03\/07\/viana-do-castelo\/"},"wordCount":420,"image":{"@id":"https:\/\/www.altominho.tv\/site\/2023\/03\/07\/viana-do-castelo\/#primaryimage"},"thumbnailUrl":"https:\/\/www.altominho.tv\/site\/wp-content\/uploads\/2023\/03\/Camara-Viana.jpeg","keywords":["Pol\u00edtica"],"articleSection":["Viana do Castelo"],"inLanguage":"pt-PT","copyrightYear":"2023","copyrightHolder":{"@id":"https:\/\/www.altominho.tv\/site\/#organization"}},{"@type":"WebPage","@id":"https:\/\/www.altominho.tv\/site\/2023\/03\/07\/viana-do-castelo\/","url":"https:\/\/www.altominho.tv\/site\/2023\/03\/07\/viana-do-castelo\/","name":"Aprovadas propostas de apoio a Juntas de Freguesia no valor de 191 mil euros","isPartOf":{"@id":"https:\/\/www.altominho.tv\/site\/#website"},"primaryImageOfPage":{"@id":"https:\/\/www.altominho.tv\/site\/2023\/03\/07\/viana-do-castelo\/#primaryimage"},"image":{"@id":"https:\/\/www.altominho.tv\/site\/2023\/03\/07\/viana-do-castelo\/#primaryimage"},"thumbnailUrl":"https:\/\/www.altominho.tv\/site\/wp-content\/uploads\/2023\/03\/Camara-Viana.jpeg","datePublished":"2023-03-07T17:59:31+00:00","dateModified":"2023-03-07T17:59:36+00:00","author":{"@id":"https:\/\/www.altominho.tv\/site\/#\/schema\/person\/f95a2097796cf4462fe1e476cddc40e4"},"description":"Foram hoje aprovadas, pelo Munic\u00edpio de Viana do Castelo, tr\u00eas propostas num valor global superior a 191 mil euros, com o objetivo de apoiar as Juntas e Uni\u00f5es de Freguesias do concelho. Estas dirigem-se a quest\u00f5es de mobilidade, seguran\u00e7a rodovi\u00e1ria e material circulante, \u00e0 constru\u00e7\u00e3o e requalifica\u00e7\u00e3o de equipamentos e, ainda, \u00e0 requalifica\u00e7\u00e3o urbana e de centros c\u00edvicos.","breadcrumb":{"@id":"https:\/\/www.altominho.tv\/site\/2023\/03\/07\/viana-do-castelo\/#breadcrumb"},"inLanguage":"pt-PT","potentialAction":[{"@type":"ReadAction","target":["https:\/\/www.altominho.tv\/site\/2023\/03\/07\/viana-do-castelo\/"]}]},{"@type":"ImageObject","inLanguage":"pt-PT","@id":"https:\/\/www.altominho.tv\/site\/2023\/03\/07\/viana-do-castelo\/#primaryimage","url":"https:\/\/www.altominho.tv\/site\/wp-content\/uploads\/2023\/03\/Camara-Viana.jpeg","contentUrl":"https:\/\/www.altominho.tv\/site\/wp-content\/uploads\/2023\/03\/Camara-Viana.jpeg","width":740,"height":511},{"@type":"BreadcrumbList","@id":"https:\/\/www.altominho.tv\/site\/2023\/03\/07\/viana-do-castelo\/#breadcrumb","itemListElement":[{"@type":"ListItem","position":1,"name":"In\u00edcio","item":"https:\/\/www.altominho.tv\/site\/"},{"@type":"ListItem","position":2,"name":"Aprovadas propostas de apoio a Juntas de Freguesia no valor de 191 mil euros"}]},{"@type":"WebSite","@id":"https:\/\/www.altominho.tv\/site\/#website","url":"https:\/\/www.altominho.tv\/site\/","name":"Altominho.tv","description":"A sua regi\u00e3o \u00e0 dist\u00e2ncia de um clique...","potentialAction":[{"@type":"SearchAction","target":{"@type":"EntryPoint","urlTemplate":"https:\/\/www.altominho.tv\/site\/?s={search_term_string}"},"query-input":{"@type":"PropertyValueSpecification","valueRequired":true,"valueName":"search_term_string"}}],"inLanguage":"pt-PT"},{"@type":"Person","@id":"https:\/\/www.altominho.tv\/site\/#\/schema\/person\/f95a2097796cf4462fe1e476cddc40e4","name":"Beatriz Lira","image":{"@type":"ImageObject","inLanguage":"pt-PT","@id":"https:\/\/www.altominho.tv\/site\/wp-content\/uploads\/2023\/03\/Screenshot_20230306-141220_Photos-150x150.jpg","url":"https:\/\/www.altominho.tv\/site\/wp-content\/uploads\/2023\/03\/Screenshot_20230306-141220_Photos-150x150.jpg","contentUrl":"https:\/\/www.altominho.tv\/site\/wp-content\/uploads\/2023\/03\/Screenshot_20230306-141220_Photos-150x150.jpg","caption":"Beatriz Lira"},"url":"https:\/\/www.altominho.tv\/site\/author\/beatriz\/"}]}},"_links":{"self":[{"href":"https:\/\/www.altominho.tv\/site\/wp-json\/wp\/v2\/posts\/89769","targetHints":{"allow":["GET"]}}],"collection":[{"href":"https:\/\/www.altominho.tv\/site\/wp-json\/wp\/v2\/posts"}],"about":[{"href":"https:\/\/www.altominho.tv\/site\/wp-json\/wp\/v2\/types\/post"}],"author":[{"embeddable":true,"href":"https:\/\/www.altominho.tv\/site\/wp-json\/wp\/v2\/users\/28"}],"replies":[{"embeddable":true,"href":"https:\/\/www.altominho.tv\/site\/wp-json\/wp\/v2\/comments?post=89769"}],"version-history":[{"count":1,"href":"https:\/\/www.altominho.tv\/site\/wp-json\/wp\/v2\/posts\/89769\/revisions"}],"predecessor-version":[{"id":89773,"href":"https:\/\/www.altominho.tv\/site\/wp-json\/wp\/v2\/posts\/89769\/revisions\/89773"}],"wp:featuredmedia":[{"embeddable":true,"href":"https:\/\/www.altominho.tv\/site\/wp-json\/wp\/v2\/media\/89772"}],"wp:attachment":[{"href":"https:\/\/www.altominho.tv\/site\/wp-json\/wp\/v2\/media?parent=89769"}],"wp:term":[{"taxonomy":"category","embeddable":true,"href":"https:\/\/www.altominho.tv\/site\/wp-json\/wp\/v2\/categories?post=89769"},{"taxonomy":"post_tag","embeddable":true,"href":"https:\/\/www.altominho.tv\/site\/wp-json\/wp\/v2\/tags?post=89769"}],"curies":[{"name":"wp","href":"https:\/\/api.w.org\/{rel}","templated":true}]}}