{"id":89758,"date":"2023-03-07T11:45:17","date_gmt":"2023-03-07T11:45:17","guid":{"rendered":"https:\/\/www.altominho.tv\/site\/?p=89758"},"modified":"2023-03-07T11:45:23","modified_gmt":"2023-03-07T11:45:23","slug":"simao-silva-assume-o-cargo-de-jovem-presidente","status":"publish","type":"post","link":"https:\/\/www.altominho.tv\/site\/2023\/03\/07\/simao-silva-assume-o-cargo-de-jovem-presidente\/","title":{"rendered":"Sim\u00e3o Silva assume o &#8220;cargo&#8221; de &#8220;Jovem Presidente&#8221;"},"content":{"rendered":"<p>Sim\u00e3o Silva, da Lista B, foi o vencedor da iniciativa &#8220;Jovem Autarca&#8221; e assume hoje o &#8220;cargo de &#8220;Jovem Presidente&#8221;, informou o munic\u00edpio de Melga\u00e7o.<\/p>\n<p>Este programa \u00e9 destinado aos jovens entre os 13 e os 17 anos, que sejam residentes no concelho de Melga\u00e7o e que frequentem o Agrupamento de Escolas de Melga\u00e7o, at\u00e9 ao 11\u00ba ano de escolaridade.<\/p>\n<p>A iniciativa pretende sensibilizar os jovens para as quest\u00f5es do poder local, designadamente no \u00e2mbito das atribui\u00e7\u00f5es e compet\u00eancias da administra\u00e7\u00e3o local e do funcionamento dos respetivos \u00f3rg\u00e3os, estreitando as rela\u00e7\u00f5es entre a autarquia e os jovens.<\/p>\n<p>&#8220;Desta forma, refor\u00e7am-se os mecanismos que permitem adequar as pol\u00edticas municipais \u00e0s reais necessidades dos nossos jovens, ao mesmo tempo que lhes proporcionamos o conhecimento da realidade da gest\u00e3o aut\u00e1rquica&#8221;, afirma a vereadora da Educa\u00e7\u00e3o, F\u00e1tima Sousa.<\/p>\n<p>Os candidatos que ficaram em 2\u00ba e 3\u00ba lugar ter\u00e3o o &#8220;cargo&#8221; de &#8220;Jovens Vereadores&#8221; e os restantes candidatos integrar\u00e3o a &#8220;Assembleia de Jovens Autarcas&#8221;.<\/p>\n\n\n<p class=\"wp-block-paragraph\"><\/p>\n","protected":false},"excerpt":{"rendered":"<p>Sim\u00e3o Silva, da Lista B, foi o vencedor da iniciativa &#8220;Jovem Autarca&#8221; e assume hoje o &#8220;cargo de &#8220;Jovem Presidente&#8221;, informou o munic\u00edpio de Melga\u00e7o. Este programa \u00e9 destinado aos jovens entre os 13 e os 17 anos, que sejam residentes no concelho de Melga\u00e7o e que frequentem o Agrupamento de Escolas de Melga\u00e7o, at\u00e9 [&hellip;]<\/p>\n","protected":false},"author":24,"featured_media":89759,"comment_status":"closed","ping_status":"closed","sticky":false,"template":"","format":"standard","meta":{"_exactmetrics_skip_tracking":false,"footnotes":""},"categories":[8],"tags":[56326],"class_list":["post-89758","post","type-post","status-publish","format-standard","has-post-thumbnail","hentry","category-melgaco","tag-politica"],"yoast_head":"<!-- This site is optimized with the Yoast SEO Premium plugin v28.3 (Yoast SEO v28.3) - https:\/\/yoast.com\/product\/yoast-seo-premium-wordpress\/ -->\n<title>Sim\u00e3o Silva assume o &quot;cargo&quot; de &quot;Jovem Presidente&quot;<\/title>\n<meta name=\"description\" content=\"Sim\u00e3o Silva, da Lista B, foi o vencedor da iniciativa &quot;Jovem Autarca&quot; e assume hoje o &quot;cargo de &quot;Jovem Presidente&quot;, informou o munic\u00edpio de Melga\u00e7o.\" \/>\n<meta name=\"robots\" content=\"index, follow, max-snippet:-1, max-image-preview:large, max-video-preview:-1\" \/>\n<link rel=\"canonical\" href=\"https:\/\/www.altominho.tv\/site\/2023\/03\/07\/simao-silva-assume-o-cargo-de-jovem-presidente\/\" \/>\n<meta property=\"og:locale\" content=\"pt_PT\" \/>\n<meta property=\"og:type\" content=\"article\" \/>\n<meta property=\"og:title\" content=\"Sim\u00e3o Silva assume o &quot;cargo&quot; de &quot;Jovem Presidente&quot;\" \/>\n<meta property=\"og:description\" content=\"Sim\u00e3o Silva, da Lista B, foi o vencedor da iniciativa &quot;Jovem Autarca&quot; e assume hoje o &quot;cargo de &quot;Jovem Presidente&quot;, informou o munic\u00edpio de Melga\u00e7o.\" \/>\n<meta property=\"og:url\" content=\"https:\/\/www.altominho.tv\/site\/2023\/03\/07\/simao-silva-assume-o-cargo-de-jovem-presidente\/\" \/>\n<meta property=\"og:site_name\" content=\"Altominho.tv\" \/>\n<meta property=\"article:publisher\" content=\"https:\/\/www.facebook.com\/altominhotv\" \/>\n<meta property=\"article:published_time\" content=\"2023-03-07T11:45:17+00:00\" \/>\n<meta property=\"article:modified_time\" content=\"2023-03-07T11:45:23+00:00\" \/>\n<meta property=\"og:image\" content=\"https:\/\/www.altominho.tv\/site\/wp-content\/uploads\/2023\/03\/Simao-Silva.jpg\" \/>\n\t<meta property=\"og:image:width\" content=\"1348\" \/>\n\t<meta property=\"og:image:height\" content=\"848\" \/>\n\t<meta property=\"og:image:type\" content=\"image\/jpeg\" \/>\n<meta name=\"author\" content=\"Cesar Lopes\" \/>\n<meta name=\"twitter:card\" content=\"summary_large_image\" \/>\n<meta name=\"twitter:creator\" content=\"@altominhoTV\" \/>\n<meta name=\"twitter:site\" content=\"@altominhoTV\" \/>\n<meta name=\"twitter:label1\" content=\"Escrito por\" \/>\n\t<meta name=\"twitter:data1\" content=\"Cesar Lopes\" \/>\n\t<meta name=\"twitter:label2\" content=\"Tempo estimado de leitura\" \/>\n\t<meta name=\"twitter:data2\" content=\"1 minuto\" \/>\n<script type=\"application\/ld+json\" class=\"yoast-schema-graph\">{\"@context\":\"https:\\\/\\\/schema.org\",\"@graph\":[{\"@type\":\"Article\",\"@id\":\"https:\\\/\\\/www.altominho.tv\\\/site\\\/2023\\\/03\\\/07\\\/simao-silva-assume-o-cargo-de-jovem-presidente\\\/#article\",\"isPartOf\":{\"@id\":\"https:\\\/\\\/www.altominho.tv\\\/site\\\/2023\\\/03\\\/07\\\/simao-silva-assume-o-cargo-de-jovem-presidente\\\/\"},\"author\":{\"name\":\"Cesar Lopes\",\"@id\":\"https:\\\/\\\/www.altominho.tv\\\/site\\\/#\\\/schema\\\/person\\\/c5570e5afb933b8d08c43373326ef1b1\"},\"headline\":\"Sim\u00e3o Silva assume o &#8220;cargo&#8221; de &#8220;Jovem Presidente&#8221;\",\"datePublished\":\"2023-03-07T11:45:17+00:00\",\"dateModified\":\"2023-03-07T11:45:23+00:00\",\"mainEntityOfPage\":{\"@id\":\"https:\\\/\\\/www.altominho.tv\\\/site\\\/2023\\\/03\\\/07\\\/simao-silva-assume-o-cargo-de-jovem-presidente\\\/\"},\"wordCount\":181,\"image\":{\"@id\":\"https:\\\/\\\/www.altominho.tv\\\/site\\\/2023\\\/03\\\/07\\\/simao-silva-assume-o-cargo-de-jovem-presidente\\\/#primaryimage\"},\"thumbnailUrl\":\"https:\\\/\\\/www.altominho.tv\\\/site\\\/wp-content\\\/uploads\\\/2023\\\/03\\\/Simao-Silva.jpg\",\"keywords\":[\"Pol\u00edtica\"],\"articleSection\":[\"Melga\u00e7o\"],\"inLanguage\":\"pt-PT\",\"copyrightYear\":\"2023\",\"copyrightHolder\":{\"@id\":\"https:\\\/\\\/www.altominho.tv\\\/site\\\/#organization\"}},{\"@type\":\"WebPage\",\"@id\":\"https:\\\/\\\/www.altominho.tv\\\/site\\\/2023\\\/03\\\/07\\\/simao-silva-assume-o-cargo-de-jovem-presidente\\\/\",\"url\":\"https:\\\/\\\/www.altominho.tv\\\/site\\\/2023\\\/03\\\/07\\\/simao-silva-assume-o-cargo-de-jovem-presidente\\\/\",\"name\":\"Sim\u00e3o Silva assume o \\\"cargo\\\" de \\\"Jovem Presidente\\\"\",\"isPartOf\":{\"@id\":\"https:\\\/\\\/www.altominho.tv\\\/site\\\/#website\"},\"primaryImageOfPage\":{\"@id\":\"https:\\\/\\\/www.altominho.tv\\\/site\\\/2023\\\/03\\\/07\\\/simao-silva-assume-o-cargo-de-jovem-presidente\\\/#primaryimage\"},\"image\":{\"@id\":\"https:\\\/\\\/www.altominho.tv\\\/site\\\/2023\\\/03\\\/07\\\/simao-silva-assume-o-cargo-de-jovem-presidente\\\/#primaryimage\"},\"thumbnailUrl\":\"https:\\\/\\\/www.altominho.tv\\\/site\\\/wp-content\\\/uploads\\\/2023\\\/03\\\/Simao-Silva.jpg\",\"datePublished\":\"2023-03-07T11:45:17+00:00\",\"dateModified\":\"2023-03-07T11:45:23+00:00\",\"author\":{\"@id\":\"https:\\\/\\\/www.altominho.tv\\\/site\\\/#\\\/schema\\\/person\\\/c5570e5afb933b8d08c43373326ef1b1\"},\"description\":\"Sim\u00e3o Silva, da Lista B, foi o vencedor da iniciativa \\\"Jovem Autarca\\\" e assume hoje o \\\"cargo de \\\"Jovem Presidente\\\", informou o munic\u00edpio de Melga\u00e7o.\",\"breadcrumb\":{\"@id\":\"https:\\\/\\\/www.altominho.tv\\\/site\\\/2023\\\/03\\\/07\\\/simao-silva-assume-o-cargo-de-jovem-presidente\\\/#breadcrumb\"},\"inLanguage\":\"pt-PT\",\"potentialAction\":[{\"@type\":\"ReadAction\",\"target\":[\"https:\\\/\\\/www.altominho.tv\\\/site\\\/2023\\\/03\\\/07\\\/simao-silva-assume-o-cargo-de-jovem-presidente\\\/\"]}]},{\"@type\":\"ImageObject\",\"inLanguage\":\"pt-PT\",\"@id\":\"https:\\\/\\\/www.altominho.tv\\\/site\\\/2023\\\/03\\\/07\\\/simao-silva-assume-o-cargo-de-jovem-presidente\\\/#primaryimage\",\"url\":\"https:\\\/\\\/www.altominho.tv\\\/site\\\/wp-content\\\/uploads\\\/2023\\\/03\\\/Simao-Silva.jpg\",\"contentUrl\":\"https:\\\/\\\/www.altominho.tv\\\/site\\\/wp-content\\\/uploads\\\/2023\\\/03\\\/Simao-Silva.jpg\",\"width\":1348,\"height\":848},{\"@type\":\"BreadcrumbList\",\"@id\":\"https:\\\/\\\/www.altominho.tv\\\/site\\\/2023\\\/03\\\/07\\\/simao-silva-assume-o-cargo-de-jovem-presidente\\\/#breadcrumb\",\"itemListElement\":[{\"@type\":\"ListItem\",\"position\":1,\"name\":\"In\u00edcio\",\"item\":\"https:\\\/\\\/www.altominho.tv\\\/site\\\/\"},{\"@type\":\"ListItem\",\"position\":2,\"name\":\"Sim\u00e3o Silva assume o &#8220;cargo&#8221; de &#8220;Jovem Presidente&#8221;\"}]},{\"@type\":\"WebSite\",\"@id\":\"https:\\\/\\\/www.altominho.tv\\\/site\\\/#website\",\"url\":\"https:\\\/\\\/www.altominho.tv\\\/site\\\/\",\"name\":\"Altominho.tv\",\"description\":\"A sua regi\u00e3o \u00e0 dist\u00e2ncia de um clique...\",\"potentialAction\":[{\"@type\":\"SearchAction\",\"target\":{\"@type\":\"EntryPoint\",\"urlTemplate\":\"https:\\\/\\\/www.altominho.tv\\\/site\\\/?s={search_term_string}\"},\"query-input\":{\"@type\":\"PropertyValueSpecification\",\"valueRequired\":true,\"valueName\":\"search_term_string\"}}],\"inLanguage\":\"pt-PT\"},{\"@type\":\"Person\",\"@id\":\"https:\\\/\\\/www.altominho.tv\\\/site\\\/#\\\/schema\\\/person\\\/c5570e5afb933b8d08c43373326ef1b1\",\"name\":\"Cesar Lopes\",\"image\":{\"@type\":\"ImageObject\",\"inLanguage\":\"pt-PT\",\"@id\":\"https:\\\/\\\/www.altominho.tv\\\/site\\\/wp-content\\\/uploads\\\/2022\\\/10\\\/Sem-Titulo-150x150.jpg\",\"url\":\"https:\\\/\\\/www.altominho.tv\\\/site\\\/wp-content\\\/uploads\\\/2022\\\/10\\\/Sem-Titulo-150x150.jpg\",\"contentUrl\":\"https:\\\/\\\/www.altominho.tv\\\/site\\\/wp-content\\\/uploads\\\/2022\\\/10\\\/Sem-Titulo-150x150.jpg\",\"caption\":\"Cesar Lopes\"},\"url\":\"https:\\\/\\\/www.altominho.tv\\\/site\\\/author\\\/cesarlopes\\\/\"}]}<\/script>\n<!-- \/ Yoast SEO Premium plugin. -->","yoast_head_json":{"title":"Sim\u00e3o Silva assume o \"cargo\" de \"Jovem Presidente\"","description":"Sim\u00e3o Silva, da Lista B, foi o vencedor da iniciativa \"Jovem Autarca\" e assume hoje o \"cargo de \"Jovem Presidente\", informou o munic\u00edpio de Melga\u00e7o.","robots":{"index":"index","follow":"follow","max-snippet":"max-snippet:-1","max-image-preview":"max-image-preview:large","max-video-preview":"max-video-preview:-1"},"canonical":"https:\/\/www.altominho.tv\/site\/2023\/03\/07\/simao-silva-assume-o-cargo-de-jovem-presidente\/","og_locale":"pt_PT","og_type":"article","og_title":"Sim\u00e3o Silva assume o \"cargo\" de \"Jovem Presidente\"","og_description":"Sim\u00e3o Silva, da Lista B, foi o vencedor da iniciativa \"Jovem Autarca\" e assume hoje o \"cargo de \"Jovem Presidente\", informou o munic\u00edpio de Melga\u00e7o.","og_url":"https:\/\/www.altominho.tv\/site\/2023\/03\/07\/simao-silva-assume-o-cargo-de-jovem-presidente\/","og_site_name":"Altominho.tv","article_publisher":"https:\/\/www.facebook.com\/altominhotv","article_published_time":"2023-03-07T11:45:17+00:00","article_modified_time":"2023-03-07T11:45:23+00:00","og_image":[{"width":1348,"height":848,"url":"https:\/\/www.altominho.tv\/site\/wp-content\/uploads\/2023\/03\/Simao-Silva.jpg","type":"image\/jpeg"}],"author":"Cesar Lopes","twitter_card":"summary_large_image","twitter_creator":"@altominhoTV","twitter_site":"@altominhoTV","twitter_misc":{"Escrito por":"Cesar Lopes","Tempo estimado de leitura":"1 minuto"},"schema":{"@context":"https:\/\/schema.org","@graph":[{"@type":"Article","@id":"https:\/\/www.altominho.tv\/site\/2023\/03\/07\/simao-silva-assume-o-cargo-de-jovem-presidente\/#article","isPartOf":{"@id":"https:\/\/www.altominho.tv\/site\/2023\/03\/07\/simao-silva-assume-o-cargo-de-jovem-presidente\/"},"author":{"name":"Cesar Lopes","@id":"https:\/\/www.altominho.tv\/site\/#\/schema\/person\/c5570e5afb933b8d08c43373326ef1b1"},"headline":"Sim\u00e3o Silva assume o &#8220;cargo&#8221; de &#8220;Jovem Presidente&#8221;","datePublished":"2023-03-07T11:45:17+00:00","dateModified":"2023-03-07T11:45:23+00:00","mainEntityOfPage":{"@id":"https:\/\/www.altominho.tv\/site\/2023\/03\/07\/simao-silva-assume-o-cargo-de-jovem-presidente\/"},"wordCount":181,"image":{"@id":"https:\/\/www.altominho.tv\/site\/2023\/03\/07\/simao-silva-assume-o-cargo-de-jovem-presidente\/#primaryimage"},"thumbnailUrl":"https:\/\/www.altominho.tv\/site\/wp-content\/uploads\/2023\/03\/Simao-Silva.jpg","keywords":["Pol\u00edtica"],"articleSection":["Melga\u00e7o"],"inLanguage":"pt-PT","copyrightYear":"2023","copyrightHolder":{"@id":"https:\/\/www.altominho.tv\/site\/#organization"}},{"@type":"WebPage","@id":"https:\/\/www.altominho.tv\/site\/2023\/03\/07\/simao-silva-assume-o-cargo-de-jovem-presidente\/","url":"https:\/\/www.altominho.tv\/site\/2023\/03\/07\/simao-silva-assume-o-cargo-de-jovem-presidente\/","name":"Sim\u00e3o Silva assume o \"cargo\" de \"Jovem Presidente\"","isPartOf":{"@id":"https:\/\/www.altominho.tv\/site\/#website"},"primaryImageOfPage":{"@id":"https:\/\/www.altominho.tv\/site\/2023\/03\/07\/simao-silva-assume-o-cargo-de-jovem-presidente\/#primaryimage"},"image":{"@id":"https:\/\/www.altominho.tv\/site\/2023\/03\/07\/simao-silva-assume-o-cargo-de-jovem-presidente\/#primaryimage"},"thumbnailUrl":"https:\/\/www.altominho.tv\/site\/wp-content\/uploads\/2023\/03\/Simao-Silva.jpg","datePublished":"2023-03-07T11:45:17+00:00","dateModified":"2023-03-07T11:45:23+00:00","author":{"@id":"https:\/\/www.altominho.tv\/site\/#\/schema\/person\/c5570e5afb933b8d08c43373326ef1b1"},"description":"Sim\u00e3o Silva, da Lista B, foi o vencedor da iniciativa \"Jovem Autarca\" e assume hoje o \"cargo de \"Jovem Presidente\", informou o munic\u00edpio de Melga\u00e7o.","breadcrumb":{"@id":"https:\/\/www.altominho.tv\/site\/2023\/03\/07\/simao-silva-assume-o-cargo-de-jovem-presidente\/#breadcrumb"},"inLanguage":"pt-PT","potentialAction":[{"@type":"ReadAction","target":["https:\/\/www.altominho.tv\/site\/2023\/03\/07\/simao-silva-assume-o-cargo-de-jovem-presidente\/"]}]},{"@type":"ImageObject","inLanguage":"pt-PT","@id":"https:\/\/www.altominho.tv\/site\/2023\/03\/07\/simao-silva-assume-o-cargo-de-jovem-presidente\/#primaryimage","url":"https:\/\/www.altominho.tv\/site\/wp-content\/uploads\/2023\/03\/Simao-Silva.jpg","contentUrl":"https:\/\/www.altominho.tv\/site\/wp-content\/uploads\/2023\/03\/Simao-Silva.jpg","width":1348,"height":848},{"@type":"BreadcrumbList","@id":"https:\/\/www.altominho.tv\/site\/2023\/03\/07\/simao-silva-assume-o-cargo-de-jovem-presidente\/#breadcrumb","itemListElement":[{"@type":"ListItem","position":1,"name":"In\u00edcio","item":"https:\/\/www.altominho.tv\/site\/"},{"@type":"ListItem","position":2,"name":"Sim\u00e3o Silva assume o &#8220;cargo&#8221; de &#8220;Jovem Presidente&#8221;"}]},{"@type":"WebSite","@id":"https:\/\/www.altominho.tv\/site\/#website","url":"https:\/\/www.altominho.tv\/site\/","name":"Altominho.tv","description":"A sua regi\u00e3o \u00e0 dist\u00e2ncia de um clique...","potentialAction":[{"@type":"SearchAction","target":{"@type":"EntryPoint","urlTemplate":"https:\/\/www.altominho.tv\/site\/?s={search_term_string}"},"query-input":{"@type":"PropertyValueSpecification","valueRequired":true,"valueName":"search_term_string"}}],"inLanguage":"pt-PT"},{"@type":"Person","@id":"https:\/\/www.altominho.tv\/site\/#\/schema\/person\/c5570e5afb933b8d08c43373326ef1b1","name":"Cesar Lopes","image":{"@type":"ImageObject","inLanguage":"pt-PT","@id":"https:\/\/www.altominho.tv\/site\/wp-content\/uploads\/2022\/10\/Sem-Titulo-150x150.jpg","url":"https:\/\/www.altominho.tv\/site\/wp-content\/uploads\/2022\/10\/Sem-Titulo-150x150.jpg","contentUrl":"https:\/\/www.altominho.tv\/site\/wp-content\/uploads\/2022\/10\/Sem-Titulo-150x150.jpg","caption":"Cesar Lopes"},"url":"https:\/\/www.altominho.tv\/site\/author\/cesarlopes\/"}]}},"_links":{"self":[{"href":"https:\/\/www.altominho.tv\/site\/wp-json\/wp\/v2\/posts\/89758","targetHints":{"allow":["GET"]}}],"collection":[{"href":"https:\/\/www.altominho.tv\/site\/wp-json\/wp\/v2\/posts"}],"about":[{"href":"https:\/\/www.altominho.tv\/site\/wp-json\/wp\/v2\/types\/post"}],"author":[{"embeddable":true,"href":"https:\/\/www.altominho.tv\/site\/wp-json\/wp\/v2\/users\/24"}],"replies":[{"embeddable":true,"href":"https:\/\/www.altominho.tv\/site\/wp-json\/wp\/v2\/comments?post=89758"}],"version-history":[{"count":1,"href":"https:\/\/www.altominho.tv\/site\/wp-json\/wp\/v2\/posts\/89758\/revisions"}],"predecessor-version":[{"id":89760,"href":"https:\/\/www.altominho.tv\/site\/wp-json\/wp\/v2\/posts\/89758\/revisions\/89760"}],"wp:featuredmedia":[{"embeddable":true,"href":"https:\/\/www.altominho.tv\/site\/wp-json\/wp\/v2\/media\/89759"}],"wp:attachment":[{"href":"https:\/\/www.altominho.tv\/site\/wp-json\/wp\/v2\/media?parent=89758"}],"wp:term":[{"taxonomy":"category","embeddable":true,"href":"https:\/\/www.altominho.tv\/site\/wp-json\/wp\/v2\/categories?post=89758"},{"taxonomy":"post_tag","embeddable":true,"href":"https:\/\/www.altominho.tv\/site\/wp-json\/wp\/v2\/tags?post=89758"}],"curies":[{"name":"wp","href":"https:\/\/api.w.org\/{rel}","templated":true}]}}