{"id":89543,"date":"2023-03-02T10:39:10","date_gmt":"2023-03-02T10:39:10","guid":{"rendered":"https:\/\/www.altominho.tv\/site\/?p=89543"},"modified":"2023-03-02T10:39:16","modified_gmt":"2023-03-02T10:39:16","slug":"professores-voltam-esta-quinta-feira-a-manifestar-se-em-moncao","status":"publish","type":"post","link":"https:\/\/www.altominho.tv\/site\/2023\/03\/02\/professores-voltam-esta-quinta-feira-a-manifestar-se-em-moncao\/","title":{"rendered":"Professores voltam esta quinta-feira a manifestar-se em Mon\u00e7\u00e3o"},"content":{"rendered":"<p>Professores de v\u00e1rias escolas do distrito de Viana do Castelo voltam esta quinta-feira a manifestar-se em Mon\u00e7\u00e3o contra as pol\u00edticas de Educa\u00e7\u00e3o. A vig\u00edlia de protesto tem in\u00edcio marcado para as 20h30, na Pra\u00e7a da Rep\u00fablica.<\/p>\n<p>Depois de v\u00e1rias concentra\u00e7\u00f5es organizadas em Viana do Castelo desde setembro, centenas de profissionais da Educa\u00e7\u00e3o do Alto Minho voltam a sair \u00e0 rua para exigir mais respeito e valoriza\u00e7\u00e3o da carreira profissional.<\/p>\n<p>Em comunicado, a organiza\u00e7\u00e3o da iniciativa afirma que se trata de uma &#8220;situa\u00e7\u00e3o in\u00e9dita&#8221;, que revela &#8220;o enorme descontentamento com as pol\u00edticas educativas deste Governo, que t\u00eam levado \u00e0 indesment\u00edvel fuga de professores e ao abandono da carreira&#8221;.<\/p>\n<p>Al\u00e9m de exigirem melhores condi\u00e7\u00f5es para todos os profissionais das escolas, contestam a proposta do Governo para altera\u00e7\u00e3o do regime de concursos de docentes e reivindicam tamb\u00e9m o direito \u00e0 greve: &#8220;\u00c9 sabido que foram determinados servi\u00e7os m\u00ednimos \u00e0 greve do Sindicato de Todos os Profissionais de Educa\u00e7\u00e3o (STOP), e que agora foram estendidos a mais sindicatos. (&#8230;) Ningu\u00e9m pode questionar um trabalhador acerca do sindicato ao qual est\u00e1 afeto e\/ou quando pretende, ou n\u00e3o, aderir; ningu\u00e9m pode, do mesmo modo, questionar um trabalhador quando e qual a greve que pretende, ou n\u00e3o, aderir&#8221;.<\/p>\n<p>&#8220;Alguns sindicatos j\u00e1 anunciaram que ir\u00e3o interpor a\u00e7\u00f5es em tribunal no sentido de evitar estes abusos de poder, mas sobretudo porque estes servi\u00e7os m\u00ednimos, cegos e que se est\u00e3o a aplicar a tudo e a todos, colocam em causa o direito constitucional \u00e0 greve&#8221;, l\u00ea-se ainda no comunicado enviado \u00e0 imprensa.<\/p>\n<p>E acrescenta: &#8220;Perante tudo isto, as escolas do distrito de Viana do Castelo est\u00e3o e continuar\u00e3o a estar em protesto, pois este avolumar de situa\u00e7\u00f5es n\u00e3o t\u00eam fim \u00e0 vista, pelo contr\u00e1rio.&#8221;<\/p>\n<p>A vig\u00edlia marcada para esta quinta-feira &#8220;incluir\u00e1 interven\u00e7\u00f5es e discursos e a ocupa\u00e7\u00e3o da via p\u00fablica&#8221;, podendo &#8220;ocorrer manifesta\u00e7\u00f5es de protestos e\/ou cord\u00f5es humanos dinamizados pelos profissionais da Educa\u00e7\u00e3o, sempre de forma civilizada e ordeira e onde estar\u00e3o tamb\u00e9m presentes encarregados de educa\u00e7\u00e3o, alunos e apoiantes do movimento&#8221;.<\/p>\n<p>No passado dia 12 de janeiro, mais de uma centena de <a href=\"\/\/www.altominho.tv\/site\/2023\/01\/12\/marcha-pela-educacao-reune-mais-de-uma-centena-de-professores-em-moncao\/\">professores <\/a><span style=\"font-size: revert\"><a href=\"_wp_link_placeholder\">do agrupamento de escolas de Mon\u00e7\u00e3o uniram-se numa marcha de protesto<\/a> que percorreu as principais ruas da vila, desde a escola secund\u00e1ria at\u00e9 \u00e0 pra\u00e7a em frente ao edif\u00edcio da C\u00e2mara Municipal de Mon\u00e7\u00e3o.<\/span><\/p>\n","protected":false},"excerpt":{"rendered":"<p>Professores de v\u00e1rias escolas do distrito de Viana do Castelo voltam esta quinta-feira a manifestar-se em Mon\u00e7\u00e3o contra as pol\u00edticas de Educa\u00e7\u00e3o. A vig\u00edlia de protesto tem in\u00edcio marcado para as 20h30, na Pra\u00e7a da Rep\u00fablica. Depois de v\u00e1rias concentra\u00e7\u00f5es organizadas em Viana do Castelo desde setembro, centenas de profissionais da Educa\u00e7\u00e3o do Alto Minho [&hellip;]<\/p>\n","protected":false},"author":12,"featured_media":89549,"comment_status":"closed","ping_status":"closed","sticky":false,"template":"","format":"standard","meta":{"_exactmetrics_skip_tracking":false,"_exactmetrics_sitenote_active":false,"_exactmetrics_sitenote_note":"","_exactmetrics_sitenote_category":0,"footnotes":""},"categories":[9],"tags":[22],"class_list":["post-89543","post","type-post","status-publish","format-standard","has-post-thumbnail","hentry","category-moncao","tag-educacao"],"yoast_head":"<!-- This site is optimized with the Yoast SEO Premium plugin v27.5 (Yoast SEO v27.5) - https:\/\/yoast.com\/product\/yoast-seo-premium-wordpress\/ -->\n<title>Professores voltam esta quinta-feira a manifestar-se em Mon\u00e7\u00e3o<\/title>\n<meta name=\"description\" content=\"Professores de v\u00e1rias escolas do distrito de Viana do Castelo voltam a manifestar-se em Mon\u00e7\u00e3o contra as pol\u00edticas de Educa\u00e7\u00e3o.\" \/>\n<meta name=\"robots\" content=\"index, follow, max-snippet:-1, max-image-preview:large, max-video-preview:-1\" \/>\n<link rel=\"canonical\" href=\"https:\/\/www.altominho.tv\/site\/2023\/03\/02\/professores-voltam-esta-quinta-feira-a-manifestar-se-em-moncao\/\" \/>\n<meta property=\"og:locale\" content=\"pt_PT\" \/>\n<meta property=\"og:type\" content=\"article\" \/>\n<meta property=\"og:title\" content=\"Professores voltam esta quinta-feira a manifestar-se em Mon\u00e7\u00e3o\" \/>\n<meta property=\"og:description\" content=\"Professores de v\u00e1rias escolas do distrito de Viana do Castelo voltam a manifestar-se em Mon\u00e7\u00e3o contra as pol\u00edticas de Educa\u00e7\u00e3o.\" \/>\n<meta property=\"og:url\" content=\"https:\/\/www.altominho.tv\/site\/2023\/03\/02\/professores-voltam-esta-quinta-feira-a-manifestar-se-em-moncao\/\" \/>\n<meta property=\"og:site_name\" content=\"Altominho.tv\" \/>\n<meta property=\"article:publisher\" content=\"https:\/\/www.facebook.com\/altominhotv\" \/>\n<meta property=\"article:published_time\" content=\"2023-03-02T10:39:10+00:00\" \/>\n<meta property=\"article:modified_time\" content=\"2023-03-02T10:39:16+00:00\" \/>\n<meta property=\"og:image\" content=\"https:\/\/www.altominho.tv\/site\/wp-content\/uploads\/2023\/03\/Manifestacao-professores-Moncao.jpg\" \/>\n\t<meta property=\"og:image:width\" content=\"1181\" \/>\n\t<meta property=\"og:image:height\" content=\"664\" \/>\n\t<meta property=\"og:image:type\" content=\"image\/jpeg\" \/>\n<meta name=\"author\" content=\"Andreia Ferreira\" \/>\n<meta name=\"twitter:card\" content=\"summary_large_image\" \/>\n<meta name=\"twitter:creator\" content=\"@altominhoTV\" \/>\n<meta name=\"twitter:site\" content=\"@altominhoTV\" \/>\n<meta name=\"twitter:label1\" content=\"Escrito por\" \/>\n\t<meta name=\"twitter:data1\" content=\"Andreia Ferreira\" \/>\n\t<meta name=\"twitter:label2\" content=\"Tempo estimado de leitura\" \/>\n\t<meta name=\"twitter:data2\" content=\"3 minutos\" \/>\n<script type=\"application\/ld+json\" class=\"yoast-schema-graph\">{\"@context\":\"https:\\\/\\\/schema.org\",\"@graph\":[{\"@type\":\"Article\",\"@id\":\"https:\\\/\\\/www.altominho.tv\\\/site\\\/2023\\\/03\\\/02\\\/professores-voltam-esta-quinta-feira-a-manifestar-se-em-moncao\\\/#article\",\"isPartOf\":{\"@id\":\"https:\\\/\\\/www.altominho.tv\\\/site\\\/2023\\\/03\\\/02\\\/professores-voltam-esta-quinta-feira-a-manifestar-se-em-moncao\\\/\"},\"author\":{\"name\":\"Andreia Ferreira\",\"@id\":\"https:\\\/\\\/www.altominho.tv\\\/site\\\/#\\\/schema\\\/person\\\/d9be4265364723f14ea8e0d56a1d38cd\"},\"headline\":\"Professores voltam esta quinta-feira a manifestar-se em Mon\u00e7\u00e3o\",\"datePublished\":\"2023-03-02T10:39:10+00:00\",\"dateModified\":\"2023-03-02T10:39:16+00:00\",\"mainEntityOfPage\":{\"@id\":\"https:\\\/\\\/www.altominho.tv\\\/site\\\/2023\\\/03\\\/02\\\/professores-voltam-esta-quinta-feira-a-manifestar-se-em-moncao\\\/\"},\"wordCount\":435,\"image\":{\"@id\":\"https:\\\/\\\/www.altominho.tv\\\/site\\\/2023\\\/03\\\/02\\\/professores-voltam-esta-quinta-feira-a-manifestar-se-em-moncao\\\/#primaryimage\"},\"thumbnailUrl\":\"https:\\\/\\\/www.altominho.tv\\\/site\\\/wp-content\\\/uploads\\\/2023\\\/03\\\/Manifestacao-professores-Moncao.jpg\",\"keywords\":[\"Educa\u00e7\u00e3o\"],\"articleSection\":[\"Mon\u00e7\u00e3o\"],\"inLanguage\":\"pt-PT\",\"copyrightYear\":\"2023\",\"copyrightHolder\":{\"@id\":\"https:\\\/\\\/www.altominho.tv\\\/site\\\/#organization\"}},{\"@type\":\"WebPage\",\"@id\":\"https:\\\/\\\/www.altominho.tv\\\/site\\\/2023\\\/03\\\/02\\\/professores-voltam-esta-quinta-feira-a-manifestar-se-em-moncao\\\/\",\"url\":\"https:\\\/\\\/www.altominho.tv\\\/site\\\/2023\\\/03\\\/02\\\/professores-voltam-esta-quinta-feira-a-manifestar-se-em-moncao\\\/\",\"name\":\"Professores voltam esta quinta-feira a manifestar-se em Mon\u00e7\u00e3o\",\"isPartOf\":{\"@id\":\"https:\\\/\\\/www.altominho.tv\\\/site\\\/#website\"},\"primaryImageOfPage\":{\"@id\":\"https:\\\/\\\/www.altominho.tv\\\/site\\\/2023\\\/03\\\/02\\\/professores-voltam-esta-quinta-feira-a-manifestar-se-em-moncao\\\/#primaryimage\"},\"image\":{\"@id\":\"https:\\\/\\\/www.altominho.tv\\\/site\\\/2023\\\/03\\\/02\\\/professores-voltam-esta-quinta-feira-a-manifestar-se-em-moncao\\\/#primaryimage\"},\"thumbnailUrl\":\"https:\\\/\\\/www.altominho.tv\\\/site\\\/wp-content\\\/uploads\\\/2023\\\/03\\\/Manifestacao-professores-Moncao.jpg\",\"datePublished\":\"2023-03-02T10:39:10+00:00\",\"dateModified\":\"2023-03-02T10:39:16+00:00\",\"author\":{\"@id\":\"https:\\\/\\\/www.altominho.tv\\\/site\\\/#\\\/schema\\\/person\\\/d9be4265364723f14ea8e0d56a1d38cd\"},\"description\":\"Professores de v\u00e1rias escolas do distrito de Viana do Castelo voltam a manifestar-se em Mon\u00e7\u00e3o contra as pol\u00edticas de Educa\u00e7\u00e3o.\",\"breadcrumb\":{\"@id\":\"https:\\\/\\\/www.altominho.tv\\\/site\\\/2023\\\/03\\\/02\\\/professores-voltam-esta-quinta-feira-a-manifestar-se-em-moncao\\\/#breadcrumb\"},\"inLanguage\":\"pt-PT\",\"potentialAction\":[{\"@type\":\"ReadAction\",\"target\":[\"https:\\\/\\\/www.altominho.tv\\\/site\\\/2023\\\/03\\\/02\\\/professores-voltam-esta-quinta-feira-a-manifestar-se-em-moncao\\\/\"]}]},{\"@type\":\"ImageObject\",\"inLanguage\":\"pt-PT\",\"@id\":\"https:\\\/\\\/www.altominho.tv\\\/site\\\/2023\\\/03\\\/02\\\/professores-voltam-esta-quinta-feira-a-manifestar-se-em-moncao\\\/#primaryimage\",\"url\":\"https:\\\/\\\/www.altominho.tv\\\/site\\\/wp-content\\\/uploads\\\/2023\\\/03\\\/Manifestacao-professores-Moncao.jpg\",\"contentUrl\":\"https:\\\/\\\/www.altominho.tv\\\/site\\\/wp-content\\\/uploads\\\/2023\\\/03\\\/Manifestacao-professores-Moncao.jpg\",\"width\":1181,\"height\":664},{\"@type\":\"BreadcrumbList\",\"@id\":\"https:\\\/\\\/www.altominho.tv\\\/site\\\/2023\\\/03\\\/02\\\/professores-voltam-esta-quinta-feira-a-manifestar-se-em-moncao\\\/#breadcrumb\",\"itemListElement\":[{\"@type\":\"ListItem\",\"position\":1,\"name\":\"In\u00edcio\",\"item\":\"https:\\\/\\\/www.altominho.tv\\\/site\\\/\"},{\"@type\":\"ListItem\",\"position\":2,\"name\":\"Professores voltam esta quinta-feira a manifestar-se em Mon\u00e7\u00e3o\"}]},{\"@type\":\"WebSite\",\"@id\":\"https:\\\/\\\/www.altominho.tv\\\/site\\\/#website\",\"url\":\"https:\\\/\\\/www.altominho.tv\\\/site\\\/\",\"name\":\"Altominho.tv\",\"description\":\"A sua regi\u00e3o \u00e0 dist\u00e2ncia de um clique...\",\"potentialAction\":[{\"@type\":\"SearchAction\",\"target\":{\"@type\":\"EntryPoint\",\"urlTemplate\":\"https:\\\/\\\/www.altominho.tv\\\/site\\\/?s={search_term_string}\"},\"query-input\":{\"@type\":\"PropertyValueSpecification\",\"valueRequired\":true,\"valueName\":\"search_term_string\"}}],\"inLanguage\":\"pt-PT\"},{\"@type\":\"Person\",\"@id\":\"https:\\\/\\\/www.altominho.tv\\\/site\\\/#\\\/schema\\\/person\\\/d9be4265364723f14ea8e0d56a1d38cd\",\"name\":\"Andreia Ferreira\",\"image\":{\"@type\":\"ImageObject\",\"inLanguage\":\"pt-PT\",\"@id\":\"https:\\\/\\\/www.altominho.tv\\\/site\\\/wp-content\\\/uploads\\\/2021\\\/01\\\/AndreiaFerreira-150x150.jpg\",\"url\":\"https:\\\/\\\/www.altominho.tv\\\/site\\\/wp-content\\\/uploads\\\/2021\\\/01\\\/AndreiaFerreira-150x150.jpg\",\"contentUrl\":\"https:\\\/\\\/www.altominho.tv\\\/site\\\/wp-content\\\/uploads\\\/2021\\\/01\\\/AndreiaFerreira-150x150.jpg\",\"caption\":\"Andreia Ferreira\"},\"url\":\"https:\\\/\\\/www.altominho.tv\\\/site\\\/author\\\/andreiaferreira\\\/\"}]}<\/script>\n<!-- \/ Yoast SEO Premium plugin. -->","yoast_head_json":{"title":"Professores voltam esta quinta-feira a manifestar-se em Mon\u00e7\u00e3o","description":"Professores de v\u00e1rias escolas do distrito de Viana do Castelo voltam a manifestar-se em Mon\u00e7\u00e3o contra as pol\u00edticas de Educa\u00e7\u00e3o.","robots":{"index":"index","follow":"follow","max-snippet":"max-snippet:-1","max-image-preview":"max-image-preview:large","max-video-preview":"max-video-preview:-1"},"canonical":"https:\/\/www.altominho.tv\/site\/2023\/03\/02\/professores-voltam-esta-quinta-feira-a-manifestar-se-em-moncao\/","og_locale":"pt_PT","og_type":"article","og_title":"Professores voltam esta quinta-feira a manifestar-se em Mon\u00e7\u00e3o","og_description":"Professores de v\u00e1rias escolas do distrito de Viana do Castelo voltam a manifestar-se em Mon\u00e7\u00e3o contra as pol\u00edticas de Educa\u00e7\u00e3o.","og_url":"https:\/\/www.altominho.tv\/site\/2023\/03\/02\/professores-voltam-esta-quinta-feira-a-manifestar-se-em-moncao\/","og_site_name":"Altominho.tv","article_publisher":"https:\/\/www.facebook.com\/altominhotv","article_published_time":"2023-03-02T10:39:10+00:00","article_modified_time":"2023-03-02T10:39:16+00:00","og_image":[{"width":1181,"height":664,"url":"https:\/\/www.altominho.tv\/site\/wp-content\/uploads\/2023\/03\/Manifestacao-professores-Moncao.jpg","type":"image\/jpeg"}],"author":"Andreia Ferreira","twitter_card":"summary_large_image","twitter_creator":"@altominhoTV","twitter_site":"@altominhoTV","twitter_misc":{"Escrito por":"Andreia Ferreira","Tempo estimado de leitura":"3 minutos"},"schema":{"@context":"https:\/\/schema.org","@graph":[{"@type":"Article","@id":"https:\/\/www.altominho.tv\/site\/2023\/03\/02\/professores-voltam-esta-quinta-feira-a-manifestar-se-em-moncao\/#article","isPartOf":{"@id":"https:\/\/www.altominho.tv\/site\/2023\/03\/02\/professores-voltam-esta-quinta-feira-a-manifestar-se-em-moncao\/"},"author":{"name":"Andreia Ferreira","@id":"https:\/\/www.altominho.tv\/site\/#\/schema\/person\/d9be4265364723f14ea8e0d56a1d38cd"},"headline":"Professores voltam esta quinta-feira a manifestar-se em Mon\u00e7\u00e3o","datePublished":"2023-03-02T10:39:10+00:00","dateModified":"2023-03-02T10:39:16+00:00","mainEntityOfPage":{"@id":"https:\/\/www.altominho.tv\/site\/2023\/03\/02\/professores-voltam-esta-quinta-feira-a-manifestar-se-em-moncao\/"},"wordCount":435,"image":{"@id":"https:\/\/www.altominho.tv\/site\/2023\/03\/02\/professores-voltam-esta-quinta-feira-a-manifestar-se-em-moncao\/#primaryimage"},"thumbnailUrl":"https:\/\/www.altominho.tv\/site\/wp-content\/uploads\/2023\/03\/Manifestacao-professores-Moncao.jpg","keywords":["Educa\u00e7\u00e3o"],"articleSection":["Mon\u00e7\u00e3o"],"inLanguage":"pt-PT","copyrightYear":"2023","copyrightHolder":{"@id":"https:\/\/www.altominho.tv\/site\/#organization"}},{"@type":"WebPage","@id":"https:\/\/www.altominho.tv\/site\/2023\/03\/02\/professores-voltam-esta-quinta-feira-a-manifestar-se-em-moncao\/","url":"https:\/\/www.altominho.tv\/site\/2023\/03\/02\/professores-voltam-esta-quinta-feira-a-manifestar-se-em-moncao\/","name":"Professores voltam esta quinta-feira a manifestar-se em Mon\u00e7\u00e3o","isPartOf":{"@id":"https:\/\/www.altominho.tv\/site\/#website"},"primaryImageOfPage":{"@id":"https:\/\/www.altominho.tv\/site\/2023\/03\/02\/professores-voltam-esta-quinta-feira-a-manifestar-se-em-moncao\/#primaryimage"},"image":{"@id":"https:\/\/www.altominho.tv\/site\/2023\/03\/02\/professores-voltam-esta-quinta-feira-a-manifestar-se-em-moncao\/#primaryimage"},"thumbnailUrl":"https:\/\/www.altominho.tv\/site\/wp-content\/uploads\/2023\/03\/Manifestacao-professores-Moncao.jpg","datePublished":"2023-03-02T10:39:10+00:00","dateModified":"2023-03-02T10:39:16+00:00","author":{"@id":"https:\/\/www.altominho.tv\/site\/#\/schema\/person\/d9be4265364723f14ea8e0d56a1d38cd"},"description":"Professores de v\u00e1rias escolas do distrito de Viana do Castelo voltam a manifestar-se em Mon\u00e7\u00e3o contra as pol\u00edticas de Educa\u00e7\u00e3o.","breadcrumb":{"@id":"https:\/\/www.altominho.tv\/site\/2023\/03\/02\/professores-voltam-esta-quinta-feira-a-manifestar-se-em-moncao\/#breadcrumb"},"inLanguage":"pt-PT","potentialAction":[{"@type":"ReadAction","target":["https:\/\/www.altominho.tv\/site\/2023\/03\/02\/professores-voltam-esta-quinta-feira-a-manifestar-se-em-moncao\/"]}]},{"@type":"ImageObject","inLanguage":"pt-PT","@id":"https:\/\/www.altominho.tv\/site\/2023\/03\/02\/professores-voltam-esta-quinta-feira-a-manifestar-se-em-moncao\/#primaryimage","url":"https:\/\/www.altominho.tv\/site\/wp-content\/uploads\/2023\/03\/Manifestacao-professores-Moncao.jpg","contentUrl":"https:\/\/www.altominho.tv\/site\/wp-content\/uploads\/2023\/03\/Manifestacao-professores-Moncao.jpg","width":1181,"height":664},{"@type":"BreadcrumbList","@id":"https:\/\/www.altominho.tv\/site\/2023\/03\/02\/professores-voltam-esta-quinta-feira-a-manifestar-se-em-moncao\/#breadcrumb","itemListElement":[{"@type":"ListItem","position":1,"name":"In\u00edcio","item":"https:\/\/www.altominho.tv\/site\/"},{"@type":"ListItem","position":2,"name":"Professores voltam esta quinta-feira a manifestar-se em Mon\u00e7\u00e3o"}]},{"@type":"WebSite","@id":"https:\/\/www.altominho.tv\/site\/#website","url":"https:\/\/www.altominho.tv\/site\/","name":"Altominho.tv","description":"A sua regi\u00e3o \u00e0 dist\u00e2ncia de um clique...","potentialAction":[{"@type":"SearchAction","target":{"@type":"EntryPoint","urlTemplate":"https:\/\/www.altominho.tv\/site\/?s={search_term_string}"},"query-input":{"@type":"PropertyValueSpecification","valueRequired":true,"valueName":"search_term_string"}}],"inLanguage":"pt-PT"},{"@type":"Person","@id":"https:\/\/www.altominho.tv\/site\/#\/schema\/person\/d9be4265364723f14ea8e0d56a1d38cd","name":"Andreia Ferreira","image":{"@type":"ImageObject","inLanguage":"pt-PT","@id":"https:\/\/www.altominho.tv\/site\/wp-content\/uploads\/2021\/01\/AndreiaFerreira-150x150.jpg","url":"https:\/\/www.altominho.tv\/site\/wp-content\/uploads\/2021\/01\/AndreiaFerreira-150x150.jpg","contentUrl":"https:\/\/www.altominho.tv\/site\/wp-content\/uploads\/2021\/01\/AndreiaFerreira-150x150.jpg","caption":"Andreia Ferreira"},"url":"https:\/\/www.altominho.tv\/site\/author\/andreiaferreira\/"}]}},"_links":{"self":[{"href":"https:\/\/www.altominho.tv\/site\/wp-json\/wp\/v2\/posts\/89543","targetHints":{"allow":["GET"]}}],"collection":[{"href":"https:\/\/www.altominho.tv\/site\/wp-json\/wp\/v2\/posts"}],"about":[{"href":"https:\/\/www.altominho.tv\/site\/wp-json\/wp\/v2\/types\/post"}],"author":[{"embeddable":true,"href":"https:\/\/www.altominho.tv\/site\/wp-json\/wp\/v2\/users\/12"}],"replies":[{"embeddable":true,"href":"https:\/\/www.altominho.tv\/site\/wp-json\/wp\/v2\/comments?post=89543"}],"version-history":[{"count":4,"href":"https:\/\/www.altominho.tv\/site\/wp-json\/wp\/v2\/posts\/89543\/revisions"}],"predecessor-version":[{"id":89548,"href":"https:\/\/www.altominho.tv\/site\/wp-json\/wp\/v2\/posts\/89543\/revisions\/89548"}],"wp:featuredmedia":[{"embeddable":true,"href":"https:\/\/www.altominho.tv\/site\/wp-json\/wp\/v2\/media\/89549"}],"wp:attachment":[{"href":"https:\/\/www.altominho.tv\/site\/wp-json\/wp\/v2\/media?parent=89543"}],"wp:term":[{"taxonomy":"category","embeddable":true,"href":"https:\/\/www.altominho.tv\/site\/wp-json\/wp\/v2\/categories?post=89543"},{"taxonomy":"post_tag","embeddable":true,"href":"https:\/\/www.altominho.tv\/site\/wp-json\/wp\/v2\/tags?post=89543"}],"curies":[{"name":"wp","href":"https:\/\/api.w.org\/{rel}","templated":true}]}}