{"id":89382,"date":"2023-02-24T10:59:30","date_gmt":"2023-02-24T10:59:30","guid":{"rendered":"https:\/\/www.altominho.tv\/site\/?p=89382"},"modified":"2023-02-24T10:59:35","modified_gmt":"2023-02-24T10:59:35","slug":"moncao-leonilda-celebra-102-anos-e-continua-a-comandar","status":"publish","type":"post","link":"https:\/\/www.altominho.tv\/site\/2023\/02\/24\/moncao-leonilda-celebra-102-anos-e-continua-a-comandar\/","title":{"rendered":"Mon\u00e7\u00e3o: Leonilda celebra 102 anos e continua a &#8220;comandar&#8221;"},"content":{"rendered":"<p>Leonilda Pires, de Mon\u00e7\u00e3o, celebra esta sexta-feira 102 anos de vida e continua a &#8220;comandar os destinos&#8221; na casa onde vive desde que nasceu.<\/p>\n<p>Natural de Quintela, Riba de Mouro, Leonilda \u00e9 a mais velha de quatro irm\u00e3os, sendo que dois j\u00e1 faleceram. Vi\u00fava desde os 47 anos, j\u00e1 perdeu tamb\u00e9m um filho e um genro.<\/p>\n<p>&#8220;Ela vive com uma filha e d\u00e1 as instru\u00e7\u00f5es todas sobre o que se vai fazer durante o dia, seja segar erva ou tratar das ovelhas&#8221;, conta \u00e0 <strong>Altominho TV<\/strong> a sobrinha, Marlene Pires.<\/p>\n<p>Leonilda Pires colocou um pacemaker h\u00e1 oito anos e j\u00e1 passou por uma interven\u00e7\u00e3o cir\u00fargica \u00e0 anca que lhe proporcionou mais mobilidade.<\/p>\n<p>&#8220;Principalmente ao domingo, a sua casa \u00e9 frequentada por muita gente da fam\u00edlia e tamb\u00e9m por vizinhos. Ela adora conversar e ver a missa na televis\u00e3o&#8221;, acrescenta.<\/p>\n","protected":false},"excerpt":{"rendered":"<p>Leonilda Pires, de Mon\u00e7\u00e3o, celebra esta sexta-feira 102 anos de vida e continua a &#8220;comandar os destinos&#8221; na casa onde vive desde que nasceu. Natural de Quintela, Riba de Mouro, Leonilda \u00e9 a mais velha de quatro irm\u00e3os, sendo que dois j\u00e1 faleceram. Vi\u00fava desde os 47 anos, j\u00e1 perdeu tamb\u00e9m um filho e um [&hellip;]<\/p>\n","protected":false},"author":24,"featured_media":89330,"comment_status":"closed","ping_status":"closed","sticky":false,"template":"","format":"standard","meta":{"_exactmetrics_skip_tracking":false,"_exactmetrics_sitenote_active":false,"_exactmetrics_sitenote_note":"","_exactmetrics_sitenote_category":0,"footnotes":""},"categories":[9],"tags":[23],"class_list":["post-89382","post","type-post","status-publish","format-standard","has-post-thumbnail","hentry","category-moncao","tag-gente"],"yoast_head":"<!-- This site is optimized with the Yoast SEO Premium plugin v27.5 (Yoast SEO v27.5) - https:\/\/yoast.com\/product\/yoast-seo-premium-wordpress\/ -->\n<title>Mon\u00e7\u00e3o: Leonilda celebra 102 anos e continua a &quot;comandar&quot;<\/title>\n<meta name=\"description\" content=\"Leonilda Pires, de Mon\u00e7\u00e3o, celebra esta sexta-feira 102 anos de vida e continua a &quot;comandar os destinos&quot; na casa onde vive desde que nasceu.\" \/>\n<meta name=\"robots\" content=\"index, follow, max-snippet:-1, max-image-preview:large, max-video-preview:-1\" \/>\n<link rel=\"canonical\" href=\"https:\/\/www.altominho.tv\/site\/2023\/02\/24\/moncao-leonilda-celebra-102-anos-e-continua-a-comandar\/\" \/>\n<meta property=\"og:locale\" content=\"pt_PT\" \/>\n<meta property=\"og:type\" content=\"article\" \/>\n<meta property=\"og:title\" content=\"Mon\u00e7\u00e3o: Leonilda celebra 102 anos e continua a &quot;comandar&quot;\" \/>\n<meta property=\"og:description\" content=\"Leonilda Pires, de Mon\u00e7\u00e3o, celebra esta sexta-feira 102 anos de vida e continua a &quot;comandar os destinos&quot; na casa onde vive desde que nasceu.\" \/>\n<meta property=\"og:url\" content=\"https:\/\/www.altominho.tv\/site\/2023\/02\/24\/moncao-leonilda-celebra-102-anos-e-continua-a-comandar\/\" \/>\n<meta property=\"og:site_name\" content=\"Altominho.tv\" \/>\n<meta property=\"article:publisher\" content=\"https:\/\/www.facebook.com\/altominhotv\" \/>\n<meta property=\"article:published_time\" content=\"2023-02-24T10:59:30+00:00\" \/>\n<meta property=\"article:modified_time\" content=\"2023-02-24T10:59:35+00:00\" \/>\n<meta property=\"og:image\" content=\"https:\/\/www.altominho.tv\/site\/wp-content\/uploads\/2023\/02\/Sem-Titulo-1.jpg\" \/>\n\t<meta property=\"og:image:width\" content=\"1890\" \/>\n\t<meta property=\"og:image:height\" content=\"1063\" \/>\n\t<meta property=\"og:image:type\" content=\"image\/jpeg\" \/>\n<meta name=\"author\" content=\"Cesar Lopes\" \/>\n<meta name=\"twitter:card\" content=\"summary_large_image\" \/>\n<meta name=\"twitter:creator\" content=\"@altominhoTV\" \/>\n<meta name=\"twitter:site\" content=\"@altominhoTV\" \/>\n<meta name=\"twitter:label1\" content=\"Escrito por\" \/>\n\t<meta name=\"twitter:data1\" content=\"Cesar Lopes\" \/>\n\t<meta name=\"twitter:label2\" content=\"Tempo estimado de leitura\" \/>\n\t<meta name=\"twitter:data2\" content=\"1 minuto\" \/>\n<script type=\"application\/ld+json\" class=\"yoast-schema-graph\">{\"@context\":\"https:\\\/\\\/schema.org\",\"@graph\":[{\"@type\":\"Article\",\"@id\":\"https:\\\/\\\/www.altominho.tv\\\/site\\\/2023\\\/02\\\/24\\\/moncao-leonilda-celebra-102-anos-e-continua-a-comandar\\\/#article\",\"isPartOf\":{\"@id\":\"https:\\\/\\\/www.altominho.tv\\\/site\\\/2023\\\/02\\\/24\\\/moncao-leonilda-celebra-102-anos-e-continua-a-comandar\\\/\"},\"author\":{\"name\":\"Cesar Lopes\",\"@id\":\"https:\\\/\\\/www.altominho.tv\\\/site\\\/#\\\/schema\\\/person\\\/c5570e5afb933b8d08c43373326ef1b1\"},\"headline\":\"Mon\u00e7\u00e3o: Leonilda celebra 102 anos e continua a &#8220;comandar&#8221;\",\"datePublished\":\"2023-02-24T10:59:30+00:00\",\"dateModified\":\"2023-02-24T10:59:35+00:00\",\"mainEntityOfPage\":{\"@id\":\"https:\\\/\\\/www.altominho.tv\\\/site\\\/2023\\\/02\\\/24\\\/moncao-leonilda-celebra-102-anos-e-continua-a-comandar\\\/\"},\"wordCount\":152,\"image\":{\"@id\":\"https:\\\/\\\/www.altominho.tv\\\/site\\\/2023\\\/02\\\/24\\\/moncao-leonilda-celebra-102-anos-e-continua-a-comandar\\\/#primaryimage\"},\"thumbnailUrl\":\"https:\\\/\\\/www.altominho.tv\\\/site\\\/wp-content\\\/uploads\\\/2023\\\/02\\\/Sem-Titulo-1.jpg\",\"keywords\":[\"Gente\"],\"articleSection\":[\"Mon\u00e7\u00e3o\"],\"inLanguage\":\"pt-PT\",\"copyrightYear\":\"2023\",\"copyrightHolder\":{\"@id\":\"https:\\\/\\\/www.altominho.tv\\\/site\\\/#organization\"}},{\"@type\":\"WebPage\",\"@id\":\"https:\\\/\\\/www.altominho.tv\\\/site\\\/2023\\\/02\\\/24\\\/moncao-leonilda-celebra-102-anos-e-continua-a-comandar\\\/\",\"url\":\"https:\\\/\\\/www.altominho.tv\\\/site\\\/2023\\\/02\\\/24\\\/moncao-leonilda-celebra-102-anos-e-continua-a-comandar\\\/\",\"name\":\"Mon\u00e7\u00e3o: Leonilda celebra 102 anos e continua a \\\"comandar\\\"\",\"isPartOf\":{\"@id\":\"https:\\\/\\\/www.altominho.tv\\\/site\\\/#website\"},\"primaryImageOfPage\":{\"@id\":\"https:\\\/\\\/www.altominho.tv\\\/site\\\/2023\\\/02\\\/24\\\/moncao-leonilda-celebra-102-anos-e-continua-a-comandar\\\/#primaryimage\"},\"image\":{\"@id\":\"https:\\\/\\\/www.altominho.tv\\\/site\\\/2023\\\/02\\\/24\\\/moncao-leonilda-celebra-102-anos-e-continua-a-comandar\\\/#primaryimage\"},\"thumbnailUrl\":\"https:\\\/\\\/www.altominho.tv\\\/site\\\/wp-content\\\/uploads\\\/2023\\\/02\\\/Sem-Titulo-1.jpg\",\"datePublished\":\"2023-02-24T10:59:30+00:00\",\"dateModified\":\"2023-02-24T10:59:35+00:00\",\"author\":{\"@id\":\"https:\\\/\\\/www.altominho.tv\\\/site\\\/#\\\/schema\\\/person\\\/c5570e5afb933b8d08c43373326ef1b1\"},\"description\":\"Leonilda Pires, de Mon\u00e7\u00e3o, celebra esta sexta-feira 102 anos de vida e continua a \\\"comandar os destinos\\\" na casa onde vive desde que nasceu.\",\"breadcrumb\":{\"@id\":\"https:\\\/\\\/www.altominho.tv\\\/site\\\/2023\\\/02\\\/24\\\/moncao-leonilda-celebra-102-anos-e-continua-a-comandar\\\/#breadcrumb\"},\"inLanguage\":\"pt-PT\",\"potentialAction\":[{\"@type\":\"ReadAction\",\"target\":[\"https:\\\/\\\/www.altominho.tv\\\/site\\\/2023\\\/02\\\/24\\\/moncao-leonilda-celebra-102-anos-e-continua-a-comandar\\\/\"]}]},{\"@type\":\"ImageObject\",\"inLanguage\":\"pt-PT\",\"@id\":\"https:\\\/\\\/www.altominho.tv\\\/site\\\/2023\\\/02\\\/24\\\/moncao-leonilda-celebra-102-anos-e-continua-a-comandar\\\/#primaryimage\",\"url\":\"https:\\\/\\\/www.altominho.tv\\\/site\\\/wp-content\\\/uploads\\\/2023\\\/02\\\/Sem-Titulo-1.jpg\",\"contentUrl\":\"https:\\\/\\\/www.altominho.tv\\\/site\\\/wp-content\\\/uploads\\\/2023\\\/02\\\/Sem-Titulo-1.jpg\",\"width\":1890,\"height\":1063,\"caption\":\"DR\"},{\"@type\":\"BreadcrumbList\",\"@id\":\"https:\\\/\\\/www.altominho.tv\\\/site\\\/2023\\\/02\\\/24\\\/moncao-leonilda-celebra-102-anos-e-continua-a-comandar\\\/#breadcrumb\",\"itemListElement\":[{\"@type\":\"ListItem\",\"position\":1,\"name\":\"In\u00edcio\",\"item\":\"https:\\\/\\\/www.altominho.tv\\\/site\\\/\"},{\"@type\":\"ListItem\",\"position\":2,\"name\":\"Mon\u00e7\u00e3o: Leonilda celebra 102 anos e continua a &#8220;comandar&#8221;\"}]},{\"@type\":\"WebSite\",\"@id\":\"https:\\\/\\\/www.altominho.tv\\\/site\\\/#website\",\"url\":\"https:\\\/\\\/www.altominho.tv\\\/site\\\/\",\"name\":\"Altominho.tv\",\"description\":\"A sua regi\u00e3o \u00e0 dist\u00e2ncia de um clique...\",\"potentialAction\":[{\"@type\":\"SearchAction\",\"target\":{\"@type\":\"EntryPoint\",\"urlTemplate\":\"https:\\\/\\\/www.altominho.tv\\\/site\\\/?s={search_term_string}\"},\"query-input\":{\"@type\":\"PropertyValueSpecification\",\"valueRequired\":true,\"valueName\":\"search_term_string\"}}],\"inLanguage\":\"pt-PT\"},{\"@type\":\"Person\",\"@id\":\"https:\\\/\\\/www.altominho.tv\\\/site\\\/#\\\/schema\\\/person\\\/c5570e5afb933b8d08c43373326ef1b1\",\"name\":\"Cesar Lopes\",\"image\":{\"@type\":\"ImageObject\",\"inLanguage\":\"pt-PT\",\"@id\":\"https:\\\/\\\/www.altominho.tv\\\/site\\\/wp-content\\\/uploads\\\/2022\\\/10\\\/Sem-Titulo-150x150.jpg\",\"url\":\"https:\\\/\\\/www.altominho.tv\\\/site\\\/wp-content\\\/uploads\\\/2022\\\/10\\\/Sem-Titulo-150x150.jpg\",\"contentUrl\":\"https:\\\/\\\/www.altominho.tv\\\/site\\\/wp-content\\\/uploads\\\/2022\\\/10\\\/Sem-Titulo-150x150.jpg\",\"caption\":\"Cesar Lopes\"},\"url\":\"https:\\\/\\\/www.altominho.tv\\\/site\\\/author\\\/cesarlopes\\\/\"}]}<\/script>\n<!-- \/ Yoast SEO Premium plugin. -->","yoast_head_json":{"title":"Mon\u00e7\u00e3o: Leonilda celebra 102 anos e continua a \"comandar\"","description":"Leonilda Pires, de Mon\u00e7\u00e3o, celebra esta sexta-feira 102 anos de vida e continua a \"comandar os destinos\" na casa onde vive desde que nasceu.","robots":{"index":"index","follow":"follow","max-snippet":"max-snippet:-1","max-image-preview":"max-image-preview:large","max-video-preview":"max-video-preview:-1"},"canonical":"https:\/\/www.altominho.tv\/site\/2023\/02\/24\/moncao-leonilda-celebra-102-anos-e-continua-a-comandar\/","og_locale":"pt_PT","og_type":"article","og_title":"Mon\u00e7\u00e3o: Leonilda celebra 102 anos e continua a \"comandar\"","og_description":"Leonilda Pires, de Mon\u00e7\u00e3o, celebra esta sexta-feira 102 anos de vida e continua a \"comandar os destinos\" na casa onde vive desde que nasceu.","og_url":"https:\/\/www.altominho.tv\/site\/2023\/02\/24\/moncao-leonilda-celebra-102-anos-e-continua-a-comandar\/","og_site_name":"Altominho.tv","article_publisher":"https:\/\/www.facebook.com\/altominhotv","article_published_time":"2023-02-24T10:59:30+00:00","article_modified_time":"2023-02-24T10:59:35+00:00","og_image":[{"width":1890,"height":1063,"url":"https:\/\/www.altominho.tv\/site\/wp-content\/uploads\/2023\/02\/Sem-Titulo-1.jpg","type":"image\/jpeg"}],"author":"Cesar Lopes","twitter_card":"summary_large_image","twitter_creator":"@altominhoTV","twitter_site":"@altominhoTV","twitter_misc":{"Escrito por":"Cesar Lopes","Tempo estimado de leitura":"1 minuto"},"schema":{"@context":"https:\/\/schema.org","@graph":[{"@type":"Article","@id":"https:\/\/www.altominho.tv\/site\/2023\/02\/24\/moncao-leonilda-celebra-102-anos-e-continua-a-comandar\/#article","isPartOf":{"@id":"https:\/\/www.altominho.tv\/site\/2023\/02\/24\/moncao-leonilda-celebra-102-anos-e-continua-a-comandar\/"},"author":{"name":"Cesar Lopes","@id":"https:\/\/www.altominho.tv\/site\/#\/schema\/person\/c5570e5afb933b8d08c43373326ef1b1"},"headline":"Mon\u00e7\u00e3o: Leonilda celebra 102 anos e continua a &#8220;comandar&#8221;","datePublished":"2023-02-24T10:59:30+00:00","dateModified":"2023-02-24T10:59:35+00:00","mainEntityOfPage":{"@id":"https:\/\/www.altominho.tv\/site\/2023\/02\/24\/moncao-leonilda-celebra-102-anos-e-continua-a-comandar\/"},"wordCount":152,"image":{"@id":"https:\/\/www.altominho.tv\/site\/2023\/02\/24\/moncao-leonilda-celebra-102-anos-e-continua-a-comandar\/#primaryimage"},"thumbnailUrl":"https:\/\/www.altominho.tv\/site\/wp-content\/uploads\/2023\/02\/Sem-Titulo-1.jpg","keywords":["Gente"],"articleSection":["Mon\u00e7\u00e3o"],"inLanguage":"pt-PT","copyrightYear":"2023","copyrightHolder":{"@id":"https:\/\/www.altominho.tv\/site\/#organization"}},{"@type":"WebPage","@id":"https:\/\/www.altominho.tv\/site\/2023\/02\/24\/moncao-leonilda-celebra-102-anos-e-continua-a-comandar\/","url":"https:\/\/www.altominho.tv\/site\/2023\/02\/24\/moncao-leonilda-celebra-102-anos-e-continua-a-comandar\/","name":"Mon\u00e7\u00e3o: Leonilda celebra 102 anos e continua a \"comandar\"","isPartOf":{"@id":"https:\/\/www.altominho.tv\/site\/#website"},"primaryImageOfPage":{"@id":"https:\/\/www.altominho.tv\/site\/2023\/02\/24\/moncao-leonilda-celebra-102-anos-e-continua-a-comandar\/#primaryimage"},"image":{"@id":"https:\/\/www.altominho.tv\/site\/2023\/02\/24\/moncao-leonilda-celebra-102-anos-e-continua-a-comandar\/#primaryimage"},"thumbnailUrl":"https:\/\/www.altominho.tv\/site\/wp-content\/uploads\/2023\/02\/Sem-Titulo-1.jpg","datePublished":"2023-02-24T10:59:30+00:00","dateModified":"2023-02-24T10:59:35+00:00","author":{"@id":"https:\/\/www.altominho.tv\/site\/#\/schema\/person\/c5570e5afb933b8d08c43373326ef1b1"},"description":"Leonilda Pires, de Mon\u00e7\u00e3o, celebra esta sexta-feira 102 anos de vida e continua a \"comandar os destinos\" na casa onde vive desde que nasceu.","breadcrumb":{"@id":"https:\/\/www.altominho.tv\/site\/2023\/02\/24\/moncao-leonilda-celebra-102-anos-e-continua-a-comandar\/#breadcrumb"},"inLanguage":"pt-PT","potentialAction":[{"@type":"ReadAction","target":["https:\/\/www.altominho.tv\/site\/2023\/02\/24\/moncao-leonilda-celebra-102-anos-e-continua-a-comandar\/"]}]},{"@type":"ImageObject","inLanguage":"pt-PT","@id":"https:\/\/www.altominho.tv\/site\/2023\/02\/24\/moncao-leonilda-celebra-102-anos-e-continua-a-comandar\/#primaryimage","url":"https:\/\/www.altominho.tv\/site\/wp-content\/uploads\/2023\/02\/Sem-Titulo-1.jpg","contentUrl":"https:\/\/www.altominho.tv\/site\/wp-content\/uploads\/2023\/02\/Sem-Titulo-1.jpg","width":1890,"height":1063,"caption":"DR"},{"@type":"BreadcrumbList","@id":"https:\/\/www.altominho.tv\/site\/2023\/02\/24\/moncao-leonilda-celebra-102-anos-e-continua-a-comandar\/#breadcrumb","itemListElement":[{"@type":"ListItem","position":1,"name":"In\u00edcio","item":"https:\/\/www.altominho.tv\/site\/"},{"@type":"ListItem","position":2,"name":"Mon\u00e7\u00e3o: Leonilda celebra 102 anos e continua a &#8220;comandar&#8221;"}]},{"@type":"WebSite","@id":"https:\/\/www.altominho.tv\/site\/#website","url":"https:\/\/www.altominho.tv\/site\/","name":"Altominho.tv","description":"A sua regi\u00e3o \u00e0 dist\u00e2ncia de um clique...","potentialAction":[{"@type":"SearchAction","target":{"@type":"EntryPoint","urlTemplate":"https:\/\/www.altominho.tv\/site\/?s={search_term_string}"},"query-input":{"@type":"PropertyValueSpecification","valueRequired":true,"valueName":"search_term_string"}}],"inLanguage":"pt-PT"},{"@type":"Person","@id":"https:\/\/www.altominho.tv\/site\/#\/schema\/person\/c5570e5afb933b8d08c43373326ef1b1","name":"Cesar Lopes","image":{"@type":"ImageObject","inLanguage":"pt-PT","@id":"https:\/\/www.altominho.tv\/site\/wp-content\/uploads\/2022\/10\/Sem-Titulo-150x150.jpg","url":"https:\/\/www.altominho.tv\/site\/wp-content\/uploads\/2022\/10\/Sem-Titulo-150x150.jpg","contentUrl":"https:\/\/www.altominho.tv\/site\/wp-content\/uploads\/2022\/10\/Sem-Titulo-150x150.jpg","caption":"Cesar Lopes"},"url":"https:\/\/www.altominho.tv\/site\/author\/cesarlopes\/"}]}},"_links":{"self":[{"href":"https:\/\/www.altominho.tv\/site\/wp-json\/wp\/v2\/posts\/89382","targetHints":{"allow":["GET"]}}],"collection":[{"href":"https:\/\/www.altominho.tv\/site\/wp-json\/wp\/v2\/posts"}],"about":[{"href":"https:\/\/www.altominho.tv\/site\/wp-json\/wp\/v2\/types\/post"}],"author":[{"embeddable":true,"href":"https:\/\/www.altominho.tv\/site\/wp-json\/wp\/v2\/users\/24"}],"replies":[{"embeddable":true,"href":"https:\/\/www.altominho.tv\/site\/wp-json\/wp\/v2\/comments?post=89382"}],"version-history":[{"count":1,"href":"https:\/\/www.altominho.tv\/site\/wp-json\/wp\/v2\/posts\/89382\/revisions"}],"predecessor-version":[{"id":89383,"href":"https:\/\/www.altominho.tv\/site\/wp-json\/wp\/v2\/posts\/89382\/revisions\/89383"}],"wp:featuredmedia":[{"embeddable":true,"href":"https:\/\/www.altominho.tv\/site\/wp-json\/wp\/v2\/media\/89330"}],"wp:attachment":[{"href":"https:\/\/www.altominho.tv\/site\/wp-json\/wp\/v2\/media?parent=89382"}],"wp:term":[{"taxonomy":"category","embeddable":true,"href":"https:\/\/www.altominho.tv\/site\/wp-json\/wp\/v2\/categories?post=89382"},{"taxonomy":"post_tag","embeddable":true,"href":"https:\/\/www.altominho.tv\/site\/wp-json\/wp\/v2\/tags?post=89382"}],"curies":[{"name":"wp","href":"https:\/\/api.w.org\/{rel}","templated":true}]}}