{"id":89341,"date":"2023-02-23T15:17:35","date_gmt":"2023-02-23T15:17:35","guid":{"rendered":"https:\/\/www.altominho.tv\/site\/?p=89341"},"modified":"2023-02-23T15:17:40","modified_gmt":"2023-02-23T15:17:40","slug":"rali-a-lampreia-regressa-no-fim-de-semana-com-recorde-de-inscritos","status":"publish","type":"post","link":"https:\/\/www.altominho.tv\/site\/2023\/02\/23\/rali-a-lampreia-regressa-no-fim-de-semana-com-recorde-de-inscritos\/","title":{"rendered":"Rali \u00e0 Lampreia regressa no fim de semana com recorde de inscritos"},"content":{"rendered":"<p dir=\"auto\">Mon\u00e7\u00e3o recebe, no pr\u00f3ximo fim de semana, 25 e 26 de fevereiro, a 44.\u00aa edi\u00e7\u00e3o do Rali \u00e0 Lampreia. A prova de per\u00edcia autom\u00f3vel est\u00e1 de volta ao centro da vila, ap\u00f3s dois anos de interregno devido \u00e0 pandemia, e regista 61 participantes\u00a0de Portugal e Espanha.<\/p>\n<p dir=\"auto\">&#8220;Tivemos um novo recorde de inscritos, com cerca de seis dezenas de participantes, e n\u00e3o pudemos aceitar mais porque o espa\u00e7o existente no paddock\/parque de assist\u00eancia n\u00e3o consegue comportar mais equipas participantes&#8221;, referiu o presidente do Parallel Velocity Club, entidade respons\u00e1vel pela organiza\u00e7\u00e3o do evento.<\/p>\n<p dir=\"auto\">Em comunicado enviado \u00e0 imprensa, Jorge Galhardo adiantou que &#8220;o percurso sofreu alguns melhoramentos&#8221; em rela\u00e7\u00e3o \u00e0 \u00faltima edi\u00e7\u00e3o e a &#8220;seguran\u00e7a foi refor\u00e7ada&#8221;.<\/p>\n<p dir=\"auto\">&#8220;Estamos a contar com uma edi\u00e7\u00e3o muito disputada e apelamos a todos os espectadores para chegarem cedo e ocuparem os seus lugares, esperando que o espet\u00e1culo seja do seu agrado e que tudo nos corra pelo melhor&#8221;, acrescentou.<\/p>\n<p dir=\"auto\">A C\u00e2mara de Mon\u00e7\u00e3o est\u00e1 a proceder \u00e0 coloca\u00e7\u00e3o de vaias em cimento armado e \u00e0 instala\u00e7\u00e3o de bancadas em v\u00e1rios pontos do percurso, facilitando uma melhor visibilidade ao p\u00fablico presente.<\/p>\n<p dir=\"auto\">O XLIV Rali \u00e0 Lampreia, promovido com o apoio do munic\u00edpio de Mon\u00e7\u00e3o, vai manter os moldes de anos anteriores e contar com dois dias de provas. Os motores come\u00e7am a aquecer no s\u00e1bado, com a realiza\u00e7\u00e3o da primeira prova complementar a partir das 21h30, continuando no domingo com mais duas provas complementares, pelas 10h30 e 15h30. A entrega de pr\u00e9mios realiza-se ao final da tarde, pelas 18h00, no Museu do Alvarinho.<\/p>\n<h2 dir=\"auto\">Gastronomia e outras atividades animam o fim de semana<\/h2>\n<p>O evento automobil\u00edstico est\u00e1 integrado no fim de semana gastron\u00f3mico da <a href=\"\/\/www.altominho.tv\/site\/2023\/02\/22\/lampreia-e-protagonista-de-fim-de-semana-gastronomico-em-moncao\/\">lampreia do rio Minho<\/a> que vai estar \u00e0 mesa de 17 restaurantes do concelho. <span style=\"font-size: revert\">Segundo o munic\u00edpio, o prato vai ser acompanhado pelos produtos v\u00ednicos da sub-regi\u00e3o de Mon\u00e7\u00e3o e Melga\u00e7o, como o Alvarinho, e pelas Roscas de Mon\u00e7\u00e3o.<\/span><\/p>\n<p>No fim de semana, est\u00e3o ainda previstas outras iniciativas, como atividades l\u00fadicas no Parque da Lodeira durante o primeiro dia do evento, nomeadamente tiro com arco e descida do rio Minho em caiaque.<\/p>\n<p>Ainda no s\u00e1bado decorre o IV Encontro de Cl\u00e1ssicos da Lampreia, com organiza\u00e7\u00e3o da Associa\u00e7\u00e3o \u201cBuraca da Moura\u201d. O secretariado abre \u00e0s 08h00, no Museu do Alvarinho, com o passeio a iniciar-se pelas 09h00.Depois de passagem por locais emblem\u00e1ticos e degusta\u00e7\u00e3o da lampreia, a chegada dos participantes est\u00e1 prevista para o final da tarde, ficando todos os carros cl\u00e1ssicos expostos no centro da Pra\u00e7a Deu-la-Deu.<\/p>\n<p>Esta edi\u00e7\u00e3o reserva ainda o VI Rali Gastron\u00f3mico, um circuito por cinco bares de Mon\u00e7\u00e3o para degustar, em cada um, um acepipe de lampreia confecionado pelo chef Rui Ribeiro. O percurso pelos bares \u00e9 feito em comboio tur\u00edstico, com sa\u00edda da antiga esta\u00e7\u00e3o da CP, pelas 15h00, acompanhado pela Charanga \u201cBando das Gaitas\u201d.<\/p>\n<p>Cada participante tem acesso a um passaporte, que deve carimbar \u00e0 passagem em cada bar, de forma a comprovar a prova de acepipe de lampreia e o consumo de Alvarinho da Regi\u00e3o de Mon\u00e7\u00e3o e Melga\u00e7o. Quem concluir o VI Rali Gastron\u00f3mico, com cinco carimbos no passaporte, recebe como oferta um lanyard \u201cMarca Mon\u00e7\u00e3o\u201d.<\/p>\n","protected":false},"excerpt":{"rendered":"<p>Mon\u00e7\u00e3o recebe, no pr\u00f3ximo fim de semana, 25 e 26 de fevereiro, a 44.\u00aa edi\u00e7\u00e3o do Rali \u00e0 Lampreia. A prova de per\u00edcia autom\u00f3vel est\u00e1 de volta ao centro da vila, ap\u00f3s dois anos de interregno devido \u00e0 pandemia, e regista 61 participantes\u00a0de Portugal e Espanha. &#8220;Tivemos um novo recorde de inscritos, com cerca de [&hellip;]<\/p>\n","protected":false},"author":12,"featured_media":62633,"comment_status":"closed","ping_status":"closed","sticky":false,"template":"","format":"standard","meta":{"_exactmetrics_skip_tracking":false,"_exactmetrics_sitenote_active":false,"_exactmetrics_sitenote_note":"","_exactmetrics_sitenote_category":0,"footnotes":""},"categories":[9],"tags":[20],"class_list":["post-89341","post","type-post","status-publish","format-standard","has-post-thumbnail","hentry","category-moncao","tag-desporto"],"yoast_head":"<!-- This site is optimized with the Yoast SEO Premium plugin v27.5 (Yoast SEO v27.5) - https:\/\/yoast.com\/product\/yoast-seo-premium-wordpress\/ -->\n<title>Rali \u00e0 Lampreia regressa no fim de semana com recorde de inscritos<\/title>\n<meta name=\"description\" content=\"Mon\u00e7\u00e3o recebe, no fim de semana, a 44.\u00aa edi\u00e7\u00e3o do Rali \u00e0 Lampreia, com a participa\u00e7\u00e3o de cerca de 60 participantes.\" \/>\n<meta name=\"robots\" content=\"index, follow, max-snippet:-1, max-image-preview:large, max-video-preview:-1\" \/>\n<link rel=\"canonical\" href=\"https:\/\/www.altominho.tv\/site\/2023\/02\/23\/rali-a-lampreia-regressa-no-fim-de-semana-com-recorde-de-inscritos\/\" \/>\n<meta property=\"og:locale\" content=\"pt_PT\" \/>\n<meta property=\"og:type\" content=\"article\" \/>\n<meta property=\"og:title\" content=\"Rali \u00e0 Lampreia regressa no fim de semana com recorde de inscritos\" \/>\n<meta property=\"og:description\" content=\"Mon\u00e7\u00e3o recebe, no fim de semana, a 44.\u00aa edi\u00e7\u00e3o do Rali \u00e0 Lampreia, com a participa\u00e7\u00e3o de cerca de 60 participantes.\" \/>\n<meta property=\"og:url\" content=\"https:\/\/www.altominho.tv\/site\/2023\/02\/23\/rali-a-lampreia-regressa-no-fim-de-semana-com-recorde-de-inscritos\/\" \/>\n<meta property=\"og:site_name\" content=\"Altominho.tv\" \/>\n<meta property=\"article:publisher\" content=\"https:\/\/www.facebook.com\/altominhotv\" \/>\n<meta property=\"article:published_time\" content=\"2023-02-23T15:17:35+00:00\" \/>\n<meta property=\"article:modified_time\" content=\"2023-02-23T15:17:40+00:00\" \/>\n<meta property=\"og:image\" content=\"https:\/\/www.altominho.tv\/site\/wp-content\/uploads\/2021\/02\/Captura-de-ecra-2021-02-19-as-17.49.30.png\" \/>\n\t<meta property=\"og:image:width\" content=\"1276\" \/>\n\t<meta property=\"og:image:height\" content=\"672\" \/>\n\t<meta property=\"og:image:type\" content=\"image\/png\" \/>\n<meta name=\"author\" content=\"Andreia Ferreira\" \/>\n<meta name=\"twitter:card\" content=\"summary_large_image\" \/>\n<meta name=\"twitter:creator\" content=\"@altominhoTV\" \/>\n<meta name=\"twitter:site\" content=\"@altominhoTV\" \/>\n<meta name=\"twitter:label1\" content=\"Escrito por\" \/>\n\t<meta name=\"twitter:data1\" content=\"Andreia Ferreira\" \/>\n\t<meta name=\"twitter:label2\" content=\"Tempo estimado de leitura\" \/>\n\t<meta name=\"twitter:data2\" content=\"3 minutos\" \/>\n<script type=\"application\/ld+json\" class=\"yoast-schema-graph\">{\"@context\":\"https:\\\/\\\/schema.org\",\"@graph\":[{\"@type\":\"Article\",\"@id\":\"https:\\\/\\\/www.altominho.tv\\\/site\\\/2023\\\/02\\\/23\\\/rali-a-lampreia-regressa-no-fim-de-semana-com-recorde-de-inscritos\\\/#article\",\"isPartOf\":{\"@id\":\"https:\\\/\\\/www.altominho.tv\\\/site\\\/2023\\\/02\\\/23\\\/rali-a-lampreia-regressa-no-fim-de-semana-com-recorde-de-inscritos\\\/\"},\"author\":{\"name\":\"Andreia Ferreira\",\"@id\":\"https:\\\/\\\/www.altominho.tv\\\/site\\\/#\\\/schema\\\/person\\\/d9be4265364723f14ea8e0d56a1d38cd\"},\"headline\":\"Rali \u00e0 Lampreia regressa no fim de semana com recorde de inscritos\",\"datePublished\":\"2023-02-23T15:17:35+00:00\",\"dateModified\":\"2023-02-23T15:17:40+00:00\",\"mainEntityOfPage\":{\"@id\":\"https:\\\/\\\/www.altominho.tv\\\/site\\\/2023\\\/02\\\/23\\\/rali-a-lampreia-regressa-no-fim-de-semana-com-recorde-de-inscritos\\\/\"},\"wordCount\":578,\"image\":{\"@id\":\"https:\\\/\\\/www.altominho.tv\\\/site\\\/2023\\\/02\\\/23\\\/rali-a-lampreia-regressa-no-fim-de-semana-com-recorde-de-inscritos\\\/#primaryimage\"},\"thumbnailUrl\":\"https:\\\/\\\/www.altominho.tv\\\/site\\\/wp-content\\\/uploads\\\/2021\\\/02\\\/Captura-de-ecra-2021-02-19-as-17.49.30.png\",\"keywords\":[\"Desporto\"],\"articleSection\":[\"Mon\u00e7\u00e3o\"],\"inLanguage\":\"pt-PT\",\"copyrightYear\":\"2023\",\"copyrightHolder\":{\"@id\":\"https:\\\/\\\/www.altominho.tv\\\/site\\\/#organization\"}},{\"@type\":\"WebPage\",\"@id\":\"https:\\\/\\\/www.altominho.tv\\\/site\\\/2023\\\/02\\\/23\\\/rali-a-lampreia-regressa-no-fim-de-semana-com-recorde-de-inscritos\\\/\",\"url\":\"https:\\\/\\\/www.altominho.tv\\\/site\\\/2023\\\/02\\\/23\\\/rali-a-lampreia-regressa-no-fim-de-semana-com-recorde-de-inscritos\\\/\",\"name\":\"Rali \u00e0 Lampreia regressa no fim de semana com recorde de inscritos\",\"isPartOf\":{\"@id\":\"https:\\\/\\\/www.altominho.tv\\\/site\\\/#website\"},\"primaryImageOfPage\":{\"@id\":\"https:\\\/\\\/www.altominho.tv\\\/site\\\/2023\\\/02\\\/23\\\/rali-a-lampreia-regressa-no-fim-de-semana-com-recorde-de-inscritos\\\/#primaryimage\"},\"image\":{\"@id\":\"https:\\\/\\\/www.altominho.tv\\\/site\\\/2023\\\/02\\\/23\\\/rali-a-lampreia-regressa-no-fim-de-semana-com-recorde-de-inscritos\\\/#primaryimage\"},\"thumbnailUrl\":\"https:\\\/\\\/www.altominho.tv\\\/site\\\/wp-content\\\/uploads\\\/2021\\\/02\\\/Captura-de-ecra-2021-02-19-as-17.49.30.png\",\"datePublished\":\"2023-02-23T15:17:35+00:00\",\"dateModified\":\"2023-02-23T15:17:40+00:00\",\"author\":{\"@id\":\"https:\\\/\\\/www.altominho.tv\\\/site\\\/#\\\/schema\\\/person\\\/d9be4265364723f14ea8e0d56a1d38cd\"},\"description\":\"Mon\u00e7\u00e3o recebe, no fim de semana, a 44.\u00aa edi\u00e7\u00e3o do Rali \u00e0 Lampreia, com a participa\u00e7\u00e3o de cerca de 60 participantes.\",\"breadcrumb\":{\"@id\":\"https:\\\/\\\/www.altominho.tv\\\/site\\\/2023\\\/02\\\/23\\\/rali-a-lampreia-regressa-no-fim-de-semana-com-recorde-de-inscritos\\\/#breadcrumb\"},\"inLanguage\":\"pt-PT\",\"potentialAction\":[{\"@type\":\"ReadAction\",\"target\":[\"https:\\\/\\\/www.altominho.tv\\\/site\\\/2023\\\/02\\\/23\\\/rali-a-lampreia-regressa-no-fim-de-semana-com-recorde-de-inscritos\\\/\"]}]},{\"@type\":\"ImageObject\",\"inLanguage\":\"pt-PT\",\"@id\":\"https:\\\/\\\/www.altominho.tv\\\/site\\\/2023\\\/02\\\/23\\\/rali-a-lampreia-regressa-no-fim-de-semana-com-recorde-de-inscritos\\\/#primaryimage\",\"url\":\"https:\\\/\\\/www.altominho.tv\\\/site\\\/wp-content\\\/uploads\\\/2021\\\/02\\\/Captura-de-ecra-2021-02-19-as-17.49.30.png\",\"contentUrl\":\"https:\\\/\\\/www.altominho.tv\\\/site\\\/wp-content\\\/uploads\\\/2021\\\/02\\\/Captura-de-ecra-2021-02-19-as-17.49.30.png\",\"width\":1276,\"height\":672},{\"@type\":\"BreadcrumbList\",\"@id\":\"https:\\\/\\\/www.altominho.tv\\\/site\\\/2023\\\/02\\\/23\\\/rali-a-lampreia-regressa-no-fim-de-semana-com-recorde-de-inscritos\\\/#breadcrumb\",\"itemListElement\":[{\"@type\":\"ListItem\",\"position\":1,\"name\":\"In\u00edcio\",\"item\":\"https:\\\/\\\/www.altominho.tv\\\/site\\\/\"},{\"@type\":\"ListItem\",\"position\":2,\"name\":\"Rali \u00e0 Lampreia regressa no fim de semana com recorde de inscritos\"}]},{\"@type\":\"WebSite\",\"@id\":\"https:\\\/\\\/www.altominho.tv\\\/site\\\/#website\",\"url\":\"https:\\\/\\\/www.altominho.tv\\\/site\\\/\",\"name\":\"Altominho.tv\",\"description\":\"A sua regi\u00e3o \u00e0 dist\u00e2ncia de um clique...\",\"potentialAction\":[{\"@type\":\"SearchAction\",\"target\":{\"@type\":\"EntryPoint\",\"urlTemplate\":\"https:\\\/\\\/www.altominho.tv\\\/site\\\/?s={search_term_string}\"},\"query-input\":{\"@type\":\"PropertyValueSpecification\",\"valueRequired\":true,\"valueName\":\"search_term_string\"}}],\"inLanguage\":\"pt-PT\"},{\"@type\":\"Person\",\"@id\":\"https:\\\/\\\/www.altominho.tv\\\/site\\\/#\\\/schema\\\/person\\\/d9be4265364723f14ea8e0d56a1d38cd\",\"name\":\"Andreia Ferreira\",\"image\":{\"@type\":\"ImageObject\",\"inLanguage\":\"pt-PT\",\"@id\":\"https:\\\/\\\/www.altominho.tv\\\/site\\\/wp-content\\\/uploads\\\/2021\\\/01\\\/AndreiaFerreira-150x150.jpg\",\"url\":\"https:\\\/\\\/www.altominho.tv\\\/site\\\/wp-content\\\/uploads\\\/2021\\\/01\\\/AndreiaFerreira-150x150.jpg\",\"contentUrl\":\"https:\\\/\\\/www.altominho.tv\\\/site\\\/wp-content\\\/uploads\\\/2021\\\/01\\\/AndreiaFerreira-150x150.jpg\",\"caption\":\"Andreia Ferreira\"},\"url\":\"https:\\\/\\\/www.altominho.tv\\\/site\\\/author\\\/andreiaferreira\\\/\"}]}<\/script>\n<!-- \/ Yoast SEO Premium plugin. -->","yoast_head_json":{"title":"Rali \u00e0 Lampreia regressa no fim de semana com recorde de inscritos","description":"Mon\u00e7\u00e3o recebe, no fim de semana, a 44.\u00aa edi\u00e7\u00e3o do Rali \u00e0 Lampreia, com a participa\u00e7\u00e3o de cerca de 60 participantes.","robots":{"index":"index","follow":"follow","max-snippet":"max-snippet:-1","max-image-preview":"max-image-preview:large","max-video-preview":"max-video-preview:-1"},"canonical":"https:\/\/www.altominho.tv\/site\/2023\/02\/23\/rali-a-lampreia-regressa-no-fim-de-semana-com-recorde-de-inscritos\/","og_locale":"pt_PT","og_type":"article","og_title":"Rali \u00e0 Lampreia regressa no fim de semana com recorde de inscritos","og_description":"Mon\u00e7\u00e3o recebe, no fim de semana, a 44.\u00aa edi\u00e7\u00e3o do Rali \u00e0 Lampreia, com a participa\u00e7\u00e3o de cerca de 60 participantes.","og_url":"https:\/\/www.altominho.tv\/site\/2023\/02\/23\/rali-a-lampreia-regressa-no-fim-de-semana-com-recorde-de-inscritos\/","og_site_name":"Altominho.tv","article_publisher":"https:\/\/www.facebook.com\/altominhotv","article_published_time":"2023-02-23T15:17:35+00:00","article_modified_time":"2023-02-23T15:17:40+00:00","og_image":[{"width":1276,"height":672,"url":"https:\/\/www.altominho.tv\/site\/wp-content\/uploads\/2021\/02\/Captura-de-ecra-2021-02-19-as-17.49.30.png","type":"image\/png"}],"author":"Andreia Ferreira","twitter_card":"summary_large_image","twitter_creator":"@altominhoTV","twitter_site":"@altominhoTV","twitter_misc":{"Escrito por":"Andreia Ferreira","Tempo estimado de leitura":"3 minutos"},"schema":{"@context":"https:\/\/schema.org","@graph":[{"@type":"Article","@id":"https:\/\/www.altominho.tv\/site\/2023\/02\/23\/rali-a-lampreia-regressa-no-fim-de-semana-com-recorde-de-inscritos\/#article","isPartOf":{"@id":"https:\/\/www.altominho.tv\/site\/2023\/02\/23\/rali-a-lampreia-regressa-no-fim-de-semana-com-recorde-de-inscritos\/"},"author":{"name":"Andreia Ferreira","@id":"https:\/\/www.altominho.tv\/site\/#\/schema\/person\/d9be4265364723f14ea8e0d56a1d38cd"},"headline":"Rali \u00e0 Lampreia regressa no fim de semana com recorde de inscritos","datePublished":"2023-02-23T15:17:35+00:00","dateModified":"2023-02-23T15:17:40+00:00","mainEntityOfPage":{"@id":"https:\/\/www.altominho.tv\/site\/2023\/02\/23\/rali-a-lampreia-regressa-no-fim-de-semana-com-recorde-de-inscritos\/"},"wordCount":578,"image":{"@id":"https:\/\/www.altominho.tv\/site\/2023\/02\/23\/rali-a-lampreia-regressa-no-fim-de-semana-com-recorde-de-inscritos\/#primaryimage"},"thumbnailUrl":"https:\/\/www.altominho.tv\/site\/wp-content\/uploads\/2021\/02\/Captura-de-ecra-2021-02-19-as-17.49.30.png","keywords":["Desporto"],"articleSection":["Mon\u00e7\u00e3o"],"inLanguage":"pt-PT","copyrightYear":"2023","copyrightHolder":{"@id":"https:\/\/www.altominho.tv\/site\/#organization"}},{"@type":"WebPage","@id":"https:\/\/www.altominho.tv\/site\/2023\/02\/23\/rali-a-lampreia-regressa-no-fim-de-semana-com-recorde-de-inscritos\/","url":"https:\/\/www.altominho.tv\/site\/2023\/02\/23\/rali-a-lampreia-regressa-no-fim-de-semana-com-recorde-de-inscritos\/","name":"Rali \u00e0 Lampreia regressa no fim de semana com recorde de inscritos","isPartOf":{"@id":"https:\/\/www.altominho.tv\/site\/#website"},"primaryImageOfPage":{"@id":"https:\/\/www.altominho.tv\/site\/2023\/02\/23\/rali-a-lampreia-regressa-no-fim-de-semana-com-recorde-de-inscritos\/#primaryimage"},"image":{"@id":"https:\/\/www.altominho.tv\/site\/2023\/02\/23\/rali-a-lampreia-regressa-no-fim-de-semana-com-recorde-de-inscritos\/#primaryimage"},"thumbnailUrl":"https:\/\/www.altominho.tv\/site\/wp-content\/uploads\/2021\/02\/Captura-de-ecra-2021-02-19-as-17.49.30.png","datePublished":"2023-02-23T15:17:35+00:00","dateModified":"2023-02-23T15:17:40+00:00","author":{"@id":"https:\/\/www.altominho.tv\/site\/#\/schema\/person\/d9be4265364723f14ea8e0d56a1d38cd"},"description":"Mon\u00e7\u00e3o recebe, no fim de semana, a 44.\u00aa edi\u00e7\u00e3o do Rali \u00e0 Lampreia, com a participa\u00e7\u00e3o de cerca de 60 participantes.","breadcrumb":{"@id":"https:\/\/www.altominho.tv\/site\/2023\/02\/23\/rali-a-lampreia-regressa-no-fim-de-semana-com-recorde-de-inscritos\/#breadcrumb"},"inLanguage":"pt-PT","potentialAction":[{"@type":"ReadAction","target":["https:\/\/www.altominho.tv\/site\/2023\/02\/23\/rali-a-lampreia-regressa-no-fim-de-semana-com-recorde-de-inscritos\/"]}]},{"@type":"ImageObject","inLanguage":"pt-PT","@id":"https:\/\/www.altominho.tv\/site\/2023\/02\/23\/rali-a-lampreia-regressa-no-fim-de-semana-com-recorde-de-inscritos\/#primaryimage","url":"https:\/\/www.altominho.tv\/site\/wp-content\/uploads\/2021\/02\/Captura-de-ecra-2021-02-19-as-17.49.30.png","contentUrl":"https:\/\/www.altominho.tv\/site\/wp-content\/uploads\/2021\/02\/Captura-de-ecra-2021-02-19-as-17.49.30.png","width":1276,"height":672},{"@type":"BreadcrumbList","@id":"https:\/\/www.altominho.tv\/site\/2023\/02\/23\/rali-a-lampreia-regressa-no-fim-de-semana-com-recorde-de-inscritos\/#breadcrumb","itemListElement":[{"@type":"ListItem","position":1,"name":"In\u00edcio","item":"https:\/\/www.altominho.tv\/site\/"},{"@type":"ListItem","position":2,"name":"Rali \u00e0 Lampreia regressa no fim de semana com recorde de inscritos"}]},{"@type":"WebSite","@id":"https:\/\/www.altominho.tv\/site\/#website","url":"https:\/\/www.altominho.tv\/site\/","name":"Altominho.tv","description":"A sua regi\u00e3o \u00e0 dist\u00e2ncia de um clique...","potentialAction":[{"@type":"SearchAction","target":{"@type":"EntryPoint","urlTemplate":"https:\/\/www.altominho.tv\/site\/?s={search_term_string}"},"query-input":{"@type":"PropertyValueSpecification","valueRequired":true,"valueName":"search_term_string"}}],"inLanguage":"pt-PT"},{"@type":"Person","@id":"https:\/\/www.altominho.tv\/site\/#\/schema\/person\/d9be4265364723f14ea8e0d56a1d38cd","name":"Andreia Ferreira","image":{"@type":"ImageObject","inLanguage":"pt-PT","@id":"https:\/\/www.altominho.tv\/site\/wp-content\/uploads\/2021\/01\/AndreiaFerreira-150x150.jpg","url":"https:\/\/www.altominho.tv\/site\/wp-content\/uploads\/2021\/01\/AndreiaFerreira-150x150.jpg","contentUrl":"https:\/\/www.altominho.tv\/site\/wp-content\/uploads\/2021\/01\/AndreiaFerreira-150x150.jpg","caption":"Andreia Ferreira"},"url":"https:\/\/www.altominho.tv\/site\/author\/andreiaferreira\/"}]}},"_links":{"self":[{"href":"https:\/\/www.altominho.tv\/site\/wp-json\/wp\/v2\/posts\/89341","targetHints":{"allow":["GET"]}}],"collection":[{"href":"https:\/\/www.altominho.tv\/site\/wp-json\/wp\/v2\/posts"}],"about":[{"href":"https:\/\/www.altominho.tv\/site\/wp-json\/wp\/v2\/types\/post"}],"author":[{"embeddable":true,"href":"https:\/\/www.altominho.tv\/site\/wp-json\/wp\/v2\/users\/12"}],"replies":[{"embeddable":true,"href":"https:\/\/www.altominho.tv\/site\/wp-json\/wp\/v2\/comments?post=89341"}],"version-history":[{"count":9,"href":"https:\/\/www.altominho.tv\/site\/wp-json\/wp\/v2\/posts\/89341\/revisions"}],"predecessor-version":[{"id":89355,"href":"https:\/\/www.altominho.tv\/site\/wp-json\/wp\/v2\/posts\/89341\/revisions\/89355"}],"wp:featuredmedia":[{"embeddable":true,"href":"https:\/\/www.altominho.tv\/site\/wp-json\/wp\/v2\/media\/62633"}],"wp:attachment":[{"href":"https:\/\/www.altominho.tv\/site\/wp-json\/wp\/v2\/media?parent=89341"}],"wp:term":[{"taxonomy":"category","embeddable":true,"href":"https:\/\/www.altominho.tv\/site\/wp-json\/wp\/v2\/categories?post=89341"},{"taxonomy":"post_tag","embeddable":true,"href":"https:\/\/www.altominho.tv\/site\/wp-json\/wp\/v2\/tags?post=89341"}],"curies":[{"name":"wp","href":"https:\/\/api.w.org\/{rel}","templated":true}]}}