{"id":89306,"date":"2023-02-22T16:12:37","date_gmt":"2023-02-22T16:12:37","guid":{"rendered":"https:\/\/www.altominho.tv\/site\/?p=89306"},"modified":"2023-02-22T16:12:40","modified_gmt":"2023-02-22T16:12:40","slug":"lampreia-e-protagonista-de-fim-de-semana-gastronomico-em-moncao","status":"publish","type":"post","link":"https:\/\/www.altominho.tv\/site\/2023\/02\/22\/lampreia-e-protagonista-de-fim-de-semana-gastronomico-em-moncao\/","title":{"rendered":"Lampreia \u00e9 protagonista de fim de semana gastron\u00f3mico em Mon\u00e7\u00e3o"},"content":{"rendered":"<div class=\"x11i5rnm xat24cr x1mh8g0r x1vvkbs xdj266r x126k92a\"><\/div>\n<p class=\"x11i5rnm xat24cr x1mh8g0r x1vvkbs xtlvy1s x126k92a\">\n<p dir=\"auto\"><span style=\"font-size: revert\">Mon\u00e7\u00e3o prepara-se para receber a 44.\u00aa edi\u00e7\u00e3o do <a href=\"\/\/www.altominho.tv\/site\/2023\/02\/09\/rali-a-lampreia-regressa-a-25-e-26-de-fevereiro\/\">Rali \u00e0 Lampreia<\/a> no pr\u00f3ximo fim de semana, <\/span><span style=\"font-size: revert\">mas h\u00e1 outras iniciativas que se juntam \u00e0\u00a0<\/span><span style=\"font-size: revert\">prova de per\u00edcia autom\u00f3vel. A lampreia do rio Minho \u00e9 a protagonista de mais um fim de semana gastron\u00f3mico promovido pelo munic\u00edpio.<\/span><\/p>\n<p dir=\"auto\"><span style=\"font-size: revert\">No concelho de Mon\u00e7\u00e3o, 17 restaurantes localizados no centro hist\u00f3rico da vila e em v\u00e1rias freguesias aderiram ao fim de semana gastron\u00f3mico da lampreia do rio Minho e v\u00e3o dar a conhecer um dos pratos \u201cmais caracter\u00edsticos da gastronomia local e minhota\u201d.<\/span><\/p>\n<p dir=\"auto\">Segundo o munic\u00edpio, o<span style=\"font-size: revert\"> prato vai ser &#8220;confecionado com recurso a segredos culin\u00e1rios do passado&#8221; e ser\u00e1 acompanhado pelos produtos v\u00ednicos da sub-regi\u00e3o de Mon\u00e7\u00e3o e Melga\u00e7o, como o Alvarinho, e pelas Roscas de Mon\u00e7\u00e3o.<\/span><\/p>\n<p class=\"x11i5rnm xat24cr x1mh8g0r x1vvkbs xtlvy1s x126k92a\">\n","protected":false},"excerpt":{"rendered":"<p>Mon\u00e7\u00e3o prepara-se para receber a 44.\u00aa edi\u00e7\u00e3o do Rali \u00e0 Lampreia no pr\u00f3ximo fim de semana, mas h\u00e1 outras iniciativas que se juntam \u00e0\u00a0prova de per\u00edcia autom\u00f3vel. A lampreia do rio Minho \u00e9 a protagonista de mais um fim de semana gastron\u00f3mico promovido pelo munic\u00edpio. No concelho de Mon\u00e7\u00e3o, 17 restaurantes localizados no centro hist\u00f3rico [&hellip;]<\/p>\n","protected":false},"author":12,"featured_media":89307,"comment_status":"closed","ping_status":"closed","sticky":false,"template":"","format":"standard","meta":{"_exactmetrics_skip_tracking":false,"_exactmetrics_sitenote_active":false,"_exactmetrics_sitenote_note":"","_exactmetrics_sitenote_category":0,"footnotes":""},"categories":[9],"tags":[81],"class_list":["post-89306","post","type-post","status-publish","format-standard","has-post-thumbnail","hentry","category-moncao","tag-gastronomia"],"yoast_head":"<!-- This site is optimized with the Yoast SEO Premium plugin v27.5 (Yoast SEO v27.5) - https:\/\/yoast.com\/product\/yoast-seo-premium-wordpress\/ -->\n<title>Lampreia \u00e9 protagonista de fim de semana gastron\u00f3mico em Mon\u00e7\u00e3o<\/title>\n<meta name=\"description\" content=\"Dezassete restaurantes do concelho de Mon\u00e7\u00e3o aderiram ao fim de semana gastron\u00f3mico da lampreia do rio Minho.\" \/>\n<meta name=\"robots\" content=\"index, follow, max-snippet:-1, max-image-preview:large, max-video-preview:-1\" \/>\n<link rel=\"canonical\" href=\"https:\/\/www.altominho.tv\/site\/2023\/02\/22\/lampreia-e-protagonista-de-fim-de-semana-gastronomico-em-moncao\/\" \/>\n<meta property=\"og:locale\" content=\"pt_PT\" \/>\n<meta property=\"og:type\" content=\"article\" \/>\n<meta property=\"og:title\" content=\"Lampreia \u00e9 protagonista de fim de semana gastron\u00f3mico em Mon\u00e7\u00e3o\" \/>\n<meta property=\"og:description\" content=\"Dezassete restaurantes do concelho de Mon\u00e7\u00e3o aderiram ao fim de semana gastron\u00f3mico da lampreia do rio Minho.\" \/>\n<meta property=\"og:url\" content=\"https:\/\/www.altominho.tv\/site\/2023\/02\/22\/lampreia-e-protagonista-de-fim-de-semana-gastronomico-em-moncao\/\" \/>\n<meta property=\"og:site_name\" content=\"Altominho.tv\" \/>\n<meta property=\"article:publisher\" content=\"https:\/\/www.facebook.com\/altominhotv\" \/>\n<meta property=\"article:published_time\" content=\"2023-02-22T16:12:37+00:00\" \/>\n<meta property=\"article:modified_time\" content=\"2023-02-22T16:12:40+00:00\" \/>\n<meta property=\"og:image\" content=\"https:\/\/www.altominho.tv\/site\/wp-content\/uploads\/2023\/02\/Lampreia-e1677082098318.jpeg\" \/>\n\t<meta property=\"og:image:width\" content=\"2048\" \/>\n\t<meta property=\"og:image:height\" content=\"1268\" \/>\n\t<meta property=\"og:image:type\" content=\"image\/jpeg\" \/>\n<meta name=\"author\" content=\"Andreia Ferreira\" \/>\n<meta name=\"twitter:card\" content=\"summary_large_image\" \/>\n<meta name=\"twitter:creator\" content=\"@altominhoTV\" \/>\n<meta name=\"twitter:site\" content=\"@altominhoTV\" \/>\n<meta name=\"twitter:label1\" content=\"Escrito por\" \/>\n\t<meta name=\"twitter:data1\" content=\"Andreia Ferreira\" \/>\n\t<meta name=\"twitter:label2\" content=\"Tempo estimado de leitura\" \/>\n\t<meta name=\"twitter:data2\" content=\"1 minuto\" \/>\n<script type=\"application\/ld+json\" class=\"yoast-schema-graph\">{\"@context\":\"https:\\\/\\\/schema.org\",\"@graph\":[{\"@type\":\"Article\",\"@id\":\"https:\\\/\\\/www.altominho.tv\\\/site\\\/2023\\\/02\\\/22\\\/lampreia-e-protagonista-de-fim-de-semana-gastronomico-em-moncao\\\/#article\",\"isPartOf\":{\"@id\":\"https:\\\/\\\/www.altominho.tv\\\/site\\\/2023\\\/02\\\/22\\\/lampreia-e-protagonista-de-fim-de-semana-gastronomico-em-moncao\\\/\"},\"author\":{\"name\":\"Andreia Ferreira\",\"@id\":\"https:\\\/\\\/www.altominho.tv\\\/site\\\/#\\\/schema\\\/person\\\/d9be4265364723f14ea8e0d56a1d38cd\"},\"headline\":\"Lampreia \u00e9 protagonista de fim de semana gastron\u00f3mico em Mon\u00e7\u00e3o\",\"datePublished\":\"2023-02-22T16:12:37+00:00\",\"dateModified\":\"2023-02-22T16:12:40+00:00\",\"mainEntityOfPage\":{\"@id\":\"https:\\\/\\\/www.altominho.tv\\\/site\\\/2023\\\/02\\\/22\\\/lampreia-e-protagonista-de-fim-de-semana-gastronomico-em-moncao\\\/\"},\"wordCount\":149,\"image\":{\"@id\":\"https:\\\/\\\/www.altominho.tv\\\/site\\\/2023\\\/02\\\/22\\\/lampreia-e-protagonista-de-fim-de-semana-gastronomico-em-moncao\\\/#primaryimage\"},\"thumbnailUrl\":\"https:\\\/\\\/www.altominho.tv\\\/site\\\/wp-content\\\/uploads\\\/2023\\\/02\\\/Lampreia-e1677082098318.jpeg\",\"keywords\":[\"Gastronomia\"],\"articleSection\":[\"Mon\u00e7\u00e3o\"],\"inLanguage\":\"pt-PT\",\"copyrightYear\":\"2023\",\"copyrightHolder\":{\"@id\":\"https:\\\/\\\/www.altominho.tv\\\/site\\\/#organization\"}},{\"@type\":\"WebPage\",\"@id\":\"https:\\\/\\\/www.altominho.tv\\\/site\\\/2023\\\/02\\\/22\\\/lampreia-e-protagonista-de-fim-de-semana-gastronomico-em-moncao\\\/\",\"url\":\"https:\\\/\\\/www.altominho.tv\\\/site\\\/2023\\\/02\\\/22\\\/lampreia-e-protagonista-de-fim-de-semana-gastronomico-em-moncao\\\/\",\"name\":\"Lampreia \u00e9 protagonista de fim de semana gastron\u00f3mico em Mon\u00e7\u00e3o\",\"isPartOf\":{\"@id\":\"https:\\\/\\\/www.altominho.tv\\\/site\\\/#website\"},\"primaryImageOfPage\":{\"@id\":\"https:\\\/\\\/www.altominho.tv\\\/site\\\/2023\\\/02\\\/22\\\/lampreia-e-protagonista-de-fim-de-semana-gastronomico-em-moncao\\\/#primaryimage\"},\"image\":{\"@id\":\"https:\\\/\\\/www.altominho.tv\\\/site\\\/2023\\\/02\\\/22\\\/lampreia-e-protagonista-de-fim-de-semana-gastronomico-em-moncao\\\/#primaryimage\"},\"thumbnailUrl\":\"https:\\\/\\\/www.altominho.tv\\\/site\\\/wp-content\\\/uploads\\\/2023\\\/02\\\/Lampreia-e1677082098318.jpeg\",\"datePublished\":\"2023-02-22T16:12:37+00:00\",\"dateModified\":\"2023-02-22T16:12:40+00:00\",\"author\":{\"@id\":\"https:\\\/\\\/www.altominho.tv\\\/site\\\/#\\\/schema\\\/person\\\/d9be4265364723f14ea8e0d56a1d38cd\"},\"description\":\"Dezassete restaurantes do concelho de Mon\u00e7\u00e3o aderiram ao fim de semana gastron\u00f3mico da lampreia do rio Minho.\",\"breadcrumb\":{\"@id\":\"https:\\\/\\\/www.altominho.tv\\\/site\\\/2023\\\/02\\\/22\\\/lampreia-e-protagonista-de-fim-de-semana-gastronomico-em-moncao\\\/#breadcrumb\"},\"inLanguage\":\"pt-PT\",\"potentialAction\":[{\"@type\":\"ReadAction\",\"target\":[\"https:\\\/\\\/www.altominho.tv\\\/site\\\/2023\\\/02\\\/22\\\/lampreia-e-protagonista-de-fim-de-semana-gastronomico-em-moncao\\\/\"]}]},{\"@type\":\"ImageObject\",\"inLanguage\":\"pt-PT\",\"@id\":\"https:\\\/\\\/www.altominho.tv\\\/site\\\/2023\\\/02\\\/22\\\/lampreia-e-protagonista-de-fim-de-semana-gastronomico-em-moncao\\\/#primaryimage\",\"url\":\"https:\\\/\\\/www.altominho.tv\\\/site\\\/wp-content\\\/uploads\\\/2023\\\/02\\\/Lampreia-e1677082098318.jpeg\",\"contentUrl\":\"https:\\\/\\\/www.altominho.tv\\\/site\\\/wp-content\\\/uploads\\\/2023\\\/02\\\/Lampreia-e1677082098318.jpeg\",\"width\":2048,\"height\":1268},{\"@type\":\"BreadcrumbList\",\"@id\":\"https:\\\/\\\/www.altominho.tv\\\/site\\\/2023\\\/02\\\/22\\\/lampreia-e-protagonista-de-fim-de-semana-gastronomico-em-moncao\\\/#breadcrumb\",\"itemListElement\":[{\"@type\":\"ListItem\",\"position\":1,\"name\":\"In\u00edcio\",\"item\":\"https:\\\/\\\/www.altominho.tv\\\/site\\\/\"},{\"@type\":\"ListItem\",\"position\":2,\"name\":\"Lampreia \u00e9 protagonista de fim de semana gastron\u00f3mico em Mon\u00e7\u00e3o\"}]},{\"@type\":\"WebSite\",\"@id\":\"https:\\\/\\\/www.altominho.tv\\\/site\\\/#website\",\"url\":\"https:\\\/\\\/www.altominho.tv\\\/site\\\/\",\"name\":\"Altominho.tv\",\"description\":\"A sua regi\u00e3o \u00e0 dist\u00e2ncia de um clique...\",\"potentialAction\":[{\"@type\":\"SearchAction\",\"target\":{\"@type\":\"EntryPoint\",\"urlTemplate\":\"https:\\\/\\\/www.altominho.tv\\\/site\\\/?s={search_term_string}\"},\"query-input\":{\"@type\":\"PropertyValueSpecification\",\"valueRequired\":true,\"valueName\":\"search_term_string\"}}],\"inLanguage\":\"pt-PT\"},{\"@type\":\"Person\",\"@id\":\"https:\\\/\\\/www.altominho.tv\\\/site\\\/#\\\/schema\\\/person\\\/d9be4265364723f14ea8e0d56a1d38cd\",\"name\":\"Andreia Ferreira\",\"image\":{\"@type\":\"ImageObject\",\"inLanguage\":\"pt-PT\",\"@id\":\"https:\\\/\\\/www.altominho.tv\\\/site\\\/wp-content\\\/uploads\\\/2021\\\/01\\\/AndreiaFerreira-150x150.jpg\",\"url\":\"https:\\\/\\\/www.altominho.tv\\\/site\\\/wp-content\\\/uploads\\\/2021\\\/01\\\/AndreiaFerreira-150x150.jpg\",\"contentUrl\":\"https:\\\/\\\/www.altominho.tv\\\/site\\\/wp-content\\\/uploads\\\/2021\\\/01\\\/AndreiaFerreira-150x150.jpg\",\"caption\":\"Andreia Ferreira\"},\"url\":\"https:\\\/\\\/www.altominho.tv\\\/site\\\/author\\\/andreiaferreira\\\/\"}]}<\/script>\n<!-- \/ Yoast SEO Premium plugin. -->","yoast_head_json":{"title":"Lampreia \u00e9 protagonista de fim de semana gastron\u00f3mico em Mon\u00e7\u00e3o","description":"Dezassete restaurantes do concelho de Mon\u00e7\u00e3o aderiram ao fim de semana gastron\u00f3mico da lampreia do rio Minho.","robots":{"index":"index","follow":"follow","max-snippet":"max-snippet:-1","max-image-preview":"max-image-preview:large","max-video-preview":"max-video-preview:-1"},"canonical":"https:\/\/www.altominho.tv\/site\/2023\/02\/22\/lampreia-e-protagonista-de-fim-de-semana-gastronomico-em-moncao\/","og_locale":"pt_PT","og_type":"article","og_title":"Lampreia \u00e9 protagonista de fim de semana gastron\u00f3mico em Mon\u00e7\u00e3o","og_description":"Dezassete restaurantes do concelho de Mon\u00e7\u00e3o aderiram ao fim de semana gastron\u00f3mico da lampreia do rio Minho.","og_url":"https:\/\/www.altominho.tv\/site\/2023\/02\/22\/lampreia-e-protagonista-de-fim-de-semana-gastronomico-em-moncao\/","og_site_name":"Altominho.tv","article_publisher":"https:\/\/www.facebook.com\/altominhotv","article_published_time":"2023-02-22T16:12:37+00:00","article_modified_time":"2023-02-22T16:12:40+00:00","og_image":[{"width":2048,"height":1268,"url":"https:\/\/www.altominho.tv\/site\/wp-content\/uploads\/2023\/02\/Lampreia-e1677082098318.jpeg","type":"image\/jpeg"}],"author":"Andreia Ferreira","twitter_card":"summary_large_image","twitter_creator":"@altominhoTV","twitter_site":"@altominhoTV","twitter_misc":{"Escrito por":"Andreia Ferreira","Tempo estimado de leitura":"1 minuto"},"schema":{"@context":"https:\/\/schema.org","@graph":[{"@type":"Article","@id":"https:\/\/www.altominho.tv\/site\/2023\/02\/22\/lampreia-e-protagonista-de-fim-de-semana-gastronomico-em-moncao\/#article","isPartOf":{"@id":"https:\/\/www.altominho.tv\/site\/2023\/02\/22\/lampreia-e-protagonista-de-fim-de-semana-gastronomico-em-moncao\/"},"author":{"name":"Andreia Ferreira","@id":"https:\/\/www.altominho.tv\/site\/#\/schema\/person\/d9be4265364723f14ea8e0d56a1d38cd"},"headline":"Lampreia \u00e9 protagonista de fim de semana gastron\u00f3mico em Mon\u00e7\u00e3o","datePublished":"2023-02-22T16:12:37+00:00","dateModified":"2023-02-22T16:12:40+00:00","mainEntityOfPage":{"@id":"https:\/\/www.altominho.tv\/site\/2023\/02\/22\/lampreia-e-protagonista-de-fim-de-semana-gastronomico-em-moncao\/"},"wordCount":149,"image":{"@id":"https:\/\/www.altominho.tv\/site\/2023\/02\/22\/lampreia-e-protagonista-de-fim-de-semana-gastronomico-em-moncao\/#primaryimage"},"thumbnailUrl":"https:\/\/www.altominho.tv\/site\/wp-content\/uploads\/2023\/02\/Lampreia-e1677082098318.jpeg","keywords":["Gastronomia"],"articleSection":["Mon\u00e7\u00e3o"],"inLanguage":"pt-PT","copyrightYear":"2023","copyrightHolder":{"@id":"https:\/\/www.altominho.tv\/site\/#organization"}},{"@type":"WebPage","@id":"https:\/\/www.altominho.tv\/site\/2023\/02\/22\/lampreia-e-protagonista-de-fim-de-semana-gastronomico-em-moncao\/","url":"https:\/\/www.altominho.tv\/site\/2023\/02\/22\/lampreia-e-protagonista-de-fim-de-semana-gastronomico-em-moncao\/","name":"Lampreia \u00e9 protagonista de fim de semana gastron\u00f3mico em Mon\u00e7\u00e3o","isPartOf":{"@id":"https:\/\/www.altominho.tv\/site\/#website"},"primaryImageOfPage":{"@id":"https:\/\/www.altominho.tv\/site\/2023\/02\/22\/lampreia-e-protagonista-de-fim-de-semana-gastronomico-em-moncao\/#primaryimage"},"image":{"@id":"https:\/\/www.altominho.tv\/site\/2023\/02\/22\/lampreia-e-protagonista-de-fim-de-semana-gastronomico-em-moncao\/#primaryimage"},"thumbnailUrl":"https:\/\/www.altominho.tv\/site\/wp-content\/uploads\/2023\/02\/Lampreia-e1677082098318.jpeg","datePublished":"2023-02-22T16:12:37+00:00","dateModified":"2023-02-22T16:12:40+00:00","author":{"@id":"https:\/\/www.altominho.tv\/site\/#\/schema\/person\/d9be4265364723f14ea8e0d56a1d38cd"},"description":"Dezassete restaurantes do concelho de Mon\u00e7\u00e3o aderiram ao fim de semana gastron\u00f3mico da lampreia do rio Minho.","breadcrumb":{"@id":"https:\/\/www.altominho.tv\/site\/2023\/02\/22\/lampreia-e-protagonista-de-fim-de-semana-gastronomico-em-moncao\/#breadcrumb"},"inLanguage":"pt-PT","potentialAction":[{"@type":"ReadAction","target":["https:\/\/www.altominho.tv\/site\/2023\/02\/22\/lampreia-e-protagonista-de-fim-de-semana-gastronomico-em-moncao\/"]}]},{"@type":"ImageObject","inLanguage":"pt-PT","@id":"https:\/\/www.altominho.tv\/site\/2023\/02\/22\/lampreia-e-protagonista-de-fim-de-semana-gastronomico-em-moncao\/#primaryimage","url":"https:\/\/www.altominho.tv\/site\/wp-content\/uploads\/2023\/02\/Lampreia-e1677082098318.jpeg","contentUrl":"https:\/\/www.altominho.tv\/site\/wp-content\/uploads\/2023\/02\/Lampreia-e1677082098318.jpeg","width":2048,"height":1268},{"@type":"BreadcrumbList","@id":"https:\/\/www.altominho.tv\/site\/2023\/02\/22\/lampreia-e-protagonista-de-fim-de-semana-gastronomico-em-moncao\/#breadcrumb","itemListElement":[{"@type":"ListItem","position":1,"name":"In\u00edcio","item":"https:\/\/www.altominho.tv\/site\/"},{"@type":"ListItem","position":2,"name":"Lampreia \u00e9 protagonista de fim de semana gastron\u00f3mico em Mon\u00e7\u00e3o"}]},{"@type":"WebSite","@id":"https:\/\/www.altominho.tv\/site\/#website","url":"https:\/\/www.altominho.tv\/site\/","name":"Altominho.tv","description":"A sua regi\u00e3o \u00e0 dist\u00e2ncia de um clique...","potentialAction":[{"@type":"SearchAction","target":{"@type":"EntryPoint","urlTemplate":"https:\/\/www.altominho.tv\/site\/?s={search_term_string}"},"query-input":{"@type":"PropertyValueSpecification","valueRequired":true,"valueName":"search_term_string"}}],"inLanguage":"pt-PT"},{"@type":"Person","@id":"https:\/\/www.altominho.tv\/site\/#\/schema\/person\/d9be4265364723f14ea8e0d56a1d38cd","name":"Andreia Ferreira","image":{"@type":"ImageObject","inLanguage":"pt-PT","@id":"https:\/\/www.altominho.tv\/site\/wp-content\/uploads\/2021\/01\/AndreiaFerreira-150x150.jpg","url":"https:\/\/www.altominho.tv\/site\/wp-content\/uploads\/2021\/01\/AndreiaFerreira-150x150.jpg","contentUrl":"https:\/\/www.altominho.tv\/site\/wp-content\/uploads\/2021\/01\/AndreiaFerreira-150x150.jpg","caption":"Andreia Ferreira"},"url":"https:\/\/www.altominho.tv\/site\/author\/andreiaferreira\/"}]}},"_links":{"self":[{"href":"https:\/\/www.altominho.tv\/site\/wp-json\/wp\/v2\/posts\/89306","targetHints":{"allow":["GET"]}}],"collection":[{"href":"https:\/\/www.altominho.tv\/site\/wp-json\/wp\/v2\/posts"}],"about":[{"href":"https:\/\/www.altominho.tv\/site\/wp-json\/wp\/v2\/types\/post"}],"author":[{"embeddable":true,"href":"https:\/\/www.altominho.tv\/site\/wp-json\/wp\/v2\/users\/12"}],"replies":[{"embeddable":true,"href":"https:\/\/www.altominho.tv\/site\/wp-json\/wp\/v2\/comments?post=89306"}],"version-history":[{"count":2,"href":"https:\/\/www.altominho.tv\/site\/wp-json\/wp\/v2\/posts\/89306\/revisions"}],"predecessor-version":[{"id":89311,"href":"https:\/\/www.altominho.tv\/site\/wp-json\/wp\/v2\/posts\/89306\/revisions\/89311"}],"wp:featuredmedia":[{"embeddable":true,"href":"https:\/\/www.altominho.tv\/site\/wp-json\/wp\/v2\/media\/89307"}],"wp:attachment":[{"href":"https:\/\/www.altominho.tv\/site\/wp-json\/wp\/v2\/media?parent=89306"}],"wp:term":[{"taxonomy":"category","embeddable":true,"href":"https:\/\/www.altominho.tv\/site\/wp-json\/wp\/v2\/categories?post=89306"},{"taxonomy":"post_tag","embeddable":true,"href":"https:\/\/www.altominho.tv\/site\/wp-json\/wp\/v2\/tags?post=89306"}],"curies":[{"name":"wp","href":"https:\/\/api.w.org\/{rel}","templated":true}]}}