{"id":89052,"date":"2023-02-15T09:00:20","date_gmt":"2023-02-15T09:00:20","guid":{"rendered":"https:\/\/www.altominho.tv\/site\/?p=89052"},"modified":"2023-02-15T10:02:33","modified_gmt":"2023-02-15T10:02:33","slug":"sabores-da-lampreia-do-rio-minho-festival-regressa-em-marco","status":"publish","type":"post","link":"https:\/\/www.altominho.tv\/site\/2023\/02\/15\/sabores-da-lampreia-do-rio-minho-festival-regressa-em-marco\/","title":{"rendered":"Sabores da Lampreia do Rio Minho: Festival regressa em mar\u00e7o"},"content":{"rendered":"<p>A freguesia de S\u00e3o Pedro da Torre, em Valen\u00e7a, prepara-se para receber a 11.\u00aa edi\u00e7\u00e3o do\u00a0 \u201cFestival Gastron\u00f3mico Sabores da Lampreia do Rio Minho\u201d, nos pr\u00f3ximos dias 3, 4 e 5 de mar\u00e7o, no Largo dos Eirados.<\/p>\n<p>A Junta de Freguesia de S\u00e3o Pedro da Torre, em conjunto com a Comiss\u00e3o de Festas de S\u00e3o Pedro da Torre, a C\u00e2mara Municipal de Valen\u00e7a e a Carochos \u2013 Associa\u00e7\u00e3o dos Sabores do Rio Minho, est\u00e3o a trabalhar para trazer de volta a tradi\u00e7\u00e3o que foi interrompida pela pandemia de Covid-19, com o objetivo de promover os sabores da lampreia do rio Minho.<\/p>\n<p>A organiza\u00e7\u00e3o confessa que, apesar de estar \u201ctoda a gente com desejo\u201d de voltar a saborear a lampreia no festival, sente tamb\u00e9m este retorno como sendo um \u201cano zero\u201d, como se fosse a primeira vez que o festival acontece.<\/p>\n<p>Em conversa com a Altominho TV, o presidente da Junta de Freguesia de S\u00e3o Pedro da Torre, Crist\u00f3v\u00e3o Pereira, afirma que para al\u00e9m dos tradicionais cinco sabores da lampreia, arroz de lampreia, lampreia \u00e0 bordalesa, lampreia recheada e lampreia assada no forno e na brasa, \u201cv\u00e3o haver novidades\u201d nesta nova edi\u00e7\u00e3o.<\/p>\n<p>O festival gastron\u00f3mico vai decorrer entre duas tendas, uma para a restaura\u00e7\u00e3o, com capacidade para aproximadamente 400 pessoas, e outra com fins multiusos, incluindo lazer e artesanato.<\/p>\n<p>Tendo como exemplo outras edi\u00e7\u00f5es, a organiza\u00e7\u00e3o estima que o festival vai receber cerca de cinco mil pessoas.<\/p>\n","protected":false},"excerpt":{"rendered":"<p>A freguesia de S\u00e3o Pedro da Torre, em Valen\u00e7a, prepara-se para receber a 11.\u00aa edi\u00e7\u00e3o do\u00a0 \u201cFestival Gastron\u00f3mico Sabores da Lampreia do Rio Minho\u201d, nos pr\u00f3ximos dias 3, 4 e 5 de mar\u00e7o, no Largo dos Eirados. A Junta de Freguesia de S\u00e3o Pedro da Torre, em conjunto com a Comiss\u00e3o de Festas de S\u00e3o [&hellip;]<\/p>\n","protected":false},"author":27,"featured_media":38809,"comment_status":"closed","ping_status":"closed","sticky":false,"template":"","format":"standard","meta":{"_exactmetrics_skip_tracking":false,"_exactmetrics_sitenote_active":false,"_exactmetrics_sitenote_note":"","_exactmetrics_sitenote_category":0,"footnotes":""},"categories":[13],"tags":[81],"class_list":["post-89052","post","type-post","status-publish","format-standard","has-post-thumbnail","hentry","category-valenca","tag-gastronomia"],"yoast_head":"<!-- This site is optimized with the Yoast SEO Premium plugin v27.5 (Yoast SEO v27.5) - https:\/\/yoast.com\/product\/yoast-seo-premium-wordpress\/ -->\n<title>Sabores da Lampreia do Rio Minho: Festival regressa em mar\u00e7o<\/title>\n<meta name=\"description\" content=\"S\u00e3o Pedro da Torre prepara-se para receber a 11\u00aa edi\u00e7\u00e3o do\u00a0 \u201cFestival Gastron\u00f3mico Sabores da Lampreia do Rio Minho\u201d, nos pr\u00f3ximos dias 3, 4 e 5 de mar\u00e7o, no Largo dos Eirados.\u00a0\" \/>\n<meta name=\"robots\" content=\"index, follow, max-snippet:-1, max-image-preview:large, max-video-preview:-1\" \/>\n<link rel=\"canonical\" href=\"https:\/\/www.altominho.tv\/site\/2023\/02\/15\/sabores-da-lampreia-do-rio-minho-festival-regressa-em-marco\/\" \/>\n<meta property=\"og:locale\" content=\"pt_PT\" \/>\n<meta property=\"og:type\" content=\"article\" \/>\n<meta property=\"og:title\" content=\"Sabores da Lampreia do Rio Minho: Festival regressa em mar\u00e7o\" \/>\n<meta property=\"og:description\" content=\"S\u00e3o Pedro da Torre prepara-se para receber a 11\u00aa edi\u00e7\u00e3o do\u00a0 \u201cFestival Gastron\u00f3mico Sabores da Lampreia do Rio Minho\u201d, nos pr\u00f3ximos dias 3, 4 e 5 de mar\u00e7o, no Largo dos Eirados.\u00a0\" \/>\n<meta property=\"og:url\" content=\"https:\/\/www.altominho.tv\/site\/2023\/02\/15\/sabores-da-lampreia-do-rio-minho-festival-regressa-em-marco\/\" \/>\n<meta property=\"og:site_name\" content=\"Altominho.tv\" \/>\n<meta property=\"article:publisher\" content=\"https:\/\/www.facebook.com\/altominhotv\" \/>\n<meta property=\"article:published_time\" content=\"2023-02-15T09:00:20+00:00\" \/>\n<meta property=\"article:modified_time\" content=\"2023-02-15T10:02:33+00:00\" \/>\n<meta property=\"og:image\" content=\"https:\/\/www.altominho.tv\/site\/wp-content\/uploads\/2020\/01\/Sabores-da-Lampreia.jpg\" \/>\n\t<meta property=\"og:image:width\" content=\"1137\" \/>\n\t<meta property=\"og:image:height\" content=\"689\" \/>\n\t<meta property=\"og:image:type\" content=\"image\/jpeg\" \/>\n<meta name=\"author\" content=\"Marta Fernandes\" \/>\n<meta name=\"twitter:card\" content=\"summary_large_image\" \/>\n<meta name=\"twitter:creator\" content=\"@altominhoTV\" \/>\n<meta name=\"twitter:site\" content=\"@altominhoTV\" \/>\n<meta name=\"twitter:label1\" content=\"Escrito por\" \/>\n\t<meta name=\"twitter:data1\" content=\"Marta Fernandes\" \/>\n\t<meta name=\"twitter:label2\" content=\"Tempo estimado de leitura\" \/>\n\t<meta name=\"twitter:data2\" content=\"2 minutos\" \/>\n<script type=\"application\/ld+json\" class=\"yoast-schema-graph\">{\"@context\":\"https:\\\/\\\/schema.org\",\"@graph\":[{\"@type\":\"Article\",\"@id\":\"https:\\\/\\\/www.altominho.tv\\\/site\\\/2023\\\/02\\\/15\\\/sabores-da-lampreia-do-rio-minho-festival-regressa-em-marco\\\/#article\",\"isPartOf\":{\"@id\":\"https:\\\/\\\/www.altominho.tv\\\/site\\\/2023\\\/02\\\/15\\\/sabores-da-lampreia-do-rio-minho-festival-regressa-em-marco\\\/\"},\"author\":{\"name\":\"Marta Fernandes\",\"@id\":\"https:\\\/\\\/www.altominho.tv\\\/site\\\/#\\\/schema\\\/person\\\/0ca3aad0761171d0395d068d8d90cf3b\"},\"headline\":\"Sabores da Lampreia do Rio Minho: Festival regressa em mar\u00e7o\",\"datePublished\":\"2023-02-15T09:00:20+00:00\",\"dateModified\":\"2023-02-15T10:02:33+00:00\",\"mainEntityOfPage\":{\"@id\":\"https:\\\/\\\/www.altominho.tv\\\/site\\\/2023\\\/02\\\/15\\\/sabores-da-lampreia-do-rio-minho-festival-regressa-em-marco\\\/\"},\"wordCount\":266,\"image\":{\"@id\":\"https:\\\/\\\/www.altominho.tv\\\/site\\\/2023\\\/02\\\/15\\\/sabores-da-lampreia-do-rio-minho-festival-regressa-em-marco\\\/#primaryimage\"},\"thumbnailUrl\":\"https:\\\/\\\/www.altominho.tv\\\/site\\\/wp-content\\\/uploads\\\/2020\\\/01\\\/Sabores-da-Lampreia.jpg\",\"keywords\":[\"Gastronomia\"],\"articleSection\":[\"Valen\u00e7a\"],\"inLanguage\":\"pt-PT\",\"copyrightYear\":\"2023\",\"copyrightHolder\":{\"@id\":\"https:\\\/\\\/www.altominho.tv\\\/site\\\/#organization\"}},{\"@type\":\"WebPage\",\"@id\":\"https:\\\/\\\/www.altominho.tv\\\/site\\\/2023\\\/02\\\/15\\\/sabores-da-lampreia-do-rio-minho-festival-regressa-em-marco\\\/\",\"url\":\"https:\\\/\\\/www.altominho.tv\\\/site\\\/2023\\\/02\\\/15\\\/sabores-da-lampreia-do-rio-minho-festival-regressa-em-marco\\\/\",\"name\":\"Sabores da Lampreia do Rio Minho: Festival regressa em mar\u00e7o\",\"isPartOf\":{\"@id\":\"https:\\\/\\\/www.altominho.tv\\\/site\\\/#website\"},\"primaryImageOfPage\":{\"@id\":\"https:\\\/\\\/www.altominho.tv\\\/site\\\/2023\\\/02\\\/15\\\/sabores-da-lampreia-do-rio-minho-festival-regressa-em-marco\\\/#primaryimage\"},\"image\":{\"@id\":\"https:\\\/\\\/www.altominho.tv\\\/site\\\/2023\\\/02\\\/15\\\/sabores-da-lampreia-do-rio-minho-festival-regressa-em-marco\\\/#primaryimage\"},\"thumbnailUrl\":\"https:\\\/\\\/www.altominho.tv\\\/site\\\/wp-content\\\/uploads\\\/2020\\\/01\\\/Sabores-da-Lampreia.jpg\",\"datePublished\":\"2023-02-15T09:00:20+00:00\",\"dateModified\":\"2023-02-15T10:02:33+00:00\",\"author\":{\"@id\":\"https:\\\/\\\/www.altominho.tv\\\/site\\\/#\\\/schema\\\/person\\\/0ca3aad0761171d0395d068d8d90cf3b\"},\"description\":\"S\u00e3o Pedro da Torre prepara-se para receber a 11\u00aa edi\u00e7\u00e3o do\u00a0 \u201cFestival Gastron\u00f3mico Sabores da Lampreia do Rio Minho\u201d, nos pr\u00f3ximos dias 3, 4 e 5 de mar\u00e7o, no Largo dos Eirados.\u00a0\",\"breadcrumb\":{\"@id\":\"https:\\\/\\\/www.altominho.tv\\\/site\\\/2023\\\/02\\\/15\\\/sabores-da-lampreia-do-rio-minho-festival-regressa-em-marco\\\/#breadcrumb\"},\"inLanguage\":\"pt-PT\",\"potentialAction\":[{\"@type\":\"ReadAction\",\"target\":[\"https:\\\/\\\/www.altominho.tv\\\/site\\\/2023\\\/02\\\/15\\\/sabores-da-lampreia-do-rio-minho-festival-regressa-em-marco\\\/\"]}]},{\"@type\":\"ImageObject\",\"inLanguage\":\"pt-PT\",\"@id\":\"https:\\\/\\\/www.altominho.tv\\\/site\\\/2023\\\/02\\\/15\\\/sabores-da-lampreia-do-rio-minho-festival-regressa-em-marco\\\/#primaryimage\",\"url\":\"https:\\\/\\\/www.altominho.tv\\\/site\\\/wp-content\\\/uploads\\\/2020\\\/01\\\/Sabores-da-Lampreia.jpg\",\"contentUrl\":\"https:\\\/\\\/www.altominho.tv\\\/site\\\/wp-content\\\/uploads\\\/2020\\\/01\\\/Sabores-da-Lampreia.jpg\",\"width\":1137,\"height\":689},{\"@type\":\"BreadcrumbList\",\"@id\":\"https:\\\/\\\/www.altominho.tv\\\/site\\\/2023\\\/02\\\/15\\\/sabores-da-lampreia-do-rio-minho-festival-regressa-em-marco\\\/#breadcrumb\",\"itemListElement\":[{\"@type\":\"ListItem\",\"position\":1,\"name\":\"In\u00edcio\",\"item\":\"https:\\\/\\\/www.altominho.tv\\\/site\\\/\"},{\"@type\":\"ListItem\",\"position\":2,\"name\":\"Sabores da Lampreia do Rio Minho: Festival regressa em mar\u00e7o\"}]},{\"@type\":\"WebSite\",\"@id\":\"https:\\\/\\\/www.altominho.tv\\\/site\\\/#website\",\"url\":\"https:\\\/\\\/www.altominho.tv\\\/site\\\/\",\"name\":\"Altominho.tv\",\"description\":\"A sua regi\u00e3o \u00e0 dist\u00e2ncia de um clique...\",\"potentialAction\":[{\"@type\":\"SearchAction\",\"target\":{\"@type\":\"EntryPoint\",\"urlTemplate\":\"https:\\\/\\\/www.altominho.tv\\\/site\\\/?s={search_term_string}\"},\"query-input\":{\"@type\":\"PropertyValueSpecification\",\"valueRequired\":true,\"valueName\":\"search_term_string\"}}],\"inLanguage\":\"pt-PT\"},{\"@type\":\"Person\",\"@id\":\"https:\\\/\\\/www.altominho.tv\\\/site\\\/#\\\/schema\\\/person\\\/0ca3aad0761171d0395d068d8d90cf3b\",\"name\":\"Marta Fernandes\",\"image\":{\"@type\":\"ImageObject\",\"inLanguage\":\"pt-PT\",\"@id\":\"https:\\\/\\\/www.altominho.tv\\\/site\\\/wp-content\\\/uploads\\\/2023\\\/02\\\/IMG-20210527-WA00661-1-e1675957841947-150x150.jpg\",\"url\":\"https:\\\/\\\/www.altominho.tv\\\/site\\\/wp-content\\\/uploads\\\/2023\\\/02\\\/IMG-20210527-WA00661-1-e1675957841947-150x150.jpg\",\"contentUrl\":\"https:\\\/\\\/www.altominho.tv\\\/site\\\/wp-content\\\/uploads\\\/2023\\\/02\\\/IMG-20210527-WA00661-1-e1675957841947-150x150.jpg\",\"caption\":\"Marta Fernandes\"},\"url\":\"https:\\\/\\\/www.altominho.tv\\\/site\\\/author\\\/martafernandes\\\/\"}]}<\/script>\n<!-- \/ Yoast SEO Premium plugin. -->","yoast_head_json":{"title":"Sabores da Lampreia do Rio Minho: Festival regressa em mar\u00e7o","description":"S\u00e3o Pedro da Torre prepara-se para receber a 11\u00aa edi\u00e7\u00e3o do\u00a0 \u201cFestival Gastron\u00f3mico Sabores da Lampreia do Rio Minho\u201d, nos pr\u00f3ximos dias 3, 4 e 5 de mar\u00e7o, no Largo dos Eirados.\u00a0","robots":{"index":"index","follow":"follow","max-snippet":"max-snippet:-1","max-image-preview":"max-image-preview:large","max-video-preview":"max-video-preview:-1"},"canonical":"https:\/\/www.altominho.tv\/site\/2023\/02\/15\/sabores-da-lampreia-do-rio-minho-festival-regressa-em-marco\/","og_locale":"pt_PT","og_type":"article","og_title":"Sabores da Lampreia do Rio Minho: Festival regressa em mar\u00e7o","og_description":"S\u00e3o Pedro da Torre prepara-se para receber a 11\u00aa edi\u00e7\u00e3o do\u00a0 \u201cFestival Gastron\u00f3mico Sabores da Lampreia do Rio Minho\u201d, nos pr\u00f3ximos dias 3, 4 e 5 de mar\u00e7o, no Largo dos Eirados.\u00a0","og_url":"https:\/\/www.altominho.tv\/site\/2023\/02\/15\/sabores-da-lampreia-do-rio-minho-festival-regressa-em-marco\/","og_site_name":"Altominho.tv","article_publisher":"https:\/\/www.facebook.com\/altominhotv","article_published_time":"2023-02-15T09:00:20+00:00","article_modified_time":"2023-02-15T10:02:33+00:00","og_image":[{"width":1137,"height":689,"url":"https:\/\/www.altominho.tv\/site\/wp-content\/uploads\/2020\/01\/Sabores-da-Lampreia.jpg","type":"image\/jpeg"}],"author":"Marta Fernandes","twitter_card":"summary_large_image","twitter_creator":"@altominhoTV","twitter_site":"@altominhoTV","twitter_misc":{"Escrito por":"Marta Fernandes","Tempo estimado de leitura":"2 minutos"},"schema":{"@context":"https:\/\/schema.org","@graph":[{"@type":"Article","@id":"https:\/\/www.altominho.tv\/site\/2023\/02\/15\/sabores-da-lampreia-do-rio-minho-festival-regressa-em-marco\/#article","isPartOf":{"@id":"https:\/\/www.altominho.tv\/site\/2023\/02\/15\/sabores-da-lampreia-do-rio-minho-festival-regressa-em-marco\/"},"author":{"name":"Marta Fernandes","@id":"https:\/\/www.altominho.tv\/site\/#\/schema\/person\/0ca3aad0761171d0395d068d8d90cf3b"},"headline":"Sabores da Lampreia do Rio Minho: Festival regressa em mar\u00e7o","datePublished":"2023-02-15T09:00:20+00:00","dateModified":"2023-02-15T10:02:33+00:00","mainEntityOfPage":{"@id":"https:\/\/www.altominho.tv\/site\/2023\/02\/15\/sabores-da-lampreia-do-rio-minho-festival-regressa-em-marco\/"},"wordCount":266,"image":{"@id":"https:\/\/www.altominho.tv\/site\/2023\/02\/15\/sabores-da-lampreia-do-rio-minho-festival-regressa-em-marco\/#primaryimage"},"thumbnailUrl":"https:\/\/www.altominho.tv\/site\/wp-content\/uploads\/2020\/01\/Sabores-da-Lampreia.jpg","keywords":["Gastronomia"],"articleSection":["Valen\u00e7a"],"inLanguage":"pt-PT","copyrightYear":"2023","copyrightHolder":{"@id":"https:\/\/www.altominho.tv\/site\/#organization"}},{"@type":"WebPage","@id":"https:\/\/www.altominho.tv\/site\/2023\/02\/15\/sabores-da-lampreia-do-rio-minho-festival-regressa-em-marco\/","url":"https:\/\/www.altominho.tv\/site\/2023\/02\/15\/sabores-da-lampreia-do-rio-minho-festival-regressa-em-marco\/","name":"Sabores da Lampreia do Rio Minho: Festival regressa em mar\u00e7o","isPartOf":{"@id":"https:\/\/www.altominho.tv\/site\/#website"},"primaryImageOfPage":{"@id":"https:\/\/www.altominho.tv\/site\/2023\/02\/15\/sabores-da-lampreia-do-rio-minho-festival-regressa-em-marco\/#primaryimage"},"image":{"@id":"https:\/\/www.altominho.tv\/site\/2023\/02\/15\/sabores-da-lampreia-do-rio-minho-festival-regressa-em-marco\/#primaryimage"},"thumbnailUrl":"https:\/\/www.altominho.tv\/site\/wp-content\/uploads\/2020\/01\/Sabores-da-Lampreia.jpg","datePublished":"2023-02-15T09:00:20+00:00","dateModified":"2023-02-15T10:02:33+00:00","author":{"@id":"https:\/\/www.altominho.tv\/site\/#\/schema\/person\/0ca3aad0761171d0395d068d8d90cf3b"},"description":"S\u00e3o Pedro da Torre prepara-se para receber a 11\u00aa edi\u00e7\u00e3o do\u00a0 \u201cFestival Gastron\u00f3mico Sabores da Lampreia do Rio Minho\u201d, nos pr\u00f3ximos dias 3, 4 e 5 de mar\u00e7o, no Largo dos Eirados.\u00a0","breadcrumb":{"@id":"https:\/\/www.altominho.tv\/site\/2023\/02\/15\/sabores-da-lampreia-do-rio-minho-festival-regressa-em-marco\/#breadcrumb"},"inLanguage":"pt-PT","potentialAction":[{"@type":"ReadAction","target":["https:\/\/www.altominho.tv\/site\/2023\/02\/15\/sabores-da-lampreia-do-rio-minho-festival-regressa-em-marco\/"]}]},{"@type":"ImageObject","inLanguage":"pt-PT","@id":"https:\/\/www.altominho.tv\/site\/2023\/02\/15\/sabores-da-lampreia-do-rio-minho-festival-regressa-em-marco\/#primaryimage","url":"https:\/\/www.altominho.tv\/site\/wp-content\/uploads\/2020\/01\/Sabores-da-Lampreia.jpg","contentUrl":"https:\/\/www.altominho.tv\/site\/wp-content\/uploads\/2020\/01\/Sabores-da-Lampreia.jpg","width":1137,"height":689},{"@type":"BreadcrumbList","@id":"https:\/\/www.altominho.tv\/site\/2023\/02\/15\/sabores-da-lampreia-do-rio-minho-festival-regressa-em-marco\/#breadcrumb","itemListElement":[{"@type":"ListItem","position":1,"name":"In\u00edcio","item":"https:\/\/www.altominho.tv\/site\/"},{"@type":"ListItem","position":2,"name":"Sabores da Lampreia do Rio Minho: Festival regressa em mar\u00e7o"}]},{"@type":"WebSite","@id":"https:\/\/www.altominho.tv\/site\/#website","url":"https:\/\/www.altominho.tv\/site\/","name":"Altominho.tv","description":"A sua regi\u00e3o \u00e0 dist\u00e2ncia de um clique...","potentialAction":[{"@type":"SearchAction","target":{"@type":"EntryPoint","urlTemplate":"https:\/\/www.altominho.tv\/site\/?s={search_term_string}"},"query-input":{"@type":"PropertyValueSpecification","valueRequired":true,"valueName":"search_term_string"}}],"inLanguage":"pt-PT"},{"@type":"Person","@id":"https:\/\/www.altominho.tv\/site\/#\/schema\/person\/0ca3aad0761171d0395d068d8d90cf3b","name":"Marta Fernandes","image":{"@type":"ImageObject","inLanguage":"pt-PT","@id":"https:\/\/www.altominho.tv\/site\/wp-content\/uploads\/2023\/02\/IMG-20210527-WA00661-1-e1675957841947-150x150.jpg","url":"https:\/\/www.altominho.tv\/site\/wp-content\/uploads\/2023\/02\/IMG-20210527-WA00661-1-e1675957841947-150x150.jpg","contentUrl":"https:\/\/www.altominho.tv\/site\/wp-content\/uploads\/2023\/02\/IMG-20210527-WA00661-1-e1675957841947-150x150.jpg","caption":"Marta Fernandes"},"url":"https:\/\/www.altominho.tv\/site\/author\/martafernandes\/"}]}},"_links":{"self":[{"href":"https:\/\/www.altominho.tv\/site\/wp-json\/wp\/v2\/posts\/89052","targetHints":{"allow":["GET"]}}],"collection":[{"href":"https:\/\/www.altominho.tv\/site\/wp-json\/wp\/v2\/posts"}],"about":[{"href":"https:\/\/www.altominho.tv\/site\/wp-json\/wp\/v2\/types\/post"}],"author":[{"embeddable":true,"href":"https:\/\/www.altominho.tv\/site\/wp-json\/wp\/v2\/users\/27"}],"replies":[{"embeddable":true,"href":"https:\/\/www.altominho.tv\/site\/wp-json\/wp\/v2\/comments?post=89052"}],"version-history":[{"count":4,"href":"https:\/\/www.altominho.tv\/site\/wp-json\/wp\/v2\/posts\/89052\/revisions"}],"predecessor-version":[{"id":89071,"href":"https:\/\/www.altominho.tv\/site\/wp-json\/wp\/v2\/posts\/89052\/revisions\/89071"}],"wp:featuredmedia":[{"embeddable":true,"href":"https:\/\/www.altominho.tv\/site\/wp-json\/wp\/v2\/media\/38809"}],"wp:attachment":[{"href":"https:\/\/www.altominho.tv\/site\/wp-json\/wp\/v2\/media?parent=89052"}],"wp:term":[{"taxonomy":"category","embeddable":true,"href":"https:\/\/www.altominho.tv\/site\/wp-json\/wp\/v2\/categories?post=89052"},{"taxonomy":"post_tag","embeddable":true,"href":"https:\/\/www.altominho.tv\/site\/wp-json\/wp\/v2\/tags?post=89052"}],"curies":[{"name":"wp","href":"https:\/\/api.w.org\/{rel}","templated":true}]}}