{"id":88975,"date":"2023-02-10T18:00:17","date_gmt":"2023-02-10T18:00:17","guid":{"rendered":"https:\/\/www.altominho.tv\/site\/?p=88975"},"modified":"2023-02-10T18:00:22","modified_gmt":"2023-02-10T18:00:22","slug":"falua-investe-5-me-em-tres-anos-para-expandir-vinha-em-diferentes-regioes","status":"publish","type":"post","link":"https:\/\/www.altominho.tv\/site\/2023\/02\/10\/falua-investe-5-me-em-tres-anos-para-expandir-vinha-em-diferentes-regioes\/","title":{"rendered":"Falua investe 5 ME em tr\u00eas anos para expandir vinha em diferentes regi\u00f5es"},"content":{"rendered":"<p>A Falua investiu mais de cinco milh\u00f5es de euros, a executar em tr\u00eas anos, para expandir a sua \u00e1rea de vinha pr\u00f3pria em diversas regi\u00f5es do pa\u00eds, foi hoje anunciado.<\/p>\n<p>\u201cDando continuidade \u00e0 expans\u00e3o da \u00e1rea de vinha pr\u00f3pria em diferentes regi\u00f5es, a Falua acaba de refor\u00e7ar a \u00e1rea da viticultura com um plano de investimento superior a cinco milh\u00f5es de euros, a executar at\u00e9 2024, totalizando 200 hectares de vinha na regi\u00e3o Tejo e 31 hectares na regi\u00e3o dos vinhos verdes\u201d, indicou, em comunicado, a empresa da regi\u00e3o de Almeirim, distrito de Santar\u00e9m.<\/p>\n<p>A Quinta do Hospital, em Mon\u00e7\u00e3o, conta com a planta\u00e7\u00e3o de mais de 10 hectares de vinho, passando a ter 20 hectares da casta Alvarinho na sub-regi\u00e3o de Mon\u00e7\u00e3o e Melga\u00e7o.<\/p>\n<p>A Falua comprou 80 hectares encostados \u00e0 Vinha do Convento, na sub-regi\u00e3o da Charneca, detendo uma \u00e1rea continua de 125 hectares, totalizando 200 hectares na regi\u00e3o Tejo.<\/p>\n<p>O plano de investimento prev\u00ea a planta\u00e7\u00e3o de mais de 60 hectares de vinha e a reconvers\u00e3o de outros 17 hectares.<\/p>\n<p>Por sua vez, na regi\u00e3o dos vinhos verdes, o investimento contempla a planta\u00e7\u00e3o de vinhas das castas Loureiro e Alvarinho.<\/p>\n<p>Em 2022, a empresa instalou 11 hectares da casta Loureiro em Soutelo, concelho de Vila Verde.<\/p>\n<p>\u201cEste investimento teve in\u00edcio em 2022 e estar\u00e1 em execu\u00e7\u00e3o at\u00e9 2024, de forma a permitir um crescimento assente nos nossos valores de sustentabilidade e de grande respeito pela natureza\u201d, afirmou, citada no mesmo comunicado, a diretora-geral da Falua, Antonina Barbosa.<\/p>\n<p>A tamb\u00e9m en\u00f3loga explicou que o plano de investimento contempla a aquisi\u00e7\u00e3o de terra para instala\u00e7\u00e3o de vinha, mas tamb\u00e9m a cria\u00e7\u00e3o de condi\u00e7\u00f5es para garantir uma produ\u00e7\u00e3o de uvas \u201cde elevada qualidade para continuar a produzir vinhos de excel\u00eancia\u201d.<\/p>\n<p>Em 2017, a Falua foi comprada pela VITAS Portugal, filial do grupo Roullier.<\/p>\n","protected":false},"excerpt":{"rendered":"<p>A Falua investiu mais de cinco milh\u00f5es de euros, a executar em tr\u00eas anos, para expandir a sua \u00e1rea de vinha pr\u00f3pria em diversas regi\u00f5es do pa\u00eds, foi hoje anunciado. \u201cDando continuidade \u00e0 expans\u00e3o da \u00e1rea de vinha pr\u00f3pria em diferentes regi\u00f5es, a Falua acaba de refor\u00e7ar a \u00e1rea da viticultura com um plano de [&hellip;]<\/p>\n","protected":false},"author":13,"featured_media":88976,"comment_status":"closed","ping_status":"closed","sticky":false,"template":"","format":"standard","meta":{"_exactmetrics_skip_tracking":false,"_exactmetrics_sitenote_active":false,"_exactmetrics_sitenote_note":"","_exactmetrics_sitenote_category":0,"footnotes":""},"categories":[9],"tags":[21],"class_list":["post-88975","post","type-post","status-publish","format-standard","has-post-thumbnail","hentry","category-moncao","tag-economia"],"yoast_head":"<!-- This site is optimized with the Yoast SEO Premium plugin v27.5 (Yoast SEO v27.5) - https:\/\/yoast.com\/product\/yoast-seo-premium-wordpress\/ -->\n<title>Falua investe 5 ME em tr\u00eas anos para expandir vinha em diferentes regi\u00f5es<\/title>\n<meta name=\"description\" content=\"A Falua investiu mais de cinco milh\u00f5es de euros, a executar em tr\u00eas anos, para expandir a sua \u00e1rea de vinha pr\u00f3pria em diversas regi\u00f5es do pa\u00eds, foi hoje anunciado.\" \/>\n<meta name=\"robots\" content=\"index, follow, max-snippet:-1, max-image-preview:large, max-video-preview:-1\" \/>\n<link rel=\"canonical\" href=\"https:\/\/www.altominho.tv\/site\/2023\/02\/10\/falua-investe-5-me-em-tres-anos-para-expandir-vinha-em-diferentes-regioes\/\" \/>\n<meta property=\"og:locale\" content=\"pt_PT\" \/>\n<meta property=\"og:type\" content=\"article\" \/>\n<meta property=\"og:title\" content=\"Falua investe 5 ME em tr\u00eas anos para expandir vinha em diferentes regi\u00f5es\" \/>\n<meta property=\"og:description\" content=\"A Falua investiu mais de cinco milh\u00f5es de euros, a executar em tr\u00eas anos, para expandir a sua \u00e1rea de vinha pr\u00f3pria em diversas regi\u00f5es do pa\u00eds, foi hoje anunciado.\" \/>\n<meta property=\"og:url\" content=\"https:\/\/www.altominho.tv\/site\/2023\/02\/10\/falua-investe-5-me-em-tres-anos-para-expandir-vinha-em-diferentes-regioes\/\" \/>\n<meta property=\"og:site_name\" content=\"Altominho.tv\" \/>\n<meta property=\"article:publisher\" content=\"https:\/\/www.facebook.com\/altominhotv\" \/>\n<meta property=\"article:published_time\" content=\"2023-02-10T18:00:17+00:00\" \/>\n<meta property=\"article:modified_time\" content=\"2023-02-10T18:00:22+00:00\" \/>\n<meta property=\"og:image\" content=\"https:\/\/www.altominho.tv\/site\/wp-content\/uploads\/2023\/02\/Quinta-do-Hospital.jpeg\" \/>\n\t<meta property=\"og:image:width\" content=\"1600\" \/>\n\t<meta property=\"og:image:height\" content=\"1067\" \/>\n\t<meta property=\"og:image:type\" content=\"image\/jpeg\" \/>\n<meta name=\"author\" content=\"Lusa\" \/>\n<meta name=\"twitter:card\" content=\"summary_large_image\" \/>\n<meta name=\"twitter:creator\" content=\"@altominhoTV\" \/>\n<meta name=\"twitter:site\" content=\"@altominhoTV\" \/>\n<meta name=\"twitter:label1\" content=\"Escrito por\" \/>\n\t<meta name=\"twitter:data1\" content=\"Lusa\" \/>\n\t<meta name=\"twitter:label2\" content=\"Tempo estimado de leitura\" \/>\n\t<meta name=\"twitter:data2\" content=\"2 minutos\" \/>\n<script type=\"application\/ld+json\" class=\"yoast-schema-graph\">{\"@context\":\"https:\\\/\\\/schema.org\",\"@graph\":[{\"@type\":\"Article\",\"@id\":\"https:\\\/\\\/www.altominho.tv\\\/site\\\/2023\\\/02\\\/10\\\/falua-investe-5-me-em-tres-anos-para-expandir-vinha-em-diferentes-regioes\\\/#article\",\"isPartOf\":{\"@id\":\"https:\\\/\\\/www.altominho.tv\\\/site\\\/2023\\\/02\\\/10\\\/falua-investe-5-me-em-tres-anos-para-expandir-vinha-em-diferentes-regioes\\\/\"},\"author\":{\"name\":\"Lusa\",\"@id\":\"https:\\\/\\\/www.altominho.tv\\\/site\\\/#\\\/schema\\\/person\\\/63f693da3e1899361cbe955c46f3232e\"},\"headline\":\"Falua investe 5 ME em tr\u00eas anos para expandir vinha em diferentes regi\u00f5es\",\"datePublished\":\"2023-02-10T18:00:17+00:00\",\"dateModified\":\"2023-02-10T18:00:22+00:00\",\"mainEntityOfPage\":{\"@id\":\"https:\\\/\\\/www.altominho.tv\\\/site\\\/2023\\\/02\\\/10\\\/falua-investe-5-me-em-tres-anos-para-expandir-vinha-em-diferentes-regioes\\\/\"},\"wordCount\":336,\"image\":{\"@id\":\"https:\\\/\\\/www.altominho.tv\\\/site\\\/2023\\\/02\\\/10\\\/falua-investe-5-me-em-tres-anos-para-expandir-vinha-em-diferentes-regioes\\\/#primaryimage\"},\"thumbnailUrl\":\"https:\\\/\\\/www.altominho.tv\\\/site\\\/wp-content\\\/uploads\\\/2023\\\/02\\\/Quinta-do-Hospital.jpeg\",\"keywords\":[\"Economia\"],\"articleSection\":[\"Mon\u00e7\u00e3o\"],\"inLanguage\":\"pt-PT\",\"copyrightYear\":\"2023\",\"copyrightHolder\":{\"@id\":\"https:\\\/\\\/www.altominho.tv\\\/site\\\/#organization\"}},{\"@type\":\"WebPage\",\"@id\":\"https:\\\/\\\/www.altominho.tv\\\/site\\\/2023\\\/02\\\/10\\\/falua-investe-5-me-em-tres-anos-para-expandir-vinha-em-diferentes-regioes\\\/\",\"url\":\"https:\\\/\\\/www.altominho.tv\\\/site\\\/2023\\\/02\\\/10\\\/falua-investe-5-me-em-tres-anos-para-expandir-vinha-em-diferentes-regioes\\\/\",\"name\":\"Falua investe 5 ME em tr\u00eas anos para expandir vinha em diferentes regi\u00f5es\",\"isPartOf\":{\"@id\":\"https:\\\/\\\/www.altominho.tv\\\/site\\\/#website\"},\"primaryImageOfPage\":{\"@id\":\"https:\\\/\\\/www.altominho.tv\\\/site\\\/2023\\\/02\\\/10\\\/falua-investe-5-me-em-tres-anos-para-expandir-vinha-em-diferentes-regioes\\\/#primaryimage\"},\"image\":{\"@id\":\"https:\\\/\\\/www.altominho.tv\\\/site\\\/2023\\\/02\\\/10\\\/falua-investe-5-me-em-tres-anos-para-expandir-vinha-em-diferentes-regioes\\\/#primaryimage\"},\"thumbnailUrl\":\"https:\\\/\\\/www.altominho.tv\\\/site\\\/wp-content\\\/uploads\\\/2023\\\/02\\\/Quinta-do-Hospital.jpeg\",\"datePublished\":\"2023-02-10T18:00:17+00:00\",\"dateModified\":\"2023-02-10T18:00:22+00:00\",\"author\":{\"@id\":\"https:\\\/\\\/www.altominho.tv\\\/site\\\/#\\\/schema\\\/person\\\/63f693da3e1899361cbe955c46f3232e\"},\"description\":\"A Falua investiu mais de cinco milh\u00f5es de euros, a executar em tr\u00eas anos, para expandir a sua \u00e1rea de vinha pr\u00f3pria em diversas regi\u00f5es do pa\u00eds, foi hoje anunciado.\",\"breadcrumb\":{\"@id\":\"https:\\\/\\\/www.altominho.tv\\\/site\\\/2023\\\/02\\\/10\\\/falua-investe-5-me-em-tres-anos-para-expandir-vinha-em-diferentes-regioes\\\/#breadcrumb\"},\"inLanguage\":\"pt-PT\",\"potentialAction\":[{\"@type\":\"ReadAction\",\"target\":[\"https:\\\/\\\/www.altominho.tv\\\/site\\\/2023\\\/02\\\/10\\\/falua-investe-5-me-em-tres-anos-para-expandir-vinha-em-diferentes-regioes\\\/\"]}]},{\"@type\":\"ImageObject\",\"inLanguage\":\"pt-PT\",\"@id\":\"https:\\\/\\\/www.altominho.tv\\\/site\\\/2023\\\/02\\\/10\\\/falua-investe-5-me-em-tres-anos-para-expandir-vinha-em-diferentes-regioes\\\/#primaryimage\",\"url\":\"https:\\\/\\\/www.altominho.tv\\\/site\\\/wp-content\\\/uploads\\\/2023\\\/02\\\/Quinta-do-Hospital.jpeg\",\"contentUrl\":\"https:\\\/\\\/www.altominho.tv\\\/site\\\/wp-content\\\/uploads\\\/2023\\\/02\\\/Quinta-do-Hospital.jpeg\",\"width\":1600,\"height\":1067},{\"@type\":\"BreadcrumbList\",\"@id\":\"https:\\\/\\\/www.altominho.tv\\\/site\\\/2023\\\/02\\\/10\\\/falua-investe-5-me-em-tres-anos-para-expandir-vinha-em-diferentes-regioes\\\/#breadcrumb\",\"itemListElement\":[{\"@type\":\"ListItem\",\"position\":1,\"name\":\"In\u00edcio\",\"item\":\"https:\\\/\\\/www.altominho.tv\\\/site\\\/\"},{\"@type\":\"ListItem\",\"position\":2,\"name\":\"Falua investe 5 ME em tr\u00eas anos para expandir vinha em diferentes regi\u00f5es\"}]},{\"@type\":\"WebSite\",\"@id\":\"https:\\\/\\\/www.altominho.tv\\\/site\\\/#website\",\"url\":\"https:\\\/\\\/www.altominho.tv\\\/site\\\/\",\"name\":\"Altominho.tv\",\"description\":\"A sua regi\u00e3o \u00e0 dist\u00e2ncia de um clique...\",\"potentialAction\":[{\"@type\":\"SearchAction\",\"target\":{\"@type\":\"EntryPoint\",\"urlTemplate\":\"https:\\\/\\\/www.altominho.tv\\\/site\\\/?s={search_term_string}\"},\"query-input\":{\"@type\":\"PropertyValueSpecification\",\"valueRequired\":true,\"valueName\":\"search_term_string\"}}],\"inLanguage\":\"pt-PT\"},{\"@type\":\"Person\",\"@id\":\"https:\\\/\\\/www.altominho.tv\\\/site\\\/#\\\/schema\\\/person\\\/63f693da3e1899361cbe955c46f3232e\",\"name\":\"Lusa\",\"image\":{\"@type\":\"ImageObject\",\"inLanguage\":\"pt-PT\",\"@id\":\"https:\\\/\\\/www.altominho.tv\\\/site\\\/wp-content\\\/uploads\\\/2019\\\/08\\\/LUSA_Logo.gif\",\"url\":\"https:\\\/\\\/www.altominho.tv\\\/site\\\/wp-content\\\/uploads\\\/2019\\\/08\\\/LUSA_Logo.gif\",\"contentUrl\":\"https:\\\/\\\/www.altominho.tv\\\/site\\\/wp-content\\\/uploads\\\/2019\\\/08\\\/LUSA_Logo.gif\",\"caption\":\"Lusa\"},\"sameAs\":[\"http:\\\/\\\/\\\/\\\/www.altominho.tv\\\/site\"],\"url\":\"https:\\\/\\\/www.altominho.tv\\\/site\\\/author\\\/lusa\\\/\"}]}<\/script>\n<!-- \/ Yoast SEO Premium plugin. -->","yoast_head_json":{"title":"Falua investe 5 ME em tr\u00eas anos para expandir vinha em diferentes regi\u00f5es","description":"A Falua investiu mais de cinco milh\u00f5es de euros, a executar em tr\u00eas anos, para expandir a sua \u00e1rea de vinha pr\u00f3pria em diversas regi\u00f5es do pa\u00eds, foi hoje anunciado.","robots":{"index":"index","follow":"follow","max-snippet":"max-snippet:-1","max-image-preview":"max-image-preview:large","max-video-preview":"max-video-preview:-1"},"canonical":"https:\/\/www.altominho.tv\/site\/2023\/02\/10\/falua-investe-5-me-em-tres-anos-para-expandir-vinha-em-diferentes-regioes\/","og_locale":"pt_PT","og_type":"article","og_title":"Falua investe 5 ME em tr\u00eas anos para expandir vinha em diferentes regi\u00f5es","og_description":"A Falua investiu mais de cinco milh\u00f5es de euros, a executar em tr\u00eas anos, para expandir a sua \u00e1rea de vinha pr\u00f3pria em diversas regi\u00f5es do pa\u00eds, foi hoje anunciado.","og_url":"https:\/\/www.altominho.tv\/site\/2023\/02\/10\/falua-investe-5-me-em-tres-anos-para-expandir-vinha-em-diferentes-regioes\/","og_site_name":"Altominho.tv","article_publisher":"https:\/\/www.facebook.com\/altominhotv","article_published_time":"2023-02-10T18:00:17+00:00","article_modified_time":"2023-02-10T18:00:22+00:00","og_image":[{"width":1600,"height":1067,"url":"https:\/\/www.altominho.tv\/site\/wp-content\/uploads\/2023\/02\/Quinta-do-Hospital.jpeg","type":"image\/jpeg"}],"author":"Lusa","twitter_card":"summary_large_image","twitter_creator":"@altominhoTV","twitter_site":"@altominhoTV","twitter_misc":{"Escrito por":"Lusa","Tempo estimado de leitura":"2 minutos"},"schema":{"@context":"https:\/\/schema.org","@graph":[{"@type":"Article","@id":"https:\/\/www.altominho.tv\/site\/2023\/02\/10\/falua-investe-5-me-em-tres-anos-para-expandir-vinha-em-diferentes-regioes\/#article","isPartOf":{"@id":"https:\/\/www.altominho.tv\/site\/2023\/02\/10\/falua-investe-5-me-em-tres-anos-para-expandir-vinha-em-diferentes-regioes\/"},"author":{"name":"Lusa","@id":"https:\/\/www.altominho.tv\/site\/#\/schema\/person\/63f693da3e1899361cbe955c46f3232e"},"headline":"Falua investe 5 ME em tr\u00eas anos para expandir vinha em diferentes regi\u00f5es","datePublished":"2023-02-10T18:00:17+00:00","dateModified":"2023-02-10T18:00:22+00:00","mainEntityOfPage":{"@id":"https:\/\/www.altominho.tv\/site\/2023\/02\/10\/falua-investe-5-me-em-tres-anos-para-expandir-vinha-em-diferentes-regioes\/"},"wordCount":336,"image":{"@id":"https:\/\/www.altominho.tv\/site\/2023\/02\/10\/falua-investe-5-me-em-tres-anos-para-expandir-vinha-em-diferentes-regioes\/#primaryimage"},"thumbnailUrl":"https:\/\/www.altominho.tv\/site\/wp-content\/uploads\/2023\/02\/Quinta-do-Hospital.jpeg","keywords":["Economia"],"articleSection":["Mon\u00e7\u00e3o"],"inLanguage":"pt-PT","copyrightYear":"2023","copyrightHolder":{"@id":"https:\/\/www.altominho.tv\/site\/#organization"}},{"@type":"WebPage","@id":"https:\/\/www.altominho.tv\/site\/2023\/02\/10\/falua-investe-5-me-em-tres-anos-para-expandir-vinha-em-diferentes-regioes\/","url":"https:\/\/www.altominho.tv\/site\/2023\/02\/10\/falua-investe-5-me-em-tres-anos-para-expandir-vinha-em-diferentes-regioes\/","name":"Falua investe 5 ME em tr\u00eas anos para expandir vinha em diferentes regi\u00f5es","isPartOf":{"@id":"https:\/\/www.altominho.tv\/site\/#website"},"primaryImageOfPage":{"@id":"https:\/\/www.altominho.tv\/site\/2023\/02\/10\/falua-investe-5-me-em-tres-anos-para-expandir-vinha-em-diferentes-regioes\/#primaryimage"},"image":{"@id":"https:\/\/www.altominho.tv\/site\/2023\/02\/10\/falua-investe-5-me-em-tres-anos-para-expandir-vinha-em-diferentes-regioes\/#primaryimage"},"thumbnailUrl":"https:\/\/www.altominho.tv\/site\/wp-content\/uploads\/2023\/02\/Quinta-do-Hospital.jpeg","datePublished":"2023-02-10T18:00:17+00:00","dateModified":"2023-02-10T18:00:22+00:00","author":{"@id":"https:\/\/www.altominho.tv\/site\/#\/schema\/person\/63f693da3e1899361cbe955c46f3232e"},"description":"A Falua investiu mais de cinco milh\u00f5es de euros, a executar em tr\u00eas anos, para expandir a sua \u00e1rea de vinha pr\u00f3pria em diversas regi\u00f5es do pa\u00eds, foi hoje anunciado.","breadcrumb":{"@id":"https:\/\/www.altominho.tv\/site\/2023\/02\/10\/falua-investe-5-me-em-tres-anos-para-expandir-vinha-em-diferentes-regioes\/#breadcrumb"},"inLanguage":"pt-PT","potentialAction":[{"@type":"ReadAction","target":["https:\/\/www.altominho.tv\/site\/2023\/02\/10\/falua-investe-5-me-em-tres-anos-para-expandir-vinha-em-diferentes-regioes\/"]}]},{"@type":"ImageObject","inLanguage":"pt-PT","@id":"https:\/\/www.altominho.tv\/site\/2023\/02\/10\/falua-investe-5-me-em-tres-anos-para-expandir-vinha-em-diferentes-regioes\/#primaryimage","url":"https:\/\/www.altominho.tv\/site\/wp-content\/uploads\/2023\/02\/Quinta-do-Hospital.jpeg","contentUrl":"https:\/\/www.altominho.tv\/site\/wp-content\/uploads\/2023\/02\/Quinta-do-Hospital.jpeg","width":1600,"height":1067},{"@type":"BreadcrumbList","@id":"https:\/\/www.altominho.tv\/site\/2023\/02\/10\/falua-investe-5-me-em-tres-anos-para-expandir-vinha-em-diferentes-regioes\/#breadcrumb","itemListElement":[{"@type":"ListItem","position":1,"name":"In\u00edcio","item":"https:\/\/www.altominho.tv\/site\/"},{"@type":"ListItem","position":2,"name":"Falua investe 5 ME em tr\u00eas anos para expandir vinha em diferentes regi\u00f5es"}]},{"@type":"WebSite","@id":"https:\/\/www.altominho.tv\/site\/#website","url":"https:\/\/www.altominho.tv\/site\/","name":"Altominho.tv","description":"A sua regi\u00e3o \u00e0 dist\u00e2ncia de um clique...","potentialAction":[{"@type":"SearchAction","target":{"@type":"EntryPoint","urlTemplate":"https:\/\/www.altominho.tv\/site\/?s={search_term_string}"},"query-input":{"@type":"PropertyValueSpecification","valueRequired":true,"valueName":"search_term_string"}}],"inLanguage":"pt-PT"},{"@type":"Person","@id":"https:\/\/www.altominho.tv\/site\/#\/schema\/person\/63f693da3e1899361cbe955c46f3232e","name":"Lusa","image":{"@type":"ImageObject","inLanguage":"pt-PT","@id":"https:\/\/www.altominho.tv\/site\/wp-content\/uploads\/2019\/08\/LUSA_Logo.gif","url":"https:\/\/www.altominho.tv\/site\/wp-content\/uploads\/2019\/08\/LUSA_Logo.gif","contentUrl":"https:\/\/www.altominho.tv\/site\/wp-content\/uploads\/2019\/08\/LUSA_Logo.gif","caption":"Lusa"},"sameAs":["http:\/\/\/\/www.altominho.tv\/site"],"url":"https:\/\/www.altominho.tv\/site\/author\/lusa\/"}]}},"_links":{"self":[{"href":"https:\/\/www.altominho.tv\/site\/wp-json\/wp\/v2\/posts\/88975","targetHints":{"allow":["GET"]}}],"collection":[{"href":"https:\/\/www.altominho.tv\/site\/wp-json\/wp\/v2\/posts"}],"about":[{"href":"https:\/\/www.altominho.tv\/site\/wp-json\/wp\/v2\/types\/post"}],"author":[{"embeddable":true,"href":"https:\/\/www.altominho.tv\/site\/wp-json\/wp\/v2\/users\/13"}],"replies":[{"embeddable":true,"href":"https:\/\/www.altominho.tv\/site\/wp-json\/wp\/v2\/comments?post=88975"}],"version-history":[{"count":1,"href":"https:\/\/www.altominho.tv\/site\/wp-json\/wp\/v2\/posts\/88975\/revisions"}],"predecessor-version":[{"id":88977,"href":"https:\/\/www.altominho.tv\/site\/wp-json\/wp\/v2\/posts\/88975\/revisions\/88977"}],"wp:featuredmedia":[{"embeddable":true,"href":"https:\/\/www.altominho.tv\/site\/wp-json\/wp\/v2\/media\/88976"}],"wp:attachment":[{"href":"https:\/\/www.altominho.tv\/site\/wp-json\/wp\/v2\/media?parent=88975"}],"wp:term":[{"taxonomy":"category","embeddable":true,"href":"https:\/\/www.altominho.tv\/site\/wp-json\/wp\/v2\/categories?post=88975"},{"taxonomy":"post_tag","embeddable":true,"href":"https:\/\/www.altominho.tv\/site\/wp-json\/wp\/v2\/tags?post=88975"}],"curies":[{"name":"wp","href":"https:\/\/api.w.org\/{rel}","templated":true}]}}