{"id":88950,"date":"2023-02-10T11:55:32","date_gmt":"2023-02-10T11:55:32","guid":{"rendered":"https:\/\/www.altominho.tv\/site\/?p=88950"},"modified":"2023-02-10T12:05:41","modified_gmt":"2023-02-10T12:05:41","slug":"despiste-de-ferrari-faz-um-ferido-grave-em-lapela","status":"publish","type":"post","link":"https:\/\/www.altominho.tv\/site\/2023\/02\/10\/despiste-de-ferrari-faz-um-ferido-grave-em-lapela\/","title":{"rendered":"Despiste de Ferrari faz um ferido grave em Lapela"},"content":{"rendered":"<p>Um homem de 33 anos ficou hoje gravemente ferido na sequ\u00eancia de um despiste na Estrada Nacional 101 em Lapela, Mon\u00e7\u00e3o.<\/p>\n<p>A v\u00edtima foi transportada pela SIV de Valen\u00e7a para o Hospital de Viana do Castelo com ferimentos graves.<\/p>\n<p>O ve\u00edculo sinistrado \u00e9 um Ferrari, um carro desportivo de luxo.<\/p>\n<p>No local estiveram tamb\u00e9m os Bombeiros Volunt\u00e1rios de Mon\u00e7\u00e3o.<\/p>\n<p>A GNR registou a ocorr\u00eancia.<\/p>\n<p>O alerta foi dado pelas 10h57.<\/p>\n","protected":false},"excerpt":{"rendered":"<p>Um homem de 33 anos ficou hoje gravemente ferido na sequ\u00eancia de um despiste na Estrada Nacional 101 em Lapela, Mon\u00e7\u00e3o. A v\u00edtima foi transportada pela SIV de Valen\u00e7a para o Hospital de Viana do Castelo com ferimentos graves. O ve\u00edculo sinistrado \u00e9 um Ferrari, um carro desportivo de luxo. No local estiveram tamb\u00e9m os [&hellip;]<\/p>\n","protected":false},"author":1,"featured_media":88952,"comment_status":"closed","ping_status":"closed","sticky":false,"template":"","format":"standard","meta":{"_exactmetrics_skip_tracking":false,"_exactmetrics_sitenote_active":false,"_exactmetrics_sitenote_note":"","_exactmetrics_sitenote_category":0,"footnotes":""},"categories":[9],"tags":[27],"class_list":["post-88950","post","type-post","status-publish","format-standard","has-post-thumbnail","hentry","category-moncao","tag-sociedade"],"yoast_head":"<!-- This site is optimized with the Yoast SEO Premium plugin v27.5 (Yoast SEO v27.5) - https:\/\/yoast.com\/product\/yoast-seo-premium-wordpress\/ -->\n<title>Despiste de Ferrari faz um ferido grave em Lapela<\/title>\n<meta name=\"description\" content=\"Um homem de 33 anos ficou hoje ferido na sequ\u00eancia de um despiste de Ferrari na Estrada nacional 101, em Lapela, Mon\u00e7\u00e3o.\" \/>\n<meta name=\"robots\" content=\"index, follow, max-snippet:-1, max-image-preview:large, max-video-preview:-1\" \/>\n<link rel=\"canonical\" href=\"https:\/\/www.altominho.tv\/site\/2023\/02\/10\/despiste-de-ferrari-faz-um-ferido-grave-em-lapela\/\" \/>\n<meta property=\"og:locale\" content=\"pt_PT\" \/>\n<meta property=\"og:type\" content=\"article\" \/>\n<meta property=\"og:title\" content=\"Despiste de Ferrari faz um ferido grave em Lapela\" \/>\n<meta property=\"og:description\" content=\"Um homem de 33 anos ficou hoje ferido na sequ\u00eancia de um despiste de Ferrari na Estrada nacional 101, em Lapela, Mon\u00e7\u00e3o.\" \/>\n<meta property=\"og:url\" content=\"https:\/\/www.altominho.tv\/site\/2023\/02\/10\/despiste-de-ferrari-faz-um-ferido-grave-em-lapela\/\" \/>\n<meta property=\"og:site_name\" content=\"Altominho.tv\" \/>\n<meta property=\"article:publisher\" content=\"https:\/\/www.facebook.com\/altominhotv\" \/>\n<meta property=\"article:published_time\" content=\"2023-02-10T11:55:32+00:00\" \/>\n<meta property=\"article:modified_time\" content=\"2023-02-10T12:05:41+00:00\" \/>\n<meta property=\"og:image\" content=\"https:\/\/www.altominho.tv\/site\/wp-content\/uploads\/2023\/02\/Ferrari.png\" \/>\n\t<meta property=\"og:image:width\" content=\"1010\" \/>\n\t<meta property=\"og:image:height\" content=\"562\" \/>\n\t<meta property=\"og:image:type\" content=\"image\/png\" \/>\n<meta name=\"author\" content=\"Altominho.tv\" \/>\n<meta name=\"twitter:card\" content=\"summary_large_image\" \/>\n<meta name=\"twitter:creator\" content=\"@altominhoTV\" \/>\n<meta name=\"twitter:site\" content=\"@altominhoTV\" \/>\n<meta name=\"twitter:label1\" content=\"Escrito por\" \/>\n\t<meta name=\"twitter:data1\" content=\"Altominho.tv\" \/>\n\t<meta name=\"twitter:label2\" content=\"Tempo estimado de leitura\" \/>\n\t<meta name=\"twitter:data2\" content=\"1 minuto\" \/>\n<script type=\"application\/ld+json\" class=\"yoast-schema-graph\">{\"@context\":\"https:\\\/\\\/schema.org\",\"@graph\":[{\"@type\":\"Article\",\"@id\":\"https:\\\/\\\/www.altominho.tv\\\/site\\\/2023\\\/02\\\/10\\\/despiste-de-ferrari-faz-um-ferido-grave-em-lapela\\\/#article\",\"isPartOf\":{\"@id\":\"https:\\\/\\\/www.altominho.tv\\\/site\\\/2023\\\/02\\\/10\\\/despiste-de-ferrari-faz-um-ferido-grave-em-lapela\\\/\"},\"author\":{\"name\":\"Altominho.tv\",\"@id\":\"https:\\\/\\\/www.altominho.tv\\\/site\\\/#\\\/schema\\\/person\\\/4e536851627d7914baf3dac752b6af22\"},\"headline\":\"Despiste de Ferrari faz um ferido grave em Lapela\",\"datePublished\":\"2023-02-10T11:55:32+00:00\",\"dateModified\":\"2023-02-10T12:05:41+00:00\",\"mainEntityOfPage\":{\"@id\":\"https:\\\/\\\/www.altominho.tv\\\/site\\\/2023\\\/02\\\/10\\\/despiste-de-ferrari-faz-um-ferido-grave-em-lapela\\\/\"},\"wordCount\":85,\"image\":{\"@id\":\"https:\\\/\\\/www.altominho.tv\\\/site\\\/2023\\\/02\\\/10\\\/despiste-de-ferrari-faz-um-ferido-grave-em-lapela\\\/#primaryimage\"},\"thumbnailUrl\":\"https:\\\/\\\/www.altominho.tv\\\/site\\\/wp-content\\\/uploads\\\/2023\\\/02\\\/Ferrari.png\",\"keywords\":[\"Sociedade\"],\"articleSection\":[\"Mon\u00e7\u00e3o\"],\"inLanguage\":\"pt-PT\",\"copyrightYear\":\"2023\",\"copyrightHolder\":{\"@id\":\"https:\\\/\\\/www.altominho.tv\\\/site\\\/#organization\"}},{\"@type\":\"WebPage\",\"@id\":\"https:\\\/\\\/www.altominho.tv\\\/site\\\/2023\\\/02\\\/10\\\/despiste-de-ferrari-faz-um-ferido-grave-em-lapela\\\/\",\"url\":\"https:\\\/\\\/www.altominho.tv\\\/site\\\/2023\\\/02\\\/10\\\/despiste-de-ferrari-faz-um-ferido-grave-em-lapela\\\/\",\"name\":\"Despiste de Ferrari faz um ferido grave em Lapela\",\"isPartOf\":{\"@id\":\"https:\\\/\\\/www.altominho.tv\\\/site\\\/#website\"},\"primaryImageOfPage\":{\"@id\":\"https:\\\/\\\/www.altominho.tv\\\/site\\\/2023\\\/02\\\/10\\\/despiste-de-ferrari-faz-um-ferido-grave-em-lapela\\\/#primaryimage\"},\"image\":{\"@id\":\"https:\\\/\\\/www.altominho.tv\\\/site\\\/2023\\\/02\\\/10\\\/despiste-de-ferrari-faz-um-ferido-grave-em-lapela\\\/#primaryimage\"},\"thumbnailUrl\":\"https:\\\/\\\/www.altominho.tv\\\/site\\\/wp-content\\\/uploads\\\/2023\\\/02\\\/Ferrari.png\",\"datePublished\":\"2023-02-10T11:55:32+00:00\",\"dateModified\":\"2023-02-10T12:05:41+00:00\",\"author\":{\"@id\":\"https:\\\/\\\/www.altominho.tv\\\/site\\\/#\\\/schema\\\/person\\\/4e536851627d7914baf3dac752b6af22\"},\"description\":\"Um homem de 33 anos ficou hoje ferido na sequ\u00eancia de um despiste de Ferrari na Estrada nacional 101, em Lapela, Mon\u00e7\u00e3o.\",\"breadcrumb\":{\"@id\":\"https:\\\/\\\/www.altominho.tv\\\/site\\\/2023\\\/02\\\/10\\\/despiste-de-ferrari-faz-um-ferido-grave-em-lapela\\\/#breadcrumb\"},\"inLanguage\":\"pt-PT\",\"potentialAction\":[{\"@type\":\"ReadAction\",\"target\":[\"https:\\\/\\\/www.altominho.tv\\\/site\\\/2023\\\/02\\\/10\\\/despiste-de-ferrari-faz-um-ferido-grave-em-lapela\\\/\"]}]},{\"@type\":\"ImageObject\",\"inLanguage\":\"pt-PT\",\"@id\":\"https:\\\/\\\/www.altominho.tv\\\/site\\\/2023\\\/02\\\/10\\\/despiste-de-ferrari-faz-um-ferido-grave-em-lapela\\\/#primaryimage\",\"url\":\"https:\\\/\\\/www.altominho.tv\\\/site\\\/wp-content\\\/uploads\\\/2023\\\/02\\\/Ferrari.png\",\"contentUrl\":\"https:\\\/\\\/www.altominho.tv\\\/site\\\/wp-content\\\/uploads\\\/2023\\\/02\\\/Ferrari.png\",\"width\":1010,\"height\":562},{\"@type\":\"BreadcrumbList\",\"@id\":\"https:\\\/\\\/www.altominho.tv\\\/site\\\/2023\\\/02\\\/10\\\/despiste-de-ferrari-faz-um-ferido-grave-em-lapela\\\/#breadcrumb\",\"itemListElement\":[{\"@type\":\"ListItem\",\"position\":1,\"name\":\"In\u00edcio\",\"item\":\"https:\\\/\\\/www.altominho.tv\\\/site\\\/\"},{\"@type\":\"ListItem\",\"position\":2,\"name\":\"Despiste de Ferrari faz um ferido grave em Lapela\"}]},{\"@type\":\"WebSite\",\"@id\":\"https:\\\/\\\/www.altominho.tv\\\/site\\\/#website\",\"url\":\"https:\\\/\\\/www.altominho.tv\\\/site\\\/\",\"name\":\"Altominho.tv\",\"description\":\"A sua regi\u00e3o \u00e0 dist\u00e2ncia de um clique...\",\"potentialAction\":[{\"@type\":\"SearchAction\",\"target\":{\"@type\":\"EntryPoint\",\"urlTemplate\":\"https:\\\/\\\/www.altominho.tv\\\/site\\\/?s={search_term_string}\"},\"query-input\":{\"@type\":\"PropertyValueSpecification\",\"valueRequired\":true,\"valueName\":\"search_term_string\"}}],\"inLanguage\":\"pt-PT\"},{\"@type\":\"Person\",\"@id\":\"https:\\\/\\\/www.altominho.tv\\\/site\\\/#\\\/schema\\\/person\\\/4e536851627d7914baf3dac752b6af22\",\"name\":\"Altominho.tv\",\"image\":{\"@type\":\"ImageObject\",\"inLanguage\":\"pt-PT\",\"@id\":\"https:\\\/\\\/www.altominho.tv\\\/site\\\/wp-content\\\/uploads\\\/2019\\\/11\\\/Logo_Avatar_2-150x150.jpg\",\"url\":\"https:\\\/\\\/www.altominho.tv\\\/site\\\/wp-content\\\/uploads\\\/2019\\\/11\\\/Logo_Avatar_2-150x150.jpg\",\"contentUrl\":\"https:\\\/\\\/www.altominho.tv\\\/site\\\/wp-content\\\/uploads\\\/2019\\\/11\\\/Logo_Avatar_2-150x150.jpg\",\"caption\":\"Altominho.tv\"},\"url\":\"https:\\\/\\\/www.altominho.tv\\\/site\\\/author\\\/altominhotv-tecnico\\\/\"}]}<\/script>\n<!-- \/ Yoast SEO Premium plugin. -->","yoast_head_json":{"title":"Despiste de Ferrari faz um ferido grave em Lapela","description":"Um homem de 33 anos ficou hoje ferido na sequ\u00eancia de um despiste de Ferrari na Estrada nacional 101, em Lapela, Mon\u00e7\u00e3o.","robots":{"index":"index","follow":"follow","max-snippet":"max-snippet:-1","max-image-preview":"max-image-preview:large","max-video-preview":"max-video-preview:-1"},"canonical":"https:\/\/www.altominho.tv\/site\/2023\/02\/10\/despiste-de-ferrari-faz-um-ferido-grave-em-lapela\/","og_locale":"pt_PT","og_type":"article","og_title":"Despiste de Ferrari faz um ferido grave em Lapela","og_description":"Um homem de 33 anos ficou hoje ferido na sequ\u00eancia de um despiste de Ferrari na Estrada nacional 101, em Lapela, Mon\u00e7\u00e3o.","og_url":"https:\/\/www.altominho.tv\/site\/2023\/02\/10\/despiste-de-ferrari-faz-um-ferido-grave-em-lapela\/","og_site_name":"Altominho.tv","article_publisher":"https:\/\/www.facebook.com\/altominhotv","article_published_time":"2023-02-10T11:55:32+00:00","article_modified_time":"2023-02-10T12:05:41+00:00","og_image":[{"width":1010,"height":562,"url":"https:\/\/www.altominho.tv\/site\/wp-content\/uploads\/2023\/02\/Ferrari.png","type":"image\/png"}],"author":"Altominho.tv","twitter_card":"summary_large_image","twitter_creator":"@altominhoTV","twitter_site":"@altominhoTV","twitter_misc":{"Escrito por":"Altominho.tv","Tempo estimado de leitura":"1 minuto"},"schema":{"@context":"https:\/\/schema.org","@graph":[{"@type":"Article","@id":"https:\/\/www.altominho.tv\/site\/2023\/02\/10\/despiste-de-ferrari-faz-um-ferido-grave-em-lapela\/#article","isPartOf":{"@id":"https:\/\/www.altominho.tv\/site\/2023\/02\/10\/despiste-de-ferrari-faz-um-ferido-grave-em-lapela\/"},"author":{"name":"Altominho.tv","@id":"https:\/\/www.altominho.tv\/site\/#\/schema\/person\/4e536851627d7914baf3dac752b6af22"},"headline":"Despiste de Ferrari faz um ferido grave em Lapela","datePublished":"2023-02-10T11:55:32+00:00","dateModified":"2023-02-10T12:05:41+00:00","mainEntityOfPage":{"@id":"https:\/\/www.altominho.tv\/site\/2023\/02\/10\/despiste-de-ferrari-faz-um-ferido-grave-em-lapela\/"},"wordCount":85,"image":{"@id":"https:\/\/www.altominho.tv\/site\/2023\/02\/10\/despiste-de-ferrari-faz-um-ferido-grave-em-lapela\/#primaryimage"},"thumbnailUrl":"https:\/\/www.altominho.tv\/site\/wp-content\/uploads\/2023\/02\/Ferrari.png","keywords":["Sociedade"],"articleSection":["Mon\u00e7\u00e3o"],"inLanguage":"pt-PT","copyrightYear":"2023","copyrightHolder":{"@id":"https:\/\/www.altominho.tv\/site\/#organization"}},{"@type":"WebPage","@id":"https:\/\/www.altominho.tv\/site\/2023\/02\/10\/despiste-de-ferrari-faz-um-ferido-grave-em-lapela\/","url":"https:\/\/www.altominho.tv\/site\/2023\/02\/10\/despiste-de-ferrari-faz-um-ferido-grave-em-lapela\/","name":"Despiste de Ferrari faz um ferido grave em Lapela","isPartOf":{"@id":"https:\/\/www.altominho.tv\/site\/#website"},"primaryImageOfPage":{"@id":"https:\/\/www.altominho.tv\/site\/2023\/02\/10\/despiste-de-ferrari-faz-um-ferido-grave-em-lapela\/#primaryimage"},"image":{"@id":"https:\/\/www.altominho.tv\/site\/2023\/02\/10\/despiste-de-ferrari-faz-um-ferido-grave-em-lapela\/#primaryimage"},"thumbnailUrl":"https:\/\/www.altominho.tv\/site\/wp-content\/uploads\/2023\/02\/Ferrari.png","datePublished":"2023-02-10T11:55:32+00:00","dateModified":"2023-02-10T12:05:41+00:00","author":{"@id":"https:\/\/www.altominho.tv\/site\/#\/schema\/person\/4e536851627d7914baf3dac752b6af22"},"description":"Um homem de 33 anos ficou hoje ferido na sequ\u00eancia de um despiste de Ferrari na Estrada nacional 101, em Lapela, Mon\u00e7\u00e3o.","breadcrumb":{"@id":"https:\/\/www.altominho.tv\/site\/2023\/02\/10\/despiste-de-ferrari-faz-um-ferido-grave-em-lapela\/#breadcrumb"},"inLanguage":"pt-PT","potentialAction":[{"@type":"ReadAction","target":["https:\/\/www.altominho.tv\/site\/2023\/02\/10\/despiste-de-ferrari-faz-um-ferido-grave-em-lapela\/"]}]},{"@type":"ImageObject","inLanguage":"pt-PT","@id":"https:\/\/www.altominho.tv\/site\/2023\/02\/10\/despiste-de-ferrari-faz-um-ferido-grave-em-lapela\/#primaryimage","url":"https:\/\/www.altominho.tv\/site\/wp-content\/uploads\/2023\/02\/Ferrari.png","contentUrl":"https:\/\/www.altominho.tv\/site\/wp-content\/uploads\/2023\/02\/Ferrari.png","width":1010,"height":562},{"@type":"BreadcrumbList","@id":"https:\/\/www.altominho.tv\/site\/2023\/02\/10\/despiste-de-ferrari-faz-um-ferido-grave-em-lapela\/#breadcrumb","itemListElement":[{"@type":"ListItem","position":1,"name":"In\u00edcio","item":"https:\/\/www.altominho.tv\/site\/"},{"@type":"ListItem","position":2,"name":"Despiste de Ferrari faz um ferido grave em Lapela"}]},{"@type":"WebSite","@id":"https:\/\/www.altominho.tv\/site\/#website","url":"https:\/\/www.altominho.tv\/site\/","name":"Altominho.tv","description":"A sua regi\u00e3o \u00e0 dist\u00e2ncia de um clique...","potentialAction":[{"@type":"SearchAction","target":{"@type":"EntryPoint","urlTemplate":"https:\/\/www.altominho.tv\/site\/?s={search_term_string}"},"query-input":{"@type":"PropertyValueSpecification","valueRequired":true,"valueName":"search_term_string"}}],"inLanguage":"pt-PT"},{"@type":"Person","@id":"https:\/\/www.altominho.tv\/site\/#\/schema\/person\/4e536851627d7914baf3dac752b6af22","name":"Altominho.tv","image":{"@type":"ImageObject","inLanguage":"pt-PT","@id":"https:\/\/www.altominho.tv\/site\/wp-content\/uploads\/2019\/11\/Logo_Avatar_2-150x150.jpg","url":"https:\/\/www.altominho.tv\/site\/wp-content\/uploads\/2019\/11\/Logo_Avatar_2-150x150.jpg","contentUrl":"https:\/\/www.altominho.tv\/site\/wp-content\/uploads\/2019\/11\/Logo_Avatar_2-150x150.jpg","caption":"Altominho.tv"},"url":"https:\/\/www.altominho.tv\/site\/author\/altominhotv-tecnico\/"}]}},"_links":{"self":[{"href":"https:\/\/www.altominho.tv\/site\/wp-json\/wp\/v2\/posts\/88950","targetHints":{"allow":["GET"]}}],"collection":[{"href":"https:\/\/www.altominho.tv\/site\/wp-json\/wp\/v2\/posts"}],"about":[{"href":"https:\/\/www.altominho.tv\/site\/wp-json\/wp\/v2\/types\/post"}],"author":[{"embeddable":true,"href":"https:\/\/www.altominho.tv\/site\/wp-json\/wp\/v2\/users\/1"}],"replies":[{"embeddable":true,"href":"https:\/\/www.altominho.tv\/site\/wp-json\/wp\/v2\/comments?post=88950"}],"version-history":[{"count":2,"href":"https:\/\/www.altominho.tv\/site\/wp-json\/wp\/v2\/posts\/88950\/revisions"}],"predecessor-version":[{"id":88953,"href":"https:\/\/www.altominho.tv\/site\/wp-json\/wp\/v2\/posts\/88950\/revisions\/88953"}],"wp:featuredmedia":[{"embeddable":true,"href":"https:\/\/www.altominho.tv\/site\/wp-json\/wp\/v2\/media\/88952"}],"wp:attachment":[{"href":"https:\/\/www.altominho.tv\/site\/wp-json\/wp\/v2\/media?parent=88950"}],"wp:term":[{"taxonomy":"category","embeddable":true,"href":"https:\/\/www.altominho.tv\/site\/wp-json\/wp\/v2\/categories?post=88950"},{"taxonomy":"post_tag","embeddable":true,"href":"https:\/\/www.altominho.tv\/site\/wp-json\/wp\/v2\/tags?post=88950"}],"curies":[{"name":"wp","href":"https:\/\/api.w.org\/{rel}","templated":true}]}}