{"id":88947,"date":"2023-02-10T10:06:21","date_gmt":"2023-02-10T10:06:21","guid":{"rendered":"https:\/\/www.altominho.tv\/site\/?p=88947"},"modified":"2023-02-10T10:06:26","modified_gmt":"2023-02-10T10:06:26","slug":"equipa-de-moncao-ruma-a-turquia-para-ajudar-a-salvar-vidas","status":"publish","type":"post","link":"https:\/\/www.altominho.tv\/site\/2023\/02\/10\/equipa-de-moncao-ruma-a-turquia-para-ajudar-a-salvar-vidas\/","title":{"rendered":"Equipa de Mon\u00e7\u00e3o ruma \u00e0 Turquia para ajudar a salvar vidas"},"content":{"rendered":"<p>Uma equipa da Subzone \u2013 Search and Rescue Team, constitu\u00edda por 9 elementos, vai colaborar nas opera\u00e7\u00f5es de busca, salvamento e resgate na Turquia, na sequ\u00eancia do sismo registado na passada segunda-feira, na fronteira entre a Turquia e a S\u00edria.<\/p>\n<p>Os operacionais sa\u00edram do quartel dos bombeiros esta madrugada, pelas 6h00, tendo como destino o Aeroporto Humberto Delgado, em Lisboa. Cumpridas todas as formalidades legais, embarcam, pelas 16h00, rumo \u00e0 Turquia.<\/p>\n<p>&#8220;Conscientes que ainda h\u00e1 muito a fazer nesta trag\u00e9dia de grandes propor\u00e7\u00f5es, a Subzone &#8211; Search and Rescue Team deixa um enorme agradecimento ao Munic\u00edpio de Mon\u00e7\u00e3o, \u00e0s entidades patronais dos operacionais e a todos os parceiros, patrocinadores e apoiantes&#8221;, refere a organiza\u00e7\u00e3o.<\/p>\n<p>A equipa, coordenada por\u00a0Gon\u00e7alo Nuno Oliveira, \u00e9 constitu\u00edda\u00a0por Jo\u00e3o Carlos Parra, Ivo Fernandes, Manuel Carlos Gon\u00e7alves, Pedro Silva, Jo\u00e3o Louren\u00e7o, V\u00edtor Teixeira, Marlene Falc\u00e3o e Paulo Campos.<\/p>\n","protected":false},"excerpt":{"rendered":"<p>Uma equipa da Subzone \u2013 Search and Rescue Team, constitu\u00edda por 9 elementos, vai colaborar nas opera\u00e7\u00f5es de busca, salvamento e resgate na Turquia, na sequ\u00eancia do sismo registado na passada segunda-feira, na fronteira entre a Turquia e a S\u00edria. Os operacionais sa\u00edram do quartel dos bombeiros esta madrugada, pelas 6h00, tendo como destino o [&hellip;]<\/p>\n","protected":false},"author":24,"featured_media":88948,"comment_status":"closed","ping_status":"closed","sticky":false,"template":"","format":"standard","meta":{"_exactmetrics_skip_tracking":false,"_exactmetrics_sitenote_active":false,"_exactmetrics_sitenote_note":"","_exactmetrics_sitenote_category":0,"footnotes":""},"categories":[9],"tags":[27],"class_list":["post-88947","post","type-post","status-publish","format-standard","has-post-thumbnail","hentry","category-moncao","tag-sociedade"],"yoast_head":"<!-- This site is optimized with the Yoast SEO Premium plugin v27.5 (Yoast SEO v27.5) - https:\/\/yoast.com\/product\/yoast-seo-premium-wordpress\/ -->\n<title>Equipa de Mon\u00e7\u00e3o ruma \u00e0 Turquia para ajudar a salvar vidas<\/title>\n<meta name=\"description\" content=\"Uma equipa da Subzone \u2013 Search and Rescue Team, constitu\u00edda por 9 elementos, vai colaborar nas opera\u00e7\u00f5es de busca, salvamento e resgate na Turquia, na sequ\u00eancia do sismo registado na passada segunda-feira, na fronteira entre a Turquia e a S\u00edria.\" \/>\n<meta name=\"robots\" content=\"index, follow, max-snippet:-1, max-image-preview:large, max-video-preview:-1\" \/>\n<link rel=\"canonical\" href=\"https:\/\/www.altominho.tv\/site\/2023\/02\/10\/equipa-de-moncao-ruma-a-turquia-para-ajudar-a-salvar-vidas\/\" \/>\n<meta property=\"og:locale\" content=\"pt_PT\" \/>\n<meta property=\"og:type\" content=\"article\" \/>\n<meta property=\"og:title\" content=\"Equipa de Mon\u00e7\u00e3o ruma \u00e0 Turquia para ajudar a salvar vidas\" \/>\n<meta property=\"og:description\" content=\"Uma equipa da Subzone \u2013 Search and Rescue Team, constitu\u00edda por 9 elementos, vai colaborar nas opera\u00e7\u00f5es de busca, salvamento e resgate na Turquia, na sequ\u00eancia do sismo registado na passada segunda-feira, na fronteira entre a Turquia e a S\u00edria.\" \/>\n<meta property=\"og:url\" content=\"https:\/\/www.altominho.tv\/site\/2023\/02\/10\/equipa-de-moncao-ruma-a-turquia-para-ajudar-a-salvar-vidas\/\" \/>\n<meta property=\"og:site_name\" content=\"Altominho.tv\" \/>\n<meta property=\"article:publisher\" content=\"https:\/\/www.facebook.com\/altominhotv\" \/>\n<meta property=\"article:published_time\" content=\"2023-02-10T10:06:21+00:00\" \/>\n<meta property=\"article:modified_time\" content=\"2023-02-10T10:06:26+00:00\" \/>\n<meta property=\"og:image\" content=\"https:\/\/www.altominho.tv\/site\/wp-content\/uploads\/2023\/02\/Subzone.png\" \/>\n\t<meta property=\"og:image:width\" content=\"1233\" \/>\n\t<meta property=\"og:image:height\" content=\"719\" \/>\n\t<meta property=\"og:image:type\" content=\"image\/png\" \/>\n<meta name=\"author\" content=\"Cesar Lopes\" \/>\n<meta name=\"twitter:card\" content=\"summary_large_image\" \/>\n<meta name=\"twitter:creator\" content=\"@altominhoTV\" \/>\n<meta name=\"twitter:site\" content=\"@altominhoTV\" \/>\n<meta name=\"twitter:label1\" content=\"Escrito por\" \/>\n\t<meta name=\"twitter:data1\" content=\"Cesar Lopes\" \/>\n\t<meta name=\"twitter:label2\" content=\"Tempo estimado de leitura\" \/>\n\t<meta name=\"twitter:data2\" content=\"1 minuto\" \/>\n<script type=\"application\/ld+json\" class=\"yoast-schema-graph\">{\"@context\":\"https:\\\/\\\/schema.org\",\"@graph\":[{\"@type\":\"Article\",\"@id\":\"https:\\\/\\\/www.altominho.tv\\\/site\\\/2023\\\/02\\\/10\\\/equipa-de-moncao-ruma-a-turquia-para-ajudar-a-salvar-vidas\\\/#article\",\"isPartOf\":{\"@id\":\"https:\\\/\\\/www.altominho.tv\\\/site\\\/2023\\\/02\\\/10\\\/equipa-de-moncao-ruma-a-turquia-para-ajudar-a-salvar-vidas\\\/\"},\"author\":{\"name\":\"Cesar Lopes\",\"@id\":\"https:\\\/\\\/www.altominho.tv\\\/site\\\/#\\\/schema\\\/person\\\/c5570e5afb933b8d08c43373326ef1b1\"},\"headline\":\"Equipa de Mon\u00e7\u00e3o ruma \u00e0 Turquia para ajudar a salvar vidas\",\"datePublished\":\"2023-02-10T10:06:21+00:00\",\"dateModified\":\"2023-02-10T10:06:26+00:00\",\"mainEntityOfPage\":{\"@id\":\"https:\\\/\\\/www.altominho.tv\\\/site\\\/2023\\\/02\\\/10\\\/equipa-de-moncao-ruma-a-turquia-para-ajudar-a-salvar-vidas\\\/\"},\"wordCount\":168,\"image\":{\"@id\":\"https:\\\/\\\/www.altominho.tv\\\/site\\\/2023\\\/02\\\/10\\\/equipa-de-moncao-ruma-a-turquia-para-ajudar-a-salvar-vidas\\\/#primaryimage\"},\"thumbnailUrl\":\"https:\\\/\\\/www.altominho.tv\\\/site\\\/wp-content\\\/uploads\\\/2023\\\/02\\\/Subzone.png\",\"keywords\":[\"Sociedade\"],\"articleSection\":[\"Mon\u00e7\u00e3o\"],\"inLanguage\":\"pt-PT\",\"copyrightYear\":\"2023\",\"copyrightHolder\":{\"@id\":\"https:\\\/\\\/www.altominho.tv\\\/site\\\/#organization\"}},{\"@type\":\"WebPage\",\"@id\":\"https:\\\/\\\/www.altominho.tv\\\/site\\\/2023\\\/02\\\/10\\\/equipa-de-moncao-ruma-a-turquia-para-ajudar-a-salvar-vidas\\\/\",\"url\":\"https:\\\/\\\/www.altominho.tv\\\/site\\\/2023\\\/02\\\/10\\\/equipa-de-moncao-ruma-a-turquia-para-ajudar-a-salvar-vidas\\\/\",\"name\":\"Equipa de Mon\u00e7\u00e3o ruma \u00e0 Turquia para ajudar a salvar vidas\",\"isPartOf\":{\"@id\":\"https:\\\/\\\/www.altominho.tv\\\/site\\\/#website\"},\"primaryImageOfPage\":{\"@id\":\"https:\\\/\\\/www.altominho.tv\\\/site\\\/2023\\\/02\\\/10\\\/equipa-de-moncao-ruma-a-turquia-para-ajudar-a-salvar-vidas\\\/#primaryimage\"},\"image\":{\"@id\":\"https:\\\/\\\/www.altominho.tv\\\/site\\\/2023\\\/02\\\/10\\\/equipa-de-moncao-ruma-a-turquia-para-ajudar-a-salvar-vidas\\\/#primaryimage\"},\"thumbnailUrl\":\"https:\\\/\\\/www.altominho.tv\\\/site\\\/wp-content\\\/uploads\\\/2023\\\/02\\\/Subzone.png\",\"datePublished\":\"2023-02-10T10:06:21+00:00\",\"dateModified\":\"2023-02-10T10:06:26+00:00\",\"author\":{\"@id\":\"https:\\\/\\\/www.altominho.tv\\\/site\\\/#\\\/schema\\\/person\\\/c5570e5afb933b8d08c43373326ef1b1\"},\"description\":\"Uma equipa da Subzone \u2013 Search and Rescue Team, constitu\u00edda por 9 elementos, vai colaborar nas opera\u00e7\u00f5es de busca, salvamento e resgate na Turquia, na sequ\u00eancia do sismo registado na passada segunda-feira, na fronteira entre a Turquia e a S\u00edria.\",\"breadcrumb\":{\"@id\":\"https:\\\/\\\/www.altominho.tv\\\/site\\\/2023\\\/02\\\/10\\\/equipa-de-moncao-ruma-a-turquia-para-ajudar-a-salvar-vidas\\\/#breadcrumb\"},\"inLanguage\":\"pt-PT\",\"potentialAction\":[{\"@type\":\"ReadAction\",\"target\":[\"https:\\\/\\\/www.altominho.tv\\\/site\\\/2023\\\/02\\\/10\\\/equipa-de-moncao-ruma-a-turquia-para-ajudar-a-salvar-vidas\\\/\"]}]},{\"@type\":\"ImageObject\",\"inLanguage\":\"pt-PT\",\"@id\":\"https:\\\/\\\/www.altominho.tv\\\/site\\\/2023\\\/02\\\/10\\\/equipa-de-moncao-ruma-a-turquia-para-ajudar-a-salvar-vidas\\\/#primaryimage\",\"url\":\"https:\\\/\\\/www.altominho.tv\\\/site\\\/wp-content\\\/uploads\\\/2023\\\/02\\\/Subzone.png\",\"contentUrl\":\"https:\\\/\\\/www.altominho.tv\\\/site\\\/wp-content\\\/uploads\\\/2023\\\/02\\\/Subzone.png\",\"width\":1233,\"height\":719},{\"@type\":\"BreadcrumbList\",\"@id\":\"https:\\\/\\\/www.altominho.tv\\\/site\\\/2023\\\/02\\\/10\\\/equipa-de-moncao-ruma-a-turquia-para-ajudar-a-salvar-vidas\\\/#breadcrumb\",\"itemListElement\":[{\"@type\":\"ListItem\",\"position\":1,\"name\":\"In\u00edcio\",\"item\":\"https:\\\/\\\/www.altominho.tv\\\/site\\\/\"},{\"@type\":\"ListItem\",\"position\":2,\"name\":\"Equipa de Mon\u00e7\u00e3o ruma \u00e0 Turquia para ajudar a salvar vidas\"}]},{\"@type\":\"WebSite\",\"@id\":\"https:\\\/\\\/www.altominho.tv\\\/site\\\/#website\",\"url\":\"https:\\\/\\\/www.altominho.tv\\\/site\\\/\",\"name\":\"Altominho.tv\",\"description\":\"A sua regi\u00e3o \u00e0 dist\u00e2ncia de um clique...\",\"potentialAction\":[{\"@type\":\"SearchAction\",\"target\":{\"@type\":\"EntryPoint\",\"urlTemplate\":\"https:\\\/\\\/www.altominho.tv\\\/site\\\/?s={search_term_string}\"},\"query-input\":{\"@type\":\"PropertyValueSpecification\",\"valueRequired\":true,\"valueName\":\"search_term_string\"}}],\"inLanguage\":\"pt-PT\"},{\"@type\":\"Person\",\"@id\":\"https:\\\/\\\/www.altominho.tv\\\/site\\\/#\\\/schema\\\/person\\\/c5570e5afb933b8d08c43373326ef1b1\",\"name\":\"Cesar Lopes\",\"image\":{\"@type\":\"ImageObject\",\"inLanguage\":\"pt-PT\",\"@id\":\"https:\\\/\\\/www.altominho.tv\\\/site\\\/wp-content\\\/uploads\\\/2022\\\/10\\\/Sem-Titulo-150x150.jpg\",\"url\":\"https:\\\/\\\/www.altominho.tv\\\/site\\\/wp-content\\\/uploads\\\/2022\\\/10\\\/Sem-Titulo-150x150.jpg\",\"contentUrl\":\"https:\\\/\\\/www.altominho.tv\\\/site\\\/wp-content\\\/uploads\\\/2022\\\/10\\\/Sem-Titulo-150x150.jpg\",\"caption\":\"Cesar Lopes\"},\"url\":\"https:\\\/\\\/www.altominho.tv\\\/site\\\/author\\\/cesarlopes\\\/\"}]}<\/script>\n<!-- \/ Yoast SEO Premium plugin. -->","yoast_head_json":{"title":"Equipa de Mon\u00e7\u00e3o ruma \u00e0 Turquia para ajudar a salvar vidas","description":"Uma equipa da Subzone \u2013 Search and Rescue Team, constitu\u00edda por 9 elementos, vai colaborar nas opera\u00e7\u00f5es de busca, salvamento e resgate na Turquia, na sequ\u00eancia do sismo registado na passada segunda-feira, na fronteira entre a Turquia e a S\u00edria.","robots":{"index":"index","follow":"follow","max-snippet":"max-snippet:-1","max-image-preview":"max-image-preview:large","max-video-preview":"max-video-preview:-1"},"canonical":"https:\/\/www.altominho.tv\/site\/2023\/02\/10\/equipa-de-moncao-ruma-a-turquia-para-ajudar-a-salvar-vidas\/","og_locale":"pt_PT","og_type":"article","og_title":"Equipa de Mon\u00e7\u00e3o ruma \u00e0 Turquia para ajudar a salvar vidas","og_description":"Uma equipa da Subzone \u2013 Search and Rescue Team, constitu\u00edda por 9 elementos, vai colaborar nas opera\u00e7\u00f5es de busca, salvamento e resgate na Turquia, na sequ\u00eancia do sismo registado na passada segunda-feira, na fronteira entre a Turquia e a S\u00edria.","og_url":"https:\/\/www.altominho.tv\/site\/2023\/02\/10\/equipa-de-moncao-ruma-a-turquia-para-ajudar-a-salvar-vidas\/","og_site_name":"Altominho.tv","article_publisher":"https:\/\/www.facebook.com\/altominhotv","article_published_time":"2023-02-10T10:06:21+00:00","article_modified_time":"2023-02-10T10:06:26+00:00","og_image":[{"width":1233,"height":719,"url":"https:\/\/www.altominho.tv\/site\/wp-content\/uploads\/2023\/02\/Subzone.png","type":"image\/png"}],"author":"Cesar Lopes","twitter_card":"summary_large_image","twitter_creator":"@altominhoTV","twitter_site":"@altominhoTV","twitter_misc":{"Escrito por":"Cesar Lopes","Tempo estimado de leitura":"1 minuto"},"schema":{"@context":"https:\/\/schema.org","@graph":[{"@type":"Article","@id":"https:\/\/www.altominho.tv\/site\/2023\/02\/10\/equipa-de-moncao-ruma-a-turquia-para-ajudar-a-salvar-vidas\/#article","isPartOf":{"@id":"https:\/\/www.altominho.tv\/site\/2023\/02\/10\/equipa-de-moncao-ruma-a-turquia-para-ajudar-a-salvar-vidas\/"},"author":{"name":"Cesar Lopes","@id":"https:\/\/www.altominho.tv\/site\/#\/schema\/person\/c5570e5afb933b8d08c43373326ef1b1"},"headline":"Equipa de Mon\u00e7\u00e3o ruma \u00e0 Turquia para ajudar a salvar vidas","datePublished":"2023-02-10T10:06:21+00:00","dateModified":"2023-02-10T10:06:26+00:00","mainEntityOfPage":{"@id":"https:\/\/www.altominho.tv\/site\/2023\/02\/10\/equipa-de-moncao-ruma-a-turquia-para-ajudar-a-salvar-vidas\/"},"wordCount":168,"image":{"@id":"https:\/\/www.altominho.tv\/site\/2023\/02\/10\/equipa-de-moncao-ruma-a-turquia-para-ajudar-a-salvar-vidas\/#primaryimage"},"thumbnailUrl":"https:\/\/www.altominho.tv\/site\/wp-content\/uploads\/2023\/02\/Subzone.png","keywords":["Sociedade"],"articleSection":["Mon\u00e7\u00e3o"],"inLanguage":"pt-PT","copyrightYear":"2023","copyrightHolder":{"@id":"https:\/\/www.altominho.tv\/site\/#organization"}},{"@type":"WebPage","@id":"https:\/\/www.altominho.tv\/site\/2023\/02\/10\/equipa-de-moncao-ruma-a-turquia-para-ajudar-a-salvar-vidas\/","url":"https:\/\/www.altominho.tv\/site\/2023\/02\/10\/equipa-de-moncao-ruma-a-turquia-para-ajudar-a-salvar-vidas\/","name":"Equipa de Mon\u00e7\u00e3o ruma \u00e0 Turquia para ajudar a salvar vidas","isPartOf":{"@id":"https:\/\/www.altominho.tv\/site\/#website"},"primaryImageOfPage":{"@id":"https:\/\/www.altominho.tv\/site\/2023\/02\/10\/equipa-de-moncao-ruma-a-turquia-para-ajudar-a-salvar-vidas\/#primaryimage"},"image":{"@id":"https:\/\/www.altominho.tv\/site\/2023\/02\/10\/equipa-de-moncao-ruma-a-turquia-para-ajudar-a-salvar-vidas\/#primaryimage"},"thumbnailUrl":"https:\/\/www.altominho.tv\/site\/wp-content\/uploads\/2023\/02\/Subzone.png","datePublished":"2023-02-10T10:06:21+00:00","dateModified":"2023-02-10T10:06:26+00:00","author":{"@id":"https:\/\/www.altominho.tv\/site\/#\/schema\/person\/c5570e5afb933b8d08c43373326ef1b1"},"description":"Uma equipa da Subzone \u2013 Search and Rescue Team, constitu\u00edda por 9 elementos, vai colaborar nas opera\u00e7\u00f5es de busca, salvamento e resgate na Turquia, na sequ\u00eancia do sismo registado na passada segunda-feira, na fronteira entre a Turquia e a S\u00edria.","breadcrumb":{"@id":"https:\/\/www.altominho.tv\/site\/2023\/02\/10\/equipa-de-moncao-ruma-a-turquia-para-ajudar-a-salvar-vidas\/#breadcrumb"},"inLanguage":"pt-PT","potentialAction":[{"@type":"ReadAction","target":["https:\/\/www.altominho.tv\/site\/2023\/02\/10\/equipa-de-moncao-ruma-a-turquia-para-ajudar-a-salvar-vidas\/"]}]},{"@type":"ImageObject","inLanguage":"pt-PT","@id":"https:\/\/www.altominho.tv\/site\/2023\/02\/10\/equipa-de-moncao-ruma-a-turquia-para-ajudar-a-salvar-vidas\/#primaryimage","url":"https:\/\/www.altominho.tv\/site\/wp-content\/uploads\/2023\/02\/Subzone.png","contentUrl":"https:\/\/www.altominho.tv\/site\/wp-content\/uploads\/2023\/02\/Subzone.png","width":1233,"height":719},{"@type":"BreadcrumbList","@id":"https:\/\/www.altominho.tv\/site\/2023\/02\/10\/equipa-de-moncao-ruma-a-turquia-para-ajudar-a-salvar-vidas\/#breadcrumb","itemListElement":[{"@type":"ListItem","position":1,"name":"In\u00edcio","item":"https:\/\/www.altominho.tv\/site\/"},{"@type":"ListItem","position":2,"name":"Equipa de Mon\u00e7\u00e3o ruma \u00e0 Turquia para ajudar a salvar vidas"}]},{"@type":"WebSite","@id":"https:\/\/www.altominho.tv\/site\/#website","url":"https:\/\/www.altominho.tv\/site\/","name":"Altominho.tv","description":"A sua regi\u00e3o \u00e0 dist\u00e2ncia de um clique...","potentialAction":[{"@type":"SearchAction","target":{"@type":"EntryPoint","urlTemplate":"https:\/\/www.altominho.tv\/site\/?s={search_term_string}"},"query-input":{"@type":"PropertyValueSpecification","valueRequired":true,"valueName":"search_term_string"}}],"inLanguage":"pt-PT"},{"@type":"Person","@id":"https:\/\/www.altominho.tv\/site\/#\/schema\/person\/c5570e5afb933b8d08c43373326ef1b1","name":"Cesar Lopes","image":{"@type":"ImageObject","inLanguage":"pt-PT","@id":"https:\/\/www.altominho.tv\/site\/wp-content\/uploads\/2022\/10\/Sem-Titulo-150x150.jpg","url":"https:\/\/www.altominho.tv\/site\/wp-content\/uploads\/2022\/10\/Sem-Titulo-150x150.jpg","contentUrl":"https:\/\/www.altominho.tv\/site\/wp-content\/uploads\/2022\/10\/Sem-Titulo-150x150.jpg","caption":"Cesar Lopes"},"url":"https:\/\/www.altominho.tv\/site\/author\/cesarlopes\/"}]}},"_links":{"self":[{"href":"https:\/\/www.altominho.tv\/site\/wp-json\/wp\/v2\/posts\/88947","targetHints":{"allow":["GET"]}}],"collection":[{"href":"https:\/\/www.altominho.tv\/site\/wp-json\/wp\/v2\/posts"}],"about":[{"href":"https:\/\/www.altominho.tv\/site\/wp-json\/wp\/v2\/types\/post"}],"author":[{"embeddable":true,"href":"https:\/\/www.altominho.tv\/site\/wp-json\/wp\/v2\/users\/24"}],"replies":[{"embeddable":true,"href":"https:\/\/www.altominho.tv\/site\/wp-json\/wp\/v2\/comments?post=88947"}],"version-history":[{"count":1,"href":"https:\/\/www.altominho.tv\/site\/wp-json\/wp\/v2\/posts\/88947\/revisions"}],"predecessor-version":[{"id":88949,"href":"https:\/\/www.altominho.tv\/site\/wp-json\/wp\/v2\/posts\/88947\/revisions\/88949"}],"wp:featuredmedia":[{"embeddable":true,"href":"https:\/\/www.altominho.tv\/site\/wp-json\/wp\/v2\/media\/88948"}],"wp:attachment":[{"href":"https:\/\/www.altominho.tv\/site\/wp-json\/wp\/v2\/media?parent=88947"}],"wp:term":[{"taxonomy":"category","embeddable":true,"href":"https:\/\/www.altominho.tv\/site\/wp-json\/wp\/v2\/categories?post=88947"},{"taxonomy":"post_tag","embeddable":true,"href":"https:\/\/www.altominho.tv\/site\/wp-json\/wp\/v2\/tags?post=88947"}],"curies":[{"name":"wp","href":"https:\/\/api.w.org\/{rel}","templated":true}]}}