{"id":88870,"date":"2023-02-09T09:32:34","date_gmt":"2023-02-09T09:32:34","guid":{"rendered":"https:\/\/www.altominho.tv\/site\/?p=88870"},"modified":"2023-02-09T09:32:38","modified_gmt":"2023-02-09T09:32:38","slug":"rali-a-lampreia-regressa-a-25-e-26-de-fevereiro","status":"publish","type":"post","link":"https:\/\/www.altominho.tv\/site\/2023\/02\/09\/rali-a-lampreia-regressa-a-25-e-26-de-fevereiro\/","title":{"rendered":"Rali \u00e0 Lampreia regressa a 25 e 26 de fevereiro"},"content":{"rendered":"<div class=\"x11i5rnm xat24cr x1mh8g0r x1vvkbs xtlvy1s x126k92a\">\n<p dir=\"auto\">O Rali \u00e0 Lampreia est\u00e1 de volta ao centro hist\u00f3rico de Mon\u00e7\u00e3o, no fim de semana de 25 e 26 de fevereiro, ap\u00f3s dois anos de interregno devido \u00e0 pandemia.<\/p>\n<p dir=\"auto\">A 44.\u00aa edi\u00e7\u00e3o da <a href=\"\/\/www.altominho.tv\/site\/2020\/03\/01\/mais-de-cinquenta-pilotos-aceleram-na-43a-edicao-do-rali-a-lampreia\/\">prova de per\u00edcia autom\u00f3vel<\/a>, promovida pelo munic\u00edpio de Mon\u00e7\u00e3o em conjunto com o Parallel Velocity Club, vai manter os moldes de anos anteriores e contar com dois dias de provas. Os motores come\u00e7am a aquecer no s\u00e1bado, com a realiza\u00e7\u00e3o de uma prova noturna, e as restantes provas decorrem no domingo.<\/p>\n<p dir=\"auto\">Segundo o programa do evento, a Pra\u00e7a Deu-la-Deu acolhe, no s\u00e1bado, pelas 21h30, a prova de qualifica\u00e7\u00e3o noturna &#8211; primeira prova complementar. A segunda prova complementar decorre no domingo, pelas 10h30, e a terceira prova complementar tem in\u00edcio \u00e0s 15h30. A entrega de pr\u00e9mios est\u00e1 agendada para as 18h00.<\/p>\n<p dir=\"auto\">Esta edi\u00e7\u00e3o reserva ainda um circuito por cinco bares de Mon\u00e7\u00e3o para degustar, em cada um, um acepipe de lampreia confecionado pelo chef Rui Ribeiro, acompanhado por vinho Alvarinho. O VI Rali Gastron\u00f3mico acontece no s\u00e1bado, entre as 15h00 e as 20h00, com sa\u00edda do Largo da Esta\u00e7\u00e3o, os participantes t\u00eam acesso a um passaporte que dever\u00e3o selar em cada bar.<\/p>\n<p dir=\"auto\">Durante o fim de semana, a lampreia vai estar tamb\u00e9m em destaque \u00e0 mesa. No concelho de Mon\u00e7\u00e3o, 17 restaurantes localizados no centro hist\u00f3rico da vila e em v\u00e1rias freguesias aderiram ao fim de semana gastron\u00f3mico da lampreia do rio Minho e v\u00e3o dar a conhecer um dos pratos \u201cmais caracter\u00edsticos da gastronomia local e minhota\u201d.<\/p>\n<p dir=\"auto\">No s\u00e1bado, est\u00e1 ainda de regresso o Encontro de Cl\u00e1ssicos da Lampreia. A quarta edi\u00e7\u00e3o, organizada pela Buraca da Moura, tem in\u00edcio \u00e0s 09h00.<\/p>\n<p dir=\"auto\">Tiro com arco e descida de caiaque s\u00e3o outras das atividades que podem ser realizadas no primeiro dia do evento.<\/p>\n<\/div>\n","protected":false},"excerpt":{"rendered":"<p>O Rali \u00e0 Lampreia est\u00e1 de volta ao centro hist\u00f3rico de Mon\u00e7\u00e3o, no fim de semana de 25 e 26 de fevereiro, ap\u00f3s dois anos de interregno devido \u00e0 pandemia. A 44.\u00aa edi\u00e7\u00e3o da prova de per\u00edcia autom\u00f3vel, promovida pelo munic\u00edpio de Mon\u00e7\u00e3o em conjunto com o Parallel Velocity Club, vai manter os moldes de [&hellip;]<\/p>\n","protected":false},"author":12,"featured_media":88872,"comment_status":"closed","ping_status":"closed","sticky":false,"template":"","format":"standard","meta":{"_exactmetrics_skip_tracking":false,"_exactmetrics_sitenote_active":false,"_exactmetrics_sitenote_note":"","_exactmetrics_sitenote_category":0,"footnotes":""},"categories":[9],"tags":[20,24],"class_list":["post-88870","post","type-post","status-publish","format-standard","has-post-thumbnail","hentry","category-moncao","tag-desporto","tag-lazer"],"yoast_head":"<!-- This site is optimized with the Yoast SEO Premium plugin v27.5 (Yoast SEO v27.5) - https:\/\/yoast.com\/product\/yoast-seo-premium-wordpress\/ -->\n<title>Rali \u00e0 Lampreia regressa a 25 e 26 de fevereiro<\/title>\n<meta name=\"description\" content=\"O Rali \u00e0 Lampreia est\u00e1 de volta ao centro hist\u00f3rico de Mon\u00e7\u00e3o, ap\u00f3s dois anos de interregno devido \u00e0 pandemia.\" \/>\n<meta name=\"robots\" content=\"index, follow, max-snippet:-1, max-image-preview:large, max-video-preview:-1\" \/>\n<link rel=\"canonical\" href=\"https:\/\/www.altominho.tv\/site\/2023\/02\/09\/rali-a-lampreia-regressa-a-25-e-26-de-fevereiro\/\" \/>\n<meta property=\"og:locale\" content=\"pt_PT\" \/>\n<meta property=\"og:type\" content=\"article\" \/>\n<meta property=\"og:title\" content=\"Rali \u00e0 Lampreia regressa a 25 e 26 de fevereiro\" \/>\n<meta property=\"og:description\" content=\"O Rali \u00e0 Lampreia est\u00e1 de volta ao centro hist\u00f3rico de Mon\u00e7\u00e3o, ap\u00f3s dois anos de interregno devido \u00e0 pandemia.\" \/>\n<meta property=\"og:url\" content=\"https:\/\/www.altominho.tv\/site\/2023\/02\/09\/rali-a-lampreia-regressa-a-25-e-26-de-fevereiro\/\" \/>\n<meta property=\"og:site_name\" content=\"Altominho.tv\" \/>\n<meta property=\"article:publisher\" content=\"https:\/\/www.facebook.com\/altominhotv\" \/>\n<meta property=\"article:published_time\" content=\"2023-02-09T09:32:34+00:00\" \/>\n<meta property=\"article:modified_time\" content=\"2023-02-09T09:32:38+00:00\" \/>\n<meta property=\"og:image\" content=\"https:\/\/www.altominho.tv\/site\/wp-content\/uploads\/2023\/02\/Rali-Lampreia.jpg\" \/>\n\t<meta property=\"og:image:width\" content=\"1366\" \/>\n\t<meta property=\"og:image:height\" content=\"768\" \/>\n\t<meta property=\"og:image:type\" content=\"image\/jpeg\" \/>\n<meta name=\"author\" content=\"Andreia Ferreira\" \/>\n<meta name=\"twitter:card\" content=\"summary_large_image\" \/>\n<meta name=\"twitter:creator\" content=\"@altominhoTV\" \/>\n<meta name=\"twitter:site\" content=\"@altominhoTV\" \/>\n<meta name=\"twitter:label1\" content=\"Escrito por\" \/>\n\t<meta name=\"twitter:data1\" content=\"Andreia Ferreira\" \/>\n\t<meta name=\"twitter:label2\" content=\"Tempo estimado de leitura\" \/>\n\t<meta name=\"twitter:data2\" content=\"2 minutos\" \/>\n<script type=\"application\/ld+json\" class=\"yoast-schema-graph\">{\"@context\":\"https:\\\/\\\/schema.org\",\"@graph\":[{\"@type\":\"Article\",\"@id\":\"https:\\\/\\\/www.altominho.tv\\\/site\\\/2023\\\/02\\\/09\\\/rali-a-lampreia-regressa-a-25-e-26-de-fevereiro\\\/#article\",\"isPartOf\":{\"@id\":\"https:\\\/\\\/www.altominho.tv\\\/site\\\/2023\\\/02\\\/09\\\/rali-a-lampreia-regressa-a-25-e-26-de-fevereiro\\\/\"},\"author\":{\"name\":\"Andreia Ferreira\",\"@id\":\"https:\\\/\\\/www.altominho.tv\\\/site\\\/#\\\/schema\\\/person\\\/d9be4265364723f14ea8e0d56a1d38cd\"},\"headline\":\"Rali \u00e0 Lampreia regressa a 25 e 26 de fevereiro\",\"datePublished\":\"2023-02-09T09:32:34+00:00\",\"dateModified\":\"2023-02-09T09:32:38+00:00\",\"mainEntityOfPage\":{\"@id\":\"https:\\\/\\\/www.altominho.tv\\\/site\\\/2023\\\/02\\\/09\\\/rali-a-lampreia-regressa-a-25-e-26-de-fevereiro\\\/\"},\"wordCount\":331,\"image\":{\"@id\":\"https:\\\/\\\/www.altominho.tv\\\/site\\\/2023\\\/02\\\/09\\\/rali-a-lampreia-regressa-a-25-e-26-de-fevereiro\\\/#primaryimage\"},\"thumbnailUrl\":\"https:\\\/\\\/www.altominho.tv\\\/site\\\/wp-content\\\/uploads\\\/2023\\\/02\\\/Rali-Lampreia.jpg\",\"keywords\":[\"Desporto\",\"Lazer\"],\"articleSection\":[\"Mon\u00e7\u00e3o\"],\"inLanguage\":\"pt-PT\",\"copyrightYear\":\"2023\",\"copyrightHolder\":{\"@id\":\"https:\\\/\\\/www.altominho.tv\\\/site\\\/#organization\"}},{\"@type\":\"WebPage\",\"@id\":\"https:\\\/\\\/www.altominho.tv\\\/site\\\/2023\\\/02\\\/09\\\/rali-a-lampreia-regressa-a-25-e-26-de-fevereiro\\\/\",\"url\":\"https:\\\/\\\/www.altominho.tv\\\/site\\\/2023\\\/02\\\/09\\\/rali-a-lampreia-regressa-a-25-e-26-de-fevereiro\\\/\",\"name\":\"Rali \u00e0 Lampreia regressa a 25 e 26 de fevereiro\",\"isPartOf\":{\"@id\":\"https:\\\/\\\/www.altominho.tv\\\/site\\\/#website\"},\"primaryImageOfPage\":{\"@id\":\"https:\\\/\\\/www.altominho.tv\\\/site\\\/2023\\\/02\\\/09\\\/rali-a-lampreia-regressa-a-25-e-26-de-fevereiro\\\/#primaryimage\"},\"image\":{\"@id\":\"https:\\\/\\\/www.altominho.tv\\\/site\\\/2023\\\/02\\\/09\\\/rali-a-lampreia-regressa-a-25-e-26-de-fevereiro\\\/#primaryimage\"},\"thumbnailUrl\":\"https:\\\/\\\/www.altominho.tv\\\/site\\\/wp-content\\\/uploads\\\/2023\\\/02\\\/Rali-Lampreia.jpg\",\"datePublished\":\"2023-02-09T09:32:34+00:00\",\"dateModified\":\"2023-02-09T09:32:38+00:00\",\"author\":{\"@id\":\"https:\\\/\\\/www.altominho.tv\\\/site\\\/#\\\/schema\\\/person\\\/d9be4265364723f14ea8e0d56a1d38cd\"},\"description\":\"O Rali \u00e0 Lampreia est\u00e1 de volta ao centro hist\u00f3rico de Mon\u00e7\u00e3o, ap\u00f3s dois anos de interregno devido \u00e0 pandemia.\",\"breadcrumb\":{\"@id\":\"https:\\\/\\\/www.altominho.tv\\\/site\\\/2023\\\/02\\\/09\\\/rali-a-lampreia-regressa-a-25-e-26-de-fevereiro\\\/#breadcrumb\"},\"inLanguage\":\"pt-PT\",\"potentialAction\":[{\"@type\":\"ReadAction\",\"target\":[\"https:\\\/\\\/www.altominho.tv\\\/site\\\/2023\\\/02\\\/09\\\/rali-a-lampreia-regressa-a-25-e-26-de-fevereiro\\\/\"]}]},{\"@type\":\"ImageObject\",\"inLanguage\":\"pt-PT\",\"@id\":\"https:\\\/\\\/www.altominho.tv\\\/site\\\/2023\\\/02\\\/09\\\/rali-a-lampreia-regressa-a-25-e-26-de-fevereiro\\\/#primaryimage\",\"url\":\"https:\\\/\\\/www.altominho.tv\\\/site\\\/wp-content\\\/uploads\\\/2023\\\/02\\\/Rali-Lampreia.jpg\",\"contentUrl\":\"https:\\\/\\\/www.altominho.tv\\\/site\\\/wp-content\\\/uploads\\\/2023\\\/02\\\/Rali-Lampreia.jpg\",\"width\":1366,\"height\":768},{\"@type\":\"BreadcrumbList\",\"@id\":\"https:\\\/\\\/www.altominho.tv\\\/site\\\/2023\\\/02\\\/09\\\/rali-a-lampreia-regressa-a-25-e-26-de-fevereiro\\\/#breadcrumb\",\"itemListElement\":[{\"@type\":\"ListItem\",\"position\":1,\"name\":\"In\u00edcio\",\"item\":\"https:\\\/\\\/www.altominho.tv\\\/site\\\/\"},{\"@type\":\"ListItem\",\"position\":2,\"name\":\"Rali \u00e0 Lampreia regressa a 25 e 26 de fevereiro\"}]},{\"@type\":\"WebSite\",\"@id\":\"https:\\\/\\\/www.altominho.tv\\\/site\\\/#website\",\"url\":\"https:\\\/\\\/www.altominho.tv\\\/site\\\/\",\"name\":\"Altominho.tv\",\"description\":\"A sua regi\u00e3o \u00e0 dist\u00e2ncia de um clique...\",\"potentialAction\":[{\"@type\":\"SearchAction\",\"target\":{\"@type\":\"EntryPoint\",\"urlTemplate\":\"https:\\\/\\\/www.altominho.tv\\\/site\\\/?s={search_term_string}\"},\"query-input\":{\"@type\":\"PropertyValueSpecification\",\"valueRequired\":true,\"valueName\":\"search_term_string\"}}],\"inLanguage\":\"pt-PT\"},{\"@type\":\"Person\",\"@id\":\"https:\\\/\\\/www.altominho.tv\\\/site\\\/#\\\/schema\\\/person\\\/d9be4265364723f14ea8e0d56a1d38cd\",\"name\":\"Andreia Ferreira\",\"image\":{\"@type\":\"ImageObject\",\"inLanguage\":\"pt-PT\",\"@id\":\"https:\\\/\\\/www.altominho.tv\\\/site\\\/wp-content\\\/uploads\\\/2021\\\/01\\\/AndreiaFerreira-150x150.jpg\",\"url\":\"https:\\\/\\\/www.altominho.tv\\\/site\\\/wp-content\\\/uploads\\\/2021\\\/01\\\/AndreiaFerreira-150x150.jpg\",\"contentUrl\":\"https:\\\/\\\/www.altominho.tv\\\/site\\\/wp-content\\\/uploads\\\/2021\\\/01\\\/AndreiaFerreira-150x150.jpg\",\"caption\":\"Andreia Ferreira\"},\"url\":\"https:\\\/\\\/www.altominho.tv\\\/site\\\/author\\\/andreiaferreira\\\/\"}]}<\/script>\n<!-- \/ Yoast SEO Premium plugin. -->","yoast_head_json":{"title":"Rali \u00e0 Lampreia regressa a 25 e 26 de fevereiro","description":"O Rali \u00e0 Lampreia est\u00e1 de volta ao centro hist\u00f3rico de Mon\u00e7\u00e3o, ap\u00f3s dois anos de interregno devido \u00e0 pandemia.","robots":{"index":"index","follow":"follow","max-snippet":"max-snippet:-1","max-image-preview":"max-image-preview:large","max-video-preview":"max-video-preview:-1"},"canonical":"https:\/\/www.altominho.tv\/site\/2023\/02\/09\/rali-a-lampreia-regressa-a-25-e-26-de-fevereiro\/","og_locale":"pt_PT","og_type":"article","og_title":"Rali \u00e0 Lampreia regressa a 25 e 26 de fevereiro","og_description":"O Rali \u00e0 Lampreia est\u00e1 de volta ao centro hist\u00f3rico de Mon\u00e7\u00e3o, ap\u00f3s dois anos de interregno devido \u00e0 pandemia.","og_url":"https:\/\/www.altominho.tv\/site\/2023\/02\/09\/rali-a-lampreia-regressa-a-25-e-26-de-fevereiro\/","og_site_name":"Altominho.tv","article_publisher":"https:\/\/www.facebook.com\/altominhotv","article_published_time":"2023-02-09T09:32:34+00:00","article_modified_time":"2023-02-09T09:32:38+00:00","og_image":[{"width":1366,"height":768,"url":"https:\/\/www.altominho.tv\/site\/wp-content\/uploads\/2023\/02\/Rali-Lampreia.jpg","type":"image\/jpeg"}],"author":"Andreia Ferreira","twitter_card":"summary_large_image","twitter_creator":"@altominhoTV","twitter_site":"@altominhoTV","twitter_misc":{"Escrito por":"Andreia Ferreira","Tempo estimado de leitura":"2 minutos"},"schema":{"@context":"https:\/\/schema.org","@graph":[{"@type":"Article","@id":"https:\/\/www.altominho.tv\/site\/2023\/02\/09\/rali-a-lampreia-regressa-a-25-e-26-de-fevereiro\/#article","isPartOf":{"@id":"https:\/\/www.altominho.tv\/site\/2023\/02\/09\/rali-a-lampreia-regressa-a-25-e-26-de-fevereiro\/"},"author":{"name":"Andreia Ferreira","@id":"https:\/\/www.altominho.tv\/site\/#\/schema\/person\/d9be4265364723f14ea8e0d56a1d38cd"},"headline":"Rali \u00e0 Lampreia regressa a 25 e 26 de fevereiro","datePublished":"2023-02-09T09:32:34+00:00","dateModified":"2023-02-09T09:32:38+00:00","mainEntityOfPage":{"@id":"https:\/\/www.altominho.tv\/site\/2023\/02\/09\/rali-a-lampreia-regressa-a-25-e-26-de-fevereiro\/"},"wordCount":331,"image":{"@id":"https:\/\/www.altominho.tv\/site\/2023\/02\/09\/rali-a-lampreia-regressa-a-25-e-26-de-fevereiro\/#primaryimage"},"thumbnailUrl":"https:\/\/www.altominho.tv\/site\/wp-content\/uploads\/2023\/02\/Rali-Lampreia.jpg","keywords":["Desporto","Lazer"],"articleSection":["Mon\u00e7\u00e3o"],"inLanguage":"pt-PT","copyrightYear":"2023","copyrightHolder":{"@id":"https:\/\/www.altominho.tv\/site\/#organization"}},{"@type":"WebPage","@id":"https:\/\/www.altominho.tv\/site\/2023\/02\/09\/rali-a-lampreia-regressa-a-25-e-26-de-fevereiro\/","url":"https:\/\/www.altominho.tv\/site\/2023\/02\/09\/rali-a-lampreia-regressa-a-25-e-26-de-fevereiro\/","name":"Rali \u00e0 Lampreia regressa a 25 e 26 de fevereiro","isPartOf":{"@id":"https:\/\/www.altominho.tv\/site\/#website"},"primaryImageOfPage":{"@id":"https:\/\/www.altominho.tv\/site\/2023\/02\/09\/rali-a-lampreia-regressa-a-25-e-26-de-fevereiro\/#primaryimage"},"image":{"@id":"https:\/\/www.altominho.tv\/site\/2023\/02\/09\/rali-a-lampreia-regressa-a-25-e-26-de-fevereiro\/#primaryimage"},"thumbnailUrl":"https:\/\/www.altominho.tv\/site\/wp-content\/uploads\/2023\/02\/Rali-Lampreia.jpg","datePublished":"2023-02-09T09:32:34+00:00","dateModified":"2023-02-09T09:32:38+00:00","author":{"@id":"https:\/\/www.altominho.tv\/site\/#\/schema\/person\/d9be4265364723f14ea8e0d56a1d38cd"},"description":"O Rali \u00e0 Lampreia est\u00e1 de volta ao centro hist\u00f3rico de Mon\u00e7\u00e3o, ap\u00f3s dois anos de interregno devido \u00e0 pandemia.","breadcrumb":{"@id":"https:\/\/www.altominho.tv\/site\/2023\/02\/09\/rali-a-lampreia-regressa-a-25-e-26-de-fevereiro\/#breadcrumb"},"inLanguage":"pt-PT","potentialAction":[{"@type":"ReadAction","target":["https:\/\/www.altominho.tv\/site\/2023\/02\/09\/rali-a-lampreia-regressa-a-25-e-26-de-fevereiro\/"]}]},{"@type":"ImageObject","inLanguage":"pt-PT","@id":"https:\/\/www.altominho.tv\/site\/2023\/02\/09\/rali-a-lampreia-regressa-a-25-e-26-de-fevereiro\/#primaryimage","url":"https:\/\/www.altominho.tv\/site\/wp-content\/uploads\/2023\/02\/Rali-Lampreia.jpg","contentUrl":"https:\/\/www.altominho.tv\/site\/wp-content\/uploads\/2023\/02\/Rali-Lampreia.jpg","width":1366,"height":768},{"@type":"BreadcrumbList","@id":"https:\/\/www.altominho.tv\/site\/2023\/02\/09\/rali-a-lampreia-regressa-a-25-e-26-de-fevereiro\/#breadcrumb","itemListElement":[{"@type":"ListItem","position":1,"name":"In\u00edcio","item":"https:\/\/www.altominho.tv\/site\/"},{"@type":"ListItem","position":2,"name":"Rali \u00e0 Lampreia regressa a 25 e 26 de fevereiro"}]},{"@type":"WebSite","@id":"https:\/\/www.altominho.tv\/site\/#website","url":"https:\/\/www.altominho.tv\/site\/","name":"Altominho.tv","description":"A sua regi\u00e3o \u00e0 dist\u00e2ncia de um clique...","potentialAction":[{"@type":"SearchAction","target":{"@type":"EntryPoint","urlTemplate":"https:\/\/www.altominho.tv\/site\/?s={search_term_string}"},"query-input":{"@type":"PropertyValueSpecification","valueRequired":true,"valueName":"search_term_string"}}],"inLanguage":"pt-PT"},{"@type":"Person","@id":"https:\/\/www.altominho.tv\/site\/#\/schema\/person\/d9be4265364723f14ea8e0d56a1d38cd","name":"Andreia Ferreira","image":{"@type":"ImageObject","inLanguage":"pt-PT","@id":"https:\/\/www.altominho.tv\/site\/wp-content\/uploads\/2021\/01\/AndreiaFerreira-150x150.jpg","url":"https:\/\/www.altominho.tv\/site\/wp-content\/uploads\/2021\/01\/AndreiaFerreira-150x150.jpg","contentUrl":"https:\/\/www.altominho.tv\/site\/wp-content\/uploads\/2021\/01\/AndreiaFerreira-150x150.jpg","caption":"Andreia Ferreira"},"url":"https:\/\/www.altominho.tv\/site\/author\/andreiaferreira\/"}]}},"_links":{"self":[{"href":"https:\/\/www.altominho.tv\/site\/wp-json\/wp\/v2\/posts\/88870","targetHints":{"allow":["GET"]}}],"collection":[{"href":"https:\/\/www.altominho.tv\/site\/wp-json\/wp\/v2\/posts"}],"about":[{"href":"https:\/\/www.altominho.tv\/site\/wp-json\/wp\/v2\/types\/post"}],"author":[{"embeddable":true,"href":"https:\/\/www.altominho.tv\/site\/wp-json\/wp\/v2\/users\/12"}],"replies":[{"embeddable":true,"href":"https:\/\/www.altominho.tv\/site\/wp-json\/wp\/v2\/comments?post=88870"}],"version-history":[{"count":4,"href":"https:\/\/www.altominho.tv\/site\/wp-json\/wp\/v2\/posts\/88870\/revisions"}],"predecessor-version":[{"id":88875,"href":"https:\/\/www.altominho.tv\/site\/wp-json\/wp\/v2\/posts\/88870\/revisions\/88875"}],"wp:featuredmedia":[{"embeddable":true,"href":"https:\/\/www.altominho.tv\/site\/wp-json\/wp\/v2\/media\/88872"}],"wp:attachment":[{"href":"https:\/\/www.altominho.tv\/site\/wp-json\/wp\/v2\/media?parent=88870"}],"wp:term":[{"taxonomy":"category","embeddable":true,"href":"https:\/\/www.altominho.tv\/site\/wp-json\/wp\/v2\/categories?post=88870"},{"taxonomy":"post_tag","embeddable":true,"href":"https:\/\/www.altominho.tv\/site\/wp-json\/wp\/v2\/tags?post=88870"}],"curies":[{"name":"wp","href":"https:\/\/api.w.org\/{rel}","templated":true}]}}