{"id":88839,"date":"2023-02-08T12:52:01","date_gmt":"2023-02-08T12:52:01","guid":{"rendered":"https:\/\/www.altominho.tv\/site\/?p=88839"},"modified":"2023-02-08T14:22:50","modified_gmt":"2023-02-08T14:22:50","slug":"caminha-gnr-detem-homem-por-trafico-de-estupefacientes","status":"publish","type":"post","link":"https:\/\/www.altominho.tv\/site\/2023\/02\/08\/caminha-gnr-detem-homem-por-trafico-de-estupefacientes\/","title":{"rendered":"Caminha: GNR det\u00e9m homem de 29 anos por tr\u00e1fico de droga"},"content":{"rendered":"<p>A GNR de Caminha deteve, no dia 6 de fevereiro, um homem de 29 anos, por tr\u00e1fico de estupefacientes, no concelho de Caminha.<\/p>\n<p>Durante uma a\u00e7\u00e3o de fiscaliza\u00e7\u00e3o rodovi\u00e1ria, os militares da Guarda abordaram o ocupante de um ve\u00edculo que manifestou um comportamento suspeito. No decorrer da a\u00e7\u00e3o policial, a GNR detetou que o detido tinha em sua posse, no ve\u00edculo e no seu domic\u00edlio, 20 doses de haxixe, 20 doses de cannabis, duas balan\u00e7as de precis\u00e3o e material destinado ao corte e acondicionamento dos produtos estupefacientes.<\/p>\n<p>O detido foi constitu\u00eddo arguido e os factos foram comunicados ao Tribunal Judicial de Caminha.<\/p>\n<p>Esta a\u00e7\u00e3o contou com o refor\u00e7o do N\u00facleo de Investiga\u00e7\u00e3o Criminal (NIC) do Destacamento Territorial de Viana do Castelo.<\/p>\n<p><img loading=\"lazy\" decoding=\"async\" class=\"alignnone size-medium wp-image-88840\" src=\"https:\/\/www.altominho.tv\/site\/wp-content\/uploads\/2023\/02\/GNR-Viana-do-Castelo-Apreensao-1-324x433.jpg\" alt=\"\" width=\"324\" height=\"433\" srcset=\"https:\/\/www.altominho.tv\/site\/wp-content\/uploads\/2023\/02\/GNR-Viana-do-Castelo-Apreensao-1-324x433.jpg 324w, https:\/\/www.altominho.tv\/site\/wp-content\/uploads\/2023\/02\/GNR-Viana-do-Castelo-Apreensao-1-766x1024.jpg 766w, https:\/\/www.altominho.tv\/site\/wp-content\/uploads\/2023\/02\/GNR-Viana-do-Castelo-Apreensao-1-768x1026.jpg 768w, https:\/\/www.altominho.tv\/site\/wp-content\/uploads\/2023\/02\/GNR-Viana-do-Castelo-Apreensao-1-370x494.jpg 370w, https:\/\/www.altominho.tv\/site\/wp-content\/uploads\/2023\/02\/GNR-Viana-do-Castelo-Apreensao-1-270x361.jpg 270w, https:\/\/www.altominho.tv\/site\/wp-content\/uploads\/2023\/02\/GNR-Viana-do-Castelo-Apreensao-1-570x762.jpg 570w, https:\/\/www.altominho.tv\/site\/wp-content\/uploads\/2023\/02\/GNR-Viana-do-Castelo-Apreensao-1-740x989.jpg 740w, https:\/\/www.altominho.tv\/site\/wp-content\/uploads\/2023\/02\/GNR-Viana-do-Castelo-Apreensao-1.jpg 842w\" sizes=\"auto, (max-width: 324px) 100vw, 324px\" \/><\/p>\n","protected":false},"excerpt":{"rendered":"<p>A GNR de Caminha deteve, no dia 6 de fevereiro, um homem de 29 anos, por tr\u00e1fico de estupefacientes, no concelho de Caminha. Durante uma a\u00e7\u00e3o de fiscaliza\u00e7\u00e3o rodovi\u00e1ria, os militares da Guarda abordaram o ocupante de um ve\u00edculo que manifestou um comportamento suspeito. No decorrer da a\u00e7\u00e3o policial, a GNR detetou que o detido [&hellip;]<\/p>\n","protected":false},"author":27,"featured_media":88854,"comment_status":"closed","ping_status":"closed","sticky":false,"template":"","format":"standard","meta":{"_exactmetrics_skip_tracking":false,"_exactmetrics_sitenote_active":false,"_exactmetrics_sitenote_note":"","_exactmetrics_sitenote_category":0,"footnotes":""},"categories":[7],"tags":[27],"class_list":["post-88839","post","type-post","status-publish","format-standard","has-post-thumbnail","hentry","category-caminha","tag-sociedade"],"yoast_head":"<!-- This site is optimized with the Yoast SEO Premium plugin v27.5 (Yoast SEO v27.5) - https:\/\/yoast.com\/product\/yoast-seo-premium-wordpress\/ -->\n<title>Caminha: GNR det\u00e9m homem de 29 anos por tr\u00e1fico de droga<\/title>\n<meta name=\"description\" content=\"A GNR de Caminha deteve, no dia 6 de fevereiro, um homem de 29 anos, por tr\u00e1fico de estupefacientes, no concelho de Caminha.\" \/>\n<meta name=\"robots\" content=\"index, follow, max-snippet:-1, max-image-preview:large, max-video-preview:-1\" \/>\n<link rel=\"canonical\" href=\"https:\/\/www.altominho.tv\/site\/2023\/02\/08\/caminha-gnr-detem-homem-por-trafico-de-estupefacientes\/\" \/>\n<meta property=\"og:locale\" content=\"pt_PT\" \/>\n<meta property=\"og:type\" content=\"article\" \/>\n<meta property=\"og:title\" content=\"Caminha: GNR det\u00e9m homem de 29 anos por tr\u00e1fico de droga\" \/>\n<meta property=\"og:description\" content=\"A GNR de Caminha deteve, no dia 6 de fevereiro, um homem de 29 anos, por tr\u00e1fico de estupefacientes, no concelho de Caminha.\" \/>\n<meta property=\"og:url\" content=\"https:\/\/www.altominho.tv\/site\/2023\/02\/08\/caminha-gnr-detem-homem-por-trafico-de-estupefacientes\/\" \/>\n<meta property=\"og:site_name\" content=\"Altominho.tv\" \/>\n<meta property=\"article:publisher\" content=\"https:\/\/www.facebook.com\/altominhotv\" \/>\n<meta property=\"article:published_time\" content=\"2023-02-08T12:52:01+00:00\" \/>\n<meta property=\"article:modified_time\" content=\"2023-02-08T14:22:50+00:00\" \/>\n<meta property=\"og:image\" content=\"https:\/\/www.altominho.tv\/site\/wp-content\/uploads\/2023\/02\/GNR.png\" \/>\n\t<meta property=\"og:image:width\" content=\"903\" \/>\n\t<meta property=\"og:image:height\" content=\"725\" \/>\n\t<meta property=\"og:image:type\" content=\"image\/png\" \/>\n<meta name=\"author\" content=\"Marta Fernandes\" \/>\n<meta name=\"twitter:card\" content=\"summary_large_image\" \/>\n<meta name=\"twitter:creator\" content=\"@altominhoTV\" \/>\n<meta name=\"twitter:site\" content=\"@altominhoTV\" \/>\n<meta name=\"twitter:label1\" content=\"Escrito por\" \/>\n\t<meta name=\"twitter:data1\" content=\"Marta Fernandes\" \/>\n\t<meta name=\"twitter:label2\" content=\"Tempo estimado de leitura\" \/>\n\t<meta name=\"twitter:data2\" content=\"1 minuto\" \/>\n<script type=\"application\/ld+json\" class=\"yoast-schema-graph\">{\"@context\":\"https:\\\/\\\/schema.org\",\"@graph\":[{\"@type\":\"Article\",\"@id\":\"https:\\\/\\\/www.altominho.tv\\\/site\\\/2023\\\/02\\\/08\\\/caminha-gnr-detem-homem-por-trafico-de-estupefacientes\\\/#article\",\"isPartOf\":{\"@id\":\"https:\\\/\\\/www.altominho.tv\\\/site\\\/2023\\\/02\\\/08\\\/caminha-gnr-detem-homem-por-trafico-de-estupefacientes\\\/\"},\"author\":{\"name\":\"Marta Fernandes\",\"@id\":\"https:\\\/\\\/www.altominho.tv\\\/site\\\/#\\\/schema\\\/person\\\/0ca3aad0761171d0395d068d8d90cf3b\"},\"headline\":\"Caminha: GNR det\u00e9m homem de 29 anos por tr\u00e1fico de droga\",\"datePublished\":\"2023-02-08T12:52:01+00:00\",\"dateModified\":\"2023-02-08T14:22:50+00:00\",\"mainEntityOfPage\":{\"@id\":\"https:\\\/\\\/www.altominho.tv\\\/site\\\/2023\\\/02\\\/08\\\/caminha-gnr-detem-homem-por-trafico-de-estupefacientes\\\/\"},\"wordCount\":144,\"image\":{\"@id\":\"https:\\\/\\\/www.altominho.tv\\\/site\\\/2023\\\/02\\\/08\\\/caminha-gnr-detem-homem-por-trafico-de-estupefacientes\\\/#primaryimage\"},\"thumbnailUrl\":\"https:\\\/\\\/www.altominho.tv\\\/site\\\/wp-content\\\/uploads\\\/2023\\\/02\\\/GNR.png\",\"keywords\":[\"Sociedade\"],\"articleSection\":[\"Caminha\"],\"inLanguage\":\"pt-PT\",\"copyrightYear\":\"2023\",\"copyrightHolder\":{\"@id\":\"https:\\\/\\\/www.altominho.tv\\\/site\\\/#organization\"}},{\"@type\":\"WebPage\",\"@id\":\"https:\\\/\\\/www.altominho.tv\\\/site\\\/2023\\\/02\\\/08\\\/caminha-gnr-detem-homem-por-trafico-de-estupefacientes\\\/\",\"url\":\"https:\\\/\\\/www.altominho.tv\\\/site\\\/2023\\\/02\\\/08\\\/caminha-gnr-detem-homem-por-trafico-de-estupefacientes\\\/\",\"name\":\"Caminha: GNR det\u00e9m homem de 29 anos por tr\u00e1fico de droga\",\"isPartOf\":{\"@id\":\"https:\\\/\\\/www.altominho.tv\\\/site\\\/#website\"},\"primaryImageOfPage\":{\"@id\":\"https:\\\/\\\/www.altominho.tv\\\/site\\\/2023\\\/02\\\/08\\\/caminha-gnr-detem-homem-por-trafico-de-estupefacientes\\\/#primaryimage\"},\"image\":{\"@id\":\"https:\\\/\\\/www.altominho.tv\\\/site\\\/2023\\\/02\\\/08\\\/caminha-gnr-detem-homem-por-trafico-de-estupefacientes\\\/#primaryimage\"},\"thumbnailUrl\":\"https:\\\/\\\/www.altominho.tv\\\/site\\\/wp-content\\\/uploads\\\/2023\\\/02\\\/GNR.png\",\"datePublished\":\"2023-02-08T12:52:01+00:00\",\"dateModified\":\"2023-02-08T14:22:50+00:00\",\"author\":{\"@id\":\"https:\\\/\\\/www.altominho.tv\\\/site\\\/#\\\/schema\\\/person\\\/0ca3aad0761171d0395d068d8d90cf3b\"},\"description\":\"A GNR de Caminha deteve, no dia 6 de fevereiro, um homem de 29 anos, por tr\u00e1fico de estupefacientes, no concelho de Caminha.\",\"breadcrumb\":{\"@id\":\"https:\\\/\\\/www.altominho.tv\\\/site\\\/2023\\\/02\\\/08\\\/caminha-gnr-detem-homem-por-trafico-de-estupefacientes\\\/#breadcrumb\"},\"inLanguage\":\"pt-PT\",\"potentialAction\":[{\"@type\":\"ReadAction\",\"target\":[\"https:\\\/\\\/www.altominho.tv\\\/site\\\/2023\\\/02\\\/08\\\/caminha-gnr-detem-homem-por-trafico-de-estupefacientes\\\/\"]}]},{\"@type\":\"ImageObject\",\"inLanguage\":\"pt-PT\",\"@id\":\"https:\\\/\\\/www.altominho.tv\\\/site\\\/2023\\\/02\\\/08\\\/caminha-gnr-detem-homem-por-trafico-de-estupefacientes\\\/#primaryimage\",\"url\":\"https:\\\/\\\/www.altominho.tv\\\/site\\\/wp-content\\\/uploads\\\/2023\\\/02\\\/GNR.png\",\"contentUrl\":\"https:\\\/\\\/www.altominho.tv\\\/site\\\/wp-content\\\/uploads\\\/2023\\\/02\\\/GNR.png\",\"width\":903,\"height\":725},{\"@type\":\"BreadcrumbList\",\"@id\":\"https:\\\/\\\/www.altominho.tv\\\/site\\\/2023\\\/02\\\/08\\\/caminha-gnr-detem-homem-por-trafico-de-estupefacientes\\\/#breadcrumb\",\"itemListElement\":[{\"@type\":\"ListItem\",\"position\":1,\"name\":\"In\u00edcio\",\"item\":\"https:\\\/\\\/www.altominho.tv\\\/site\\\/\"},{\"@type\":\"ListItem\",\"position\":2,\"name\":\"Caminha: GNR det\u00e9m homem de 29 anos por tr\u00e1fico de droga\"}]},{\"@type\":\"WebSite\",\"@id\":\"https:\\\/\\\/www.altominho.tv\\\/site\\\/#website\",\"url\":\"https:\\\/\\\/www.altominho.tv\\\/site\\\/\",\"name\":\"Altominho.tv\",\"description\":\"A sua regi\u00e3o \u00e0 dist\u00e2ncia de um clique...\",\"potentialAction\":[{\"@type\":\"SearchAction\",\"target\":{\"@type\":\"EntryPoint\",\"urlTemplate\":\"https:\\\/\\\/www.altominho.tv\\\/site\\\/?s={search_term_string}\"},\"query-input\":{\"@type\":\"PropertyValueSpecification\",\"valueRequired\":true,\"valueName\":\"search_term_string\"}}],\"inLanguage\":\"pt-PT\"},{\"@type\":\"Person\",\"@id\":\"https:\\\/\\\/www.altominho.tv\\\/site\\\/#\\\/schema\\\/person\\\/0ca3aad0761171d0395d068d8d90cf3b\",\"name\":\"Marta Fernandes\",\"image\":{\"@type\":\"ImageObject\",\"inLanguage\":\"pt-PT\",\"@id\":\"https:\\\/\\\/www.altominho.tv\\\/site\\\/wp-content\\\/uploads\\\/2023\\\/02\\\/IMG-20210527-WA00661-1-e1675957841947-150x150.jpg\",\"url\":\"https:\\\/\\\/www.altominho.tv\\\/site\\\/wp-content\\\/uploads\\\/2023\\\/02\\\/IMG-20210527-WA00661-1-e1675957841947-150x150.jpg\",\"contentUrl\":\"https:\\\/\\\/www.altominho.tv\\\/site\\\/wp-content\\\/uploads\\\/2023\\\/02\\\/IMG-20210527-WA00661-1-e1675957841947-150x150.jpg\",\"caption\":\"Marta Fernandes\"},\"url\":\"https:\\\/\\\/www.altominho.tv\\\/site\\\/author\\\/martafernandes\\\/\"}]}<\/script>\n<!-- \/ Yoast SEO Premium plugin. -->","yoast_head_json":{"title":"Caminha: GNR det\u00e9m homem de 29 anos por tr\u00e1fico de droga","description":"A GNR de Caminha deteve, no dia 6 de fevereiro, um homem de 29 anos, por tr\u00e1fico de estupefacientes, no concelho de Caminha.","robots":{"index":"index","follow":"follow","max-snippet":"max-snippet:-1","max-image-preview":"max-image-preview:large","max-video-preview":"max-video-preview:-1"},"canonical":"https:\/\/www.altominho.tv\/site\/2023\/02\/08\/caminha-gnr-detem-homem-por-trafico-de-estupefacientes\/","og_locale":"pt_PT","og_type":"article","og_title":"Caminha: GNR det\u00e9m homem de 29 anos por tr\u00e1fico de droga","og_description":"A GNR de Caminha deteve, no dia 6 de fevereiro, um homem de 29 anos, por tr\u00e1fico de estupefacientes, no concelho de Caminha.","og_url":"https:\/\/www.altominho.tv\/site\/2023\/02\/08\/caminha-gnr-detem-homem-por-trafico-de-estupefacientes\/","og_site_name":"Altominho.tv","article_publisher":"https:\/\/www.facebook.com\/altominhotv","article_published_time":"2023-02-08T12:52:01+00:00","article_modified_time":"2023-02-08T14:22:50+00:00","og_image":[{"width":903,"height":725,"url":"https:\/\/www.altominho.tv\/site\/wp-content\/uploads\/2023\/02\/GNR.png","type":"image\/png"}],"author":"Marta Fernandes","twitter_card":"summary_large_image","twitter_creator":"@altominhoTV","twitter_site":"@altominhoTV","twitter_misc":{"Escrito por":"Marta Fernandes","Tempo estimado de leitura":"1 minuto"},"schema":{"@context":"https:\/\/schema.org","@graph":[{"@type":"Article","@id":"https:\/\/www.altominho.tv\/site\/2023\/02\/08\/caminha-gnr-detem-homem-por-trafico-de-estupefacientes\/#article","isPartOf":{"@id":"https:\/\/www.altominho.tv\/site\/2023\/02\/08\/caminha-gnr-detem-homem-por-trafico-de-estupefacientes\/"},"author":{"name":"Marta Fernandes","@id":"https:\/\/www.altominho.tv\/site\/#\/schema\/person\/0ca3aad0761171d0395d068d8d90cf3b"},"headline":"Caminha: GNR det\u00e9m homem de 29 anos por tr\u00e1fico de droga","datePublished":"2023-02-08T12:52:01+00:00","dateModified":"2023-02-08T14:22:50+00:00","mainEntityOfPage":{"@id":"https:\/\/www.altominho.tv\/site\/2023\/02\/08\/caminha-gnr-detem-homem-por-trafico-de-estupefacientes\/"},"wordCount":144,"image":{"@id":"https:\/\/www.altominho.tv\/site\/2023\/02\/08\/caminha-gnr-detem-homem-por-trafico-de-estupefacientes\/#primaryimage"},"thumbnailUrl":"https:\/\/www.altominho.tv\/site\/wp-content\/uploads\/2023\/02\/GNR.png","keywords":["Sociedade"],"articleSection":["Caminha"],"inLanguage":"pt-PT","copyrightYear":"2023","copyrightHolder":{"@id":"https:\/\/www.altominho.tv\/site\/#organization"}},{"@type":"WebPage","@id":"https:\/\/www.altominho.tv\/site\/2023\/02\/08\/caminha-gnr-detem-homem-por-trafico-de-estupefacientes\/","url":"https:\/\/www.altominho.tv\/site\/2023\/02\/08\/caminha-gnr-detem-homem-por-trafico-de-estupefacientes\/","name":"Caminha: GNR det\u00e9m homem de 29 anos por tr\u00e1fico de droga","isPartOf":{"@id":"https:\/\/www.altominho.tv\/site\/#website"},"primaryImageOfPage":{"@id":"https:\/\/www.altominho.tv\/site\/2023\/02\/08\/caminha-gnr-detem-homem-por-trafico-de-estupefacientes\/#primaryimage"},"image":{"@id":"https:\/\/www.altominho.tv\/site\/2023\/02\/08\/caminha-gnr-detem-homem-por-trafico-de-estupefacientes\/#primaryimage"},"thumbnailUrl":"https:\/\/www.altominho.tv\/site\/wp-content\/uploads\/2023\/02\/GNR.png","datePublished":"2023-02-08T12:52:01+00:00","dateModified":"2023-02-08T14:22:50+00:00","author":{"@id":"https:\/\/www.altominho.tv\/site\/#\/schema\/person\/0ca3aad0761171d0395d068d8d90cf3b"},"description":"A GNR de Caminha deteve, no dia 6 de fevereiro, um homem de 29 anos, por tr\u00e1fico de estupefacientes, no concelho de Caminha.","breadcrumb":{"@id":"https:\/\/www.altominho.tv\/site\/2023\/02\/08\/caminha-gnr-detem-homem-por-trafico-de-estupefacientes\/#breadcrumb"},"inLanguage":"pt-PT","potentialAction":[{"@type":"ReadAction","target":["https:\/\/www.altominho.tv\/site\/2023\/02\/08\/caminha-gnr-detem-homem-por-trafico-de-estupefacientes\/"]}]},{"@type":"ImageObject","inLanguage":"pt-PT","@id":"https:\/\/www.altominho.tv\/site\/2023\/02\/08\/caminha-gnr-detem-homem-por-trafico-de-estupefacientes\/#primaryimage","url":"https:\/\/www.altominho.tv\/site\/wp-content\/uploads\/2023\/02\/GNR.png","contentUrl":"https:\/\/www.altominho.tv\/site\/wp-content\/uploads\/2023\/02\/GNR.png","width":903,"height":725},{"@type":"BreadcrumbList","@id":"https:\/\/www.altominho.tv\/site\/2023\/02\/08\/caminha-gnr-detem-homem-por-trafico-de-estupefacientes\/#breadcrumb","itemListElement":[{"@type":"ListItem","position":1,"name":"In\u00edcio","item":"https:\/\/www.altominho.tv\/site\/"},{"@type":"ListItem","position":2,"name":"Caminha: GNR det\u00e9m homem de 29 anos por tr\u00e1fico de droga"}]},{"@type":"WebSite","@id":"https:\/\/www.altominho.tv\/site\/#website","url":"https:\/\/www.altominho.tv\/site\/","name":"Altominho.tv","description":"A sua regi\u00e3o \u00e0 dist\u00e2ncia de um clique...","potentialAction":[{"@type":"SearchAction","target":{"@type":"EntryPoint","urlTemplate":"https:\/\/www.altominho.tv\/site\/?s={search_term_string}"},"query-input":{"@type":"PropertyValueSpecification","valueRequired":true,"valueName":"search_term_string"}}],"inLanguage":"pt-PT"},{"@type":"Person","@id":"https:\/\/www.altominho.tv\/site\/#\/schema\/person\/0ca3aad0761171d0395d068d8d90cf3b","name":"Marta Fernandes","image":{"@type":"ImageObject","inLanguage":"pt-PT","@id":"https:\/\/www.altominho.tv\/site\/wp-content\/uploads\/2023\/02\/IMG-20210527-WA00661-1-e1675957841947-150x150.jpg","url":"https:\/\/www.altominho.tv\/site\/wp-content\/uploads\/2023\/02\/IMG-20210527-WA00661-1-e1675957841947-150x150.jpg","contentUrl":"https:\/\/www.altominho.tv\/site\/wp-content\/uploads\/2023\/02\/IMG-20210527-WA00661-1-e1675957841947-150x150.jpg","caption":"Marta Fernandes"},"url":"https:\/\/www.altominho.tv\/site\/author\/martafernandes\/"}]}},"_links":{"self":[{"href":"https:\/\/www.altominho.tv\/site\/wp-json\/wp\/v2\/posts\/88839","targetHints":{"allow":["GET"]}}],"collection":[{"href":"https:\/\/www.altominho.tv\/site\/wp-json\/wp\/v2\/posts"}],"about":[{"href":"https:\/\/www.altominho.tv\/site\/wp-json\/wp\/v2\/types\/post"}],"author":[{"embeddable":true,"href":"https:\/\/www.altominho.tv\/site\/wp-json\/wp\/v2\/users\/27"}],"replies":[{"embeddable":true,"href":"https:\/\/www.altominho.tv\/site\/wp-json\/wp\/v2\/comments?post=88839"}],"version-history":[{"count":3,"href":"https:\/\/www.altominho.tv\/site\/wp-json\/wp\/v2\/posts\/88839\/revisions"}],"predecessor-version":[{"id":88856,"href":"https:\/\/www.altominho.tv\/site\/wp-json\/wp\/v2\/posts\/88839\/revisions\/88856"}],"wp:featuredmedia":[{"embeddable":true,"href":"https:\/\/www.altominho.tv\/site\/wp-json\/wp\/v2\/media\/88854"}],"wp:attachment":[{"href":"https:\/\/www.altominho.tv\/site\/wp-json\/wp\/v2\/media?parent=88839"}],"wp:term":[{"taxonomy":"category","embeddable":true,"href":"https:\/\/www.altominho.tv\/site\/wp-json\/wp\/v2\/categories?post=88839"},{"taxonomy":"post_tag","embeddable":true,"href":"https:\/\/www.altominho.tv\/site\/wp-json\/wp\/v2\/tags?post=88839"}],"curies":[{"name":"wp","href":"https:\/\/api.w.org\/{rel}","templated":true}]}}