{"id":88572,"date":"2023-02-01T15:11:51","date_gmt":"2023-02-01T15:11:51","guid":{"rendered":"https:\/\/www.altominho.tv\/site\/?p=88572"},"modified":"2023-02-01T15:11:56","modified_gmt":"2023-02-01T15:11:56","slug":"explosions-in-the-sky-e-black-midi-entre-as-novas-confirmacoes-do-festival-paredes-de-coura","status":"publish","type":"post","link":"https:\/\/www.altominho.tv\/site\/2023\/02\/01\/explosions-in-the-sky-e-black-midi-entre-as-novas-confirmacoes-do-festival-paredes-de-coura\/","title":{"rendered":"Explosions in the Sky e Black Midi entre as novas confirma\u00e7\u00f5es do festival Paredes de Coura"},"content":{"rendered":"<p>O festival Paredes de Coura anunciou Explosions in the Sky, Black Midi, DOMi &amp; JD Beck e Squid como as mais recentes confirma\u00e7\u00f5es do cartaz da edi\u00e7\u00e3o deste ano.<\/p>\n<p>Segundo a promotora, os quatro nomes confirmados esta quarta-feira juntam-se aos confirmados Wilco, Fever Ray, Loyle Carner, Jessie Ware, The Walkmen, Lee Fields, Kokoroko, Dry Cleaning, Les Savy Fav, Yin Yin, Calibro 35 e Joe Unknown.<\/p>\n<p>Este ano, o festival comemora 30 anos de exist\u00eancia e vai decorrer entre 16 e 19 de agosto na praia fluvial do Tabo\u00e3o.<\/p>\n<p>Os passes gerais para o Vodafone Paredes de Coura j\u00e1 se encontram \u00e0 venda.<\/p>\n","protected":false},"excerpt":{"rendered":"<p>O festival Paredes de Coura anunciou Explosions in the Sky, Black Midi, DOMi &amp; JD Beck e Squid como as mais recentes confirma\u00e7\u00f5es do cartaz da edi\u00e7\u00e3o deste ano. Segundo a promotora, os quatro nomes confirmados esta quarta-feira juntam-se aos confirmados Wilco, Fever Ray, Loyle Carner, Jessie Ware, The Walkmen, Lee Fields, Kokoroko, Dry Cleaning, [&hellip;]<\/p>\n","protected":false},"author":15,"featured_media":88574,"comment_status":"closed","ping_status":"closed","sticky":false,"template":"","format":"standard","meta":{"_exactmetrics_skip_tracking":false,"_exactmetrics_sitenote_active":false,"_exactmetrics_sitenote_note":"","_exactmetrics_sitenote_category":0,"footnotes":""},"categories":[10],"tags":[19],"class_list":["post-88572","post","type-post","status-publish","format-standard","has-post-thumbnail","hentry","category-paredes-de-coura","tag-cultura"],"yoast_head":"<!-- This site is optimized with the Yoast SEO Premium plugin v27.5 (Yoast SEO v27.5) - https:\/\/yoast.com\/product\/yoast-seo-premium-wordpress\/ -->\n<title>Explosions in the Sky e Black Midi entre as novas confirma\u00e7\u00f5es do festival Paredes de Coura<\/title>\n<meta name=\"description\" content=\"Explosions in the Sky, Black Midi, DOMi &amp; JD Beck e Squid s\u00e3o as mais recentes confirma\u00e7\u00f5es do festival Paredes de Coura.\" \/>\n<meta name=\"robots\" content=\"index, follow, max-snippet:-1, max-image-preview:large, max-video-preview:-1\" \/>\n<link rel=\"canonical\" href=\"https:\/\/www.altominho.tv\/site\/2023\/02\/01\/explosions-in-the-sky-e-black-midi-entre-as-novas-confirmacoes-do-festival-paredes-de-coura\/\" \/>\n<meta property=\"og:locale\" content=\"pt_PT\" \/>\n<meta property=\"og:type\" content=\"article\" \/>\n<meta property=\"og:title\" content=\"Explosions in the Sky e Black Midi entre as novas confirma\u00e7\u00f5es do festival Paredes de Coura\" \/>\n<meta property=\"og:description\" content=\"Explosions in the Sky, Black Midi, DOMi &amp; JD Beck e Squid s\u00e3o as mais recentes confirma\u00e7\u00f5es do festival Paredes de Coura.\" \/>\n<meta property=\"og:url\" content=\"https:\/\/www.altominho.tv\/site\/2023\/02\/01\/explosions-in-the-sky-e-black-midi-entre-as-novas-confirmacoes-do-festival-paredes-de-coura\/\" \/>\n<meta property=\"og:site_name\" content=\"Altominho.tv\" \/>\n<meta property=\"article:publisher\" content=\"https:\/\/www.facebook.com\/altominhotv\" \/>\n<meta property=\"article:published_time\" content=\"2023-02-01T15:11:51+00:00\" \/>\n<meta property=\"article:modified_time\" content=\"2023-02-01T15:11:56+00:00\" \/>\n<meta property=\"og:image\" content=\"https:\/\/www.altominho.tv\/site\/wp-content\/uploads\/2023\/02\/Vodafone-Paredes-de-Coura-e1675264254574.jpg\" \/>\n\t<meta property=\"og:image:width\" content=\"2048\" \/>\n\t<meta property=\"og:image:height\" content=\"1152\" \/>\n\t<meta property=\"og:image:type\" content=\"image\/jpeg\" \/>\n<meta name=\"author\" content=\"Andreia Ferreira | Lusa\" \/>\n<meta name=\"twitter:card\" content=\"summary_large_image\" \/>\n<meta name=\"twitter:creator\" content=\"@altominhoTV\" \/>\n<meta name=\"twitter:site\" content=\"@altominhoTV\" \/>\n<meta name=\"twitter:label1\" content=\"Escrito por\" \/>\n\t<meta name=\"twitter:data1\" content=\"Andreia Ferreira | Lusa\" \/>\n\t<meta name=\"twitter:label2\" content=\"Tempo estimado de leitura\" \/>\n\t<meta name=\"twitter:data2\" content=\"1 minuto\" \/>\n<script type=\"application\/ld+json\" class=\"yoast-schema-graph\">{\"@context\":\"https:\\\/\\\/schema.org\",\"@graph\":[{\"@type\":\"Article\",\"@id\":\"https:\\\/\\\/www.altominho.tv\\\/site\\\/2023\\\/02\\\/01\\\/explosions-in-the-sky-e-black-midi-entre-as-novas-confirmacoes-do-festival-paredes-de-coura\\\/#article\",\"isPartOf\":{\"@id\":\"https:\\\/\\\/www.altominho.tv\\\/site\\\/2023\\\/02\\\/01\\\/explosions-in-the-sky-e-black-midi-entre-as-novas-confirmacoes-do-festival-paredes-de-coura\\\/\"},\"author\":{\"name\":\"Andreia Ferreira | Lusa\",\"@id\":\"https:\\\/\\\/www.altominho.tv\\\/site\\\/#\\\/schema\\\/person\\\/a0bff6dc1041aadd46fa81887444b017\"},\"headline\":\"Explosions in the Sky e Black Midi entre as novas confirma\u00e7\u00f5es do festival Paredes de Coura\",\"datePublished\":\"2023-02-01T15:11:51+00:00\",\"dateModified\":\"2023-02-01T15:11:56+00:00\",\"mainEntityOfPage\":{\"@id\":\"https:\\\/\\\/www.altominho.tv\\\/site\\\/2023\\\/02\\\/01\\\/explosions-in-the-sky-e-black-midi-entre-as-novas-confirmacoes-do-festival-paredes-de-coura\\\/\"},\"wordCount\":118,\"image\":{\"@id\":\"https:\\\/\\\/www.altominho.tv\\\/site\\\/2023\\\/02\\\/01\\\/explosions-in-the-sky-e-black-midi-entre-as-novas-confirmacoes-do-festival-paredes-de-coura\\\/#primaryimage\"},\"thumbnailUrl\":\"https:\\\/\\\/www.altominho.tv\\\/site\\\/wp-content\\\/uploads\\\/2023\\\/02\\\/Vodafone-Paredes-de-Coura-e1675264254574.jpg\",\"keywords\":[\"Cultura\"],\"articleSection\":[\"Paredes de Coura\"],\"inLanguage\":\"pt-PT\",\"copyrightYear\":\"2023\",\"copyrightHolder\":{\"@id\":\"https:\\\/\\\/www.altominho.tv\\\/site\\\/#organization\"}},{\"@type\":\"WebPage\",\"@id\":\"https:\\\/\\\/www.altominho.tv\\\/site\\\/2023\\\/02\\\/01\\\/explosions-in-the-sky-e-black-midi-entre-as-novas-confirmacoes-do-festival-paredes-de-coura\\\/\",\"url\":\"https:\\\/\\\/www.altominho.tv\\\/site\\\/2023\\\/02\\\/01\\\/explosions-in-the-sky-e-black-midi-entre-as-novas-confirmacoes-do-festival-paredes-de-coura\\\/\",\"name\":\"Explosions in the Sky e Black Midi entre as novas confirma\u00e7\u00f5es do festival Paredes de Coura\",\"isPartOf\":{\"@id\":\"https:\\\/\\\/www.altominho.tv\\\/site\\\/#website\"},\"primaryImageOfPage\":{\"@id\":\"https:\\\/\\\/www.altominho.tv\\\/site\\\/2023\\\/02\\\/01\\\/explosions-in-the-sky-e-black-midi-entre-as-novas-confirmacoes-do-festival-paredes-de-coura\\\/#primaryimage\"},\"image\":{\"@id\":\"https:\\\/\\\/www.altominho.tv\\\/site\\\/2023\\\/02\\\/01\\\/explosions-in-the-sky-e-black-midi-entre-as-novas-confirmacoes-do-festival-paredes-de-coura\\\/#primaryimage\"},\"thumbnailUrl\":\"https:\\\/\\\/www.altominho.tv\\\/site\\\/wp-content\\\/uploads\\\/2023\\\/02\\\/Vodafone-Paredes-de-Coura-e1675264254574.jpg\",\"datePublished\":\"2023-02-01T15:11:51+00:00\",\"dateModified\":\"2023-02-01T15:11:56+00:00\",\"author\":{\"@id\":\"https:\\\/\\\/www.altominho.tv\\\/site\\\/#\\\/schema\\\/person\\\/a0bff6dc1041aadd46fa81887444b017\"},\"description\":\"Explosions in the Sky, Black Midi, DOMi & JD Beck e Squid s\u00e3o as mais recentes confirma\u00e7\u00f5es do festival Paredes de Coura.\",\"breadcrumb\":{\"@id\":\"https:\\\/\\\/www.altominho.tv\\\/site\\\/2023\\\/02\\\/01\\\/explosions-in-the-sky-e-black-midi-entre-as-novas-confirmacoes-do-festival-paredes-de-coura\\\/#breadcrumb\"},\"inLanguage\":\"pt-PT\",\"potentialAction\":[{\"@type\":\"ReadAction\",\"target\":[\"https:\\\/\\\/www.altominho.tv\\\/site\\\/2023\\\/02\\\/01\\\/explosions-in-the-sky-e-black-midi-entre-as-novas-confirmacoes-do-festival-paredes-de-coura\\\/\"]}]},{\"@type\":\"ImageObject\",\"inLanguage\":\"pt-PT\",\"@id\":\"https:\\\/\\\/www.altominho.tv\\\/site\\\/2023\\\/02\\\/01\\\/explosions-in-the-sky-e-black-midi-entre-as-novas-confirmacoes-do-festival-paredes-de-coura\\\/#primaryimage\",\"url\":\"https:\\\/\\\/www.altominho.tv\\\/site\\\/wp-content\\\/uploads\\\/2023\\\/02\\\/Vodafone-Paredes-de-Coura-e1675264254574.jpg\",\"contentUrl\":\"https:\\\/\\\/www.altominho.tv\\\/site\\\/wp-content\\\/uploads\\\/2023\\\/02\\\/Vodafone-Paredes-de-Coura-e1675264254574.jpg\",\"width\":2048,\"height\":1152,\"caption\":\"HUGO LIMA\\\/FACEBOOK VODAFONE PAREDES DE COURA\"},{\"@type\":\"BreadcrumbList\",\"@id\":\"https:\\\/\\\/www.altominho.tv\\\/site\\\/2023\\\/02\\\/01\\\/explosions-in-the-sky-e-black-midi-entre-as-novas-confirmacoes-do-festival-paredes-de-coura\\\/#breadcrumb\",\"itemListElement\":[{\"@type\":\"ListItem\",\"position\":1,\"name\":\"In\u00edcio\",\"item\":\"https:\\\/\\\/www.altominho.tv\\\/site\\\/\"},{\"@type\":\"ListItem\",\"position\":2,\"name\":\"Explosions in the Sky e Black Midi entre as novas confirma\u00e7\u00f5es do festival Paredes de Coura\"}]},{\"@type\":\"WebSite\",\"@id\":\"https:\\\/\\\/www.altominho.tv\\\/site\\\/#website\",\"url\":\"https:\\\/\\\/www.altominho.tv\\\/site\\\/\",\"name\":\"Altominho.tv\",\"description\":\"A sua regi\u00e3o \u00e0 dist\u00e2ncia de um clique...\",\"potentialAction\":[{\"@type\":\"SearchAction\",\"target\":{\"@type\":\"EntryPoint\",\"urlTemplate\":\"https:\\\/\\\/www.altominho.tv\\\/site\\\/?s={search_term_string}\"},\"query-input\":{\"@type\":\"PropertyValueSpecification\",\"valueRequired\":true,\"valueName\":\"search_term_string\"}}],\"inLanguage\":\"pt-PT\"},{\"@type\":\"Person\",\"@id\":\"https:\\\/\\\/www.altominho.tv\\\/site\\\/#\\\/schema\\\/person\\\/a0bff6dc1041aadd46fa81887444b017\",\"name\":\"Andreia Ferreira | Lusa\",\"image\":{\"@type\":\"ImageObject\",\"inLanguage\":\"pt-PT\",\"@id\":\"https:\\\/\\\/www.altominho.tv\\\/site\\\/wp-content\\\/uploads\\\/2018\\\/04\\\/Andreia-150x150.jpg\",\"url\":\"https:\\\/\\\/www.altominho.tv\\\/site\\\/wp-content\\\/uploads\\\/2018\\\/04\\\/Andreia-150x150.jpg\",\"contentUrl\":\"https:\\\/\\\/www.altominho.tv\\\/site\\\/wp-content\\\/uploads\\\/2018\\\/04\\\/Andreia-150x150.jpg\",\"caption\":\"Andreia Ferreira | Lusa\"},\"sameAs\":[\"https:\\\/\\\/www.altominho.tv\\\/site\"],\"url\":\"https:\\\/\\\/www.altominho.tv\\\/site\\\/author\\\/andreiaferreiralusa\\\/\"}]}<\/script>\n<!-- \/ Yoast SEO Premium plugin. -->","yoast_head_json":{"title":"Explosions in the Sky e Black Midi entre as novas confirma\u00e7\u00f5es do festival Paredes de Coura","description":"Explosions in the Sky, Black Midi, DOMi & JD Beck e Squid s\u00e3o as mais recentes confirma\u00e7\u00f5es do festival Paredes de Coura.","robots":{"index":"index","follow":"follow","max-snippet":"max-snippet:-1","max-image-preview":"max-image-preview:large","max-video-preview":"max-video-preview:-1"},"canonical":"https:\/\/www.altominho.tv\/site\/2023\/02\/01\/explosions-in-the-sky-e-black-midi-entre-as-novas-confirmacoes-do-festival-paredes-de-coura\/","og_locale":"pt_PT","og_type":"article","og_title":"Explosions in the Sky e Black Midi entre as novas confirma\u00e7\u00f5es do festival Paredes de Coura","og_description":"Explosions in the Sky, Black Midi, DOMi & JD Beck e Squid s\u00e3o as mais recentes confirma\u00e7\u00f5es do festival Paredes de Coura.","og_url":"https:\/\/www.altominho.tv\/site\/2023\/02\/01\/explosions-in-the-sky-e-black-midi-entre-as-novas-confirmacoes-do-festival-paredes-de-coura\/","og_site_name":"Altominho.tv","article_publisher":"https:\/\/www.facebook.com\/altominhotv","article_published_time":"2023-02-01T15:11:51+00:00","article_modified_time":"2023-02-01T15:11:56+00:00","og_image":[{"width":2048,"height":1152,"url":"https:\/\/www.altominho.tv\/site\/wp-content\/uploads\/2023\/02\/Vodafone-Paredes-de-Coura-e1675264254574.jpg","type":"image\/jpeg"}],"author":"Andreia Ferreira | Lusa","twitter_card":"summary_large_image","twitter_creator":"@altominhoTV","twitter_site":"@altominhoTV","twitter_misc":{"Escrito por":"Andreia Ferreira | Lusa","Tempo estimado de leitura":"1 minuto"},"schema":{"@context":"https:\/\/schema.org","@graph":[{"@type":"Article","@id":"https:\/\/www.altominho.tv\/site\/2023\/02\/01\/explosions-in-the-sky-e-black-midi-entre-as-novas-confirmacoes-do-festival-paredes-de-coura\/#article","isPartOf":{"@id":"https:\/\/www.altominho.tv\/site\/2023\/02\/01\/explosions-in-the-sky-e-black-midi-entre-as-novas-confirmacoes-do-festival-paredes-de-coura\/"},"author":{"name":"Andreia Ferreira | Lusa","@id":"https:\/\/www.altominho.tv\/site\/#\/schema\/person\/a0bff6dc1041aadd46fa81887444b017"},"headline":"Explosions in the Sky e Black Midi entre as novas confirma\u00e7\u00f5es do festival Paredes de Coura","datePublished":"2023-02-01T15:11:51+00:00","dateModified":"2023-02-01T15:11:56+00:00","mainEntityOfPage":{"@id":"https:\/\/www.altominho.tv\/site\/2023\/02\/01\/explosions-in-the-sky-e-black-midi-entre-as-novas-confirmacoes-do-festival-paredes-de-coura\/"},"wordCount":118,"image":{"@id":"https:\/\/www.altominho.tv\/site\/2023\/02\/01\/explosions-in-the-sky-e-black-midi-entre-as-novas-confirmacoes-do-festival-paredes-de-coura\/#primaryimage"},"thumbnailUrl":"https:\/\/www.altominho.tv\/site\/wp-content\/uploads\/2023\/02\/Vodafone-Paredes-de-Coura-e1675264254574.jpg","keywords":["Cultura"],"articleSection":["Paredes de Coura"],"inLanguage":"pt-PT","copyrightYear":"2023","copyrightHolder":{"@id":"https:\/\/www.altominho.tv\/site\/#organization"}},{"@type":"WebPage","@id":"https:\/\/www.altominho.tv\/site\/2023\/02\/01\/explosions-in-the-sky-e-black-midi-entre-as-novas-confirmacoes-do-festival-paredes-de-coura\/","url":"https:\/\/www.altominho.tv\/site\/2023\/02\/01\/explosions-in-the-sky-e-black-midi-entre-as-novas-confirmacoes-do-festival-paredes-de-coura\/","name":"Explosions in the Sky e Black Midi entre as novas confirma\u00e7\u00f5es do festival Paredes de Coura","isPartOf":{"@id":"https:\/\/www.altominho.tv\/site\/#website"},"primaryImageOfPage":{"@id":"https:\/\/www.altominho.tv\/site\/2023\/02\/01\/explosions-in-the-sky-e-black-midi-entre-as-novas-confirmacoes-do-festival-paredes-de-coura\/#primaryimage"},"image":{"@id":"https:\/\/www.altominho.tv\/site\/2023\/02\/01\/explosions-in-the-sky-e-black-midi-entre-as-novas-confirmacoes-do-festival-paredes-de-coura\/#primaryimage"},"thumbnailUrl":"https:\/\/www.altominho.tv\/site\/wp-content\/uploads\/2023\/02\/Vodafone-Paredes-de-Coura-e1675264254574.jpg","datePublished":"2023-02-01T15:11:51+00:00","dateModified":"2023-02-01T15:11:56+00:00","author":{"@id":"https:\/\/www.altominho.tv\/site\/#\/schema\/person\/a0bff6dc1041aadd46fa81887444b017"},"description":"Explosions in the Sky, Black Midi, DOMi & JD Beck e Squid s\u00e3o as mais recentes confirma\u00e7\u00f5es do festival Paredes de Coura.","breadcrumb":{"@id":"https:\/\/www.altominho.tv\/site\/2023\/02\/01\/explosions-in-the-sky-e-black-midi-entre-as-novas-confirmacoes-do-festival-paredes-de-coura\/#breadcrumb"},"inLanguage":"pt-PT","potentialAction":[{"@type":"ReadAction","target":["https:\/\/www.altominho.tv\/site\/2023\/02\/01\/explosions-in-the-sky-e-black-midi-entre-as-novas-confirmacoes-do-festival-paredes-de-coura\/"]}]},{"@type":"ImageObject","inLanguage":"pt-PT","@id":"https:\/\/www.altominho.tv\/site\/2023\/02\/01\/explosions-in-the-sky-e-black-midi-entre-as-novas-confirmacoes-do-festival-paredes-de-coura\/#primaryimage","url":"https:\/\/www.altominho.tv\/site\/wp-content\/uploads\/2023\/02\/Vodafone-Paredes-de-Coura-e1675264254574.jpg","contentUrl":"https:\/\/www.altominho.tv\/site\/wp-content\/uploads\/2023\/02\/Vodafone-Paredes-de-Coura-e1675264254574.jpg","width":2048,"height":1152,"caption":"HUGO LIMA\/FACEBOOK VODAFONE PAREDES DE COURA"},{"@type":"BreadcrumbList","@id":"https:\/\/www.altominho.tv\/site\/2023\/02\/01\/explosions-in-the-sky-e-black-midi-entre-as-novas-confirmacoes-do-festival-paredes-de-coura\/#breadcrumb","itemListElement":[{"@type":"ListItem","position":1,"name":"In\u00edcio","item":"https:\/\/www.altominho.tv\/site\/"},{"@type":"ListItem","position":2,"name":"Explosions in the Sky e Black Midi entre as novas confirma\u00e7\u00f5es do festival Paredes de Coura"}]},{"@type":"WebSite","@id":"https:\/\/www.altominho.tv\/site\/#website","url":"https:\/\/www.altominho.tv\/site\/","name":"Altominho.tv","description":"A sua regi\u00e3o \u00e0 dist\u00e2ncia de um clique...","potentialAction":[{"@type":"SearchAction","target":{"@type":"EntryPoint","urlTemplate":"https:\/\/www.altominho.tv\/site\/?s={search_term_string}"},"query-input":{"@type":"PropertyValueSpecification","valueRequired":true,"valueName":"search_term_string"}}],"inLanguage":"pt-PT"},{"@type":"Person","@id":"https:\/\/www.altominho.tv\/site\/#\/schema\/person\/a0bff6dc1041aadd46fa81887444b017","name":"Andreia Ferreira | Lusa","image":{"@type":"ImageObject","inLanguage":"pt-PT","@id":"https:\/\/www.altominho.tv\/site\/wp-content\/uploads\/2018\/04\/Andreia-150x150.jpg","url":"https:\/\/www.altominho.tv\/site\/wp-content\/uploads\/2018\/04\/Andreia-150x150.jpg","contentUrl":"https:\/\/www.altominho.tv\/site\/wp-content\/uploads\/2018\/04\/Andreia-150x150.jpg","caption":"Andreia Ferreira | Lusa"},"sameAs":["https:\/\/www.altominho.tv\/site"],"url":"https:\/\/www.altominho.tv\/site\/author\/andreiaferreiralusa\/"}]}},"_links":{"self":[{"href":"https:\/\/www.altominho.tv\/site\/wp-json\/wp\/v2\/posts\/88572","targetHints":{"allow":["GET"]}}],"collection":[{"href":"https:\/\/www.altominho.tv\/site\/wp-json\/wp\/v2\/posts"}],"about":[{"href":"https:\/\/www.altominho.tv\/site\/wp-json\/wp\/v2\/types\/post"}],"author":[{"embeddable":true,"href":"https:\/\/www.altominho.tv\/site\/wp-json\/wp\/v2\/users\/15"}],"replies":[{"embeddable":true,"href":"https:\/\/www.altominho.tv\/site\/wp-json\/wp\/v2\/comments?post=88572"}],"version-history":[{"count":1,"href":"https:\/\/www.altominho.tv\/site\/wp-json\/wp\/v2\/posts\/88572\/revisions"}],"predecessor-version":[{"id":88573,"href":"https:\/\/www.altominho.tv\/site\/wp-json\/wp\/v2\/posts\/88572\/revisions\/88573"}],"wp:featuredmedia":[{"embeddable":true,"href":"https:\/\/www.altominho.tv\/site\/wp-json\/wp\/v2\/media\/88574"}],"wp:attachment":[{"href":"https:\/\/www.altominho.tv\/site\/wp-json\/wp\/v2\/media?parent=88572"}],"wp:term":[{"taxonomy":"category","embeddable":true,"href":"https:\/\/www.altominho.tv\/site\/wp-json\/wp\/v2\/categories?post=88572"},{"taxonomy":"post_tag","embeddable":true,"href":"https:\/\/www.altominho.tv\/site\/wp-json\/wp\/v2\/tags?post=88572"}],"curies":[{"name":"wp","href":"https:\/\/api.w.org\/{rel}","templated":true}]}}