{"id":8854,"date":"2018-01-26T16:08:49","date_gmt":"2018-01-26T16:08:49","guid":{"rendered":"http:\/\/www.altominho.tv\/site\/?p=8854"},"modified":"2018-01-26T16:08:49","modified_gmt":"2018-01-26T16:08:49","slug":"ponte-de-lima-participa-na-feira-da-caca-e-turismo-em-macedo-de-cavaleiros","status":"publish","type":"post","link":"https:\/\/www.altominho.tv\/site\/2018\/01\/26\/ponte-de-lima-participa-na-feira-da-caca-e-turismo-em-macedo-de-cavaleiros\/","title":{"rendered":"Ponte de Lima participa na  Feira da Ca\u00e7a e Turismo em Macedo de Cavaleiros"},"content":{"rendered":"<p style=\"text-align: justify\">A imagem e os produtos t\u00edpicos Limianos est\u00e3o em destaque na XXII Feira da Ca\u00e7a e Turismo a decorrer este fim-de-semana, em Macedo de Cavaleiro, em simult\u00e2neo com a XXIV Festa dos Ca\u00e7adores do Norte.<\/p>\n<p style=\"text-align: justify\">O Munic\u00edpio de Ponte de Lima participa com um stand pr\u00f3prio, cujo objetivo \u00e9 o de promover os seus produtos end\u00f3genos e toda a regi\u00e3o.<\/p>\n<p style=\"text-align: justify\">Tendo em conta a tem\u00e1tica do evento, o Munic\u00edpio de Ponte de Lima destaca a pr\u00f3xima edi\u00e7\u00e3o da Feira de Ca\u00e7a, Pesca e Lazer de Ponte de Lima, que este ano se realiza mais cedo, junto dos ca\u00e7adores, expositores, clubes e associa\u00e7\u00f5es cineg\u00e9ticas. A X Feira de Ca\u00e7a, Pesca e Lazer de Ponte de Lima realiza-se no pr\u00f3ximo m\u00eas de mar\u00e7o, de 9 a 11, integrando a programa\u00e7\u00e3o do projeto &#8220;Em \u00e9poca Baixa, Ponte de Lima em Alta&#8221;.<\/p>\n","protected":false},"excerpt":{"rendered":"<p>A imagem e os produtos t\u00edpicos Limianos est\u00e3o em destaque na XXII Feira da Ca\u00e7a e Turismo a decorrer este fim-de-semana, em Macedo de Cavaleiro, em simult\u00e2neo com a XXIV Festa dos Ca\u00e7adores do Norte. O Munic\u00edpio de Ponte de Lima participa com um stand pr\u00f3prio, cujo objetivo \u00e9 o de promover os seus produtos [&hellip;]<\/p>\n","protected":false},"author":6,"featured_media":8855,"comment_status":"closed","ping_status":"closed","sticky":false,"template":"","format":"standard","meta":{"_exactmetrics_skip_tracking":false,"_exactmetrics_sitenote_active":false,"_exactmetrics_sitenote_note":"","_exactmetrics_sitenote_category":0,"footnotes":""},"categories":[12],"tags":[24],"class_list":["post-8854","post","type-post","status-publish","format-standard","has-post-thumbnail","hentry","category-ponte-de-lima","tag-lazer"],"yoast_head":"<!-- This site is optimized with the Yoast SEO Premium plugin v27.5 (Yoast SEO v27.5) - https:\/\/yoast.com\/product\/yoast-seo-premium-wordpress\/ -->\n<title>Ponte de Lima participa na Feira da Ca\u00e7a e Turismo em Macedo de Cavaleiros<\/title>\n<meta name=\"robots\" content=\"index, follow, max-snippet:-1, max-image-preview:large, max-video-preview:-1\" \/>\n<link rel=\"canonical\" href=\"https:\/\/www.altominho.tv\/site\/2018\/01\/26\/ponte-de-lima-participa-na-feira-da-caca-e-turismo-em-macedo-de-cavaleiros\/\" \/>\n<meta property=\"og:locale\" content=\"pt_PT\" \/>\n<meta property=\"og:type\" content=\"article\" \/>\n<meta property=\"og:title\" content=\"Ponte de Lima participa na Feira da Ca\u00e7a e Turismo em Macedo de Cavaleiros\" \/>\n<meta property=\"og:description\" content=\"A imagem e os produtos t\u00edpicos Limianos est\u00e3o em destaque na XXII Feira da Ca\u00e7a e Turismo a decorrer este fim-de-semana, em Macedo de Cavaleiro, em simult\u00e2neo com a XXIV Festa dos Ca\u00e7adores do Norte. O Munic\u00edpio de Ponte de Lima participa com um stand pr\u00f3prio, cujo objetivo \u00e9 o de promover os seus produtos [&hellip;]\" \/>\n<meta property=\"og:url\" content=\"https:\/\/www.altominho.tv\/site\/2018\/01\/26\/ponte-de-lima-participa-na-feira-da-caca-e-turismo-em-macedo-de-cavaleiros\/\" \/>\n<meta property=\"og:site_name\" content=\"Altominho.tv\" \/>\n<meta property=\"article:publisher\" content=\"https:\/\/www.facebook.com\/altominhotv\" \/>\n<meta property=\"article:published_time\" content=\"2018-01-26T16:08:49+00:00\" \/>\n<meta property=\"og:image\" content=\"https:\/\/www.altominho.tv\/site\/wp-content\/uploads\/2018\/01\/IMG_20180125_173447-Medium.jpg\" \/>\n\t<meta property=\"og:image:width\" content=\"1366\" \/>\n\t<meta property=\"og:image:height\" content=\"767\" \/>\n\t<meta property=\"og:image:type\" content=\"image\/jpeg\" \/>\n<meta name=\"author\" content=\"C\u00e1tia Malheiro\" \/>\n<meta name=\"twitter:card\" content=\"summary_large_image\" \/>\n<meta name=\"twitter:creator\" content=\"@altominhoTV\" \/>\n<meta name=\"twitter:site\" content=\"@altominhoTV\" \/>\n<meta name=\"twitter:label1\" content=\"Escrito por\" \/>\n\t<meta name=\"twitter:data1\" content=\"C\u00e1tia Malheiro\" \/>\n\t<meta name=\"twitter:label2\" content=\"Tempo estimado de leitura\" \/>\n\t<meta name=\"twitter:data2\" content=\"1 minuto\" \/>\n<script type=\"application\/ld+json\" class=\"yoast-schema-graph\">{\"@context\":\"https:\\\/\\\/schema.org\",\"@graph\":[{\"@type\":\"Article\",\"@id\":\"https:\\\/\\\/www.altominho.tv\\\/site\\\/2018\\\/01\\\/26\\\/ponte-de-lima-participa-na-feira-da-caca-e-turismo-em-macedo-de-cavaleiros\\\/#article\",\"isPartOf\":{\"@id\":\"https:\\\/\\\/www.altominho.tv\\\/site\\\/2018\\\/01\\\/26\\\/ponte-de-lima-participa-na-feira-da-caca-e-turismo-em-macedo-de-cavaleiros\\\/\"},\"author\":{\"name\":\"C\u00e1tia Malheiro\",\"@id\":\"https:\\\/\\\/www.altominho.tv\\\/site\\\/#\\\/schema\\\/person\\\/5c9404a8b438614c93da6ca09db92574\"},\"headline\":\"Ponte de Lima participa na Feira da Ca\u00e7a e Turismo em Macedo de Cavaleiros\",\"datePublished\":\"2018-01-26T16:08:49+00:00\",\"mainEntityOfPage\":{\"@id\":\"https:\\\/\\\/www.altominho.tv\\\/site\\\/2018\\\/01\\\/26\\\/ponte-de-lima-participa-na-feira-da-caca-e-turismo-em-macedo-de-cavaleiros\\\/\"},\"wordCount\":172,\"image\":{\"@id\":\"https:\\\/\\\/www.altominho.tv\\\/site\\\/2018\\\/01\\\/26\\\/ponte-de-lima-participa-na-feira-da-caca-e-turismo-em-macedo-de-cavaleiros\\\/#primaryimage\"},\"thumbnailUrl\":\"https:\\\/\\\/www.altominho.tv\\\/site\\\/wp-content\\\/uploads\\\/2018\\\/01\\\/IMG_20180125_173447-Medium.jpg\",\"keywords\":[\"Lazer\"],\"articleSection\":[\"Ponte de Lima\"],\"inLanguage\":\"pt-PT\",\"copyrightYear\":\"2018\",\"copyrightHolder\":{\"@id\":\"https:\\\/\\\/www.altominho.tv\\\/site\\\/#organization\"}},{\"@type\":\"WebPage\",\"@id\":\"https:\\\/\\\/www.altominho.tv\\\/site\\\/2018\\\/01\\\/26\\\/ponte-de-lima-participa-na-feira-da-caca-e-turismo-em-macedo-de-cavaleiros\\\/\",\"url\":\"https:\\\/\\\/www.altominho.tv\\\/site\\\/2018\\\/01\\\/26\\\/ponte-de-lima-participa-na-feira-da-caca-e-turismo-em-macedo-de-cavaleiros\\\/\",\"name\":\"Ponte de Lima participa na Feira da Ca\u00e7a e Turismo em Macedo de Cavaleiros\",\"isPartOf\":{\"@id\":\"https:\\\/\\\/www.altominho.tv\\\/site\\\/#website\"},\"primaryImageOfPage\":{\"@id\":\"https:\\\/\\\/www.altominho.tv\\\/site\\\/2018\\\/01\\\/26\\\/ponte-de-lima-participa-na-feira-da-caca-e-turismo-em-macedo-de-cavaleiros\\\/#primaryimage\"},\"image\":{\"@id\":\"https:\\\/\\\/www.altominho.tv\\\/site\\\/2018\\\/01\\\/26\\\/ponte-de-lima-participa-na-feira-da-caca-e-turismo-em-macedo-de-cavaleiros\\\/#primaryimage\"},\"thumbnailUrl\":\"https:\\\/\\\/www.altominho.tv\\\/site\\\/wp-content\\\/uploads\\\/2018\\\/01\\\/IMG_20180125_173447-Medium.jpg\",\"datePublished\":\"2018-01-26T16:08:49+00:00\",\"author\":{\"@id\":\"https:\\\/\\\/www.altominho.tv\\\/site\\\/#\\\/schema\\\/person\\\/5c9404a8b438614c93da6ca09db92574\"},\"breadcrumb\":{\"@id\":\"https:\\\/\\\/www.altominho.tv\\\/site\\\/2018\\\/01\\\/26\\\/ponte-de-lima-participa-na-feira-da-caca-e-turismo-em-macedo-de-cavaleiros\\\/#breadcrumb\"},\"inLanguage\":\"pt-PT\",\"potentialAction\":[{\"@type\":\"ReadAction\",\"target\":[\"https:\\\/\\\/www.altominho.tv\\\/site\\\/2018\\\/01\\\/26\\\/ponte-de-lima-participa-na-feira-da-caca-e-turismo-em-macedo-de-cavaleiros\\\/\"]}]},{\"@type\":\"ImageObject\",\"inLanguage\":\"pt-PT\",\"@id\":\"https:\\\/\\\/www.altominho.tv\\\/site\\\/2018\\\/01\\\/26\\\/ponte-de-lima-participa-na-feira-da-caca-e-turismo-em-macedo-de-cavaleiros\\\/#primaryimage\",\"url\":\"https:\\\/\\\/www.altominho.tv\\\/site\\\/wp-content\\\/uploads\\\/2018\\\/01\\\/IMG_20180125_173447-Medium.jpg\",\"contentUrl\":\"https:\\\/\\\/www.altominho.tv\\\/site\\\/wp-content\\\/uploads\\\/2018\\\/01\\\/IMG_20180125_173447-Medium.jpg\",\"width\":1366,\"height\":767,\"caption\":\"Hisilicon Balong\"},{\"@type\":\"BreadcrumbList\",\"@id\":\"https:\\\/\\\/www.altominho.tv\\\/site\\\/2018\\\/01\\\/26\\\/ponte-de-lima-participa-na-feira-da-caca-e-turismo-em-macedo-de-cavaleiros\\\/#breadcrumb\",\"itemListElement\":[{\"@type\":\"ListItem\",\"position\":1,\"name\":\"In\u00edcio\",\"item\":\"https:\\\/\\\/www.altominho.tv\\\/site\\\/\"},{\"@type\":\"ListItem\",\"position\":2,\"name\":\"Ponte de Lima participa na Feira da Ca\u00e7a e Turismo em Macedo de Cavaleiros\"}]},{\"@type\":\"WebSite\",\"@id\":\"https:\\\/\\\/www.altominho.tv\\\/site\\\/#website\",\"url\":\"https:\\\/\\\/www.altominho.tv\\\/site\\\/\",\"name\":\"Altominho.tv\",\"description\":\"A sua regi\u00e3o \u00e0 dist\u00e2ncia de um clique...\",\"potentialAction\":[{\"@type\":\"SearchAction\",\"target\":{\"@type\":\"EntryPoint\",\"urlTemplate\":\"https:\\\/\\\/www.altominho.tv\\\/site\\\/?s={search_term_string}\"},\"query-input\":{\"@type\":\"PropertyValueSpecification\",\"valueRequired\":true,\"valueName\":\"search_term_string\"}}],\"inLanguage\":\"pt-PT\"},{\"@type\":\"Person\",\"@id\":\"https:\\\/\\\/www.altominho.tv\\\/site\\\/#\\\/schema\\\/person\\\/5c9404a8b438614c93da6ca09db92574\",\"name\":\"C\u00e1tia Malheiro\",\"image\":{\"@type\":\"ImageObject\",\"inLanguage\":\"pt-PT\",\"@id\":\"https:\\\/\\\/www.altominho.tv\\\/site\\\/wp-content\\\/uploads\\\/2017\\\/11\\\/Catia_Malheiro-150x150.jpg\",\"url\":\"https:\\\/\\\/www.altominho.tv\\\/site\\\/wp-content\\\/uploads\\\/2017\\\/11\\\/Catia_Malheiro-150x150.jpg\",\"contentUrl\":\"https:\\\/\\\/www.altominho.tv\\\/site\\\/wp-content\\\/uploads\\\/2017\\\/11\\\/Catia_Malheiro-150x150.jpg\",\"caption\":\"C\u00e1tia Malheiro\"},\"url\":\"https:\\\/\\\/www.altominho.tv\\\/site\\\/author\\\/catiamalheiro\\\/\"}]}<\/script>\n<!-- \/ Yoast SEO Premium plugin. -->","yoast_head_json":{"title":"Ponte de Lima participa na Feira da Ca\u00e7a e Turismo em Macedo de Cavaleiros","robots":{"index":"index","follow":"follow","max-snippet":"max-snippet:-1","max-image-preview":"max-image-preview:large","max-video-preview":"max-video-preview:-1"},"canonical":"https:\/\/www.altominho.tv\/site\/2018\/01\/26\/ponte-de-lima-participa-na-feira-da-caca-e-turismo-em-macedo-de-cavaleiros\/","og_locale":"pt_PT","og_type":"article","og_title":"Ponte de Lima participa na Feira da Ca\u00e7a e Turismo em Macedo de Cavaleiros","og_description":"A imagem e os produtos t\u00edpicos Limianos est\u00e3o em destaque na XXII Feira da Ca\u00e7a e Turismo a decorrer este fim-de-semana, em Macedo de Cavaleiro, em simult\u00e2neo com a XXIV Festa dos Ca\u00e7adores do Norte. O Munic\u00edpio de Ponte de Lima participa com um stand pr\u00f3prio, cujo objetivo \u00e9 o de promover os seus produtos [&hellip;]","og_url":"https:\/\/www.altominho.tv\/site\/2018\/01\/26\/ponte-de-lima-participa-na-feira-da-caca-e-turismo-em-macedo-de-cavaleiros\/","og_site_name":"Altominho.tv","article_publisher":"https:\/\/www.facebook.com\/altominhotv","article_published_time":"2018-01-26T16:08:49+00:00","og_image":[{"width":1366,"height":767,"url":"https:\/\/www.altominho.tv\/site\/wp-content\/uploads\/2018\/01\/IMG_20180125_173447-Medium.jpg","type":"image\/jpeg"}],"author":"C\u00e1tia Malheiro","twitter_card":"summary_large_image","twitter_creator":"@altominhoTV","twitter_site":"@altominhoTV","twitter_misc":{"Escrito por":"C\u00e1tia Malheiro","Tempo estimado de leitura":"1 minuto"},"schema":{"@context":"https:\/\/schema.org","@graph":[{"@type":"Article","@id":"https:\/\/www.altominho.tv\/site\/2018\/01\/26\/ponte-de-lima-participa-na-feira-da-caca-e-turismo-em-macedo-de-cavaleiros\/#article","isPartOf":{"@id":"https:\/\/www.altominho.tv\/site\/2018\/01\/26\/ponte-de-lima-participa-na-feira-da-caca-e-turismo-em-macedo-de-cavaleiros\/"},"author":{"name":"C\u00e1tia Malheiro","@id":"https:\/\/www.altominho.tv\/site\/#\/schema\/person\/5c9404a8b438614c93da6ca09db92574"},"headline":"Ponte de Lima participa na Feira da Ca\u00e7a e Turismo em Macedo de Cavaleiros","datePublished":"2018-01-26T16:08:49+00:00","mainEntityOfPage":{"@id":"https:\/\/www.altominho.tv\/site\/2018\/01\/26\/ponte-de-lima-participa-na-feira-da-caca-e-turismo-em-macedo-de-cavaleiros\/"},"wordCount":172,"image":{"@id":"https:\/\/www.altominho.tv\/site\/2018\/01\/26\/ponte-de-lima-participa-na-feira-da-caca-e-turismo-em-macedo-de-cavaleiros\/#primaryimage"},"thumbnailUrl":"https:\/\/www.altominho.tv\/site\/wp-content\/uploads\/2018\/01\/IMG_20180125_173447-Medium.jpg","keywords":["Lazer"],"articleSection":["Ponte de Lima"],"inLanguage":"pt-PT","copyrightYear":"2018","copyrightHolder":{"@id":"https:\/\/www.altominho.tv\/site\/#organization"}},{"@type":"WebPage","@id":"https:\/\/www.altominho.tv\/site\/2018\/01\/26\/ponte-de-lima-participa-na-feira-da-caca-e-turismo-em-macedo-de-cavaleiros\/","url":"https:\/\/www.altominho.tv\/site\/2018\/01\/26\/ponte-de-lima-participa-na-feira-da-caca-e-turismo-em-macedo-de-cavaleiros\/","name":"Ponte de Lima participa na Feira da Ca\u00e7a e Turismo em Macedo de Cavaleiros","isPartOf":{"@id":"https:\/\/www.altominho.tv\/site\/#website"},"primaryImageOfPage":{"@id":"https:\/\/www.altominho.tv\/site\/2018\/01\/26\/ponte-de-lima-participa-na-feira-da-caca-e-turismo-em-macedo-de-cavaleiros\/#primaryimage"},"image":{"@id":"https:\/\/www.altominho.tv\/site\/2018\/01\/26\/ponte-de-lima-participa-na-feira-da-caca-e-turismo-em-macedo-de-cavaleiros\/#primaryimage"},"thumbnailUrl":"https:\/\/www.altominho.tv\/site\/wp-content\/uploads\/2018\/01\/IMG_20180125_173447-Medium.jpg","datePublished":"2018-01-26T16:08:49+00:00","author":{"@id":"https:\/\/www.altominho.tv\/site\/#\/schema\/person\/5c9404a8b438614c93da6ca09db92574"},"breadcrumb":{"@id":"https:\/\/www.altominho.tv\/site\/2018\/01\/26\/ponte-de-lima-participa-na-feira-da-caca-e-turismo-em-macedo-de-cavaleiros\/#breadcrumb"},"inLanguage":"pt-PT","potentialAction":[{"@type":"ReadAction","target":["https:\/\/www.altominho.tv\/site\/2018\/01\/26\/ponte-de-lima-participa-na-feira-da-caca-e-turismo-em-macedo-de-cavaleiros\/"]}]},{"@type":"ImageObject","inLanguage":"pt-PT","@id":"https:\/\/www.altominho.tv\/site\/2018\/01\/26\/ponte-de-lima-participa-na-feira-da-caca-e-turismo-em-macedo-de-cavaleiros\/#primaryimage","url":"https:\/\/www.altominho.tv\/site\/wp-content\/uploads\/2018\/01\/IMG_20180125_173447-Medium.jpg","contentUrl":"https:\/\/www.altominho.tv\/site\/wp-content\/uploads\/2018\/01\/IMG_20180125_173447-Medium.jpg","width":1366,"height":767,"caption":"Hisilicon Balong"},{"@type":"BreadcrumbList","@id":"https:\/\/www.altominho.tv\/site\/2018\/01\/26\/ponte-de-lima-participa-na-feira-da-caca-e-turismo-em-macedo-de-cavaleiros\/#breadcrumb","itemListElement":[{"@type":"ListItem","position":1,"name":"In\u00edcio","item":"https:\/\/www.altominho.tv\/site\/"},{"@type":"ListItem","position":2,"name":"Ponte de Lima participa na Feira da Ca\u00e7a e Turismo em Macedo de Cavaleiros"}]},{"@type":"WebSite","@id":"https:\/\/www.altominho.tv\/site\/#website","url":"https:\/\/www.altominho.tv\/site\/","name":"Altominho.tv","description":"A sua regi\u00e3o \u00e0 dist\u00e2ncia de um clique...","potentialAction":[{"@type":"SearchAction","target":{"@type":"EntryPoint","urlTemplate":"https:\/\/www.altominho.tv\/site\/?s={search_term_string}"},"query-input":{"@type":"PropertyValueSpecification","valueRequired":true,"valueName":"search_term_string"}}],"inLanguage":"pt-PT"},{"@type":"Person","@id":"https:\/\/www.altominho.tv\/site\/#\/schema\/person\/5c9404a8b438614c93da6ca09db92574","name":"C\u00e1tia Malheiro","image":{"@type":"ImageObject","inLanguage":"pt-PT","@id":"https:\/\/www.altominho.tv\/site\/wp-content\/uploads\/2017\/11\/Catia_Malheiro-150x150.jpg","url":"https:\/\/www.altominho.tv\/site\/wp-content\/uploads\/2017\/11\/Catia_Malheiro-150x150.jpg","contentUrl":"https:\/\/www.altominho.tv\/site\/wp-content\/uploads\/2017\/11\/Catia_Malheiro-150x150.jpg","caption":"C\u00e1tia Malheiro"},"url":"https:\/\/www.altominho.tv\/site\/author\/catiamalheiro\/"}]}},"_links":{"self":[{"href":"https:\/\/www.altominho.tv\/site\/wp-json\/wp\/v2\/posts\/8854","targetHints":{"allow":["GET"]}}],"collection":[{"href":"https:\/\/www.altominho.tv\/site\/wp-json\/wp\/v2\/posts"}],"about":[{"href":"https:\/\/www.altominho.tv\/site\/wp-json\/wp\/v2\/types\/post"}],"author":[{"embeddable":true,"href":"https:\/\/www.altominho.tv\/site\/wp-json\/wp\/v2\/users\/6"}],"replies":[{"embeddable":true,"href":"https:\/\/www.altominho.tv\/site\/wp-json\/wp\/v2\/comments?post=8854"}],"version-history":[{"count":0,"href":"https:\/\/www.altominho.tv\/site\/wp-json\/wp\/v2\/posts\/8854\/revisions"}],"wp:featuredmedia":[{"embeddable":true,"href":"https:\/\/www.altominho.tv\/site\/wp-json\/wp\/v2\/media\/8855"}],"wp:attachment":[{"href":"https:\/\/www.altominho.tv\/site\/wp-json\/wp\/v2\/media?parent=8854"}],"wp:term":[{"taxonomy":"category","embeddable":true,"href":"https:\/\/www.altominho.tv\/site\/wp-json\/wp\/v2\/categories?post=8854"},{"taxonomy":"post_tag","embeddable":true,"href":"https:\/\/www.altominho.tv\/site\/wp-json\/wp\/v2\/tags?post=8854"}],"curies":[{"name":"wp","href":"https:\/\/api.w.org\/{rel}","templated":true}]}}