{"id":88497,"date":"2023-01-31T12:04:45","date_gmt":"2023-01-31T12:04:45","guid":{"rendered":"https:\/\/www.altominho.tv\/site\/?p=88497"},"modified":"2023-01-31T12:04:49","modified_gmt":"2023-01-31T12:04:49","slug":"arcos-de-valdevez-acolhe-edicao-2023-das-jornadas-internacionais-sobre-fogos-florestais","status":"publish","type":"post","link":"https:\/\/www.altominho.tv\/site\/2023\/01\/31\/arcos-de-valdevez-acolhe-edicao-2023-das-jornadas-internacionais-sobre-fogos-florestais\/","title":{"rendered":"Arcos de Valdevez acolhe edi\u00e7\u00e3o 2023 das jornadas internacionais sobre fogos florestais"},"content":{"rendered":"<p>Arcos de Valdevez vai acolher, nos dias 9 e 10 de fevereiro, a edi\u00e7\u00e3o 2023 das jornadas internacionais sobre fogos florestais &#8211; Alto Minho Firecamp, um evento bienal promovido pela Comunidade Intermunicipal (CIM) do Alto Minho.<\/p>\n<p>Em comunicado enviado \u00e0s reda\u00e7\u00f5es, a CIM do Alto Minho explica que a iniciativa vai debater &#8220;o uso das novas tecnologias de preven\u00e7\u00e3o do risco, na gest\u00e3o de inc\u00eandios e na reabilita\u00e7\u00e3o das \u00e1reas percorridas por inc\u00eandios&#8221;.<\/p>\n<p>Realizado desde 2013, &#8220;o Alto Minho Firecamp \u00e9 hoje reconhecido como um dos maiores eventos nacionais dedicado ao paradigma dos fogos florestais no contexto da problem\u00e1tica da gest\u00e3o de riscos, constituindo um espa\u00e7o de debate de excel\u00eancia e de interc\u00e2mbio de conhecimentos e t\u00e9cnicas&#8221;, l\u00ea-se na nota de imprensa.<\/p>\n<p>A quinta edi\u00e7\u00e3o, comemorativa dos 10 anos desta iniciativa no Alto Minho, vai decorrer no audit\u00f3rio da Casa das Artes de Arcos de Valdevez e \u00e9 dirigida aos respons\u00e1veis operacionais das diversas unidades de combate e preven\u00e7\u00e3o e t\u00e9cnicos e respons\u00e1veis pol\u00edticos de diversos pa\u00edses, sendo que, do ponto de vista tem\u00e1tico, o destaque ser\u00e1 dado ao fen\u00f3meno das altera\u00e7\u00f5es clim\u00e1ticas e \u00e0 governan\u00e7a do risco.<\/p>\n<p>O <a href=\"https:\/\/altominhofirecamp.wixsite.com\/2023\/programa\" target=\"_blank\" rel=\"noopener\">programa<\/a> da iniciativa, integrada no projeto \u201cProtec|Georisk: Alto Minho 2020\u201d desenvolvido com o apoio do Programa Operacional Sustentabilidade e Efici\u00eancia no Uso de Recursos (POSEUR), conta com &#8220;a participa\u00e7\u00e3o de v\u00e1rios oradores de diferentes nacionalidades e internacionalmente conceituados nos diversos dom\u00ednios&#8221;.<\/p>\n<p>A participa\u00e7\u00e3o \u00e9 gratuita, mas carece de <a href=\"https:\/\/altominhofirecamp.wixsite.com\/2023\" target=\"_blank\" rel=\"noopener\">inscri\u00e7\u00e3o<\/a> pr\u00e9via.<\/p>\n","protected":false},"excerpt":{"rendered":"<p>Arcos de Valdevez vai acolher, nos dias 9 e 10 de fevereiro, a edi\u00e7\u00e3o 2023 das jornadas internacionais sobre fogos florestais &#8211; Alto Minho Firecamp, um evento bienal promovido pela Comunidade Intermunicipal (CIM) do Alto Minho. Em comunicado enviado \u00e0s reda\u00e7\u00f5es, a CIM do Alto Minho explica que a iniciativa vai debater &#8220;o uso das [&hellip;]<\/p>\n","protected":false},"author":12,"featured_media":37474,"comment_status":"closed","ping_status":"closed","sticky":false,"template":"","format":"standard","meta":{"_exactmetrics_skip_tracking":false,"_exactmetrics_sitenote_active":false,"_exactmetrics_sitenote_note":"","_exactmetrics_sitenote_category":0,"footnotes":""},"categories":[2],"tags":[27],"class_list":["post-88497","post","type-post","status-publish","format-standard","has-post-thumbnail","hentry","category-arcos-de-valdevez","tag-sociedade"],"yoast_head":"<!-- This site is optimized with the Yoast SEO Premium plugin v27.5 (Yoast SEO v27.5) - https:\/\/yoast.com\/product\/yoast-seo-premium-wordpress\/ -->\n<title>Arcos de Valdevez acolhe edi\u00e7\u00e3o 2023 das jornadas internacionais sobre fogos florestais<\/title>\n<meta name=\"description\" content=\"Arcos de Valdevez vai ser palco, nos dias 9 e 10 de fevereiro, da edi\u00e7\u00e3o 2023 do Alto Minho Firecamp, promovido pela CIM do Alto Minho.\" \/>\n<meta name=\"robots\" content=\"index, follow, max-snippet:-1, max-image-preview:large, max-video-preview:-1\" \/>\n<link rel=\"canonical\" href=\"https:\/\/www.altominho.tv\/site\/2023\/01\/31\/arcos-de-valdevez-acolhe-edicao-2023-das-jornadas-internacionais-sobre-fogos-florestais\/\" \/>\n<meta property=\"og:locale\" content=\"pt_PT\" \/>\n<meta property=\"og:type\" content=\"article\" \/>\n<meta property=\"og:title\" content=\"Arcos de Valdevez acolhe edi\u00e7\u00e3o 2023 das jornadas internacionais sobre fogos florestais\" \/>\n<meta property=\"og:description\" content=\"Arcos de Valdevez vai ser palco, nos dias 9 e 10 de fevereiro, da edi\u00e7\u00e3o 2023 do Alto Minho Firecamp, promovido pela CIM do Alto Minho.\" \/>\n<meta property=\"og:url\" content=\"https:\/\/www.altominho.tv\/site\/2023\/01\/31\/arcos-de-valdevez-acolhe-edicao-2023-das-jornadas-internacionais-sobre-fogos-florestais\/\" \/>\n<meta property=\"og:site_name\" content=\"Altominho.tv\" \/>\n<meta property=\"article:publisher\" content=\"https:\/\/www.facebook.com\/altominhotv\" \/>\n<meta property=\"article:published_time\" content=\"2023-01-31T12:04:45+00:00\" \/>\n<meta property=\"article:modified_time\" content=\"2023-01-31T12:04:49+00:00\" \/>\n<meta property=\"og:image\" content=\"https:\/\/www.altominho.tv\/site\/wp-content\/uploads\/2019\/12\/firecamp-reportagem.jpg\" \/>\n\t<meta property=\"og:image:width\" content=\"1920\" \/>\n\t<meta property=\"og:image:height\" content=\"1080\" \/>\n\t<meta property=\"og:image:type\" content=\"image\/jpeg\" \/>\n<meta name=\"author\" content=\"Andreia Ferreira\" \/>\n<meta name=\"twitter:card\" content=\"summary_large_image\" \/>\n<meta name=\"twitter:creator\" content=\"@altominhoTV\" \/>\n<meta name=\"twitter:site\" content=\"@altominhoTV\" \/>\n<meta name=\"twitter:label1\" content=\"Escrito por\" \/>\n\t<meta name=\"twitter:data1\" content=\"Andreia Ferreira\" \/>\n\t<meta name=\"twitter:label2\" content=\"Tempo estimado de leitura\" \/>\n\t<meta name=\"twitter:data2\" content=\"2 minutos\" \/>\n<script type=\"application\/ld+json\" class=\"yoast-schema-graph\">{\"@context\":\"https:\\\/\\\/schema.org\",\"@graph\":[{\"@type\":\"Article\",\"@id\":\"https:\\\/\\\/www.altominho.tv\\\/site\\\/2023\\\/01\\\/31\\\/arcos-de-valdevez-acolhe-edicao-2023-das-jornadas-internacionais-sobre-fogos-florestais\\\/#article\",\"isPartOf\":{\"@id\":\"https:\\\/\\\/www.altominho.tv\\\/site\\\/2023\\\/01\\\/31\\\/arcos-de-valdevez-acolhe-edicao-2023-das-jornadas-internacionais-sobre-fogos-florestais\\\/\"},\"author\":{\"name\":\"Andreia Ferreira\",\"@id\":\"https:\\\/\\\/www.altominho.tv\\\/site\\\/#\\\/schema\\\/person\\\/d9be4265364723f14ea8e0d56a1d38cd\"},\"headline\":\"Arcos de Valdevez acolhe edi\u00e7\u00e3o 2023 das jornadas internacionais sobre fogos florestais\",\"datePublished\":\"2023-01-31T12:04:45+00:00\",\"dateModified\":\"2023-01-31T12:04:49+00:00\",\"mainEntityOfPage\":{\"@id\":\"https:\\\/\\\/www.altominho.tv\\\/site\\\/2023\\\/01\\\/31\\\/arcos-de-valdevez-acolhe-edicao-2023-das-jornadas-internacionais-sobre-fogos-florestais\\\/\"},\"wordCount\":276,\"image\":{\"@id\":\"https:\\\/\\\/www.altominho.tv\\\/site\\\/2023\\\/01\\\/31\\\/arcos-de-valdevez-acolhe-edicao-2023-das-jornadas-internacionais-sobre-fogos-florestais\\\/#primaryimage\"},\"thumbnailUrl\":\"https:\\\/\\\/www.altominho.tv\\\/site\\\/wp-content\\\/uploads\\\/2019\\\/12\\\/firecamp-reportagem.jpg\",\"keywords\":[\"Sociedade\"],\"articleSection\":[\"Arcos de Valdevez\"],\"inLanguage\":\"pt-PT\",\"copyrightYear\":\"2023\",\"copyrightHolder\":{\"@id\":\"https:\\\/\\\/www.altominho.tv\\\/site\\\/#organization\"}},{\"@type\":\"WebPage\",\"@id\":\"https:\\\/\\\/www.altominho.tv\\\/site\\\/2023\\\/01\\\/31\\\/arcos-de-valdevez-acolhe-edicao-2023-das-jornadas-internacionais-sobre-fogos-florestais\\\/\",\"url\":\"https:\\\/\\\/www.altominho.tv\\\/site\\\/2023\\\/01\\\/31\\\/arcos-de-valdevez-acolhe-edicao-2023-das-jornadas-internacionais-sobre-fogos-florestais\\\/\",\"name\":\"Arcos de Valdevez acolhe edi\u00e7\u00e3o 2023 das jornadas internacionais sobre fogos florestais\",\"isPartOf\":{\"@id\":\"https:\\\/\\\/www.altominho.tv\\\/site\\\/#website\"},\"primaryImageOfPage\":{\"@id\":\"https:\\\/\\\/www.altominho.tv\\\/site\\\/2023\\\/01\\\/31\\\/arcos-de-valdevez-acolhe-edicao-2023-das-jornadas-internacionais-sobre-fogos-florestais\\\/#primaryimage\"},\"image\":{\"@id\":\"https:\\\/\\\/www.altominho.tv\\\/site\\\/2023\\\/01\\\/31\\\/arcos-de-valdevez-acolhe-edicao-2023-das-jornadas-internacionais-sobre-fogos-florestais\\\/#primaryimage\"},\"thumbnailUrl\":\"https:\\\/\\\/www.altominho.tv\\\/site\\\/wp-content\\\/uploads\\\/2019\\\/12\\\/firecamp-reportagem.jpg\",\"datePublished\":\"2023-01-31T12:04:45+00:00\",\"dateModified\":\"2023-01-31T12:04:49+00:00\",\"author\":{\"@id\":\"https:\\\/\\\/www.altominho.tv\\\/site\\\/#\\\/schema\\\/person\\\/d9be4265364723f14ea8e0d56a1d38cd\"},\"description\":\"Arcos de Valdevez vai ser palco, nos dias 9 e 10 de fevereiro, da edi\u00e7\u00e3o 2023 do Alto Minho Firecamp, promovido pela CIM do Alto Minho.\",\"breadcrumb\":{\"@id\":\"https:\\\/\\\/www.altominho.tv\\\/site\\\/2023\\\/01\\\/31\\\/arcos-de-valdevez-acolhe-edicao-2023-das-jornadas-internacionais-sobre-fogos-florestais\\\/#breadcrumb\"},\"inLanguage\":\"pt-PT\",\"potentialAction\":[{\"@type\":\"ReadAction\",\"target\":[\"https:\\\/\\\/www.altominho.tv\\\/site\\\/2023\\\/01\\\/31\\\/arcos-de-valdevez-acolhe-edicao-2023-das-jornadas-internacionais-sobre-fogos-florestais\\\/\"]}]},{\"@type\":\"ImageObject\",\"inLanguage\":\"pt-PT\",\"@id\":\"https:\\\/\\\/www.altominho.tv\\\/site\\\/2023\\\/01\\\/31\\\/arcos-de-valdevez-acolhe-edicao-2023-das-jornadas-internacionais-sobre-fogos-florestais\\\/#primaryimage\",\"url\":\"https:\\\/\\\/www.altominho.tv\\\/site\\\/wp-content\\\/uploads\\\/2019\\\/12\\\/firecamp-reportagem.jpg\",\"contentUrl\":\"https:\\\/\\\/www.altominho.tv\\\/site\\\/wp-content\\\/uploads\\\/2019\\\/12\\\/firecamp-reportagem.jpg\",\"width\":1920,\"height\":1080},{\"@type\":\"BreadcrumbList\",\"@id\":\"https:\\\/\\\/www.altominho.tv\\\/site\\\/2023\\\/01\\\/31\\\/arcos-de-valdevez-acolhe-edicao-2023-das-jornadas-internacionais-sobre-fogos-florestais\\\/#breadcrumb\",\"itemListElement\":[{\"@type\":\"ListItem\",\"position\":1,\"name\":\"In\u00edcio\",\"item\":\"https:\\\/\\\/www.altominho.tv\\\/site\\\/\"},{\"@type\":\"ListItem\",\"position\":2,\"name\":\"Arcos de Valdevez acolhe edi\u00e7\u00e3o 2023 das jornadas internacionais sobre fogos florestais\"}]},{\"@type\":\"WebSite\",\"@id\":\"https:\\\/\\\/www.altominho.tv\\\/site\\\/#website\",\"url\":\"https:\\\/\\\/www.altominho.tv\\\/site\\\/\",\"name\":\"Altominho.tv\",\"description\":\"A sua regi\u00e3o \u00e0 dist\u00e2ncia de um clique...\",\"potentialAction\":[{\"@type\":\"SearchAction\",\"target\":{\"@type\":\"EntryPoint\",\"urlTemplate\":\"https:\\\/\\\/www.altominho.tv\\\/site\\\/?s={search_term_string}\"},\"query-input\":{\"@type\":\"PropertyValueSpecification\",\"valueRequired\":true,\"valueName\":\"search_term_string\"}}],\"inLanguage\":\"pt-PT\"},{\"@type\":\"Person\",\"@id\":\"https:\\\/\\\/www.altominho.tv\\\/site\\\/#\\\/schema\\\/person\\\/d9be4265364723f14ea8e0d56a1d38cd\",\"name\":\"Andreia Ferreira\",\"image\":{\"@type\":\"ImageObject\",\"inLanguage\":\"pt-PT\",\"@id\":\"https:\\\/\\\/www.altominho.tv\\\/site\\\/wp-content\\\/uploads\\\/2021\\\/01\\\/AndreiaFerreira-150x150.jpg\",\"url\":\"https:\\\/\\\/www.altominho.tv\\\/site\\\/wp-content\\\/uploads\\\/2021\\\/01\\\/AndreiaFerreira-150x150.jpg\",\"contentUrl\":\"https:\\\/\\\/www.altominho.tv\\\/site\\\/wp-content\\\/uploads\\\/2021\\\/01\\\/AndreiaFerreira-150x150.jpg\",\"caption\":\"Andreia Ferreira\"},\"url\":\"https:\\\/\\\/www.altominho.tv\\\/site\\\/author\\\/andreiaferreira\\\/\"}]}<\/script>\n<!-- \/ Yoast SEO Premium plugin. -->","yoast_head_json":{"title":"Arcos de Valdevez acolhe edi\u00e7\u00e3o 2023 das jornadas internacionais sobre fogos florestais","description":"Arcos de Valdevez vai ser palco, nos dias 9 e 10 de fevereiro, da edi\u00e7\u00e3o 2023 do Alto Minho Firecamp, promovido pela CIM do Alto Minho.","robots":{"index":"index","follow":"follow","max-snippet":"max-snippet:-1","max-image-preview":"max-image-preview:large","max-video-preview":"max-video-preview:-1"},"canonical":"https:\/\/www.altominho.tv\/site\/2023\/01\/31\/arcos-de-valdevez-acolhe-edicao-2023-das-jornadas-internacionais-sobre-fogos-florestais\/","og_locale":"pt_PT","og_type":"article","og_title":"Arcos de Valdevez acolhe edi\u00e7\u00e3o 2023 das jornadas internacionais sobre fogos florestais","og_description":"Arcos de Valdevez vai ser palco, nos dias 9 e 10 de fevereiro, da edi\u00e7\u00e3o 2023 do Alto Minho Firecamp, promovido pela CIM do Alto Minho.","og_url":"https:\/\/www.altominho.tv\/site\/2023\/01\/31\/arcos-de-valdevez-acolhe-edicao-2023-das-jornadas-internacionais-sobre-fogos-florestais\/","og_site_name":"Altominho.tv","article_publisher":"https:\/\/www.facebook.com\/altominhotv","article_published_time":"2023-01-31T12:04:45+00:00","article_modified_time":"2023-01-31T12:04:49+00:00","og_image":[{"width":1920,"height":1080,"url":"https:\/\/www.altominho.tv\/site\/wp-content\/uploads\/2019\/12\/firecamp-reportagem.jpg","type":"image\/jpeg"}],"author":"Andreia Ferreira","twitter_card":"summary_large_image","twitter_creator":"@altominhoTV","twitter_site":"@altominhoTV","twitter_misc":{"Escrito por":"Andreia Ferreira","Tempo estimado de leitura":"2 minutos"},"schema":{"@context":"https:\/\/schema.org","@graph":[{"@type":"Article","@id":"https:\/\/www.altominho.tv\/site\/2023\/01\/31\/arcos-de-valdevez-acolhe-edicao-2023-das-jornadas-internacionais-sobre-fogos-florestais\/#article","isPartOf":{"@id":"https:\/\/www.altominho.tv\/site\/2023\/01\/31\/arcos-de-valdevez-acolhe-edicao-2023-das-jornadas-internacionais-sobre-fogos-florestais\/"},"author":{"name":"Andreia Ferreira","@id":"https:\/\/www.altominho.tv\/site\/#\/schema\/person\/d9be4265364723f14ea8e0d56a1d38cd"},"headline":"Arcos de Valdevez acolhe edi\u00e7\u00e3o 2023 das jornadas internacionais sobre fogos florestais","datePublished":"2023-01-31T12:04:45+00:00","dateModified":"2023-01-31T12:04:49+00:00","mainEntityOfPage":{"@id":"https:\/\/www.altominho.tv\/site\/2023\/01\/31\/arcos-de-valdevez-acolhe-edicao-2023-das-jornadas-internacionais-sobre-fogos-florestais\/"},"wordCount":276,"image":{"@id":"https:\/\/www.altominho.tv\/site\/2023\/01\/31\/arcos-de-valdevez-acolhe-edicao-2023-das-jornadas-internacionais-sobre-fogos-florestais\/#primaryimage"},"thumbnailUrl":"https:\/\/www.altominho.tv\/site\/wp-content\/uploads\/2019\/12\/firecamp-reportagem.jpg","keywords":["Sociedade"],"articleSection":["Arcos de Valdevez"],"inLanguage":"pt-PT","copyrightYear":"2023","copyrightHolder":{"@id":"https:\/\/www.altominho.tv\/site\/#organization"}},{"@type":"WebPage","@id":"https:\/\/www.altominho.tv\/site\/2023\/01\/31\/arcos-de-valdevez-acolhe-edicao-2023-das-jornadas-internacionais-sobre-fogos-florestais\/","url":"https:\/\/www.altominho.tv\/site\/2023\/01\/31\/arcos-de-valdevez-acolhe-edicao-2023-das-jornadas-internacionais-sobre-fogos-florestais\/","name":"Arcos de Valdevez acolhe edi\u00e7\u00e3o 2023 das jornadas internacionais sobre fogos florestais","isPartOf":{"@id":"https:\/\/www.altominho.tv\/site\/#website"},"primaryImageOfPage":{"@id":"https:\/\/www.altominho.tv\/site\/2023\/01\/31\/arcos-de-valdevez-acolhe-edicao-2023-das-jornadas-internacionais-sobre-fogos-florestais\/#primaryimage"},"image":{"@id":"https:\/\/www.altominho.tv\/site\/2023\/01\/31\/arcos-de-valdevez-acolhe-edicao-2023-das-jornadas-internacionais-sobre-fogos-florestais\/#primaryimage"},"thumbnailUrl":"https:\/\/www.altominho.tv\/site\/wp-content\/uploads\/2019\/12\/firecamp-reportagem.jpg","datePublished":"2023-01-31T12:04:45+00:00","dateModified":"2023-01-31T12:04:49+00:00","author":{"@id":"https:\/\/www.altominho.tv\/site\/#\/schema\/person\/d9be4265364723f14ea8e0d56a1d38cd"},"description":"Arcos de Valdevez vai ser palco, nos dias 9 e 10 de fevereiro, da edi\u00e7\u00e3o 2023 do Alto Minho Firecamp, promovido pela CIM do Alto Minho.","breadcrumb":{"@id":"https:\/\/www.altominho.tv\/site\/2023\/01\/31\/arcos-de-valdevez-acolhe-edicao-2023-das-jornadas-internacionais-sobre-fogos-florestais\/#breadcrumb"},"inLanguage":"pt-PT","potentialAction":[{"@type":"ReadAction","target":["https:\/\/www.altominho.tv\/site\/2023\/01\/31\/arcos-de-valdevez-acolhe-edicao-2023-das-jornadas-internacionais-sobre-fogos-florestais\/"]}]},{"@type":"ImageObject","inLanguage":"pt-PT","@id":"https:\/\/www.altominho.tv\/site\/2023\/01\/31\/arcos-de-valdevez-acolhe-edicao-2023-das-jornadas-internacionais-sobre-fogos-florestais\/#primaryimage","url":"https:\/\/www.altominho.tv\/site\/wp-content\/uploads\/2019\/12\/firecamp-reportagem.jpg","contentUrl":"https:\/\/www.altominho.tv\/site\/wp-content\/uploads\/2019\/12\/firecamp-reportagem.jpg","width":1920,"height":1080},{"@type":"BreadcrumbList","@id":"https:\/\/www.altominho.tv\/site\/2023\/01\/31\/arcos-de-valdevez-acolhe-edicao-2023-das-jornadas-internacionais-sobre-fogos-florestais\/#breadcrumb","itemListElement":[{"@type":"ListItem","position":1,"name":"In\u00edcio","item":"https:\/\/www.altominho.tv\/site\/"},{"@type":"ListItem","position":2,"name":"Arcos de Valdevez acolhe edi\u00e7\u00e3o 2023 das jornadas internacionais sobre fogos florestais"}]},{"@type":"WebSite","@id":"https:\/\/www.altominho.tv\/site\/#website","url":"https:\/\/www.altominho.tv\/site\/","name":"Altominho.tv","description":"A sua regi\u00e3o \u00e0 dist\u00e2ncia de um clique...","potentialAction":[{"@type":"SearchAction","target":{"@type":"EntryPoint","urlTemplate":"https:\/\/www.altominho.tv\/site\/?s={search_term_string}"},"query-input":{"@type":"PropertyValueSpecification","valueRequired":true,"valueName":"search_term_string"}}],"inLanguage":"pt-PT"},{"@type":"Person","@id":"https:\/\/www.altominho.tv\/site\/#\/schema\/person\/d9be4265364723f14ea8e0d56a1d38cd","name":"Andreia Ferreira","image":{"@type":"ImageObject","inLanguage":"pt-PT","@id":"https:\/\/www.altominho.tv\/site\/wp-content\/uploads\/2021\/01\/AndreiaFerreira-150x150.jpg","url":"https:\/\/www.altominho.tv\/site\/wp-content\/uploads\/2021\/01\/AndreiaFerreira-150x150.jpg","contentUrl":"https:\/\/www.altominho.tv\/site\/wp-content\/uploads\/2021\/01\/AndreiaFerreira-150x150.jpg","caption":"Andreia Ferreira"},"url":"https:\/\/www.altominho.tv\/site\/author\/andreiaferreira\/"}]}},"_links":{"self":[{"href":"https:\/\/www.altominho.tv\/site\/wp-json\/wp\/v2\/posts\/88497","targetHints":{"allow":["GET"]}}],"collection":[{"href":"https:\/\/www.altominho.tv\/site\/wp-json\/wp\/v2\/posts"}],"about":[{"href":"https:\/\/www.altominho.tv\/site\/wp-json\/wp\/v2\/types\/post"}],"author":[{"embeddable":true,"href":"https:\/\/www.altominho.tv\/site\/wp-json\/wp\/v2\/users\/12"}],"replies":[{"embeddable":true,"href":"https:\/\/www.altominho.tv\/site\/wp-json\/wp\/v2\/comments?post=88497"}],"version-history":[{"count":3,"href":"https:\/\/www.altominho.tv\/site\/wp-json\/wp\/v2\/posts\/88497\/revisions"}],"predecessor-version":[{"id":88502,"href":"https:\/\/www.altominho.tv\/site\/wp-json\/wp\/v2\/posts\/88497\/revisions\/88502"}],"wp:featuredmedia":[{"embeddable":true,"href":"https:\/\/www.altominho.tv\/site\/wp-json\/wp\/v2\/media\/37474"}],"wp:attachment":[{"href":"https:\/\/www.altominho.tv\/site\/wp-json\/wp\/v2\/media?parent=88497"}],"wp:term":[{"taxonomy":"category","embeddable":true,"href":"https:\/\/www.altominho.tv\/site\/wp-json\/wp\/v2\/categories?post=88497"},{"taxonomy":"post_tag","embeddable":true,"href":"https:\/\/www.altominho.tv\/site\/wp-json\/wp\/v2\/tags?post=88497"}],"curies":[{"name":"wp","href":"https:\/\/api.w.org\/{rel}","templated":true}]}}