{"id":88496,"date":"2023-01-31T11:18:52","date_gmt":"2023-01-31T11:18:52","guid":{"rendered":"https:\/\/www.altominho.tv\/site\/?p=88496"},"modified":"2023-01-31T11:18:57","modified_gmt":"2023-01-31T11:18:57","slug":"musica-teatro-e-danca-na-programacao-do-centro-cultural","status":"publish","type":"post","link":"https:\/\/www.altominho.tv\/site\/2023\/01\/31\/musica-teatro-e-danca-na-programacao-do-centro-cultural\/","title":{"rendered":"M\u00fasica, Teatro e Dan\u00e7a na programa\u00e7\u00e3o do Centro Cultural"},"content":{"rendered":"<p>A m\u00fasica criada pela parceria Orquestra Jazz de Matosinhos &amp; Manuela Azevedo (17\/02), o teatro pela pe\u00e7a \u2018A estudante e o Sr. Henrique\u2019 (24\/02) e a dan\u00e7a pela Companhia Jovem de Dan\u00e7a de \u00cdlhavo \u2013 23 Milhas (11\/04) s\u00e3o algumas das propostas da programa\u00e7\u00e3o do Centro Cultural para este m\u00eas de fevereiro em Paredes de Coura.<\/p>\n<p>A esta oferta, juntam-se as j\u00e1 habituais propostas em torno do cinema, o programa beb\u00e9s e fam\u00edlia, bem como o programa Ler Cinema que mensalmente traz a Paredes de Coura nomes da m\u00fasica, literatura, artes pl\u00e1sticas, pol\u00edtica e cultura para falar sobre os filmes que lhes marcaram.<\/p>\n<p>M\u00faltiplas propostas que se inserem na ampla programa\u00e7\u00e3o do Centro Cultural, que como espa\u00e7o de frui\u00e7\u00e3o viu refor\u00e7ada a sua oferta diversificada para os mais variados p\u00fablicos ao integrar a Rede de Teatros e Cineteatros Portugueses, beneficiando tamb\u00e9m assim da circula\u00e7\u00e3o de obras art\u00edsticas e da articula\u00e7\u00e3o program\u00e1tica entre os muitos equipamentos que integram a RTCP.<\/p>\n","protected":false},"excerpt":{"rendered":"<p>A m\u00fasica criada pela parceria Orquestra Jazz de Matosinhos &amp; Manuela Azevedo (17\/02), o teatro pela pe\u00e7a \u2018A estudante e o Sr. Henrique\u2019 (24\/02) e a dan\u00e7a pela Companhia Jovem de Dan\u00e7a de \u00cdlhavo \u2013 23 Milhas (11\/04) s\u00e3o algumas das propostas da programa\u00e7\u00e3o do Centro Cultural para este m\u00eas de fevereiro em Paredes de [&hellip;]<\/p>\n","protected":false},"author":24,"featured_media":88498,"comment_status":"closed","ping_status":"closed","sticky":false,"template":"","format":"standard","meta":{"_exactmetrics_skip_tracking":false,"_exactmetrics_sitenote_active":false,"_exactmetrics_sitenote_note":"","_exactmetrics_sitenote_category":0,"footnotes":""},"categories":[10],"tags":[19,24],"class_list":["post-88496","post","type-post","status-publish","format-standard","has-post-thumbnail","hentry","category-paredes-de-coura","tag-cultura","tag-lazer"],"yoast_head":"<!-- This site is optimized with the Yoast SEO Premium plugin v27.5 (Yoast SEO v27.5) - https:\/\/yoast.com\/product\/yoast-seo-premium-wordpress\/ -->\n<title>M\u00fasica, Teatro e Dan\u00e7a na programa\u00e7\u00e3o do Centro Cultural<\/title>\n<meta name=\"description\" content=\"A m\u00fasica criada pela parceria Orquestra Jazz de Matosinhos &amp; Manuela Azevedo (17\/02), o teatro pela pe\u00e7a \u2018A estudante e o Sr. Henrique\u2019 (24\/02) e a dan\u00e7a pela Companhia Jovem de Dan\u00e7a de \u00cdlhavo \u2013 23 Milhas (11\/04) s\u00e3o algumas das propostas da programa\u00e7\u00e3o do Centro Cultural para este m\u00eas de fevereiro em Paredes de Coura.\" \/>\n<meta name=\"robots\" content=\"index, follow, max-snippet:-1, max-image-preview:large, max-video-preview:-1\" \/>\n<link rel=\"canonical\" href=\"https:\/\/www.altominho.tv\/site\/2023\/01\/31\/musica-teatro-e-danca-na-programacao-do-centro-cultural\/\" \/>\n<meta property=\"og:locale\" content=\"pt_PT\" \/>\n<meta property=\"og:type\" content=\"article\" \/>\n<meta property=\"og:title\" content=\"M\u00fasica, Teatro e Dan\u00e7a na programa\u00e7\u00e3o do Centro Cultural\" \/>\n<meta property=\"og:description\" content=\"A m\u00fasica criada pela parceria Orquestra Jazz de Matosinhos &amp; Manuela Azevedo (17\/02), o teatro pela pe\u00e7a \u2018A estudante e o Sr. Henrique\u2019 (24\/02) e a dan\u00e7a pela Companhia Jovem de Dan\u00e7a de \u00cdlhavo \u2013 23 Milhas (11\/04) s\u00e3o algumas das propostas da programa\u00e7\u00e3o do Centro Cultural para este m\u00eas de fevereiro em Paredes de Coura.\" \/>\n<meta property=\"og:url\" content=\"https:\/\/www.altominho.tv\/site\/2023\/01\/31\/musica-teatro-e-danca-na-programacao-do-centro-cultural\/\" \/>\n<meta property=\"og:site_name\" content=\"Altominho.tv\" \/>\n<meta property=\"article:publisher\" content=\"https:\/\/www.facebook.com\/altominhotv\" \/>\n<meta property=\"article:published_time\" content=\"2023-01-31T11:18:52+00:00\" \/>\n<meta property=\"article:modified_time\" content=\"2023-01-31T11:18:57+00:00\" \/>\n<meta property=\"og:image\" content=\"https:\/\/www.altominho.tv\/site\/wp-content\/uploads\/2023\/01\/manuela-azevedo.jpeg\" \/>\n\t<meta property=\"og:image:width\" content=\"1280\" \/>\n\t<meta property=\"og:image:height\" content=\"720\" \/>\n\t<meta property=\"og:image:type\" content=\"image\/jpeg\" \/>\n<meta name=\"author\" content=\"Cesar Lopes\" \/>\n<meta name=\"twitter:card\" content=\"summary_large_image\" \/>\n<meta name=\"twitter:creator\" content=\"@altominhoTV\" \/>\n<meta name=\"twitter:site\" content=\"@altominhoTV\" \/>\n<meta name=\"twitter:label1\" content=\"Escrito por\" \/>\n\t<meta name=\"twitter:data1\" content=\"Cesar Lopes\" \/>\n\t<meta name=\"twitter:label2\" content=\"Tempo estimado de leitura\" \/>\n\t<meta name=\"twitter:data2\" content=\"1 minuto\" \/>\n<script type=\"application\/ld+json\" class=\"yoast-schema-graph\">{\"@context\":\"https:\\\/\\\/schema.org\",\"@graph\":[{\"@type\":\"Article\",\"@id\":\"https:\\\/\\\/www.altominho.tv\\\/site\\\/2023\\\/01\\\/31\\\/musica-teatro-e-danca-na-programacao-do-centro-cultural\\\/#article\",\"isPartOf\":{\"@id\":\"https:\\\/\\\/www.altominho.tv\\\/site\\\/2023\\\/01\\\/31\\\/musica-teatro-e-danca-na-programacao-do-centro-cultural\\\/\"},\"author\":{\"name\":\"Cesar Lopes\",\"@id\":\"https:\\\/\\\/www.altominho.tv\\\/site\\\/#\\\/schema\\\/person\\\/c5570e5afb933b8d08c43373326ef1b1\"},\"headline\":\"M\u00fasica, Teatro e Dan\u00e7a na programa\u00e7\u00e3o do Centro Cultural\",\"datePublished\":\"2023-01-31T11:18:52+00:00\",\"dateModified\":\"2023-01-31T11:18:57+00:00\",\"mainEntityOfPage\":{\"@id\":\"https:\\\/\\\/www.altominho.tv\\\/site\\\/2023\\\/01\\\/31\\\/musica-teatro-e-danca-na-programacao-do-centro-cultural\\\/\"},\"wordCount\":189,\"image\":{\"@id\":\"https:\\\/\\\/www.altominho.tv\\\/site\\\/2023\\\/01\\\/31\\\/musica-teatro-e-danca-na-programacao-do-centro-cultural\\\/#primaryimage\"},\"thumbnailUrl\":\"https:\\\/\\\/www.altominho.tv\\\/site\\\/wp-content\\\/uploads\\\/2023\\\/01\\\/manuela-azevedo.jpeg\",\"keywords\":[\"Cultura\",\"Lazer\"],\"articleSection\":[\"Paredes de Coura\"],\"inLanguage\":\"pt-PT\",\"copyrightYear\":\"2023\",\"copyrightHolder\":{\"@id\":\"https:\\\/\\\/www.altominho.tv\\\/site\\\/#organization\"}},{\"@type\":\"WebPage\",\"@id\":\"https:\\\/\\\/www.altominho.tv\\\/site\\\/2023\\\/01\\\/31\\\/musica-teatro-e-danca-na-programacao-do-centro-cultural\\\/\",\"url\":\"https:\\\/\\\/www.altominho.tv\\\/site\\\/2023\\\/01\\\/31\\\/musica-teatro-e-danca-na-programacao-do-centro-cultural\\\/\",\"name\":\"M\u00fasica, Teatro e Dan\u00e7a na programa\u00e7\u00e3o do Centro Cultural\",\"isPartOf\":{\"@id\":\"https:\\\/\\\/www.altominho.tv\\\/site\\\/#website\"},\"primaryImageOfPage\":{\"@id\":\"https:\\\/\\\/www.altominho.tv\\\/site\\\/2023\\\/01\\\/31\\\/musica-teatro-e-danca-na-programacao-do-centro-cultural\\\/#primaryimage\"},\"image\":{\"@id\":\"https:\\\/\\\/www.altominho.tv\\\/site\\\/2023\\\/01\\\/31\\\/musica-teatro-e-danca-na-programacao-do-centro-cultural\\\/#primaryimage\"},\"thumbnailUrl\":\"https:\\\/\\\/www.altominho.tv\\\/site\\\/wp-content\\\/uploads\\\/2023\\\/01\\\/manuela-azevedo.jpeg\",\"datePublished\":\"2023-01-31T11:18:52+00:00\",\"dateModified\":\"2023-01-31T11:18:57+00:00\",\"author\":{\"@id\":\"https:\\\/\\\/www.altominho.tv\\\/site\\\/#\\\/schema\\\/person\\\/c5570e5afb933b8d08c43373326ef1b1\"},\"description\":\"A m\u00fasica criada pela parceria Orquestra Jazz de Matosinhos & Manuela Azevedo (17\\\/02), o teatro pela pe\u00e7a \u2018A estudante e o Sr. Henrique\u2019 (24\\\/02) e a dan\u00e7a pela Companhia Jovem de Dan\u00e7a de \u00cdlhavo \u2013 23 Milhas (11\\\/04) s\u00e3o algumas das propostas da programa\u00e7\u00e3o do Centro Cultural para este m\u00eas de fevereiro em Paredes de Coura.\",\"breadcrumb\":{\"@id\":\"https:\\\/\\\/www.altominho.tv\\\/site\\\/2023\\\/01\\\/31\\\/musica-teatro-e-danca-na-programacao-do-centro-cultural\\\/#breadcrumb\"},\"inLanguage\":\"pt-PT\",\"potentialAction\":[{\"@type\":\"ReadAction\",\"target\":[\"https:\\\/\\\/www.altominho.tv\\\/site\\\/2023\\\/01\\\/31\\\/musica-teatro-e-danca-na-programacao-do-centro-cultural\\\/\"]}]},{\"@type\":\"ImageObject\",\"inLanguage\":\"pt-PT\",\"@id\":\"https:\\\/\\\/www.altominho.tv\\\/site\\\/2023\\\/01\\\/31\\\/musica-teatro-e-danca-na-programacao-do-centro-cultural\\\/#primaryimage\",\"url\":\"https:\\\/\\\/www.altominho.tv\\\/site\\\/wp-content\\\/uploads\\\/2023\\\/01\\\/manuela-azevedo.jpeg\",\"contentUrl\":\"https:\\\/\\\/www.altominho.tv\\\/site\\\/wp-content\\\/uploads\\\/2023\\\/01\\\/manuela-azevedo.jpeg\",\"width\":1280,\"height\":720},{\"@type\":\"BreadcrumbList\",\"@id\":\"https:\\\/\\\/www.altominho.tv\\\/site\\\/2023\\\/01\\\/31\\\/musica-teatro-e-danca-na-programacao-do-centro-cultural\\\/#breadcrumb\",\"itemListElement\":[{\"@type\":\"ListItem\",\"position\":1,\"name\":\"In\u00edcio\",\"item\":\"https:\\\/\\\/www.altominho.tv\\\/site\\\/\"},{\"@type\":\"ListItem\",\"position\":2,\"name\":\"M\u00fasica, Teatro e Dan\u00e7a na programa\u00e7\u00e3o do Centro Cultural\"}]},{\"@type\":\"WebSite\",\"@id\":\"https:\\\/\\\/www.altominho.tv\\\/site\\\/#website\",\"url\":\"https:\\\/\\\/www.altominho.tv\\\/site\\\/\",\"name\":\"Altominho.tv\",\"description\":\"A sua regi\u00e3o \u00e0 dist\u00e2ncia de um clique...\",\"potentialAction\":[{\"@type\":\"SearchAction\",\"target\":{\"@type\":\"EntryPoint\",\"urlTemplate\":\"https:\\\/\\\/www.altominho.tv\\\/site\\\/?s={search_term_string}\"},\"query-input\":{\"@type\":\"PropertyValueSpecification\",\"valueRequired\":true,\"valueName\":\"search_term_string\"}}],\"inLanguage\":\"pt-PT\"},{\"@type\":\"Person\",\"@id\":\"https:\\\/\\\/www.altominho.tv\\\/site\\\/#\\\/schema\\\/person\\\/c5570e5afb933b8d08c43373326ef1b1\",\"name\":\"Cesar Lopes\",\"image\":{\"@type\":\"ImageObject\",\"inLanguage\":\"pt-PT\",\"@id\":\"https:\\\/\\\/www.altominho.tv\\\/site\\\/wp-content\\\/uploads\\\/2022\\\/10\\\/Sem-Titulo-150x150.jpg\",\"url\":\"https:\\\/\\\/www.altominho.tv\\\/site\\\/wp-content\\\/uploads\\\/2022\\\/10\\\/Sem-Titulo-150x150.jpg\",\"contentUrl\":\"https:\\\/\\\/www.altominho.tv\\\/site\\\/wp-content\\\/uploads\\\/2022\\\/10\\\/Sem-Titulo-150x150.jpg\",\"caption\":\"Cesar Lopes\"},\"url\":\"https:\\\/\\\/www.altominho.tv\\\/site\\\/author\\\/cesarlopes\\\/\"}]}<\/script>\n<!-- \/ Yoast SEO Premium plugin. -->","yoast_head_json":{"title":"M\u00fasica, Teatro e Dan\u00e7a na programa\u00e7\u00e3o do Centro Cultural","description":"A m\u00fasica criada pela parceria Orquestra Jazz de Matosinhos & Manuela Azevedo (17\/02), o teatro pela pe\u00e7a \u2018A estudante e o Sr. Henrique\u2019 (24\/02) e a dan\u00e7a pela Companhia Jovem de Dan\u00e7a de \u00cdlhavo \u2013 23 Milhas (11\/04) s\u00e3o algumas das propostas da programa\u00e7\u00e3o do Centro Cultural para este m\u00eas de fevereiro em Paredes de Coura.","robots":{"index":"index","follow":"follow","max-snippet":"max-snippet:-1","max-image-preview":"max-image-preview:large","max-video-preview":"max-video-preview:-1"},"canonical":"https:\/\/www.altominho.tv\/site\/2023\/01\/31\/musica-teatro-e-danca-na-programacao-do-centro-cultural\/","og_locale":"pt_PT","og_type":"article","og_title":"M\u00fasica, Teatro e Dan\u00e7a na programa\u00e7\u00e3o do Centro Cultural","og_description":"A m\u00fasica criada pela parceria Orquestra Jazz de Matosinhos & Manuela Azevedo (17\/02), o teatro pela pe\u00e7a \u2018A estudante e o Sr. Henrique\u2019 (24\/02) e a dan\u00e7a pela Companhia Jovem de Dan\u00e7a de \u00cdlhavo \u2013 23 Milhas (11\/04) s\u00e3o algumas das propostas da programa\u00e7\u00e3o do Centro Cultural para este m\u00eas de fevereiro em Paredes de Coura.","og_url":"https:\/\/www.altominho.tv\/site\/2023\/01\/31\/musica-teatro-e-danca-na-programacao-do-centro-cultural\/","og_site_name":"Altominho.tv","article_publisher":"https:\/\/www.facebook.com\/altominhotv","article_published_time":"2023-01-31T11:18:52+00:00","article_modified_time":"2023-01-31T11:18:57+00:00","og_image":[{"width":1280,"height":720,"url":"https:\/\/www.altominho.tv\/site\/wp-content\/uploads\/2023\/01\/manuela-azevedo.jpeg","type":"image\/jpeg"}],"author":"Cesar Lopes","twitter_card":"summary_large_image","twitter_creator":"@altominhoTV","twitter_site":"@altominhoTV","twitter_misc":{"Escrito por":"Cesar Lopes","Tempo estimado de leitura":"1 minuto"},"schema":{"@context":"https:\/\/schema.org","@graph":[{"@type":"Article","@id":"https:\/\/www.altominho.tv\/site\/2023\/01\/31\/musica-teatro-e-danca-na-programacao-do-centro-cultural\/#article","isPartOf":{"@id":"https:\/\/www.altominho.tv\/site\/2023\/01\/31\/musica-teatro-e-danca-na-programacao-do-centro-cultural\/"},"author":{"name":"Cesar Lopes","@id":"https:\/\/www.altominho.tv\/site\/#\/schema\/person\/c5570e5afb933b8d08c43373326ef1b1"},"headline":"M\u00fasica, Teatro e Dan\u00e7a na programa\u00e7\u00e3o do Centro Cultural","datePublished":"2023-01-31T11:18:52+00:00","dateModified":"2023-01-31T11:18:57+00:00","mainEntityOfPage":{"@id":"https:\/\/www.altominho.tv\/site\/2023\/01\/31\/musica-teatro-e-danca-na-programacao-do-centro-cultural\/"},"wordCount":189,"image":{"@id":"https:\/\/www.altominho.tv\/site\/2023\/01\/31\/musica-teatro-e-danca-na-programacao-do-centro-cultural\/#primaryimage"},"thumbnailUrl":"https:\/\/www.altominho.tv\/site\/wp-content\/uploads\/2023\/01\/manuela-azevedo.jpeg","keywords":["Cultura","Lazer"],"articleSection":["Paredes de Coura"],"inLanguage":"pt-PT","copyrightYear":"2023","copyrightHolder":{"@id":"https:\/\/www.altominho.tv\/site\/#organization"}},{"@type":"WebPage","@id":"https:\/\/www.altominho.tv\/site\/2023\/01\/31\/musica-teatro-e-danca-na-programacao-do-centro-cultural\/","url":"https:\/\/www.altominho.tv\/site\/2023\/01\/31\/musica-teatro-e-danca-na-programacao-do-centro-cultural\/","name":"M\u00fasica, Teatro e Dan\u00e7a na programa\u00e7\u00e3o do Centro Cultural","isPartOf":{"@id":"https:\/\/www.altominho.tv\/site\/#website"},"primaryImageOfPage":{"@id":"https:\/\/www.altominho.tv\/site\/2023\/01\/31\/musica-teatro-e-danca-na-programacao-do-centro-cultural\/#primaryimage"},"image":{"@id":"https:\/\/www.altominho.tv\/site\/2023\/01\/31\/musica-teatro-e-danca-na-programacao-do-centro-cultural\/#primaryimage"},"thumbnailUrl":"https:\/\/www.altominho.tv\/site\/wp-content\/uploads\/2023\/01\/manuela-azevedo.jpeg","datePublished":"2023-01-31T11:18:52+00:00","dateModified":"2023-01-31T11:18:57+00:00","author":{"@id":"https:\/\/www.altominho.tv\/site\/#\/schema\/person\/c5570e5afb933b8d08c43373326ef1b1"},"description":"A m\u00fasica criada pela parceria Orquestra Jazz de Matosinhos & Manuela Azevedo (17\/02), o teatro pela pe\u00e7a \u2018A estudante e o Sr. Henrique\u2019 (24\/02) e a dan\u00e7a pela Companhia Jovem de Dan\u00e7a de \u00cdlhavo \u2013 23 Milhas (11\/04) s\u00e3o algumas das propostas da programa\u00e7\u00e3o do Centro Cultural para este m\u00eas de fevereiro em Paredes de Coura.","breadcrumb":{"@id":"https:\/\/www.altominho.tv\/site\/2023\/01\/31\/musica-teatro-e-danca-na-programacao-do-centro-cultural\/#breadcrumb"},"inLanguage":"pt-PT","potentialAction":[{"@type":"ReadAction","target":["https:\/\/www.altominho.tv\/site\/2023\/01\/31\/musica-teatro-e-danca-na-programacao-do-centro-cultural\/"]}]},{"@type":"ImageObject","inLanguage":"pt-PT","@id":"https:\/\/www.altominho.tv\/site\/2023\/01\/31\/musica-teatro-e-danca-na-programacao-do-centro-cultural\/#primaryimage","url":"https:\/\/www.altominho.tv\/site\/wp-content\/uploads\/2023\/01\/manuela-azevedo.jpeg","contentUrl":"https:\/\/www.altominho.tv\/site\/wp-content\/uploads\/2023\/01\/manuela-azevedo.jpeg","width":1280,"height":720},{"@type":"BreadcrumbList","@id":"https:\/\/www.altominho.tv\/site\/2023\/01\/31\/musica-teatro-e-danca-na-programacao-do-centro-cultural\/#breadcrumb","itemListElement":[{"@type":"ListItem","position":1,"name":"In\u00edcio","item":"https:\/\/www.altominho.tv\/site\/"},{"@type":"ListItem","position":2,"name":"M\u00fasica, Teatro e Dan\u00e7a na programa\u00e7\u00e3o do Centro Cultural"}]},{"@type":"WebSite","@id":"https:\/\/www.altominho.tv\/site\/#website","url":"https:\/\/www.altominho.tv\/site\/","name":"Altominho.tv","description":"A sua regi\u00e3o \u00e0 dist\u00e2ncia de um clique...","potentialAction":[{"@type":"SearchAction","target":{"@type":"EntryPoint","urlTemplate":"https:\/\/www.altominho.tv\/site\/?s={search_term_string}"},"query-input":{"@type":"PropertyValueSpecification","valueRequired":true,"valueName":"search_term_string"}}],"inLanguage":"pt-PT"},{"@type":"Person","@id":"https:\/\/www.altominho.tv\/site\/#\/schema\/person\/c5570e5afb933b8d08c43373326ef1b1","name":"Cesar Lopes","image":{"@type":"ImageObject","inLanguage":"pt-PT","@id":"https:\/\/www.altominho.tv\/site\/wp-content\/uploads\/2022\/10\/Sem-Titulo-150x150.jpg","url":"https:\/\/www.altominho.tv\/site\/wp-content\/uploads\/2022\/10\/Sem-Titulo-150x150.jpg","contentUrl":"https:\/\/www.altominho.tv\/site\/wp-content\/uploads\/2022\/10\/Sem-Titulo-150x150.jpg","caption":"Cesar Lopes"},"url":"https:\/\/www.altominho.tv\/site\/author\/cesarlopes\/"}]}},"_links":{"self":[{"href":"https:\/\/www.altominho.tv\/site\/wp-json\/wp\/v2\/posts\/88496","targetHints":{"allow":["GET"]}}],"collection":[{"href":"https:\/\/www.altominho.tv\/site\/wp-json\/wp\/v2\/posts"}],"about":[{"href":"https:\/\/www.altominho.tv\/site\/wp-json\/wp\/v2\/types\/post"}],"author":[{"embeddable":true,"href":"https:\/\/www.altominho.tv\/site\/wp-json\/wp\/v2\/users\/24"}],"replies":[{"embeddable":true,"href":"https:\/\/www.altominho.tv\/site\/wp-json\/wp\/v2\/comments?post=88496"}],"version-history":[{"count":1,"href":"https:\/\/www.altominho.tv\/site\/wp-json\/wp\/v2\/posts\/88496\/revisions"}],"predecessor-version":[{"id":88499,"href":"https:\/\/www.altominho.tv\/site\/wp-json\/wp\/v2\/posts\/88496\/revisions\/88499"}],"wp:featuredmedia":[{"embeddable":true,"href":"https:\/\/www.altominho.tv\/site\/wp-json\/wp\/v2\/media\/88498"}],"wp:attachment":[{"href":"https:\/\/www.altominho.tv\/site\/wp-json\/wp\/v2\/media?parent=88496"}],"wp:term":[{"taxonomy":"category","embeddable":true,"href":"https:\/\/www.altominho.tv\/site\/wp-json\/wp\/v2\/categories?post=88496"},{"taxonomy":"post_tag","embeddable":true,"href":"https:\/\/www.altominho.tv\/site\/wp-json\/wp\/v2\/tags?post=88496"}],"curies":[{"name":"wp","href":"https:\/\/api.w.org\/{rel}","templated":true}]}}