{"id":8842,"date":"2018-01-26T13:13:42","date_gmt":"2018-01-26T13:13:42","guid":{"rendered":"http:\/\/www.altominho.tv\/site\/?p=8842"},"modified":"2018-01-26T13:13:42","modified_gmt":"2018-01-26T13:13:42","slug":"exposicao-e-documentario-assinalam-dia-internacional-em-memoria-das-vitimas-do-holocausto","status":"publish","type":"post","link":"https:\/\/www.altominho.tv\/site\/2018\/01\/26\/exposicao-e-documentario-assinalam-dia-internacional-em-memoria-das-vitimas-do-holocausto\/","title":{"rendered":"Exposi\u00e7\u00e3o e document\u00e1rio assinalam Dia Internacional em Mem\u00f3ria das Vitimas do Holocausto"},"content":{"rendered":"<p>Ponte da Barca vai assinalar o Dia Internacional em Mem\u00f3ria das V\u00edtimas do Holocausto, a 27 de janeiro, promovendo a reflex\u00e3o sobre um dos acontecimentos mais marcantes do s\u00e9culo XX: o Holocausto no contexto da Segunda Guerra Mundial, com a inaugura\u00e7\u00e3o da Exposi\u00e7\u00e3o Anne Frank: Uma Hist\u00f3ria para hoje: \u201cAprender com o passado e Ensinar para o Futuro\u201d (21h, no \u00e1trio dos Pa\u00e7os do Concelho) e a exibi\u00e7\u00e3o do document\u00e1rio \u201cQue a tua lembran\u00e7a seja amor\u201d &#8211; a hist\u00f3ria de Ovadia Baruch (21h30, na Casa da Cultura), informou hoje o Munic\u00edpio, em comunicado.<\/p>\n<p>O percurso e a experi\u00eancia da vida sob o regime nazi s\u00e3o recordados na exposi\u00e7\u00e3o \u201cAnne Frank: Uma hist\u00f3ria para hoje\u201d que, a partir de dia 27 de janeiro e at\u00e9 16 de fevereiro, estar\u00e1 patente no \u00e1trio dos Pa\u00e7os do Concelho de Ponte da Barca.<\/p>\n<p>&#8220;Esta exposi\u00e7\u00e3o incorpora um enorme valor hist\u00f3rico, cultural e pedag\u00f3gico, em que a hist\u00f3ria da fam\u00edlia Frank serve de fio condutor ao relato dos acontecimentos mundiais durante e depois da ditadura nazi&#8221;.<\/p>\n<p>Naturais de Frankfurt, na Alemanha, os Frank mudaram-se para Amesterd\u00e3o, em 1933, ano da ascens\u00e3o ao poder do partido nazi alem\u00e3o, e ali viveram, j\u00e1 na Holanda ocupada, a persegui\u00e7\u00e3o dos judeus e o horror do Holocausto.<\/p>\n<p>A exposi\u00e7\u00e3o \u00e9 composta por 34 pain\u00e9is onde se apresenta a hist\u00f3ria do Holocausto contada paralelamente \u00e0 pr\u00f3pria hist\u00f3ria de Anne Frank e da sua fam\u00edlia.<\/p>\n<p>Anne Frank: Uma Hist\u00f3ria para hoje: \u201cAprender com o passado e Ensinar para o Futuro\u201d presta testemunho e \u00e9, ao mesmo tempo, um legado de mem\u00f3ria sobre a diversidade nas sociedades (cultural, \u00e9tnica, religiosa, pol\u00edtica) e sobre os fen\u00f3menos violadores de direitos humanos.<\/p>\n<p>Para assinalar este Dia ser\u00e1 exibido ainda um document\u00e1rio.<\/p>\n<p>Em Mar\u00e7o de 1943, Ovadia Baruch, foi deportado juntamente com a sua fam\u00edlia, de Salonica para Auschwitz-Birkenau.<\/p>\n<p>Enquanto prisioneiro, Ovadia conheceu Aliza Tzarfati, uma jovem judia da sua terra natal e apesar das condi\u00e7\u00f5es desumanas, nasceu entre ambos uma hist\u00f3ria de amor.<\/p>\n<p>Nesta extraordin\u00e1ria e comovente hist\u00f3ria de amor em Auschwitz, Ovadia conta-nos o antes, o durante e o depois do Holocausto, filmada nos locais onde tudo se passou.<\/p>\n","protected":false},"excerpt":{"rendered":"<p>Ponte da Barca vai assinalar o Dia Internacional em Mem\u00f3ria das V\u00edtimas do Holocausto, a 27 de janeiro, promovendo a reflex\u00e3o sobre um dos acontecimentos mais marcantes do s\u00e9culo XX: o Holocausto no contexto da Segunda Guerra Mundial, com a inaugura\u00e7\u00e3o da Exposi\u00e7\u00e3o Anne Frank: Uma Hist\u00f3ria para hoje: \u201cAprender com o passado e Ensinar [&hellip;]<\/p>\n","protected":false},"author":7,"featured_media":8843,"comment_status":"closed","ping_status":"closed","sticky":false,"template":"","format":"standard","meta":{"_exactmetrics_skip_tracking":false,"_exactmetrics_sitenote_active":false,"_exactmetrics_sitenote_note":"","_exactmetrics_sitenote_category":0,"footnotes":""},"categories":[11],"tags":[19,27],"class_list":["post-8842","post","type-post","status-publish","format-standard","has-post-thumbnail","hentry","category-ponte-da-barca","tag-cultura","tag-sociedade"],"yoast_head":"<!-- This site is optimized with the Yoast SEO Premium plugin v27.5 (Yoast SEO v27.5) - https:\/\/yoast.com\/product\/yoast-seo-premium-wordpress\/ -->\n<title>Exposi\u00e7\u00e3o e document\u00e1rio assinalam Dia Internacional em Mem\u00f3ria das Vitimas do Holocausto<\/title>\n<meta name=\"robots\" content=\"index, follow, max-snippet:-1, max-image-preview:large, max-video-preview:-1\" \/>\n<link rel=\"canonical\" href=\"https:\/\/www.altominho.tv\/site\/2018\/01\/26\/exposicao-e-documentario-assinalam-dia-internacional-em-memoria-das-vitimas-do-holocausto\/\" \/>\n<meta property=\"og:locale\" content=\"pt_PT\" \/>\n<meta property=\"og:type\" content=\"article\" \/>\n<meta property=\"og:title\" content=\"Exposi\u00e7\u00e3o e document\u00e1rio assinalam Dia Internacional em Mem\u00f3ria das Vitimas do Holocausto\" \/>\n<meta property=\"og:description\" content=\"Ponte da Barca vai assinalar o Dia Internacional em Mem\u00f3ria das V\u00edtimas do Holocausto, a 27 de janeiro, promovendo a reflex\u00e3o sobre um dos acontecimentos mais marcantes do s\u00e9culo XX: o Holocausto no contexto da Segunda Guerra Mundial, com a inaugura\u00e7\u00e3o da Exposi\u00e7\u00e3o Anne Frank: Uma Hist\u00f3ria para hoje: \u201cAprender com o passado e Ensinar [&hellip;]\" \/>\n<meta property=\"og:url\" content=\"https:\/\/www.altominho.tv\/site\/2018\/01\/26\/exposicao-e-documentario-assinalam-dia-internacional-em-memoria-das-vitimas-do-holocausto\/\" \/>\n<meta property=\"og:site_name\" content=\"Altominho.tv\" \/>\n<meta property=\"article:publisher\" content=\"https:\/\/www.facebook.com\/altominhotv\" \/>\n<meta property=\"article:published_time\" content=\"2018-01-26T13:13:42+00:00\" \/>\n<meta property=\"og:image\" content=\"https:\/\/www.altominho.tv\/site\/wp-content\/uploads\/2018\/01\/cartaz.jpg\" \/>\n\t<meta property=\"og:image:width\" content=\"1859\" \/>\n\t<meta property=\"og:image:height\" content=\"1153\" \/>\n\t<meta property=\"og:image:type\" content=\"image\/jpeg\" \/>\n<meta name=\"author\" content=\"Andreia Cunha\" \/>\n<meta name=\"twitter:card\" content=\"summary_large_image\" \/>\n<meta name=\"twitter:creator\" content=\"@altominhoTV\" \/>\n<meta name=\"twitter:site\" content=\"@altominhoTV\" \/>\n<meta name=\"twitter:label1\" content=\"Escrito por\" \/>\n\t<meta name=\"twitter:data1\" content=\"Andreia Cunha\" \/>\n\t<meta name=\"twitter:label2\" content=\"Tempo estimado de leitura\" \/>\n\t<meta name=\"twitter:data2\" content=\"2 minutos\" \/>\n<script type=\"application\/ld+json\" class=\"yoast-schema-graph\">{\"@context\":\"https:\\\/\\\/schema.org\",\"@graph\":[{\"@type\":\"Article\",\"@id\":\"https:\\\/\\\/www.altominho.tv\\\/site\\\/2018\\\/01\\\/26\\\/exposicao-e-documentario-assinalam-dia-internacional-em-memoria-das-vitimas-do-holocausto\\\/#article\",\"isPartOf\":{\"@id\":\"https:\\\/\\\/www.altominho.tv\\\/site\\\/2018\\\/01\\\/26\\\/exposicao-e-documentario-assinalam-dia-internacional-em-memoria-das-vitimas-do-holocausto\\\/\"},\"author\":{\"name\":\"Andreia Cunha\",\"@id\":\"https:\\\/\\\/www.altominho.tv\\\/site\\\/#\\\/schema\\\/person\\\/a0e4ef6d041f98ca284393d8f1d97153\"},\"headline\":\"Exposi\u00e7\u00e3o e document\u00e1rio assinalam Dia Internacional em Mem\u00f3ria das Vitimas do Holocausto\",\"datePublished\":\"2018-01-26T13:13:42+00:00\",\"mainEntityOfPage\":{\"@id\":\"https:\\\/\\\/www.altominho.tv\\\/site\\\/2018\\\/01\\\/26\\\/exposicao-e-documentario-assinalam-dia-internacional-em-memoria-das-vitimas-do-holocausto\\\/\"},\"wordCount\":405,\"image\":{\"@id\":\"https:\\\/\\\/www.altominho.tv\\\/site\\\/2018\\\/01\\\/26\\\/exposicao-e-documentario-assinalam-dia-internacional-em-memoria-das-vitimas-do-holocausto\\\/#primaryimage\"},\"thumbnailUrl\":\"https:\\\/\\\/www.altominho.tv\\\/site\\\/wp-content\\\/uploads\\\/2018\\\/01\\\/cartaz.jpg\",\"keywords\":[\"Cultura\",\"Sociedade\"],\"articleSection\":[\"Ponte da Barca\"],\"inLanguage\":\"pt-PT\",\"copyrightYear\":\"2018\",\"copyrightHolder\":{\"@id\":\"https:\\\/\\\/www.altominho.tv\\\/site\\\/#organization\"}},{\"@type\":\"WebPage\",\"@id\":\"https:\\\/\\\/www.altominho.tv\\\/site\\\/2018\\\/01\\\/26\\\/exposicao-e-documentario-assinalam-dia-internacional-em-memoria-das-vitimas-do-holocausto\\\/\",\"url\":\"https:\\\/\\\/www.altominho.tv\\\/site\\\/2018\\\/01\\\/26\\\/exposicao-e-documentario-assinalam-dia-internacional-em-memoria-das-vitimas-do-holocausto\\\/\",\"name\":\"Exposi\u00e7\u00e3o e document\u00e1rio assinalam Dia Internacional em Mem\u00f3ria das Vitimas do Holocausto\",\"isPartOf\":{\"@id\":\"https:\\\/\\\/www.altominho.tv\\\/site\\\/#website\"},\"primaryImageOfPage\":{\"@id\":\"https:\\\/\\\/www.altominho.tv\\\/site\\\/2018\\\/01\\\/26\\\/exposicao-e-documentario-assinalam-dia-internacional-em-memoria-das-vitimas-do-holocausto\\\/#primaryimage\"},\"image\":{\"@id\":\"https:\\\/\\\/www.altominho.tv\\\/site\\\/2018\\\/01\\\/26\\\/exposicao-e-documentario-assinalam-dia-internacional-em-memoria-das-vitimas-do-holocausto\\\/#primaryimage\"},\"thumbnailUrl\":\"https:\\\/\\\/www.altominho.tv\\\/site\\\/wp-content\\\/uploads\\\/2018\\\/01\\\/cartaz.jpg\",\"datePublished\":\"2018-01-26T13:13:42+00:00\",\"author\":{\"@id\":\"https:\\\/\\\/www.altominho.tv\\\/site\\\/#\\\/schema\\\/person\\\/a0e4ef6d041f98ca284393d8f1d97153\"},\"breadcrumb\":{\"@id\":\"https:\\\/\\\/www.altominho.tv\\\/site\\\/2018\\\/01\\\/26\\\/exposicao-e-documentario-assinalam-dia-internacional-em-memoria-das-vitimas-do-holocausto\\\/#breadcrumb\"},\"inLanguage\":\"pt-PT\",\"potentialAction\":[{\"@type\":\"ReadAction\",\"target\":[\"https:\\\/\\\/www.altominho.tv\\\/site\\\/2018\\\/01\\\/26\\\/exposicao-e-documentario-assinalam-dia-internacional-em-memoria-das-vitimas-do-holocausto\\\/\"]}]},{\"@type\":\"ImageObject\",\"inLanguage\":\"pt-PT\",\"@id\":\"https:\\\/\\\/www.altominho.tv\\\/site\\\/2018\\\/01\\\/26\\\/exposicao-e-documentario-assinalam-dia-internacional-em-memoria-das-vitimas-do-holocausto\\\/#primaryimage\",\"url\":\"https:\\\/\\\/www.altominho.tv\\\/site\\\/wp-content\\\/uploads\\\/2018\\\/01\\\/cartaz.jpg\",\"contentUrl\":\"https:\\\/\\\/www.altominho.tv\\\/site\\\/wp-content\\\/uploads\\\/2018\\\/01\\\/cartaz.jpg\",\"width\":1859,\"height\":1153},{\"@type\":\"BreadcrumbList\",\"@id\":\"https:\\\/\\\/www.altominho.tv\\\/site\\\/2018\\\/01\\\/26\\\/exposicao-e-documentario-assinalam-dia-internacional-em-memoria-das-vitimas-do-holocausto\\\/#breadcrumb\",\"itemListElement\":[{\"@type\":\"ListItem\",\"position\":1,\"name\":\"In\u00edcio\",\"item\":\"https:\\\/\\\/www.altominho.tv\\\/site\\\/\"},{\"@type\":\"ListItem\",\"position\":2,\"name\":\"Exposi\u00e7\u00e3o e document\u00e1rio assinalam Dia Internacional em Mem\u00f3ria das Vitimas do Holocausto\"}]},{\"@type\":\"WebSite\",\"@id\":\"https:\\\/\\\/www.altominho.tv\\\/site\\\/#website\",\"url\":\"https:\\\/\\\/www.altominho.tv\\\/site\\\/\",\"name\":\"Altominho.tv\",\"description\":\"A sua regi\u00e3o \u00e0 dist\u00e2ncia de um clique...\",\"potentialAction\":[{\"@type\":\"SearchAction\",\"target\":{\"@type\":\"EntryPoint\",\"urlTemplate\":\"https:\\\/\\\/www.altominho.tv\\\/site\\\/?s={search_term_string}\"},\"query-input\":{\"@type\":\"PropertyValueSpecification\",\"valueRequired\":true,\"valueName\":\"search_term_string\"}}],\"inLanguage\":\"pt-PT\"},{\"@type\":\"Person\",\"@id\":\"https:\\\/\\\/www.altominho.tv\\\/site\\\/#\\\/schema\\\/person\\\/a0e4ef6d041f98ca284393d8f1d97153\",\"name\":\"Andreia Cunha\",\"image\":{\"@type\":\"ImageObject\",\"inLanguage\":\"pt-PT\",\"@id\":\"https:\\\/\\\/www.altominho.tv\\\/site\\\/wp-content\\\/uploads\\\/2017\\\/11\\\/Andreia_Cunha-1-150x150.jpg\",\"url\":\"https:\\\/\\\/www.altominho.tv\\\/site\\\/wp-content\\\/uploads\\\/2017\\\/11\\\/Andreia_Cunha-1-150x150.jpg\",\"contentUrl\":\"https:\\\/\\\/www.altominho.tv\\\/site\\\/wp-content\\\/uploads\\\/2017\\\/11\\\/Andreia_Cunha-1-150x150.jpg\",\"caption\":\"Andreia Cunha\"},\"url\":\"https:\\\/\\\/www.altominho.tv\\\/site\\\/author\\\/andreiacunha\\\/\"}]}<\/script>\n<!-- \/ Yoast SEO Premium plugin. -->","yoast_head_json":{"title":"Exposi\u00e7\u00e3o e document\u00e1rio assinalam Dia Internacional em Mem\u00f3ria das Vitimas do Holocausto","robots":{"index":"index","follow":"follow","max-snippet":"max-snippet:-1","max-image-preview":"max-image-preview:large","max-video-preview":"max-video-preview:-1"},"canonical":"https:\/\/www.altominho.tv\/site\/2018\/01\/26\/exposicao-e-documentario-assinalam-dia-internacional-em-memoria-das-vitimas-do-holocausto\/","og_locale":"pt_PT","og_type":"article","og_title":"Exposi\u00e7\u00e3o e document\u00e1rio assinalam Dia Internacional em Mem\u00f3ria das Vitimas do Holocausto","og_description":"Ponte da Barca vai assinalar o Dia Internacional em Mem\u00f3ria das V\u00edtimas do Holocausto, a 27 de janeiro, promovendo a reflex\u00e3o sobre um dos acontecimentos mais marcantes do s\u00e9culo XX: o Holocausto no contexto da Segunda Guerra Mundial, com a inaugura\u00e7\u00e3o da Exposi\u00e7\u00e3o Anne Frank: Uma Hist\u00f3ria para hoje: \u201cAprender com o passado e Ensinar [&hellip;]","og_url":"https:\/\/www.altominho.tv\/site\/2018\/01\/26\/exposicao-e-documentario-assinalam-dia-internacional-em-memoria-das-vitimas-do-holocausto\/","og_site_name":"Altominho.tv","article_publisher":"https:\/\/www.facebook.com\/altominhotv","article_published_time":"2018-01-26T13:13:42+00:00","og_image":[{"width":1859,"height":1153,"url":"https:\/\/www.altominho.tv\/site\/wp-content\/uploads\/2018\/01\/cartaz.jpg","type":"image\/jpeg"}],"author":"Andreia Cunha","twitter_card":"summary_large_image","twitter_creator":"@altominhoTV","twitter_site":"@altominhoTV","twitter_misc":{"Escrito por":"Andreia Cunha","Tempo estimado de leitura":"2 minutos"},"schema":{"@context":"https:\/\/schema.org","@graph":[{"@type":"Article","@id":"https:\/\/www.altominho.tv\/site\/2018\/01\/26\/exposicao-e-documentario-assinalam-dia-internacional-em-memoria-das-vitimas-do-holocausto\/#article","isPartOf":{"@id":"https:\/\/www.altominho.tv\/site\/2018\/01\/26\/exposicao-e-documentario-assinalam-dia-internacional-em-memoria-das-vitimas-do-holocausto\/"},"author":{"name":"Andreia Cunha","@id":"https:\/\/www.altominho.tv\/site\/#\/schema\/person\/a0e4ef6d041f98ca284393d8f1d97153"},"headline":"Exposi\u00e7\u00e3o e document\u00e1rio assinalam Dia Internacional em Mem\u00f3ria das Vitimas do Holocausto","datePublished":"2018-01-26T13:13:42+00:00","mainEntityOfPage":{"@id":"https:\/\/www.altominho.tv\/site\/2018\/01\/26\/exposicao-e-documentario-assinalam-dia-internacional-em-memoria-das-vitimas-do-holocausto\/"},"wordCount":405,"image":{"@id":"https:\/\/www.altominho.tv\/site\/2018\/01\/26\/exposicao-e-documentario-assinalam-dia-internacional-em-memoria-das-vitimas-do-holocausto\/#primaryimage"},"thumbnailUrl":"https:\/\/www.altominho.tv\/site\/wp-content\/uploads\/2018\/01\/cartaz.jpg","keywords":["Cultura","Sociedade"],"articleSection":["Ponte da Barca"],"inLanguage":"pt-PT","copyrightYear":"2018","copyrightHolder":{"@id":"https:\/\/www.altominho.tv\/site\/#organization"}},{"@type":"WebPage","@id":"https:\/\/www.altominho.tv\/site\/2018\/01\/26\/exposicao-e-documentario-assinalam-dia-internacional-em-memoria-das-vitimas-do-holocausto\/","url":"https:\/\/www.altominho.tv\/site\/2018\/01\/26\/exposicao-e-documentario-assinalam-dia-internacional-em-memoria-das-vitimas-do-holocausto\/","name":"Exposi\u00e7\u00e3o e document\u00e1rio assinalam Dia Internacional em Mem\u00f3ria das Vitimas do Holocausto","isPartOf":{"@id":"https:\/\/www.altominho.tv\/site\/#website"},"primaryImageOfPage":{"@id":"https:\/\/www.altominho.tv\/site\/2018\/01\/26\/exposicao-e-documentario-assinalam-dia-internacional-em-memoria-das-vitimas-do-holocausto\/#primaryimage"},"image":{"@id":"https:\/\/www.altominho.tv\/site\/2018\/01\/26\/exposicao-e-documentario-assinalam-dia-internacional-em-memoria-das-vitimas-do-holocausto\/#primaryimage"},"thumbnailUrl":"https:\/\/www.altominho.tv\/site\/wp-content\/uploads\/2018\/01\/cartaz.jpg","datePublished":"2018-01-26T13:13:42+00:00","author":{"@id":"https:\/\/www.altominho.tv\/site\/#\/schema\/person\/a0e4ef6d041f98ca284393d8f1d97153"},"breadcrumb":{"@id":"https:\/\/www.altominho.tv\/site\/2018\/01\/26\/exposicao-e-documentario-assinalam-dia-internacional-em-memoria-das-vitimas-do-holocausto\/#breadcrumb"},"inLanguage":"pt-PT","potentialAction":[{"@type":"ReadAction","target":["https:\/\/www.altominho.tv\/site\/2018\/01\/26\/exposicao-e-documentario-assinalam-dia-internacional-em-memoria-das-vitimas-do-holocausto\/"]}]},{"@type":"ImageObject","inLanguage":"pt-PT","@id":"https:\/\/www.altominho.tv\/site\/2018\/01\/26\/exposicao-e-documentario-assinalam-dia-internacional-em-memoria-das-vitimas-do-holocausto\/#primaryimage","url":"https:\/\/www.altominho.tv\/site\/wp-content\/uploads\/2018\/01\/cartaz.jpg","contentUrl":"https:\/\/www.altominho.tv\/site\/wp-content\/uploads\/2018\/01\/cartaz.jpg","width":1859,"height":1153},{"@type":"BreadcrumbList","@id":"https:\/\/www.altominho.tv\/site\/2018\/01\/26\/exposicao-e-documentario-assinalam-dia-internacional-em-memoria-das-vitimas-do-holocausto\/#breadcrumb","itemListElement":[{"@type":"ListItem","position":1,"name":"In\u00edcio","item":"https:\/\/www.altominho.tv\/site\/"},{"@type":"ListItem","position":2,"name":"Exposi\u00e7\u00e3o e document\u00e1rio assinalam Dia Internacional em Mem\u00f3ria das Vitimas do Holocausto"}]},{"@type":"WebSite","@id":"https:\/\/www.altominho.tv\/site\/#website","url":"https:\/\/www.altominho.tv\/site\/","name":"Altominho.tv","description":"A sua regi\u00e3o \u00e0 dist\u00e2ncia de um clique...","potentialAction":[{"@type":"SearchAction","target":{"@type":"EntryPoint","urlTemplate":"https:\/\/www.altominho.tv\/site\/?s={search_term_string}"},"query-input":{"@type":"PropertyValueSpecification","valueRequired":true,"valueName":"search_term_string"}}],"inLanguage":"pt-PT"},{"@type":"Person","@id":"https:\/\/www.altominho.tv\/site\/#\/schema\/person\/a0e4ef6d041f98ca284393d8f1d97153","name":"Andreia Cunha","image":{"@type":"ImageObject","inLanguage":"pt-PT","@id":"https:\/\/www.altominho.tv\/site\/wp-content\/uploads\/2017\/11\/Andreia_Cunha-1-150x150.jpg","url":"https:\/\/www.altominho.tv\/site\/wp-content\/uploads\/2017\/11\/Andreia_Cunha-1-150x150.jpg","contentUrl":"https:\/\/www.altominho.tv\/site\/wp-content\/uploads\/2017\/11\/Andreia_Cunha-1-150x150.jpg","caption":"Andreia Cunha"},"url":"https:\/\/www.altominho.tv\/site\/author\/andreiacunha\/"}]}},"_links":{"self":[{"href":"https:\/\/www.altominho.tv\/site\/wp-json\/wp\/v2\/posts\/8842","targetHints":{"allow":["GET"]}}],"collection":[{"href":"https:\/\/www.altominho.tv\/site\/wp-json\/wp\/v2\/posts"}],"about":[{"href":"https:\/\/www.altominho.tv\/site\/wp-json\/wp\/v2\/types\/post"}],"author":[{"embeddable":true,"href":"https:\/\/www.altominho.tv\/site\/wp-json\/wp\/v2\/users\/7"}],"replies":[{"embeddable":true,"href":"https:\/\/www.altominho.tv\/site\/wp-json\/wp\/v2\/comments?post=8842"}],"version-history":[{"count":0,"href":"https:\/\/www.altominho.tv\/site\/wp-json\/wp\/v2\/posts\/8842\/revisions"}],"wp:featuredmedia":[{"embeddable":true,"href":"https:\/\/www.altominho.tv\/site\/wp-json\/wp\/v2\/media\/8843"}],"wp:attachment":[{"href":"https:\/\/www.altominho.tv\/site\/wp-json\/wp\/v2\/media?parent=8842"}],"wp:term":[{"taxonomy":"category","embeddable":true,"href":"https:\/\/www.altominho.tv\/site\/wp-json\/wp\/v2\/categories?post=8842"},{"taxonomy":"post_tag","embeddable":true,"href":"https:\/\/www.altominho.tv\/site\/wp-json\/wp\/v2\/tags?post=8842"}],"curies":[{"name":"wp","href":"https:\/\/api.w.org\/{rel}","templated":true}]}}