{"id":88283,"date":"2023-01-25T09:58:27","date_gmt":"2023-01-25T09:58:27","guid":{"rendered":"https:\/\/www.altominho.tv\/site\/?p=88283"},"modified":"2023-01-25T09:58:32","modified_gmt":"2023-01-25T09:58:32","slug":"aect-rio-minho-em-projeto-piloto-para-melhorar-governanca-transfronteirica","status":"publish","type":"post","link":"https:\/\/www.altominho.tv\/site\/2023\/01\/25\/aect-rio-minho-em-projeto-piloto-para-melhorar-governanca-transfronteirica\/","title":{"rendered":"AECT Rio Minho em projeto-piloto para melhorar governan\u00e7a transfronteiri\u00e7a"},"content":{"rendered":"<p>O Agrupamento Europeu de Coopera\u00e7\u00e3o Territorial (AECT) do Rio Minho foi selecionado para ser um dos representantes de cinco regi\u00f5es piloto da Europa para participar, na quarta-feira, no lan\u00e7amento do projeto \u201cConstruir regi\u00f5es transfronteiri\u00e7as mais resilientes\u201d.<\/p>\n<p>Em comunicado, o AECT do Rio Minho adiantou que a sele\u00e7\u00e3o foi decidida pela Dire\u00e7\u00e3o Geral de Pol\u00edtica Regional e Urbana (DG Regio) da Comiss\u00e3o Europeia e a Organiza\u00e7\u00e3o para a Coopera\u00e7\u00e3o e o Desenvolvimento Econ\u00f3mico (OCDE).<\/p>\n<p>O arranque oficial do projeto est\u00e1 agendado para quarta-feira, em Bruxelas, B\u00e9lgica, Com uma reuni\u00e3o presencial que vai contar com o diretor do AECT Rio Minho, \u00daxio Benitez, e o vice-diretor Rui Teixeira.<\/p>\n<p>\u201cConstruir regi\u00f5es transfronteiri\u00e7as mais resilientes\u201d trata-se de uma iniciativa que pretende fortalecer a governan\u00e7a nos espa\u00e7os transfronteiri\u00e7os, atrav\u00e9s do desenvolvimento conjunto de iniciativas de coopera\u00e7\u00e3o, com o objetivo de melhorar a qualidade de vida das popula\u00e7\u00f5es.<\/p>\n<p>Com uma dura\u00e7\u00e3o de 15 meses, o projeto visa \u201canalisar a cria\u00e7\u00e3o conjunta e a implementa\u00e7\u00e3o de pol\u00edticas p\u00fablicas, por exemplo, pol\u00edtica fiscal transfronteiri\u00e7a e de servi\u00e7os, sobretudo nas \u00e1reas da sa\u00fade, transportes e educa\u00e7\u00e3o\u201d.<\/p>\n<p>As cinco regi\u00f5es piloto selecionadas pela Comiss\u00e3o Europeia e OCDE s\u00e3o a B\u00e9lgica e a Fran\u00e7a, por interm\u00e9dio da Eurometropolis Lille-Kortrijk-Tournai (GECT), a Fran\u00e7a e o Luxemburgo, atrav\u00e9s do GECT Alzette Belval &amp; P\u00f4le M\u00e9tropolitain Frontalier du Nord Lorrain &amp; PROL-SUD, a Litu\u00e2nia e a Pol\u00f3nia, pela Associa\u00e7\u00e3o \u201cEurorrexi\u00f3n Niemen\u201d e o munic\u00edpio de Alytus, Andorra, Fran\u00e7a e Espanha, atrav\u00e9s da Comunidade de Trabalho dos Pireneus (CTP) e, Portugal e Espanha com o AECT Rio Minho.<\/p>\n<p>Constitu\u00eddo em fevereiro de 2018, e com sede em Valen\u00e7a, o AECT Rio Minho abrange um total de 26 concelhos: os 10 munic\u00edpios do distrito de Viana do Castelo que comp\u00f5e a CIM do Alto Minho e 16 concelhos galegos da prov\u00edncia de Pontevedra.<\/p>\n","protected":false},"excerpt":{"rendered":"<p>O Agrupamento Europeu de Coopera\u00e7\u00e3o Territorial (AECT) do Rio Minho foi selecionado para ser um dos representantes de cinco regi\u00f5es piloto da Europa para participar, na quarta-feira, no lan\u00e7amento do projeto \u201cConstruir regi\u00f5es transfronteiri\u00e7as mais resilientes\u201d. Em comunicado, o AECT do Rio Minho adiantou que a sele\u00e7\u00e3o foi decidida pela Dire\u00e7\u00e3o Geral de Pol\u00edtica Regional [&hellip;]<\/p>\n","protected":false},"author":15,"featured_media":88285,"comment_status":"closed","ping_status":"closed","sticky":false,"template":"","format":"standard","meta":{"_exactmetrics_skip_tracking":false,"_exactmetrics_sitenote_active":false,"_exactmetrics_sitenote_note":"","_exactmetrics_sitenote_category":0,"footnotes":""},"categories":[73],"tags":[27],"class_list":["post-88283","post","type-post","status-publish","format-standard","has-post-thumbnail","hentry","category-alto-minho","tag-sociedade"],"yoast_head":"<!-- This site is optimized with the Yoast SEO Premium plugin v27.5 (Yoast SEO v27.5) - https:\/\/yoast.com\/product\/yoast-seo-premium-wordpress\/ -->\n<title>AECT Rio Minho em projeto-piloto para melhorar governan\u00e7a transfronteiri\u00e7a<\/title>\n<meta name=\"description\" content=\"O Agrupamento Europeu de Coopera\u00e7\u00e3o Territorial do Rio Minho foi selecionado para ser um dos representantes de cinco regi\u00f5es piloto da Europa para participar no lan\u00e7amento do projeto \u201cConstruir regi\u00f5es transfronteiri\u00e7as mais resilientes\u201d.\" \/>\n<meta name=\"robots\" content=\"index, follow, max-snippet:-1, max-image-preview:large, max-video-preview:-1\" \/>\n<link rel=\"canonical\" href=\"https:\/\/www.altominho.tv\/site\/2023\/01\/25\/aect-rio-minho-em-projeto-piloto-para-melhorar-governanca-transfronteirica\/\" \/>\n<meta property=\"og:locale\" content=\"pt_PT\" \/>\n<meta property=\"og:type\" content=\"article\" \/>\n<meta property=\"og:title\" content=\"AECT Rio Minho em projeto-piloto para melhorar governan\u00e7a transfronteiri\u00e7a\" \/>\n<meta property=\"og:description\" content=\"O Agrupamento Europeu de Coopera\u00e7\u00e3o Territorial do Rio Minho foi selecionado para ser um dos representantes de cinco regi\u00f5es piloto da Europa para participar no lan\u00e7amento do projeto \u201cConstruir regi\u00f5es transfronteiri\u00e7as mais resilientes\u201d.\" \/>\n<meta property=\"og:url\" content=\"https:\/\/www.altominho.tv\/site\/2023\/01\/25\/aect-rio-minho-em-projeto-piloto-para-melhorar-governanca-transfronteirica\/\" \/>\n<meta property=\"og:site_name\" content=\"Altominho.tv\" \/>\n<meta property=\"article:publisher\" content=\"https:\/\/www.facebook.com\/altominhotv\" \/>\n<meta property=\"article:published_time\" content=\"2023-01-25T09:58:27+00:00\" \/>\n<meta property=\"article:modified_time\" content=\"2023-01-25T09:58:32+00:00\" \/>\n<meta property=\"og:image\" content=\"https:\/\/www.altominho.tv\/site\/wp-content\/uploads\/2023\/01\/AECT-Rio-Minho-direcao.jpg\" \/>\n\t<meta property=\"og:image:width\" content=\"980\" \/>\n\t<meta property=\"og:image:height\" content=\"600\" \/>\n\t<meta property=\"og:image:type\" content=\"image\/jpeg\" \/>\n<meta name=\"author\" content=\"Andreia Ferreira | Lusa\" \/>\n<meta name=\"twitter:card\" content=\"summary_large_image\" \/>\n<meta name=\"twitter:creator\" content=\"@altominhoTV\" \/>\n<meta name=\"twitter:site\" content=\"@altominhoTV\" \/>\n<meta name=\"twitter:label1\" content=\"Escrito por\" \/>\n\t<meta name=\"twitter:data1\" content=\"Andreia Ferreira | Lusa\" \/>\n\t<meta name=\"twitter:label2\" content=\"Tempo estimado de leitura\" \/>\n\t<meta name=\"twitter:data2\" content=\"2 minutos\" \/>\n<script type=\"application\/ld+json\" class=\"yoast-schema-graph\">{\"@context\":\"https:\\\/\\\/schema.org\",\"@graph\":[{\"@type\":\"Article\",\"@id\":\"https:\\\/\\\/www.altominho.tv\\\/site\\\/2023\\\/01\\\/25\\\/aect-rio-minho-em-projeto-piloto-para-melhorar-governanca-transfronteirica\\\/#article\",\"isPartOf\":{\"@id\":\"https:\\\/\\\/www.altominho.tv\\\/site\\\/2023\\\/01\\\/25\\\/aect-rio-minho-em-projeto-piloto-para-melhorar-governanca-transfronteirica\\\/\"},\"author\":{\"name\":\"Andreia Ferreira | Lusa\",\"@id\":\"https:\\\/\\\/www.altominho.tv\\\/site\\\/#\\\/schema\\\/person\\\/a0bff6dc1041aadd46fa81887444b017\"},\"headline\":\"AECT Rio Minho em projeto-piloto para melhorar governan\u00e7a transfronteiri\u00e7a\",\"datePublished\":\"2023-01-25T09:58:27+00:00\",\"dateModified\":\"2023-01-25T09:58:32+00:00\",\"mainEntityOfPage\":{\"@id\":\"https:\\\/\\\/www.altominho.tv\\\/site\\\/2023\\\/01\\\/25\\\/aect-rio-minho-em-projeto-piloto-para-melhorar-governanca-transfronteirica\\\/\"},\"wordCount\":357,\"image\":{\"@id\":\"https:\\\/\\\/www.altominho.tv\\\/site\\\/2023\\\/01\\\/25\\\/aect-rio-minho-em-projeto-piloto-para-melhorar-governanca-transfronteirica\\\/#primaryimage\"},\"thumbnailUrl\":\"https:\\\/\\\/www.altominho.tv\\\/site\\\/wp-content\\\/uploads\\\/2023\\\/01\\\/AECT-Rio-Minho-direcao.jpg\",\"keywords\":[\"Sociedade\"],\"articleSection\":[\"Alto Minho\"],\"inLanguage\":\"pt-PT\",\"copyrightYear\":\"2023\",\"copyrightHolder\":{\"@id\":\"https:\\\/\\\/www.altominho.tv\\\/site\\\/#organization\"}},{\"@type\":\"WebPage\",\"@id\":\"https:\\\/\\\/www.altominho.tv\\\/site\\\/2023\\\/01\\\/25\\\/aect-rio-minho-em-projeto-piloto-para-melhorar-governanca-transfronteirica\\\/\",\"url\":\"https:\\\/\\\/www.altominho.tv\\\/site\\\/2023\\\/01\\\/25\\\/aect-rio-minho-em-projeto-piloto-para-melhorar-governanca-transfronteirica\\\/\",\"name\":\"AECT Rio Minho em projeto-piloto para melhorar governan\u00e7a transfronteiri\u00e7a\",\"isPartOf\":{\"@id\":\"https:\\\/\\\/www.altominho.tv\\\/site\\\/#website\"},\"primaryImageOfPage\":{\"@id\":\"https:\\\/\\\/www.altominho.tv\\\/site\\\/2023\\\/01\\\/25\\\/aect-rio-minho-em-projeto-piloto-para-melhorar-governanca-transfronteirica\\\/#primaryimage\"},\"image\":{\"@id\":\"https:\\\/\\\/www.altominho.tv\\\/site\\\/2023\\\/01\\\/25\\\/aect-rio-minho-em-projeto-piloto-para-melhorar-governanca-transfronteirica\\\/#primaryimage\"},\"thumbnailUrl\":\"https:\\\/\\\/www.altominho.tv\\\/site\\\/wp-content\\\/uploads\\\/2023\\\/01\\\/AECT-Rio-Minho-direcao.jpg\",\"datePublished\":\"2023-01-25T09:58:27+00:00\",\"dateModified\":\"2023-01-25T09:58:32+00:00\",\"author\":{\"@id\":\"https:\\\/\\\/www.altominho.tv\\\/site\\\/#\\\/schema\\\/person\\\/a0bff6dc1041aadd46fa81887444b017\"},\"description\":\"O Agrupamento Europeu de Coopera\u00e7\u00e3o Territorial do Rio Minho foi selecionado para ser um dos representantes de cinco regi\u00f5es piloto da Europa para participar no lan\u00e7amento do projeto \u201cConstruir regi\u00f5es transfronteiri\u00e7as mais resilientes\u201d.\",\"breadcrumb\":{\"@id\":\"https:\\\/\\\/www.altominho.tv\\\/site\\\/2023\\\/01\\\/25\\\/aect-rio-minho-em-projeto-piloto-para-melhorar-governanca-transfronteirica\\\/#breadcrumb\"},\"inLanguage\":\"pt-PT\",\"potentialAction\":[{\"@type\":\"ReadAction\",\"target\":[\"https:\\\/\\\/www.altominho.tv\\\/site\\\/2023\\\/01\\\/25\\\/aect-rio-minho-em-projeto-piloto-para-melhorar-governanca-transfronteirica\\\/\"]}]},{\"@type\":\"ImageObject\",\"inLanguage\":\"pt-PT\",\"@id\":\"https:\\\/\\\/www.altominho.tv\\\/site\\\/2023\\\/01\\\/25\\\/aect-rio-minho-em-projeto-piloto-para-melhorar-governanca-transfronteirica\\\/#primaryimage\",\"url\":\"https:\\\/\\\/www.altominho.tv\\\/site\\\/wp-content\\\/uploads\\\/2023\\\/01\\\/AECT-Rio-Minho-direcao.jpg\",\"contentUrl\":\"https:\\\/\\\/www.altominho.tv\\\/site\\\/wp-content\\\/uploads\\\/2023\\\/01\\\/AECT-Rio-Minho-direcao.jpg\",\"width\":980,\"height\":600,\"caption\":\"AECT RIO MINHO\"},{\"@type\":\"BreadcrumbList\",\"@id\":\"https:\\\/\\\/www.altominho.tv\\\/site\\\/2023\\\/01\\\/25\\\/aect-rio-minho-em-projeto-piloto-para-melhorar-governanca-transfronteirica\\\/#breadcrumb\",\"itemListElement\":[{\"@type\":\"ListItem\",\"position\":1,\"name\":\"In\u00edcio\",\"item\":\"https:\\\/\\\/www.altominho.tv\\\/site\\\/\"},{\"@type\":\"ListItem\",\"position\":2,\"name\":\"AECT Rio Minho em projeto-piloto para melhorar governan\u00e7a transfronteiri\u00e7a\"}]},{\"@type\":\"WebSite\",\"@id\":\"https:\\\/\\\/www.altominho.tv\\\/site\\\/#website\",\"url\":\"https:\\\/\\\/www.altominho.tv\\\/site\\\/\",\"name\":\"Altominho.tv\",\"description\":\"A sua regi\u00e3o \u00e0 dist\u00e2ncia de um clique...\",\"potentialAction\":[{\"@type\":\"SearchAction\",\"target\":{\"@type\":\"EntryPoint\",\"urlTemplate\":\"https:\\\/\\\/www.altominho.tv\\\/site\\\/?s={search_term_string}\"},\"query-input\":{\"@type\":\"PropertyValueSpecification\",\"valueRequired\":true,\"valueName\":\"search_term_string\"}}],\"inLanguage\":\"pt-PT\"},{\"@type\":\"Person\",\"@id\":\"https:\\\/\\\/www.altominho.tv\\\/site\\\/#\\\/schema\\\/person\\\/a0bff6dc1041aadd46fa81887444b017\",\"name\":\"Andreia Ferreira | Lusa\",\"image\":{\"@type\":\"ImageObject\",\"inLanguage\":\"pt-PT\",\"@id\":\"https:\\\/\\\/www.altominho.tv\\\/site\\\/wp-content\\\/uploads\\\/2018\\\/04\\\/Andreia-150x150.jpg\",\"url\":\"https:\\\/\\\/www.altominho.tv\\\/site\\\/wp-content\\\/uploads\\\/2018\\\/04\\\/Andreia-150x150.jpg\",\"contentUrl\":\"https:\\\/\\\/www.altominho.tv\\\/site\\\/wp-content\\\/uploads\\\/2018\\\/04\\\/Andreia-150x150.jpg\",\"caption\":\"Andreia Ferreira | Lusa\"},\"sameAs\":[\"https:\\\/\\\/www.altominho.tv\\\/site\"],\"url\":\"https:\\\/\\\/www.altominho.tv\\\/site\\\/author\\\/andreiaferreiralusa\\\/\"}]}<\/script>\n<!-- \/ Yoast SEO Premium plugin. -->","yoast_head_json":{"title":"AECT Rio Minho em projeto-piloto para melhorar governan\u00e7a transfronteiri\u00e7a","description":"O Agrupamento Europeu de Coopera\u00e7\u00e3o Territorial do Rio Minho foi selecionado para ser um dos representantes de cinco regi\u00f5es piloto da Europa para participar no lan\u00e7amento do projeto \u201cConstruir regi\u00f5es transfronteiri\u00e7as mais resilientes\u201d.","robots":{"index":"index","follow":"follow","max-snippet":"max-snippet:-1","max-image-preview":"max-image-preview:large","max-video-preview":"max-video-preview:-1"},"canonical":"https:\/\/www.altominho.tv\/site\/2023\/01\/25\/aect-rio-minho-em-projeto-piloto-para-melhorar-governanca-transfronteirica\/","og_locale":"pt_PT","og_type":"article","og_title":"AECT Rio Minho em projeto-piloto para melhorar governan\u00e7a transfronteiri\u00e7a","og_description":"O Agrupamento Europeu de Coopera\u00e7\u00e3o Territorial do Rio Minho foi selecionado para ser um dos representantes de cinco regi\u00f5es piloto da Europa para participar no lan\u00e7amento do projeto \u201cConstruir regi\u00f5es transfronteiri\u00e7as mais resilientes\u201d.","og_url":"https:\/\/www.altominho.tv\/site\/2023\/01\/25\/aect-rio-minho-em-projeto-piloto-para-melhorar-governanca-transfronteirica\/","og_site_name":"Altominho.tv","article_publisher":"https:\/\/www.facebook.com\/altominhotv","article_published_time":"2023-01-25T09:58:27+00:00","article_modified_time":"2023-01-25T09:58:32+00:00","og_image":[{"width":980,"height":600,"url":"https:\/\/www.altominho.tv\/site\/wp-content\/uploads\/2023\/01\/AECT-Rio-Minho-direcao.jpg","type":"image\/jpeg"}],"author":"Andreia Ferreira | Lusa","twitter_card":"summary_large_image","twitter_creator":"@altominhoTV","twitter_site":"@altominhoTV","twitter_misc":{"Escrito por":"Andreia Ferreira | Lusa","Tempo estimado de leitura":"2 minutos"},"schema":{"@context":"https:\/\/schema.org","@graph":[{"@type":"Article","@id":"https:\/\/www.altominho.tv\/site\/2023\/01\/25\/aect-rio-minho-em-projeto-piloto-para-melhorar-governanca-transfronteirica\/#article","isPartOf":{"@id":"https:\/\/www.altominho.tv\/site\/2023\/01\/25\/aect-rio-minho-em-projeto-piloto-para-melhorar-governanca-transfronteirica\/"},"author":{"name":"Andreia Ferreira | Lusa","@id":"https:\/\/www.altominho.tv\/site\/#\/schema\/person\/a0bff6dc1041aadd46fa81887444b017"},"headline":"AECT Rio Minho em projeto-piloto para melhorar governan\u00e7a transfronteiri\u00e7a","datePublished":"2023-01-25T09:58:27+00:00","dateModified":"2023-01-25T09:58:32+00:00","mainEntityOfPage":{"@id":"https:\/\/www.altominho.tv\/site\/2023\/01\/25\/aect-rio-minho-em-projeto-piloto-para-melhorar-governanca-transfronteirica\/"},"wordCount":357,"image":{"@id":"https:\/\/www.altominho.tv\/site\/2023\/01\/25\/aect-rio-minho-em-projeto-piloto-para-melhorar-governanca-transfronteirica\/#primaryimage"},"thumbnailUrl":"https:\/\/www.altominho.tv\/site\/wp-content\/uploads\/2023\/01\/AECT-Rio-Minho-direcao.jpg","keywords":["Sociedade"],"articleSection":["Alto Minho"],"inLanguage":"pt-PT","copyrightYear":"2023","copyrightHolder":{"@id":"https:\/\/www.altominho.tv\/site\/#organization"}},{"@type":"WebPage","@id":"https:\/\/www.altominho.tv\/site\/2023\/01\/25\/aect-rio-minho-em-projeto-piloto-para-melhorar-governanca-transfronteirica\/","url":"https:\/\/www.altominho.tv\/site\/2023\/01\/25\/aect-rio-minho-em-projeto-piloto-para-melhorar-governanca-transfronteirica\/","name":"AECT Rio Minho em projeto-piloto para melhorar governan\u00e7a transfronteiri\u00e7a","isPartOf":{"@id":"https:\/\/www.altominho.tv\/site\/#website"},"primaryImageOfPage":{"@id":"https:\/\/www.altominho.tv\/site\/2023\/01\/25\/aect-rio-minho-em-projeto-piloto-para-melhorar-governanca-transfronteirica\/#primaryimage"},"image":{"@id":"https:\/\/www.altominho.tv\/site\/2023\/01\/25\/aect-rio-minho-em-projeto-piloto-para-melhorar-governanca-transfronteirica\/#primaryimage"},"thumbnailUrl":"https:\/\/www.altominho.tv\/site\/wp-content\/uploads\/2023\/01\/AECT-Rio-Minho-direcao.jpg","datePublished":"2023-01-25T09:58:27+00:00","dateModified":"2023-01-25T09:58:32+00:00","author":{"@id":"https:\/\/www.altominho.tv\/site\/#\/schema\/person\/a0bff6dc1041aadd46fa81887444b017"},"description":"O Agrupamento Europeu de Coopera\u00e7\u00e3o Territorial do Rio Minho foi selecionado para ser um dos representantes de cinco regi\u00f5es piloto da Europa para participar no lan\u00e7amento do projeto \u201cConstruir regi\u00f5es transfronteiri\u00e7as mais resilientes\u201d.","breadcrumb":{"@id":"https:\/\/www.altominho.tv\/site\/2023\/01\/25\/aect-rio-minho-em-projeto-piloto-para-melhorar-governanca-transfronteirica\/#breadcrumb"},"inLanguage":"pt-PT","potentialAction":[{"@type":"ReadAction","target":["https:\/\/www.altominho.tv\/site\/2023\/01\/25\/aect-rio-minho-em-projeto-piloto-para-melhorar-governanca-transfronteirica\/"]}]},{"@type":"ImageObject","inLanguage":"pt-PT","@id":"https:\/\/www.altominho.tv\/site\/2023\/01\/25\/aect-rio-minho-em-projeto-piloto-para-melhorar-governanca-transfronteirica\/#primaryimage","url":"https:\/\/www.altominho.tv\/site\/wp-content\/uploads\/2023\/01\/AECT-Rio-Minho-direcao.jpg","contentUrl":"https:\/\/www.altominho.tv\/site\/wp-content\/uploads\/2023\/01\/AECT-Rio-Minho-direcao.jpg","width":980,"height":600,"caption":"AECT RIO MINHO"},{"@type":"BreadcrumbList","@id":"https:\/\/www.altominho.tv\/site\/2023\/01\/25\/aect-rio-minho-em-projeto-piloto-para-melhorar-governanca-transfronteirica\/#breadcrumb","itemListElement":[{"@type":"ListItem","position":1,"name":"In\u00edcio","item":"https:\/\/www.altominho.tv\/site\/"},{"@type":"ListItem","position":2,"name":"AECT Rio Minho em projeto-piloto para melhorar governan\u00e7a transfronteiri\u00e7a"}]},{"@type":"WebSite","@id":"https:\/\/www.altominho.tv\/site\/#website","url":"https:\/\/www.altominho.tv\/site\/","name":"Altominho.tv","description":"A sua regi\u00e3o \u00e0 dist\u00e2ncia de um clique...","potentialAction":[{"@type":"SearchAction","target":{"@type":"EntryPoint","urlTemplate":"https:\/\/www.altominho.tv\/site\/?s={search_term_string}"},"query-input":{"@type":"PropertyValueSpecification","valueRequired":true,"valueName":"search_term_string"}}],"inLanguage":"pt-PT"},{"@type":"Person","@id":"https:\/\/www.altominho.tv\/site\/#\/schema\/person\/a0bff6dc1041aadd46fa81887444b017","name":"Andreia Ferreira | Lusa","image":{"@type":"ImageObject","inLanguage":"pt-PT","@id":"https:\/\/www.altominho.tv\/site\/wp-content\/uploads\/2018\/04\/Andreia-150x150.jpg","url":"https:\/\/www.altominho.tv\/site\/wp-content\/uploads\/2018\/04\/Andreia-150x150.jpg","contentUrl":"https:\/\/www.altominho.tv\/site\/wp-content\/uploads\/2018\/04\/Andreia-150x150.jpg","caption":"Andreia Ferreira | Lusa"},"sameAs":["https:\/\/www.altominho.tv\/site"],"url":"https:\/\/www.altominho.tv\/site\/author\/andreiaferreiralusa\/"}]}},"_links":{"self":[{"href":"https:\/\/www.altominho.tv\/site\/wp-json\/wp\/v2\/posts\/88283","targetHints":{"allow":["GET"]}}],"collection":[{"href":"https:\/\/www.altominho.tv\/site\/wp-json\/wp\/v2\/posts"}],"about":[{"href":"https:\/\/www.altominho.tv\/site\/wp-json\/wp\/v2\/types\/post"}],"author":[{"embeddable":true,"href":"https:\/\/www.altominho.tv\/site\/wp-json\/wp\/v2\/users\/15"}],"replies":[{"embeddable":true,"href":"https:\/\/www.altominho.tv\/site\/wp-json\/wp\/v2\/comments?post=88283"}],"version-history":[{"count":2,"href":"https:\/\/www.altominho.tv\/site\/wp-json\/wp\/v2\/posts\/88283\/revisions"}],"predecessor-version":[{"id":88286,"href":"https:\/\/www.altominho.tv\/site\/wp-json\/wp\/v2\/posts\/88283\/revisions\/88286"}],"wp:featuredmedia":[{"embeddable":true,"href":"https:\/\/www.altominho.tv\/site\/wp-json\/wp\/v2\/media\/88285"}],"wp:attachment":[{"href":"https:\/\/www.altominho.tv\/site\/wp-json\/wp\/v2\/media?parent=88283"}],"wp:term":[{"taxonomy":"category","embeddable":true,"href":"https:\/\/www.altominho.tv\/site\/wp-json\/wp\/v2\/categories?post=88283"},{"taxonomy":"post_tag","embeddable":true,"href":"https:\/\/www.altominho.tv\/site\/wp-json\/wp\/v2\/tags?post=88283"}],"curies":[{"name":"wp","href":"https:\/\/api.w.org\/{rel}","templated":true}]}}