{"id":88208,"date":"2023-01-23T09:44:01","date_gmt":"2023-01-23T09:44:01","guid":{"rendered":"https:\/\/www.altominho.tv\/site\/?p=88208"},"modified":"2023-01-23T09:44:06","modified_gmt":"2023-01-23T09:44:06","slug":"frio-coloca-distrito-de-viana-do-castelo-sob-aviso-amarelo-ate-quarta-feira","status":"publish","type":"post","link":"https:\/\/www.altominho.tv\/site\/2023\/01\/23\/frio-coloca-distrito-de-viana-do-castelo-sob-aviso-amarelo-ate-quarta-feira\/","title":{"rendered":"Frio coloca distrito de Viana do Castelo sob aviso amarelo at\u00e9 quarta-feira"},"content":{"rendered":"<p>Viana do Castelo e os restantes distritos de Portugal continental est\u00e3o a partir desta segunda-feira sob aviso amarelo devido \u00e0 previs\u00e3o de tempo frio.<\/p>\n<p>Segundo o Instituto Portugu\u00eas do Mar e da Atmosfera (IPMA), o aviso amarelo no distrito de Viana do Castelo vai vigorar at\u00e9 \u00e0s 07h00 de quarta-feira.<\/p>\n<p>De acordo com o IPMA, o tempo frio, que dever\u00e1 manter-se at\u00e9 ao final da semana, \u00e9 causado por um anticiclone localizado no norte da Europa, estendendo-se em crista at\u00e9 ao Atl\u00e2ntico\u201d, transportando &#8220;uma massa de ar frio continental para a Pen\u00ednsula Ib\u00e9rica\u201d.<\/p>\n<p>Esta segunda-feira, a temperatura m\u00ednima nos concelhos do Alto Minho dever\u00e1 variar aproximadamente entre 0\u00ba e 3\u00ba graus Celsius. A temperatura m\u00e1xima tamb\u00e9m ir\u00e1 descer, prevendo-se valores entre 10 e 13 graus.<\/p>\n<p>Os valores baixos da temperatura m\u00ednima v\u00e3o persistir e, durante os pr\u00f3ximos dias, dever\u00e3o variar entre 2\u00ba e -2\u00ba C.<\/p>\n<p>Devido \u00e0 situa\u00e7\u00e3o meteorol\u00f3gica, a Autoridade Nacional de Emerg\u00eancia e Prote\u00e7\u00e3o Civil (ANEPC) alertou para os potenciais riscos, nomeadamente \u201cintoxica\u00e7\u00f5es por inala\u00e7\u00e3o de gases, devido a inadequada ventila\u00e7\u00e3o em habita\u00e7\u00f5es onde se utilizem aquecimentos como lareiras e braseiras\u201d, assim como para inc\u00eandios devido \u00e0 \u201cm\u00e1 utiliza\u00e7\u00e3o de lareiras e braseiras ou de avarias em circuitos el\u00e9tricos\u201d.<\/p>\n<p>Pede igualmente especial aten\u00e7\u00e3o aos grupos populacionais mais vulner\u00e1veis, crian\u00e7as, idosos e pessoas portadoras de patologias cr\u00f3nicas e popula\u00e7\u00e3o sem-abrigo, para o piso escorregadio e eventual forma\u00e7\u00e3o de len\u00e7\u00f3is de \u00e1gua e gelo e aumento do risco associado ao tr\u00e1fego rodovi\u00e1rio, quer pela queda de neve nas vias, quer pela forma\u00e7\u00e3o de gelo.<\/p>\n<p>A ANEPC recorda que o eventual impacto destes efeitos pode ser minimizado, sobretudo atrav\u00e9s da ado\u00e7\u00e3o de comportamentos adequados, nomeadamente evitar a exposi\u00e7\u00e3o prolongada ao frio e \u00e0s mudan\u00e7as bruscas de temperatura a manter o corpo, atrav\u00e9s do uso de v\u00e1rias camadas de roupa, folgada e adaptada \u00e0 temperatura ambiente, e prote\u00e7\u00e3o das extremidades do corpo e cal\u00e7ado quente e antiderrapante, bem como a ingest\u00e3o de sopas e bebidas quentes.<\/p>\n<p>Chama tamb\u00e9m a aten\u00e7\u00e3o para os aquecimentos com combust\u00e3o (braseiras e lareiras), que podem causar intoxica\u00e7\u00e3o devido \u00e0 acumula\u00e7\u00e3o de mon\u00f3xido de carbono e levar \u00e0 morte, para a necessidade de assegurar uma adequada ventila\u00e7\u00e3o das habita\u00e7\u00f5es, evitar o uso de dispositivos de aquecimento durante o sono, desligando sempre quaisquer aparelhos antes de se deitar e a n\u00e3o sobrecarregar tomadas e\/ou extens\u00f5es el\u00e9tricas.<\/p>\n","protected":false},"excerpt":{"rendered":"<p>Viana do Castelo e os restantes distritos de Portugal continental est\u00e3o a partir desta segunda-feira sob aviso amarelo devido \u00e0 previs\u00e3o de tempo frio. Segundo o Instituto Portugu\u00eas do Mar e da Atmosfera (IPMA), o aviso amarelo no distrito de Viana do Castelo vai vigorar at\u00e9 \u00e0s 07h00 de quarta-feira. De acordo com o IPMA, [&hellip;]<\/p>\n","protected":false},"author":15,"featured_media":58448,"comment_status":"closed","ping_status":"closed","sticky":false,"template":"","format":"standard","meta":{"_exactmetrics_skip_tracking":false,"_exactmetrics_sitenote_active":false,"_exactmetrics_sitenote_note":"","_exactmetrics_sitenote_category":0,"footnotes":""},"categories":[73],"tags":[27],"class_list":["post-88208","post","type-post","status-publish","format-standard","has-post-thumbnail","hentry","category-alto-minho","tag-sociedade"],"yoast_head":"<!-- This site is optimized with the Yoast SEO Premium plugin v27.5 (Yoast SEO v27.5) - https:\/\/yoast.com\/product\/yoast-seo-premium-wordpress\/ -->\n<title>Frio coloca distrito de Viana do Castelo sob aviso amarelo at\u00e9 quarta-feira<\/title>\n<meta name=\"description\" content=\"O distrito de Viana do Castelo est\u00e1 a partir desta segunda-feira sob aviso amarelo devido \u00e0 previs\u00e3o de tempo frio.\" \/>\n<meta name=\"robots\" content=\"index, follow, max-snippet:-1, max-image-preview:large, max-video-preview:-1\" \/>\n<link rel=\"canonical\" href=\"https:\/\/www.altominho.tv\/site\/2023\/01\/23\/frio-coloca-distrito-de-viana-do-castelo-sob-aviso-amarelo-ate-quarta-feira\/\" \/>\n<meta property=\"og:locale\" content=\"pt_PT\" \/>\n<meta property=\"og:type\" content=\"article\" \/>\n<meta property=\"og:title\" content=\"Frio coloca distrito de Viana do Castelo sob aviso amarelo at\u00e9 quarta-feira\" \/>\n<meta property=\"og:description\" content=\"O distrito de Viana do Castelo est\u00e1 a partir desta segunda-feira sob aviso amarelo devido \u00e0 previs\u00e3o de tempo frio.\" \/>\n<meta property=\"og:url\" content=\"https:\/\/www.altominho.tv\/site\/2023\/01\/23\/frio-coloca-distrito-de-viana-do-castelo-sob-aviso-amarelo-ate-quarta-feira\/\" \/>\n<meta property=\"og:site_name\" content=\"Altominho.tv\" \/>\n<meta property=\"article:publisher\" content=\"https:\/\/www.facebook.com\/altominhotv\" \/>\n<meta property=\"article:published_time\" content=\"2023-01-23T09:44:01+00:00\" \/>\n<meta property=\"article:modified_time\" content=\"2023-01-23T09:44:06+00:00\" \/>\n<meta property=\"og:image\" content=\"https:\/\/www.altominho.tv\/site\/wp-content\/uploads\/2021\/01\/frio-740x486-1.jpg\" \/>\n\t<meta property=\"og:image:width\" content=\"740\" \/>\n\t<meta property=\"og:image:height\" content=\"486\" \/>\n\t<meta property=\"og:image:type\" content=\"image\/jpeg\" \/>\n<meta name=\"author\" content=\"Andreia Ferreira | Lusa\" \/>\n<meta name=\"twitter:card\" content=\"summary_large_image\" \/>\n<meta name=\"twitter:creator\" content=\"@altominhoTV\" \/>\n<meta name=\"twitter:site\" content=\"@altominhoTV\" \/>\n<meta name=\"twitter:label1\" content=\"Escrito por\" \/>\n\t<meta name=\"twitter:data1\" content=\"Andreia Ferreira | Lusa\" \/>\n\t<meta name=\"twitter:label2\" content=\"Tempo estimado de leitura\" \/>\n\t<meta name=\"twitter:data2\" content=\"3 minutos\" \/>\n<script type=\"application\/ld+json\" class=\"yoast-schema-graph\">{\"@context\":\"https:\\\/\\\/schema.org\",\"@graph\":[{\"@type\":\"Article\",\"@id\":\"https:\\\/\\\/www.altominho.tv\\\/site\\\/2023\\\/01\\\/23\\\/frio-coloca-distrito-de-viana-do-castelo-sob-aviso-amarelo-ate-quarta-feira\\\/#article\",\"isPartOf\":{\"@id\":\"https:\\\/\\\/www.altominho.tv\\\/site\\\/2023\\\/01\\\/23\\\/frio-coloca-distrito-de-viana-do-castelo-sob-aviso-amarelo-ate-quarta-feira\\\/\"},\"author\":{\"name\":\"Andreia Ferreira | Lusa\",\"@id\":\"https:\\\/\\\/www.altominho.tv\\\/site\\\/#\\\/schema\\\/person\\\/a0bff6dc1041aadd46fa81887444b017\"},\"headline\":\"Frio coloca distrito de Viana do Castelo sob aviso amarelo at\u00e9 quarta-feira\",\"datePublished\":\"2023-01-23T09:44:01+00:00\",\"dateModified\":\"2023-01-23T09:44:06+00:00\",\"mainEntityOfPage\":{\"@id\":\"https:\\\/\\\/www.altominho.tv\\\/site\\\/2023\\\/01\\\/23\\\/frio-coloca-distrito-de-viana-do-castelo-sob-aviso-amarelo-ate-quarta-feira\\\/\"},\"wordCount\":442,\"image\":{\"@id\":\"https:\\\/\\\/www.altominho.tv\\\/site\\\/2023\\\/01\\\/23\\\/frio-coloca-distrito-de-viana-do-castelo-sob-aviso-amarelo-ate-quarta-feira\\\/#primaryimage\"},\"thumbnailUrl\":\"https:\\\/\\\/www.altominho.tv\\\/site\\\/wp-content\\\/uploads\\\/2021\\\/01\\\/frio-740x486-1.jpg\",\"keywords\":[\"Sociedade\"],\"articleSection\":[\"Alto Minho\"],\"inLanguage\":\"pt-PT\",\"copyrightYear\":\"2023\",\"copyrightHolder\":{\"@id\":\"https:\\\/\\\/www.altominho.tv\\\/site\\\/#organization\"}},{\"@type\":\"WebPage\",\"@id\":\"https:\\\/\\\/www.altominho.tv\\\/site\\\/2023\\\/01\\\/23\\\/frio-coloca-distrito-de-viana-do-castelo-sob-aviso-amarelo-ate-quarta-feira\\\/\",\"url\":\"https:\\\/\\\/www.altominho.tv\\\/site\\\/2023\\\/01\\\/23\\\/frio-coloca-distrito-de-viana-do-castelo-sob-aviso-amarelo-ate-quarta-feira\\\/\",\"name\":\"Frio coloca distrito de Viana do Castelo sob aviso amarelo at\u00e9 quarta-feira\",\"isPartOf\":{\"@id\":\"https:\\\/\\\/www.altominho.tv\\\/site\\\/#website\"},\"primaryImageOfPage\":{\"@id\":\"https:\\\/\\\/www.altominho.tv\\\/site\\\/2023\\\/01\\\/23\\\/frio-coloca-distrito-de-viana-do-castelo-sob-aviso-amarelo-ate-quarta-feira\\\/#primaryimage\"},\"image\":{\"@id\":\"https:\\\/\\\/www.altominho.tv\\\/site\\\/2023\\\/01\\\/23\\\/frio-coloca-distrito-de-viana-do-castelo-sob-aviso-amarelo-ate-quarta-feira\\\/#primaryimage\"},\"thumbnailUrl\":\"https:\\\/\\\/www.altominho.tv\\\/site\\\/wp-content\\\/uploads\\\/2021\\\/01\\\/frio-740x486-1.jpg\",\"datePublished\":\"2023-01-23T09:44:01+00:00\",\"dateModified\":\"2023-01-23T09:44:06+00:00\",\"author\":{\"@id\":\"https:\\\/\\\/www.altominho.tv\\\/site\\\/#\\\/schema\\\/person\\\/a0bff6dc1041aadd46fa81887444b017\"},\"description\":\"O distrito de Viana do Castelo est\u00e1 a partir desta segunda-feira sob aviso amarelo devido \u00e0 previs\u00e3o de tempo frio.\",\"breadcrumb\":{\"@id\":\"https:\\\/\\\/www.altominho.tv\\\/site\\\/2023\\\/01\\\/23\\\/frio-coloca-distrito-de-viana-do-castelo-sob-aviso-amarelo-ate-quarta-feira\\\/#breadcrumb\"},\"inLanguage\":\"pt-PT\",\"potentialAction\":[{\"@type\":\"ReadAction\",\"target\":[\"https:\\\/\\\/www.altominho.tv\\\/site\\\/2023\\\/01\\\/23\\\/frio-coloca-distrito-de-viana-do-castelo-sob-aviso-amarelo-ate-quarta-feira\\\/\"]}]},{\"@type\":\"ImageObject\",\"inLanguage\":\"pt-PT\",\"@id\":\"https:\\\/\\\/www.altominho.tv\\\/site\\\/2023\\\/01\\\/23\\\/frio-coloca-distrito-de-viana-do-castelo-sob-aviso-amarelo-ate-quarta-feira\\\/#primaryimage\",\"url\":\"https:\\\/\\\/www.altominho.tv\\\/site\\\/wp-content\\\/uploads\\\/2021\\\/01\\\/frio-740x486-1.jpg\",\"contentUrl\":\"https:\\\/\\\/www.altominho.tv\\\/site\\\/wp-content\\\/uploads\\\/2021\\\/01\\\/frio-740x486-1.jpg\",\"width\":740,\"height\":486,\"caption\":\"UNSPLASH\"},{\"@type\":\"BreadcrumbList\",\"@id\":\"https:\\\/\\\/www.altominho.tv\\\/site\\\/2023\\\/01\\\/23\\\/frio-coloca-distrito-de-viana-do-castelo-sob-aviso-amarelo-ate-quarta-feira\\\/#breadcrumb\",\"itemListElement\":[{\"@type\":\"ListItem\",\"position\":1,\"name\":\"In\u00edcio\",\"item\":\"https:\\\/\\\/www.altominho.tv\\\/site\\\/\"},{\"@type\":\"ListItem\",\"position\":2,\"name\":\"Frio coloca distrito de Viana do Castelo sob aviso amarelo at\u00e9 quarta-feira\"}]},{\"@type\":\"WebSite\",\"@id\":\"https:\\\/\\\/www.altominho.tv\\\/site\\\/#website\",\"url\":\"https:\\\/\\\/www.altominho.tv\\\/site\\\/\",\"name\":\"Altominho.tv\",\"description\":\"A sua regi\u00e3o \u00e0 dist\u00e2ncia de um clique...\",\"potentialAction\":[{\"@type\":\"SearchAction\",\"target\":{\"@type\":\"EntryPoint\",\"urlTemplate\":\"https:\\\/\\\/www.altominho.tv\\\/site\\\/?s={search_term_string}\"},\"query-input\":{\"@type\":\"PropertyValueSpecification\",\"valueRequired\":true,\"valueName\":\"search_term_string\"}}],\"inLanguage\":\"pt-PT\"},{\"@type\":\"Person\",\"@id\":\"https:\\\/\\\/www.altominho.tv\\\/site\\\/#\\\/schema\\\/person\\\/a0bff6dc1041aadd46fa81887444b017\",\"name\":\"Andreia Ferreira | Lusa\",\"image\":{\"@type\":\"ImageObject\",\"inLanguage\":\"pt-PT\",\"@id\":\"https:\\\/\\\/www.altominho.tv\\\/site\\\/wp-content\\\/uploads\\\/2018\\\/04\\\/Andreia-150x150.jpg\",\"url\":\"https:\\\/\\\/www.altominho.tv\\\/site\\\/wp-content\\\/uploads\\\/2018\\\/04\\\/Andreia-150x150.jpg\",\"contentUrl\":\"https:\\\/\\\/www.altominho.tv\\\/site\\\/wp-content\\\/uploads\\\/2018\\\/04\\\/Andreia-150x150.jpg\",\"caption\":\"Andreia Ferreira | Lusa\"},\"sameAs\":[\"https:\\\/\\\/www.altominho.tv\\\/site\"],\"url\":\"https:\\\/\\\/www.altominho.tv\\\/site\\\/author\\\/andreiaferreiralusa\\\/\"}]}<\/script>\n<!-- \/ Yoast SEO Premium plugin. -->","yoast_head_json":{"title":"Frio coloca distrito de Viana do Castelo sob aviso amarelo at\u00e9 quarta-feira","description":"O distrito de Viana do Castelo est\u00e1 a partir desta segunda-feira sob aviso amarelo devido \u00e0 previs\u00e3o de tempo frio.","robots":{"index":"index","follow":"follow","max-snippet":"max-snippet:-1","max-image-preview":"max-image-preview:large","max-video-preview":"max-video-preview:-1"},"canonical":"https:\/\/www.altominho.tv\/site\/2023\/01\/23\/frio-coloca-distrito-de-viana-do-castelo-sob-aviso-amarelo-ate-quarta-feira\/","og_locale":"pt_PT","og_type":"article","og_title":"Frio coloca distrito de Viana do Castelo sob aviso amarelo at\u00e9 quarta-feira","og_description":"O distrito de Viana do Castelo est\u00e1 a partir desta segunda-feira sob aviso amarelo devido \u00e0 previs\u00e3o de tempo frio.","og_url":"https:\/\/www.altominho.tv\/site\/2023\/01\/23\/frio-coloca-distrito-de-viana-do-castelo-sob-aviso-amarelo-ate-quarta-feira\/","og_site_name":"Altominho.tv","article_publisher":"https:\/\/www.facebook.com\/altominhotv","article_published_time":"2023-01-23T09:44:01+00:00","article_modified_time":"2023-01-23T09:44:06+00:00","og_image":[{"width":740,"height":486,"url":"https:\/\/www.altominho.tv\/site\/wp-content\/uploads\/2021\/01\/frio-740x486-1.jpg","type":"image\/jpeg"}],"author":"Andreia Ferreira | Lusa","twitter_card":"summary_large_image","twitter_creator":"@altominhoTV","twitter_site":"@altominhoTV","twitter_misc":{"Escrito por":"Andreia Ferreira | Lusa","Tempo estimado de leitura":"3 minutos"},"schema":{"@context":"https:\/\/schema.org","@graph":[{"@type":"Article","@id":"https:\/\/www.altominho.tv\/site\/2023\/01\/23\/frio-coloca-distrito-de-viana-do-castelo-sob-aviso-amarelo-ate-quarta-feira\/#article","isPartOf":{"@id":"https:\/\/www.altominho.tv\/site\/2023\/01\/23\/frio-coloca-distrito-de-viana-do-castelo-sob-aviso-amarelo-ate-quarta-feira\/"},"author":{"name":"Andreia Ferreira | Lusa","@id":"https:\/\/www.altominho.tv\/site\/#\/schema\/person\/a0bff6dc1041aadd46fa81887444b017"},"headline":"Frio coloca distrito de Viana do Castelo sob aviso amarelo at\u00e9 quarta-feira","datePublished":"2023-01-23T09:44:01+00:00","dateModified":"2023-01-23T09:44:06+00:00","mainEntityOfPage":{"@id":"https:\/\/www.altominho.tv\/site\/2023\/01\/23\/frio-coloca-distrito-de-viana-do-castelo-sob-aviso-amarelo-ate-quarta-feira\/"},"wordCount":442,"image":{"@id":"https:\/\/www.altominho.tv\/site\/2023\/01\/23\/frio-coloca-distrito-de-viana-do-castelo-sob-aviso-amarelo-ate-quarta-feira\/#primaryimage"},"thumbnailUrl":"https:\/\/www.altominho.tv\/site\/wp-content\/uploads\/2021\/01\/frio-740x486-1.jpg","keywords":["Sociedade"],"articleSection":["Alto Minho"],"inLanguage":"pt-PT","copyrightYear":"2023","copyrightHolder":{"@id":"https:\/\/www.altominho.tv\/site\/#organization"}},{"@type":"WebPage","@id":"https:\/\/www.altominho.tv\/site\/2023\/01\/23\/frio-coloca-distrito-de-viana-do-castelo-sob-aviso-amarelo-ate-quarta-feira\/","url":"https:\/\/www.altominho.tv\/site\/2023\/01\/23\/frio-coloca-distrito-de-viana-do-castelo-sob-aviso-amarelo-ate-quarta-feira\/","name":"Frio coloca distrito de Viana do Castelo sob aviso amarelo at\u00e9 quarta-feira","isPartOf":{"@id":"https:\/\/www.altominho.tv\/site\/#website"},"primaryImageOfPage":{"@id":"https:\/\/www.altominho.tv\/site\/2023\/01\/23\/frio-coloca-distrito-de-viana-do-castelo-sob-aviso-amarelo-ate-quarta-feira\/#primaryimage"},"image":{"@id":"https:\/\/www.altominho.tv\/site\/2023\/01\/23\/frio-coloca-distrito-de-viana-do-castelo-sob-aviso-amarelo-ate-quarta-feira\/#primaryimage"},"thumbnailUrl":"https:\/\/www.altominho.tv\/site\/wp-content\/uploads\/2021\/01\/frio-740x486-1.jpg","datePublished":"2023-01-23T09:44:01+00:00","dateModified":"2023-01-23T09:44:06+00:00","author":{"@id":"https:\/\/www.altominho.tv\/site\/#\/schema\/person\/a0bff6dc1041aadd46fa81887444b017"},"description":"O distrito de Viana do Castelo est\u00e1 a partir desta segunda-feira sob aviso amarelo devido \u00e0 previs\u00e3o de tempo frio.","breadcrumb":{"@id":"https:\/\/www.altominho.tv\/site\/2023\/01\/23\/frio-coloca-distrito-de-viana-do-castelo-sob-aviso-amarelo-ate-quarta-feira\/#breadcrumb"},"inLanguage":"pt-PT","potentialAction":[{"@type":"ReadAction","target":["https:\/\/www.altominho.tv\/site\/2023\/01\/23\/frio-coloca-distrito-de-viana-do-castelo-sob-aviso-amarelo-ate-quarta-feira\/"]}]},{"@type":"ImageObject","inLanguage":"pt-PT","@id":"https:\/\/www.altominho.tv\/site\/2023\/01\/23\/frio-coloca-distrito-de-viana-do-castelo-sob-aviso-amarelo-ate-quarta-feira\/#primaryimage","url":"https:\/\/www.altominho.tv\/site\/wp-content\/uploads\/2021\/01\/frio-740x486-1.jpg","contentUrl":"https:\/\/www.altominho.tv\/site\/wp-content\/uploads\/2021\/01\/frio-740x486-1.jpg","width":740,"height":486,"caption":"UNSPLASH"},{"@type":"BreadcrumbList","@id":"https:\/\/www.altominho.tv\/site\/2023\/01\/23\/frio-coloca-distrito-de-viana-do-castelo-sob-aviso-amarelo-ate-quarta-feira\/#breadcrumb","itemListElement":[{"@type":"ListItem","position":1,"name":"In\u00edcio","item":"https:\/\/www.altominho.tv\/site\/"},{"@type":"ListItem","position":2,"name":"Frio coloca distrito de Viana do Castelo sob aviso amarelo at\u00e9 quarta-feira"}]},{"@type":"WebSite","@id":"https:\/\/www.altominho.tv\/site\/#website","url":"https:\/\/www.altominho.tv\/site\/","name":"Altominho.tv","description":"A sua regi\u00e3o \u00e0 dist\u00e2ncia de um clique...","potentialAction":[{"@type":"SearchAction","target":{"@type":"EntryPoint","urlTemplate":"https:\/\/www.altominho.tv\/site\/?s={search_term_string}"},"query-input":{"@type":"PropertyValueSpecification","valueRequired":true,"valueName":"search_term_string"}}],"inLanguage":"pt-PT"},{"@type":"Person","@id":"https:\/\/www.altominho.tv\/site\/#\/schema\/person\/a0bff6dc1041aadd46fa81887444b017","name":"Andreia Ferreira | Lusa","image":{"@type":"ImageObject","inLanguage":"pt-PT","@id":"https:\/\/www.altominho.tv\/site\/wp-content\/uploads\/2018\/04\/Andreia-150x150.jpg","url":"https:\/\/www.altominho.tv\/site\/wp-content\/uploads\/2018\/04\/Andreia-150x150.jpg","contentUrl":"https:\/\/www.altominho.tv\/site\/wp-content\/uploads\/2018\/04\/Andreia-150x150.jpg","caption":"Andreia Ferreira | Lusa"},"sameAs":["https:\/\/www.altominho.tv\/site"],"url":"https:\/\/www.altominho.tv\/site\/author\/andreiaferreiralusa\/"}]}},"_links":{"self":[{"href":"https:\/\/www.altominho.tv\/site\/wp-json\/wp\/v2\/posts\/88208","targetHints":{"allow":["GET"]}}],"collection":[{"href":"https:\/\/www.altominho.tv\/site\/wp-json\/wp\/v2\/posts"}],"about":[{"href":"https:\/\/www.altominho.tv\/site\/wp-json\/wp\/v2\/types\/post"}],"author":[{"embeddable":true,"href":"https:\/\/www.altominho.tv\/site\/wp-json\/wp\/v2\/users\/15"}],"replies":[{"embeddable":true,"href":"https:\/\/www.altominho.tv\/site\/wp-json\/wp\/v2\/comments?post=88208"}],"version-history":[{"count":2,"href":"https:\/\/www.altominho.tv\/site\/wp-json\/wp\/v2\/posts\/88208\/revisions"}],"predecessor-version":[{"id":88210,"href":"https:\/\/www.altominho.tv\/site\/wp-json\/wp\/v2\/posts\/88208\/revisions\/88210"}],"wp:featuredmedia":[{"embeddable":true,"href":"https:\/\/www.altominho.tv\/site\/wp-json\/wp\/v2\/media\/58448"}],"wp:attachment":[{"href":"https:\/\/www.altominho.tv\/site\/wp-json\/wp\/v2\/media?parent=88208"}],"wp:term":[{"taxonomy":"category","embeddable":true,"href":"https:\/\/www.altominho.tv\/site\/wp-json\/wp\/v2\/categories?post=88208"},{"taxonomy":"post_tag","embeddable":true,"href":"https:\/\/www.altominho.tv\/site\/wp-json\/wp\/v2\/tags?post=88208"}],"curies":[{"name":"wp","href":"https:\/\/api.w.org\/{rel}","templated":true}]}}