{"id":88144,"date":"2023-01-19T16:16:02","date_gmt":"2023-01-19T16:16:02","guid":{"rendered":"https:\/\/www.altominho.tv\/site\/?p=88144"},"modified":"2023-01-19T16:19:49","modified_gmt":"2023-01-19T16:19:49","slug":"primeiro-nevao-do-ano-acelera-hotelaria-e-restauracao-do-alto-minho","status":"publish","type":"post","link":"https:\/\/www.altominho.tv\/site\/2023\/01\/19\/primeiro-nevao-do-ano-acelera-hotelaria-e-restauracao-do-alto-minho\/","title":{"rendered":"Primeiro nev\u00e3o do ano \u201cacelera\u201d hotelaria e restaura\u00e7\u00e3o do Alto Minho"},"content":{"rendered":"<p>O primeiro nev\u00e3o do ano que na ter\u00e7a-feira come\u00e7ou a \u2018pintar\u2019 de branco as zonas montanhosas do distrito de Viana do Castelo est\u00e1 a \u201cacelerar\u201d os neg\u00f3cios nos setores da restaura\u00e7\u00e3o e hotelaria, consideraram hoje autarcas da regi\u00e3o.<\/p>\n<p>O presidente da C\u00e2mara de Melga\u00e7o, Manoel Batista, referiu que o manto de neve que hoje ainda cobre as freguesias Castro Laboreiro e Lamas de Mouro e a Branda da Aveleira, no Parque Nacional da Peneda-Ger\u00eas (PNPG), \u201cpermite acelerar a visita\u00e7\u00e3o, o que tem acontecido nos \u00faltimos dias\u201d.<\/p>\n<p>\u201cEstamos expectantes que a neve venha a confirmar o que \u00e9 j\u00e1 uma realidade, a acelera\u00e7\u00e3o na restaura\u00e7\u00e3o. Em Castro Laboreiro, a procura aumentou entre os 40 a 50%. Isto durante a semana. Imaginamos que no fim de semana a procura venha ainda a ser muito elevada, devido \u00e0 neve\u201d, explicou o autarca socialista.<\/p>\n<p>Manoel Batista adiantou que \u201co alojamento de montanha, independentemente da neve, j\u00e1 estava esgotado\u201d.<\/p>\n<p>\u201cAgora com a neve prevemos que o alojamento da parte mais baixa do territ\u00f3rio venha a esgotar no fim de semana\u201d.<\/p>\n<p>Segundo o autarca, nos \u00faltimos dias, as zonas de montanha t\u00eam recebido turistas espanh\u00f3is e nacionais, sobretudo do Norte do pa\u00eds.<\/p>\n<p>\u201cTamb\u00e9m j\u00e1 se encontram no territ\u00f3rio pessoas vindas de outros destinos da Europa. Estamos satisfeitos com os resultados do turismo neste per\u00edodo do ano, independentemente da neve. Muito satisfeitos com este acelerar que a neve veio permitir\u201d, referiu Manoel Batista, garantindo estar \u201cdevidamente assegurada\u201d a circula\u00e7\u00e3o rodovi\u00e1ria nas estradas municipais e rurais.<\/p>\n<p>\u201cFace \u00e0s previs\u00f5es meteorol\u00f3gicas foi acautelada a interven\u00e7\u00e3o na rede vi\u00e1ria. Os meios municipais permitem fazer a limpeza das vias municipais at\u00e9 Castro Laboreiro e, em Castro Laboreiro, a Junta de Freguesia tem condi\u00e7\u00f5es t\u00e9cnicas para fazer limpeza nas estradas rurais\u201d, especificou.<\/p>\n<p>Do Vale do Minho para o Vale do Lima, a neve transformou tamb\u00e9m a paisagem das zonas montanhosas do concelho de Arcos de Valdevez.<\/p>\n<p>O presidente da C\u00e2mara de Arcos de Valdevez, Jo\u00e3o Manuel Esteves, tamb\u00e9m apontou um \u201caumento, na ordem dos 10 a 20%, no alojamento\u201d, estimando que a procura venha a crescer face \u00e0 proximidade do fim de semana.<\/p>\n<p>\u201cToda a zona de montanha, muita dela dentro PNPG, est\u00e1 coberta de neve. Desde a sede do concelho \u00e9 vis\u00edvel um cen\u00e1rio muito bonito de neve\u201d, referiu o autarca social-democrata.<\/p>\n<p>\u201cDesde que come\u00e7ou a cair neve que temos recebido mais visitantes. S\u00e3o pessoas oriundas da \u00c1rea Metropolitana do Porto e de Vigo, na Galiza\u201d, adiantou.<\/p>\n<p>Segundo Jo\u00e3o Manuel Esteves, a escolha por Arcos de Valdevez fica a dever-se ao \u201cacesso f\u00e1cil\u201d \u00e0s zonas com mais neve.<\/p>\n<p>\u201cPor exemplo, a Branda de S\u00e3o Bento do Cando, na freguesia da Gavieira, n\u00e3o \u00e9 muito longe e as pessoas podem desfrutar destes momentos especiais\u201d, referiu, garantindo que \u201cos meios municipais est\u00e3o no terreno para garantir a circula\u00e7\u00e3o nas estradas do concelho\u201d.<\/p>\n<p>A neve come\u00e7ou a caiu nos pontos altos do distrito de Viana do Castelo na ter\u00e7a-feira, situa\u00e7\u00e3o que se prolongou at\u00e9 quarta-feira.<\/p>\n","protected":false},"excerpt":{"rendered":"<p>O primeiro nev\u00e3o do ano que na ter\u00e7a-feira come\u00e7ou a \u2018pintar\u2019 de branco as zonas montanhosas do distrito de Viana do Castelo est\u00e1 a \u201cacelerar\u201d os neg\u00f3cios nos setores da restaura\u00e7\u00e3o e hotelaria, consideraram hoje autarcas da regi\u00e3o. O presidente da C\u00e2mara de Melga\u00e7o, Manoel Batista, referiu que o manto de neve que hoje ainda [&hellip;]<\/p>\n","protected":false},"author":1,"featured_media":88146,"comment_status":"closed","ping_status":"closed","sticky":false,"template":"","format":"standard","meta":{"_exactmetrics_skip_tracking":false,"_exactmetrics_sitenote_active":false,"_exactmetrics_sitenote_note":"","_exactmetrics_sitenote_category":0,"footnotes":""},"categories":[73],"tags":[21],"class_list":["post-88144","post","type-post","status-publish","format-standard","has-post-thumbnail","hentry","category-alto-minho","tag-economia"],"yoast_head":"<!-- This site is optimized with the Yoast SEO Premium plugin v27.5 (Yoast SEO v27.5) - https:\/\/yoast.com\/product\/yoast-seo-premium-wordpress\/ -->\n<title>Primeiro nev\u00e3o do ano \u201cacelera\u201d hotelaria e restaura\u00e7\u00e3o do Alto Minho<\/title>\n<meta name=\"description\" content=\"O primeiro nev\u00e3o do ano que na ter\u00e7a-feira come\u00e7ou a \u2018pintar\u2019 de branco as zonas montanhosas do distrito de Viana do Castelo est\u00e1 a \u201cacelerar\u201d os neg\u00f3cios nos setores da restaura\u00e7\u00e3o e hotelaria, consideraram hoje autarcas da regi\u00e3o.\" \/>\n<meta name=\"robots\" content=\"index, follow, max-snippet:-1, max-image-preview:large, max-video-preview:-1\" \/>\n<link rel=\"canonical\" href=\"https:\/\/www.altominho.tv\/site\/2023\/01\/19\/primeiro-nevao-do-ano-acelera-hotelaria-e-restauracao-do-alto-minho\/\" \/>\n<meta property=\"og:locale\" content=\"pt_PT\" \/>\n<meta property=\"og:type\" content=\"article\" \/>\n<meta property=\"og:title\" content=\"Primeiro nev\u00e3o do ano \u201cacelera\u201d hotelaria e restaura\u00e7\u00e3o do Alto Minho\" \/>\n<meta property=\"og:description\" content=\"O primeiro nev\u00e3o do ano que na ter\u00e7a-feira come\u00e7ou a \u2018pintar\u2019 de branco as zonas montanhosas do distrito de Viana do Castelo est\u00e1 a \u201cacelerar\u201d os neg\u00f3cios nos setores da restaura\u00e7\u00e3o e hotelaria, consideraram hoje autarcas da regi\u00e3o.\" \/>\n<meta property=\"og:url\" content=\"https:\/\/www.altominho.tv\/site\/2023\/01\/19\/primeiro-nevao-do-ano-acelera-hotelaria-e-restauracao-do-alto-minho\/\" \/>\n<meta property=\"og:site_name\" content=\"Altominho.tv\" \/>\n<meta property=\"article:publisher\" content=\"https:\/\/www.facebook.com\/altominhotv\" \/>\n<meta property=\"article:published_time\" content=\"2023-01-19T16:16:02+00:00\" \/>\n<meta property=\"article:modified_time\" content=\"2023-01-19T16:19:49+00:00\" \/>\n<meta property=\"og:image\" content=\"https:\/\/www.altominho.tv\/site\/wp-content\/uploads\/2023\/01\/neve.jpg\" \/>\n\t<meta property=\"og:image:width\" content=\"2550\" \/>\n\t<meta property=\"og:image:height\" content=\"1324\" \/>\n\t<meta property=\"og:image:type\" content=\"image\/jpeg\" \/>\n<meta name=\"author\" content=\"Altominho.tv\" \/>\n<meta name=\"twitter:card\" content=\"summary_large_image\" \/>\n<meta name=\"twitter:creator\" content=\"@altominhoTV\" \/>\n<meta name=\"twitter:site\" content=\"@altominhoTV\" \/>\n<meta name=\"twitter:label1\" content=\"Escrito por\" \/>\n\t<meta name=\"twitter:data1\" content=\"Altominho.tv\" \/>\n\t<meta name=\"twitter:label2\" content=\"Tempo estimado de leitura\" \/>\n\t<meta name=\"twitter:data2\" content=\"3 minutos\" \/>\n<script type=\"application\/ld+json\" class=\"yoast-schema-graph\">{\"@context\":\"https:\\\/\\\/schema.org\",\"@graph\":[{\"@type\":\"Article\",\"@id\":\"https:\\\/\\\/www.altominho.tv\\\/site\\\/2023\\\/01\\\/19\\\/primeiro-nevao-do-ano-acelera-hotelaria-e-restauracao-do-alto-minho\\\/#article\",\"isPartOf\":{\"@id\":\"https:\\\/\\\/www.altominho.tv\\\/site\\\/2023\\\/01\\\/19\\\/primeiro-nevao-do-ano-acelera-hotelaria-e-restauracao-do-alto-minho\\\/\"},\"author\":{\"name\":\"Altominho.tv\",\"@id\":\"https:\\\/\\\/www.altominho.tv\\\/site\\\/#\\\/schema\\\/person\\\/4e536851627d7914baf3dac752b6af22\"},\"headline\":\"Primeiro nev\u00e3o do ano \u201cacelera\u201d hotelaria e restaura\u00e7\u00e3o do Alto Minho\",\"datePublished\":\"2023-01-19T16:16:02+00:00\",\"dateModified\":\"2023-01-19T16:19:49+00:00\",\"mainEntityOfPage\":{\"@id\":\"https:\\\/\\\/www.altominho.tv\\\/site\\\/2023\\\/01\\\/19\\\/primeiro-nevao-do-ano-acelera-hotelaria-e-restauracao-do-alto-minho\\\/\"},\"wordCount\":539,\"image\":{\"@id\":\"https:\\\/\\\/www.altominho.tv\\\/site\\\/2023\\\/01\\\/19\\\/primeiro-nevao-do-ano-acelera-hotelaria-e-restauracao-do-alto-minho\\\/#primaryimage\"},\"thumbnailUrl\":\"https:\\\/\\\/www.altominho.tv\\\/site\\\/wp-content\\\/uploads\\\/2023\\\/01\\\/neve.jpg\",\"keywords\":[\"Economia\"],\"articleSection\":[\"Alto Minho\"],\"inLanguage\":\"pt-PT\",\"copyrightYear\":\"2023\",\"copyrightHolder\":{\"@id\":\"https:\\\/\\\/www.altominho.tv\\\/site\\\/#organization\"}},{\"@type\":\"WebPage\",\"@id\":\"https:\\\/\\\/www.altominho.tv\\\/site\\\/2023\\\/01\\\/19\\\/primeiro-nevao-do-ano-acelera-hotelaria-e-restauracao-do-alto-minho\\\/\",\"url\":\"https:\\\/\\\/www.altominho.tv\\\/site\\\/2023\\\/01\\\/19\\\/primeiro-nevao-do-ano-acelera-hotelaria-e-restauracao-do-alto-minho\\\/\",\"name\":\"Primeiro nev\u00e3o do ano \u201cacelera\u201d hotelaria e restaura\u00e7\u00e3o do Alto Minho\",\"isPartOf\":{\"@id\":\"https:\\\/\\\/www.altominho.tv\\\/site\\\/#website\"},\"primaryImageOfPage\":{\"@id\":\"https:\\\/\\\/www.altominho.tv\\\/site\\\/2023\\\/01\\\/19\\\/primeiro-nevao-do-ano-acelera-hotelaria-e-restauracao-do-alto-minho\\\/#primaryimage\"},\"image\":{\"@id\":\"https:\\\/\\\/www.altominho.tv\\\/site\\\/2023\\\/01\\\/19\\\/primeiro-nevao-do-ano-acelera-hotelaria-e-restauracao-do-alto-minho\\\/#primaryimage\"},\"thumbnailUrl\":\"https:\\\/\\\/www.altominho.tv\\\/site\\\/wp-content\\\/uploads\\\/2023\\\/01\\\/neve.jpg\",\"datePublished\":\"2023-01-19T16:16:02+00:00\",\"dateModified\":\"2023-01-19T16:19:49+00:00\",\"author\":{\"@id\":\"https:\\\/\\\/www.altominho.tv\\\/site\\\/#\\\/schema\\\/person\\\/4e536851627d7914baf3dac752b6af22\"},\"description\":\"O primeiro nev\u00e3o do ano que na ter\u00e7a-feira come\u00e7ou a \u2018pintar\u2019 de branco as zonas montanhosas do distrito de Viana do Castelo est\u00e1 a \u201cacelerar\u201d os neg\u00f3cios nos setores da restaura\u00e7\u00e3o e hotelaria, consideraram hoje autarcas da regi\u00e3o.\",\"breadcrumb\":{\"@id\":\"https:\\\/\\\/www.altominho.tv\\\/site\\\/2023\\\/01\\\/19\\\/primeiro-nevao-do-ano-acelera-hotelaria-e-restauracao-do-alto-minho\\\/#breadcrumb\"},\"inLanguage\":\"pt-PT\",\"potentialAction\":[{\"@type\":\"ReadAction\",\"target\":[\"https:\\\/\\\/www.altominho.tv\\\/site\\\/2023\\\/01\\\/19\\\/primeiro-nevao-do-ano-acelera-hotelaria-e-restauracao-do-alto-minho\\\/\"]}]},{\"@type\":\"ImageObject\",\"inLanguage\":\"pt-PT\",\"@id\":\"https:\\\/\\\/www.altominho.tv\\\/site\\\/2023\\\/01\\\/19\\\/primeiro-nevao-do-ano-acelera-hotelaria-e-restauracao-do-alto-minho\\\/#primaryimage\",\"url\":\"https:\\\/\\\/www.altominho.tv\\\/site\\\/wp-content\\\/uploads\\\/2023\\\/01\\\/neve.jpg\",\"contentUrl\":\"https:\\\/\\\/www.altominho.tv\\\/site\\\/wp-content\\\/uploads\\\/2023\\\/01\\\/neve.jpg\",\"width\":2550,\"height\":1324,\"caption\":\"DR\"},{\"@type\":\"BreadcrumbList\",\"@id\":\"https:\\\/\\\/www.altominho.tv\\\/site\\\/2023\\\/01\\\/19\\\/primeiro-nevao-do-ano-acelera-hotelaria-e-restauracao-do-alto-minho\\\/#breadcrumb\",\"itemListElement\":[{\"@type\":\"ListItem\",\"position\":1,\"name\":\"In\u00edcio\",\"item\":\"https:\\\/\\\/www.altominho.tv\\\/site\\\/\"},{\"@type\":\"ListItem\",\"position\":2,\"name\":\"Primeiro nev\u00e3o do ano \u201cacelera\u201d hotelaria e restaura\u00e7\u00e3o do Alto Minho\"}]},{\"@type\":\"WebSite\",\"@id\":\"https:\\\/\\\/www.altominho.tv\\\/site\\\/#website\",\"url\":\"https:\\\/\\\/www.altominho.tv\\\/site\\\/\",\"name\":\"Altominho.tv\",\"description\":\"A sua regi\u00e3o \u00e0 dist\u00e2ncia de um clique...\",\"potentialAction\":[{\"@type\":\"SearchAction\",\"target\":{\"@type\":\"EntryPoint\",\"urlTemplate\":\"https:\\\/\\\/www.altominho.tv\\\/site\\\/?s={search_term_string}\"},\"query-input\":{\"@type\":\"PropertyValueSpecification\",\"valueRequired\":true,\"valueName\":\"search_term_string\"}}],\"inLanguage\":\"pt-PT\"},{\"@type\":\"Person\",\"@id\":\"https:\\\/\\\/www.altominho.tv\\\/site\\\/#\\\/schema\\\/person\\\/4e536851627d7914baf3dac752b6af22\",\"name\":\"Altominho.tv\",\"image\":{\"@type\":\"ImageObject\",\"inLanguage\":\"pt-PT\",\"@id\":\"https:\\\/\\\/www.altominho.tv\\\/site\\\/wp-content\\\/uploads\\\/2019\\\/11\\\/Logo_Avatar_2-150x150.jpg\",\"url\":\"https:\\\/\\\/www.altominho.tv\\\/site\\\/wp-content\\\/uploads\\\/2019\\\/11\\\/Logo_Avatar_2-150x150.jpg\",\"contentUrl\":\"https:\\\/\\\/www.altominho.tv\\\/site\\\/wp-content\\\/uploads\\\/2019\\\/11\\\/Logo_Avatar_2-150x150.jpg\",\"caption\":\"Altominho.tv\"},\"url\":\"https:\\\/\\\/www.altominho.tv\\\/site\\\/author\\\/altominhotv-tecnico\\\/\"}]}<\/script>\n<!-- \/ Yoast SEO Premium plugin. -->","yoast_head_json":{"title":"Primeiro nev\u00e3o do ano \u201cacelera\u201d hotelaria e restaura\u00e7\u00e3o do Alto Minho","description":"O primeiro nev\u00e3o do ano que na ter\u00e7a-feira come\u00e7ou a \u2018pintar\u2019 de branco as zonas montanhosas do distrito de Viana do Castelo est\u00e1 a \u201cacelerar\u201d os neg\u00f3cios nos setores da restaura\u00e7\u00e3o e hotelaria, consideraram hoje autarcas da regi\u00e3o.","robots":{"index":"index","follow":"follow","max-snippet":"max-snippet:-1","max-image-preview":"max-image-preview:large","max-video-preview":"max-video-preview:-1"},"canonical":"https:\/\/www.altominho.tv\/site\/2023\/01\/19\/primeiro-nevao-do-ano-acelera-hotelaria-e-restauracao-do-alto-minho\/","og_locale":"pt_PT","og_type":"article","og_title":"Primeiro nev\u00e3o do ano \u201cacelera\u201d hotelaria e restaura\u00e7\u00e3o do Alto Minho","og_description":"O primeiro nev\u00e3o do ano que na ter\u00e7a-feira come\u00e7ou a \u2018pintar\u2019 de branco as zonas montanhosas do distrito de Viana do Castelo est\u00e1 a \u201cacelerar\u201d os neg\u00f3cios nos setores da restaura\u00e7\u00e3o e hotelaria, consideraram hoje autarcas da regi\u00e3o.","og_url":"https:\/\/www.altominho.tv\/site\/2023\/01\/19\/primeiro-nevao-do-ano-acelera-hotelaria-e-restauracao-do-alto-minho\/","og_site_name":"Altominho.tv","article_publisher":"https:\/\/www.facebook.com\/altominhotv","article_published_time":"2023-01-19T16:16:02+00:00","article_modified_time":"2023-01-19T16:19:49+00:00","og_image":[{"width":2550,"height":1324,"url":"https:\/\/www.altominho.tv\/site\/wp-content\/uploads\/2023\/01\/neve.jpg","type":"image\/jpeg"}],"author":"Altominho.tv","twitter_card":"summary_large_image","twitter_creator":"@altominhoTV","twitter_site":"@altominhoTV","twitter_misc":{"Escrito por":"Altominho.tv","Tempo estimado de leitura":"3 minutos"},"schema":{"@context":"https:\/\/schema.org","@graph":[{"@type":"Article","@id":"https:\/\/www.altominho.tv\/site\/2023\/01\/19\/primeiro-nevao-do-ano-acelera-hotelaria-e-restauracao-do-alto-minho\/#article","isPartOf":{"@id":"https:\/\/www.altominho.tv\/site\/2023\/01\/19\/primeiro-nevao-do-ano-acelera-hotelaria-e-restauracao-do-alto-minho\/"},"author":{"name":"Altominho.tv","@id":"https:\/\/www.altominho.tv\/site\/#\/schema\/person\/4e536851627d7914baf3dac752b6af22"},"headline":"Primeiro nev\u00e3o do ano \u201cacelera\u201d hotelaria e restaura\u00e7\u00e3o do Alto Minho","datePublished":"2023-01-19T16:16:02+00:00","dateModified":"2023-01-19T16:19:49+00:00","mainEntityOfPage":{"@id":"https:\/\/www.altominho.tv\/site\/2023\/01\/19\/primeiro-nevao-do-ano-acelera-hotelaria-e-restauracao-do-alto-minho\/"},"wordCount":539,"image":{"@id":"https:\/\/www.altominho.tv\/site\/2023\/01\/19\/primeiro-nevao-do-ano-acelera-hotelaria-e-restauracao-do-alto-minho\/#primaryimage"},"thumbnailUrl":"https:\/\/www.altominho.tv\/site\/wp-content\/uploads\/2023\/01\/neve.jpg","keywords":["Economia"],"articleSection":["Alto Minho"],"inLanguage":"pt-PT","copyrightYear":"2023","copyrightHolder":{"@id":"https:\/\/www.altominho.tv\/site\/#organization"}},{"@type":"WebPage","@id":"https:\/\/www.altominho.tv\/site\/2023\/01\/19\/primeiro-nevao-do-ano-acelera-hotelaria-e-restauracao-do-alto-minho\/","url":"https:\/\/www.altominho.tv\/site\/2023\/01\/19\/primeiro-nevao-do-ano-acelera-hotelaria-e-restauracao-do-alto-minho\/","name":"Primeiro nev\u00e3o do ano \u201cacelera\u201d hotelaria e restaura\u00e7\u00e3o do Alto Minho","isPartOf":{"@id":"https:\/\/www.altominho.tv\/site\/#website"},"primaryImageOfPage":{"@id":"https:\/\/www.altominho.tv\/site\/2023\/01\/19\/primeiro-nevao-do-ano-acelera-hotelaria-e-restauracao-do-alto-minho\/#primaryimage"},"image":{"@id":"https:\/\/www.altominho.tv\/site\/2023\/01\/19\/primeiro-nevao-do-ano-acelera-hotelaria-e-restauracao-do-alto-minho\/#primaryimage"},"thumbnailUrl":"https:\/\/www.altominho.tv\/site\/wp-content\/uploads\/2023\/01\/neve.jpg","datePublished":"2023-01-19T16:16:02+00:00","dateModified":"2023-01-19T16:19:49+00:00","author":{"@id":"https:\/\/www.altominho.tv\/site\/#\/schema\/person\/4e536851627d7914baf3dac752b6af22"},"description":"O primeiro nev\u00e3o do ano que na ter\u00e7a-feira come\u00e7ou a \u2018pintar\u2019 de branco as zonas montanhosas do distrito de Viana do Castelo est\u00e1 a \u201cacelerar\u201d os neg\u00f3cios nos setores da restaura\u00e7\u00e3o e hotelaria, consideraram hoje autarcas da regi\u00e3o.","breadcrumb":{"@id":"https:\/\/www.altominho.tv\/site\/2023\/01\/19\/primeiro-nevao-do-ano-acelera-hotelaria-e-restauracao-do-alto-minho\/#breadcrumb"},"inLanguage":"pt-PT","potentialAction":[{"@type":"ReadAction","target":["https:\/\/www.altominho.tv\/site\/2023\/01\/19\/primeiro-nevao-do-ano-acelera-hotelaria-e-restauracao-do-alto-minho\/"]}]},{"@type":"ImageObject","inLanguage":"pt-PT","@id":"https:\/\/www.altominho.tv\/site\/2023\/01\/19\/primeiro-nevao-do-ano-acelera-hotelaria-e-restauracao-do-alto-minho\/#primaryimage","url":"https:\/\/www.altominho.tv\/site\/wp-content\/uploads\/2023\/01\/neve.jpg","contentUrl":"https:\/\/www.altominho.tv\/site\/wp-content\/uploads\/2023\/01\/neve.jpg","width":2550,"height":1324,"caption":"DR"},{"@type":"BreadcrumbList","@id":"https:\/\/www.altominho.tv\/site\/2023\/01\/19\/primeiro-nevao-do-ano-acelera-hotelaria-e-restauracao-do-alto-minho\/#breadcrumb","itemListElement":[{"@type":"ListItem","position":1,"name":"In\u00edcio","item":"https:\/\/www.altominho.tv\/site\/"},{"@type":"ListItem","position":2,"name":"Primeiro nev\u00e3o do ano \u201cacelera\u201d hotelaria e restaura\u00e7\u00e3o do Alto Minho"}]},{"@type":"WebSite","@id":"https:\/\/www.altominho.tv\/site\/#website","url":"https:\/\/www.altominho.tv\/site\/","name":"Altominho.tv","description":"A sua regi\u00e3o \u00e0 dist\u00e2ncia de um clique...","potentialAction":[{"@type":"SearchAction","target":{"@type":"EntryPoint","urlTemplate":"https:\/\/www.altominho.tv\/site\/?s={search_term_string}"},"query-input":{"@type":"PropertyValueSpecification","valueRequired":true,"valueName":"search_term_string"}}],"inLanguage":"pt-PT"},{"@type":"Person","@id":"https:\/\/www.altominho.tv\/site\/#\/schema\/person\/4e536851627d7914baf3dac752b6af22","name":"Altominho.tv","image":{"@type":"ImageObject","inLanguage":"pt-PT","@id":"https:\/\/www.altominho.tv\/site\/wp-content\/uploads\/2019\/11\/Logo_Avatar_2-150x150.jpg","url":"https:\/\/www.altominho.tv\/site\/wp-content\/uploads\/2019\/11\/Logo_Avatar_2-150x150.jpg","contentUrl":"https:\/\/www.altominho.tv\/site\/wp-content\/uploads\/2019\/11\/Logo_Avatar_2-150x150.jpg","caption":"Altominho.tv"},"url":"https:\/\/www.altominho.tv\/site\/author\/altominhotv-tecnico\/"}]}},"_links":{"self":[{"href":"https:\/\/www.altominho.tv\/site\/wp-json\/wp\/v2\/posts\/88144","targetHints":{"allow":["GET"]}}],"collection":[{"href":"https:\/\/www.altominho.tv\/site\/wp-json\/wp\/v2\/posts"}],"about":[{"href":"https:\/\/www.altominho.tv\/site\/wp-json\/wp\/v2\/types\/post"}],"author":[{"embeddable":true,"href":"https:\/\/www.altominho.tv\/site\/wp-json\/wp\/v2\/users\/1"}],"replies":[{"embeddable":true,"href":"https:\/\/www.altominho.tv\/site\/wp-json\/wp\/v2\/comments?post=88144"}],"version-history":[{"count":1,"href":"https:\/\/www.altominho.tv\/site\/wp-json\/wp\/v2\/posts\/88144\/revisions"}],"predecessor-version":[{"id":88147,"href":"https:\/\/www.altominho.tv\/site\/wp-json\/wp\/v2\/posts\/88144\/revisions\/88147"}],"wp:featuredmedia":[{"embeddable":true,"href":"https:\/\/www.altominho.tv\/site\/wp-json\/wp\/v2\/media\/88146"}],"wp:attachment":[{"href":"https:\/\/www.altominho.tv\/site\/wp-json\/wp\/v2\/media?parent=88144"}],"wp:term":[{"taxonomy":"category","embeddable":true,"href":"https:\/\/www.altominho.tv\/site\/wp-json\/wp\/v2\/categories?post=88144"},{"taxonomy":"post_tag","embeddable":true,"href":"https:\/\/www.altominho.tv\/site\/wp-json\/wp\/v2\/tags?post=88144"}],"curies":[{"name":"wp","href":"https:\/\/api.w.org\/{rel}","templated":true}]}}