{"id":88051,"date":"2023-01-17T18:37:07","date_gmt":"2023-01-17T18:37:07","guid":{"rendered":"https:\/\/www.altominho.tv\/site\/?p=88051"},"modified":"2023-01-17T18:37:12","modified_gmt":"2023-01-17T18:37:12","slug":"investimento-de-65-me-requalifica-estrada-nacional-entre-valenca-e-moncao","status":"publish","type":"post","link":"https:\/\/www.altominho.tv\/site\/2023\/01\/17\/investimento-de-65-me-requalifica-estrada-nacional-entre-valenca-e-moncao\/","title":{"rendered":"Investimento de 6,5 ME requalifica estrada nacional entre Valen\u00e7a e Mon\u00e7\u00e3o"},"content":{"rendered":"<p>A requalifica\u00e7\u00e3o da Estrada Nacional (EN) 101 entre Valen\u00e7a e o entroncamento com a EN 202 em Mon\u00e7\u00e3o, j\u00e1 come\u00e7ou num investimento de 6,5 milh\u00f5es de euros, e tem prazo de execu\u00e7\u00e3o de 363 dias, foi hoje divulgado.<\/p>\n<p>Em comunicado enviado \u00e0s reda\u00e7\u00f5es, a Infraestruturas de Portugal (IP) acrescenta que \u201ca obra agora iniciada, com um investimento de cerca 6,5 milh\u00f5es de euros, tem por objetivo a melhoria das condi\u00e7\u00f5es de circula\u00e7\u00e3o e seguran\u00e7a rodovi\u00e1ria desta via, reabilitando o pavimento e a sinaliza\u00e7\u00e3o e equipamentos de seguran\u00e7a, repondo os n\u00edveis de servi\u00e7o adequados\u201d.<\/p>\n<p>A empreitada, h\u00e1 muito reclamada por autarquias, empresas e sociedade civil e iniciada a 2 de janeiro, desenvolve-se num tro\u00e7o com uma extens\u00e3o aproximada de 15,10 quil\u00f3metros, nos concelhos de Valen\u00e7a e Mon\u00e7\u00e3o, no distrito de Viana do Castelo.<\/p>\n<p>A interven\u00e7\u00e3o \u201cinicia-se ao quil\u00f3metro 0,875 da EN101, junto a um largo existente, e termina ao quil\u00f3metro 15,963 na rotunda com a EN202\u201d.<\/p>\n<p>Os trabalhos incluem \u201cum conjunto de trabalhos como a requalifica\u00e7\u00e3o do pavimento, das bermas e das valetas e\/ou constru\u00e7\u00e3o de passeios, bem como a reformula\u00e7\u00e3o e\/ou melhoria das interce\u00e7\u00f5es e da sinaliza\u00e7\u00e3o vertical e horizontal\u201d.<\/p>\n<p>\u201cSer\u00e1 tamb\u00e9m constru\u00edda uma nova rotunda ao quil\u00f3metro 6,900, e retificado o tra\u00e7ado entre os quil\u00f3metros 1,524 e 2,013, atrav\u00e9s do aumento do raio das curvas\u201d, acrescenta a nota.<\/p>\n<p>A recupera\u00e7\u00e3o agora iniciada est\u00e1 integrada num estudo da Comiss\u00e3o de Coordena\u00e7\u00e3o e Desenvolvimento Regional do Norte (CCDR-N) apresentado, em fevereiro de 2022, em Melga\u00e7o, e prev\u00ea um investimento global de 145 milh\u00f5es de euros no refor\u00e7o das liga\u00e7\u00f5es rodovi\u00e1rias entre o Alto Minho e a Galiza.<\/p>\n<p>O documento, com 50 p\u00e1ginas, apresentado na presen\u00e7a do ex-ministro das Infraestruturas, que, na altura apelou \u00e0 \u201cdefini\u00e7\u00e3o de prioridades\u201d.<\/p>\n<p>O estudo prev\u00ea, entre outras obras, a constru\u00e7\u00e3o de uma nova ponte internacional sobre o rio Minho, entre Mon\u00e7\u00e3o e a Galiza, estimada em 50 milh\u00f5es de euros.<\/p>\n<p>Na ocasi\u00e3o, Raquel Meira, da CCDR-N, apontou a nova ponte como a obra \u201cmais robusta, em termos financeiros, das tr\u00eas que constam do plano\u201d de investimento em acessibilidades naquela regi\u00e3o transfronteiri\u00e7a.<\/p>\n<p>O plano das grandes infraestruturas rodovi\u00e1rias que permitir\u00e3o potenciar o investimento na rede ferrovi\u00e1ria de alta velocidade, entre o Porto e Tui, prev\u00ea ainda a constru\u00e7\u00e3o de uma nova estrada do prolongamento da A28 entre Caminha e Valen\u00e7a, no valor de 45 milh\u00f5es de euros, de uma variante em Valen\u00e7a (15 milh\u00f5es), e outra em Mon\u00e7\u00e3o (cinco milh\u00f5es).<\/p>\n<p>Contempla tamb\u00e9m a beneficia\u00e7\u00e3o da Estrada Nacional (EN) 202, entre Mon\u00e7\u00e3o e Melga\u00e7o (S\u00e3o Greg\u00f3rio), or\u00e7ada em 30 milh\u00f5es de euros, da EN 101, entre Valen\u00e7a e Mon\u00e7\u00e3o (agora iniciada) e, do Itiner\u00e1rio Complementar 28 (IC28) at\u00e9 fronteira da Madalena, no Lindoso, Ponte da Barca, num investimento de 25 milh\u00f5es de euros, sendo considerada a \u00fanica porta de entrada do Alto Minho \u00e0 prov\u00edncia de Ourense, na Galiza, prevista h\u00e1 mais de uma d\u00e9cada.<\/p>\n<p>Segundo a respons\u00e1vel, o impacto econ\u00f3mico da constru\u00e7\u00e3o daquelas vias est\u00e1 estimado \u201cem 120 milh\u00f5es no Produto Interno Bruto (PIB) da regi\u00e3o, sendo mais evidente no territ\u00f3rio, mas tamb\u00e9m em distritos vizinhos\u201d.<\/p>\n","protected":false},"excerpt":{"rendered":"<p>A requalifica\u00e7\u00e3o da Estrada Nacional (EN) 101 entre Valen\u00e7a e o entroncamento com a EN 202 em Mon\u00e7\u00e3o, j\u00e1 come\u00e7ou num investimento de 6,5 milh\u00f5es de euros, e tem prazo de execu\u00e7\u00e3o de 363 dias, foi hoje divulgado. Em comunicado enviado \u00e0s reda\u00e7\u00f5es, a Infraestruturas de Portugal (IP) acrescenta que \u201ca obra agora iniciada, com [&hellip;]<\/p>\n","protected":false},"author":1,"featured_media":88052,"comment_status":"closed","ping_status":"closed","sticky":false,"template":"","format":"standard","meta":{"_exactmetrics_skip_tracking":false,"_exactmetrics_sitenote_active":false,"_exactmetrics_sitenote_note":"","_exactmetrics_sitenote_category":0,"footnotes":""},"categories":[73],"tags":[27],"class_list":["post-88051","post","type-post","status-publish","format-standard","has-post-thumbnail","hentry","category-alto-minho","tag-sociedade"],"yoast_head":"<!-- This site is optimized with the Yoast SEO Premium plugin v27.5 (Yoast SEO v27.5) - https:\/\/yoast.com\/product\/yoast-seo-premium-wordpress\/ -->\n<title>Investimento de 6,5 ME requalifica estrada nacional entre Valen\u00e7a e Mon\u00e7\u00e3o<\/title>\n<meta name=\"description\" content=\"A requalifica\u00e7\u00e3o da Estrada Nacional (EN) 101 entre Valen\u00e7a e o entroncamento com a EN 202 em Mon\u00e7\u00e3o, j\u00e1 come\u00e7ou num investimento de 6,5 milh\u00f5es de euros, e tem prazo de execu\u00e7\u00e3o de 363 dias, foi hoje divulgado.\" \/>\n<meta name=\"robots\" content=\"index, follow, max-snippet:-1, max-image-preview:large, max-video-preview:-1\" \/>\n<link rel=\"canonical\" href=\"https:\/\/www.altominho.tv\/site\/2023\/01\/17\/investimento-de-65-me-requalifica-estrada-nacional-entre-valenca-e-moncao\/\" \/>\n<meta property=\"og:locale\" content=\"pt_PT\" \/>\n<meta property=\"og:type\" content=\"article\" \/>\n<meta property=\"og:title\" content=\"Investimento de 6,5 ME requalifica estrada nacional entre Valen\u00e7a e Mon\u00e7\u00e3o\" \/>\n<meta property=\"og:description\" content=\"A requalifica\u00e7\u00e3o da Estrada Nacional (EN) 101 entre Valen\u00e7a e o entroncamento com a EN 202 em Mon\u00e7\u00e3o, j\u00e1 come\u00e7ou num investimento de 6,5 milh\u00f5es de euros, e tem prazo de execu\u00e7\u00e3o de 363 dias, foi hoje divulgado.\" \/>\n<meta property=\"og:url\" content=\"https:\/\/www.altominho.tv\/site\/2023\/01\/17\/investimento-de-65-me-requalifica-estrada-nacional-entre-valenca-e-moncao\/\" \/>\n<meta property=\"og:site_name\" content=\"Altominho.tv\" \/>\n<meta property=\"article:publisher\" content=\"https:\/\/www.facebook.com\/altominhotv\" \/>\n<meta property=\"article:published_time\" content=\"2023-01-17T18:37:07+00:00\" \/>\n<meta property=\"article:modified_time\" content=\"2023-01-17T18:37:12+00:00\" \/>\n<meta property=\"og:image\" content=\"https:\/\/www.altominho.tv\/site\/wp-content\/uploads\/2023\/01\/EN101.jpg\" \/>\n\t<meta property=\"og:image:width\" content=\"2166\" \/>\n\t<meta property=\"og:image:height\" content=\"1041\" \/>\n\t<meta property=\"og:image:type\" content=\"image\/jpeg\" \/>\n<meta name=\"author\" content=\"Altominho.tv\" \/>\n<meta name=\"twitter:card\" content=\"summary_large_image\" \/>\n<meta name=\"twitter:creator\" content=\"@altominhoTV\" \/>\n<meta name=\"twitter:site\" content=\"@altominhoTV\" \/>\n<meta name=\"twitter:label1\" content=\"Escrito por\" \/>\n\t<meta name=\"twitter:data1\" content=\"Altominho.tv\" \/>\n\t<meta name=\"twitter:label2\" content=\"Tempo estimado de leitura\" \/>\n\t<meta name=\"twitter:data2\" content=\"3 minutos\" \/>\n<script type=\"application\/ld+json\" class=\"yoast-schema-graph\">{\"@context\":\"https:\\\/\\\/schema.org\",\"@graph\":[{\"@type\":\"Article\",\"@id\":\"https:\\\/\\\/www.altominho.tv\\\/site\\\/2023\\\/01\\\/17\\\/investimento-de-65-me-requalifica-estrada-nacional-entre-valenca-e-moncao\\\/#article\",\"isPartOf\":{\"@id\":\"https:\\\/\\\/www.altominho.tv\\\/site\\\/2023\\\/01\\\/17\\\/investimento-de-65-me-requalifica-estrada-nacional-entre-valenca-e-moncao\\\/\"},\"author\":{\"name\":\"Altominho.tv\",\"@id\":\"https:\\\/\\\/www.altominho.tv\\\/site\\\/#\\\/schema\\\/person\\\/4e536851627d7914baf3dac752b6af22\"},\"headline\":\"Investimento de 6,5 ME requalifica estrada nacional entre Valen\u00e7a e Mon\u00e7\u00e3o\",\"datePublished\":\"2023-01-17T18:37:07+00:00\",\"dateModified\":\"2023-01-17T18:37:12+00:00\",\"mainEntityOfPage\":{\"@id\":\"https:\\\/\\\/www.altominho.tv\\\/site\\\/2023\\\/01\\\/17\\\/investimento-de-65-me-requalifica-estrada-nacional-entre-valenca-e-moncao\\\/\"},\"wordCount\":581,\"image\":{\"@id\":\"https:\\\/\\\/www.altominho.tv\\\/site\\\/2023\\\/01\\\/17\\\/investimento-de-65-me-requalifica-estrada-nacional-entre-valenca-e-moncao\\\/#primaryimage\"},\"thumbnailUrl\":\"https:\\\/\\\/www.altominho.tv\\\/site\\\/wp-content\\\/uploads\\\/2023\\\/01\\\/EN101.jpg\",\"keywords\":[\"Sociedade\"],\"articleSection\":[\"Alto Minho\"],\"inLanguage\":\"pt-PT\",\"copyrightYear\":\"2023\",\"copyrightHolder\":{\"@id\":\"https:\\\/\\\/www.altominho.tv\\\/site\\\/#organization\"}},{\"@type\":\"WebPage\",\"@id\":\"https:\\\/\\\/www.altominho.tv\\\/site\\\/2023\\\/01\\\/17\\\/investimento-de-65-me-requalifica-estrada-nacional-entre-valenca-e-moncao\\\/\",\"url\":\"https:\\\/\\\/www.altominho.tv\\\/site\\\/2023\\\/01\\\/17\\\/investimento-de-65-me-requalifica-estrada-nacional-entre-valenca-e-moncao\\\/\",\"name\":\"Investimento de 6,5 ME requalifica estrada nacional entre Valen\u00e7a e Mon\u00e7\u00e3o\",\"isPartOf\":{\"@id\":\"https:\\\/\\\/www.altominho.tv\\\/site\\\/#website\"},\"primaryImageOfPage\":{\"@id\":\"https:\\\/\\\/www.altominho.tv\\\/site\\\/2023\\\/01\\\/17\\\/investimento-de-65-me-requalifica-estrada-nacional-entre-valenca-e-moncao\\\/#primaryimage\"},\"image\":{\"@id\":\"https:\\\/\\\/www.altominho.tv\\\/site\\\/2023\\\/01\\\/17\\\/investimento-de-65-me-requalifica-estrada-nacional-entre-valenca-e-moncao\\\/#primaryimage\"},\"thumbnailUrl\":\"https:\\\/\\\/www.altominho.tv\\\/site\\\/wp-content\\\/uploads\\\/2023\\\/01\\\/EN101.jpg\",\"datePublished\":\"2023-01-17T18:37:07+00:00\",\"dateModified\":\"2023-01-17T18:37:12+00:00\",\"author\":{\"@id\":\"https:\\\/\\\/www.altominho.tv\\\/site\\\/#\\\/schema\\\/person\\\/4e536851627d7914baf3dac752b6af22\"},\"description\":\"A requalifica\u00e7\u00e3o da Estrada Nacional (EN) 101 entre Valen\u00e7a e o entroncamento com a EN 202 em Mon\u00e7\u00e3o, j\u00e1 come\u00e7ou num investimento de 6,5 milh\u00f5es de euros, e tem prazo de execu\u00e7\u00e3o de 363 dias, foi hoje divulgado.\",\"breadcrumb\":{\"@id\":\"https:\\\/\\\/www.altominho.tv\\\/site\\\/2023\\\/01\\\/17\\\/investimento-de-65-me-requalifica-estrada-nacional-entre-valenca-e-moncao\\\/#breadcrumb\"},\"inLanguage\":\"pt-PT\",\"potentialAction\":[{\"@type\":\"ReadAction\",\"target\":[\"https:\\\/\\\/www.altominho.tv\\\/site\\\/2023\\\/01\\\/17\\\/investimento-de-65-me-requalifica-estrada-nacional-entre-valenca-e-moncao\\\/\"]}]},{\"@type\":\"ImageObject\",\"inLanguage\":\"pt-PT\",\"@id\":\"https:\\\/\\\/www.altominho.tv\\\/site\\\/2023\\\/01\\\/17\\\/investimento-de-65-me-requalifica-estrada-nacional-entre-valenca-e-moncao\\\/#primaryimage\",\"url\":\"https:\\\/\\\/www.altominho.tv\\\/site\\\/wp-content\\\/uploads\\\/2023\\\/01\\\/EN101.jpg\",\"contentUrl\":\"https:\\\/\\\/www.altominho.tv\\\/site\\\/wp-content\\\/uploads\\\/2023\\\/01\\\/EN101.jpg\",\"width\":2166,\"height\":1041},{\"@type\":\"BreadcrumbList\",\"@id\":\"https:\\\/\\\/www.altominho.tv\\\/site\\\/2023\\\/01\\\/17\\\/investimento-de-65-me-requalifica-estrada-nacional-entre-valenca-e-moncao\\\/#breadcrumb\",\"itemListElement\":[{\"@type\":\"ListItem\",\"position\":1,\"name\":\"In\u00edcio\",\"item\":\"https:\\\/\\\/www.altominho.tv\\\/site\\\/\"},{\"@type\":\"ListItem\",\"position\":2,\"name\":\"Investimento de 6,5 ME requalifica estrada nacional entre Valen\u00e7a e Mon\u00e7\u00e3o\"}]},{\"@type\":\"WebSite\",\"@id\":\"https:\\\/\\\/www.altominho.tv\\\/site\\\/#website\",\"url\":\"https:\\\/\\\/www.altominho.tv\\\/site\\\/\",\"name\":\"Altominho.tv\",\"description\":\"A sua regi\u00e3o \u00e0 dist\u00e2ncia de um clique...\",\"potentialAction\":[{\"@type\":\"SearchAction\",\"target\":{\"@type\":\"EntryPoint\",\"urlTemplate\":\"https:\\\/\\\/www.altominho.tv\\\/site\\\/?s={search_term_string}\"},\"query-input\":{\"@type\":\"PropertyValueSpecification\",\"valueRequired\":true,\"valueName\":\"search_term_string\"}}],\"inLanguage\":\"pt-PT\"},{\"@type\":\"Person\",\"@id\":\"https:\\\/\\\/www.altominho.tv\\\/site\\\/#\\\/schema\\\/person\\\/4e536851627d7914baf3dac752b6af22\",\"name\":\"Altominho.tv\",\"image\":{\"@type\":\"ImageObject\",\"inLanguage\":\"pt-PT\",\"@id\":\"https:\\\/\\\/www.altominho.tv\\\/site\\\/wp-content\\\/uploads\\\/2019\\\/11\\\/Logo_Avatar_2-150x150.jpg\",\"url\":\"https:\\\/\\\/www.altominho.tv\\\/site\\\/wp-content\\\/uploads\\\/2019\\\/11\\\/Logo_Avatar_2-150x150.jpg\",\"contentUrl\":\"https:\\\/\\\/www.altominho.tv\\\/site\\\/wp-content\\\/uploads\\\/2019\\\/11\\\/Logo_Avatar_2-150x150.jpg\",\"caption\":\"Altominho.tv\"},\"url\":\"https:\\\/\\\/www.altominho.tv\\\/site\\\/author\\\/altominhotv-tecnico\\\/\"}]}<\/script>\n<!-- \/ Yoast SEO Premium plugin. -->","yoast_head_json":{"title":"Investimento de 6,5 ME requalifica estrada nacional entre Valen\u00e7a e Mon\u00e7\u00e3o","description":"A requalifica\u00e7\u00e3o da Estrada Nacional (EN) 101 entre Valen\u00e7a e o entroncamento com a EN 202 em Mon\u00e7\u00e3o, j\u00e1 come\u00e7ou num investimento de 6,5 milh\u00f5es de euros, e tem prazo de execu\u00e7\u00e3o de 363 dias, foi hoje divulgado.","robots":{"index":"index","follow":"follow","max-snippet":"max-snippet:-1","max-image-preview":"max-image-preview:large","max-video-preview":"max-video-preview:-1"},"canonical":"https:\/\/www.altominho.tv\/site\/2023\/01\/17\/investimento-de-65-me-requalifica-estrada-nacional-entre-valenca-e-moncao\/","og_locale":"pt_PT","og_type":"article","og_title":"Investimento de 6,5 ME requalifica estrada nacional entre Valen\u00e7a e Mon\u00e7\u00e3o","og_description":"A requalifica\u00e7\u00e3o da Estrada Nacional (EN) 101 entre Valen\u00e7a e o entroncamento com a EN 202 em Mon\u00e7\u00e3o, j\u00e1 come\u00e7ou num investimento de 6,5 milh\u00f5es de euros, e tem prazo de execu\u00e7\u00e3o de 363 dias, foi hoje divulgado.","og_url":"https:\/\/www.altominho.tv\/site\/2023\/01\/17\/investimento-de-65-me-requalifica-estrada-nacional-entre-valenca-e-moncao\/","og_site_name":"Altominho.tv","article_publisher":"https:\/\/www.facebook.com\/altominhotv","article_published_time":"2023-01-17T18:37:07+00:00","article_modified_time":"2023-01-17T18:37:12+00:00","og_image":[{"width":2166,"height":1041,"url":"https:\/\/www.altominho.tv\/site\/wp-content\/uploads\/2023\/01\/EN101.jpg","type":"image\/jpeg"}],"author":"Altominho.tv","twitter_card":"summary_large_image","twitter_creator":"@altominhoTV","twitter_site":"@altominhoTV","twitter_misc":{"Escrito por":"Altominho.tv","Tempo estimado de leitura":"3 minutos"},"schema":{"@context":"https:\/\/schema.org","@graph":[{"@type":"Article","@id":"https:\/\/www.altominho.tv\/site\/2023\/01\/17\/investimento-de-65-me-requalifica-estrada-nacional-entre-valenca-e-moncao\/#article","isPartOf":{"@id":"https:\/\/www.altominho.tv\/site\/2023\/01\/17\/investimento-de-65-me-requalifica-estrada-nacional-entre-valenca-e-moncao\/"},"author":{"name":"Altominho.tv","@id":"https:\/\/www.altominho.tv\/site\/#\/schema\/person\/4e536851627d7914baf3dac752b6af22"},"headline":"Investimento de 6,5 ME requalifica estrada nacional entre Valen\u00e7a e Mon\u00e7\u00e3o","datePublished":"2023-01-17T18:37:07+00:00","dateModified":"2023-01-17T18:37:12+00:00","mainEntityOfPage":{"@id":"https:\/\/www.altominho.tv\/site\/2023\/01\/17\/investimento-de-65-me-requalifica-estrada-nacional-entre-valenca-e-moncao\/"},"wordCount":581,"image":{"@id":"https:\/\/www.altominho.tv\/site\/2023\/01\/17\/investimento-de-65-me-requalifica-estrada-nacional-entre-valenca-e-moncao\/#primaryimage"},"thumbnailUrl":"https:\/\/www.altominho.tv\/site\/wp-content\/uploads\/2023\/01\/EN101.jpg","keywords":["Sociedade"],"articleSection":["Alto Minho"],"inLanguage":"pt-PT","copyrightYear":"2023","copyrightHolder":{"@id":"https:\/\/www.altominho.tv\/site\/#organization"}},{"@type":"WebPage","@id":"https:\/\/www.altominho.tv\/site\/2023\/01\/17\/investimento-de-65-me-requalifica-estrada-nacional-entre-valenca-e-moncao\/","url":"https:\/\/www.altominho.tv\/site\/2023\/01\/17\/investimento-de-65-me-requalifica-estrada-nacional-entre-valenca-e-moncao\/","name":"Investimento de 6,5 ME requalifica estrada nacional entre Valen\u00e7a e Mon\u00e7\u00e3o","isPartOf":{"@id":"https:\/\/www.altominho.tv\/site\/#website"},"primaryImageOfPage":{"@id":"https:\/\/www.altominho.tv\/site\/2023\/01\/17\/investimento-de-65-me-requalifica-estrada-nacional-entre-valenca-e-moncao\/#primaryimage"},"image":{"@id":"https:\/\/www.altominho.tv\/site\/2023\/01\/17\/investimento-de-65-me-requalifica-estrada-nacional-entre-valenca-e-moncao\/#primaryimage"},"thumbnailUrl":"https:\/\/www.altominho.tv\/site\/wp-content\/uploads\/2023\/01\/EN101.jpg","datePublished":"2023-01-17T18:37:07+00:00","dateModified":"2023-01-17T18:37:12+00:00","author":{"@id":"https:\/\/www.altominho.tv\/site\/#\/schema\/person\/4e536851627d7914baf3dac752b6af22"},"description":"A requalifica\u00e7\u00e3o da Estrada Nacional (EN) 101 entre Valen\u00e7a e o entroncamento com a EN 202 em Mon\u00e7\u00e3o, j\u00e1 come\u00e7ou num investimento de 6,5 milh\u00f5es de euros, e tem prazo de execu\u00e7\u00e3o de 363 dias, foi hoje divulgado.","breadcrumb":{"@id":"https:\/\/www.altominho.tv\/site\/2023\/01\/17\/investimento-de-65-me-requalifica-estrada-nacional-entre-valenca-e-moncao\/#breadcrumb"},"inLanguage":"pt-PT","potentialAction":[{"@type":"ReadAction","target":["https:\/\/www.altominho.tv\/site\/2023\/01\/17\/investimento-de-65-me-requalifica-estrada-nacional-entre-valenca-e-moncao\/"]}]},{"@type":"ImageObject","inLanguage":"pt-PT","@id":"https:\/\/www.altominho.tv\/site\/2023\/01\/17\/investimento-de-65-me-requalifica-estrada-nacional-entre-valenca-e-moncao\/#primaryimage","url":"https:\/\/www.altominho.tv\/site\/wp-content\/uploads\/2023\/01\/EN101.jpg","contentUrl":"https:\/\/www.altominho.tv\/site\/wp-content\/uploads\/2023\/01\/EN101.jpg","width":2166,"height":1041},{"@type":"BreadcrumbList","@id":"https:\/\/www.altominho.tv\/site\/2023\/01\/17\/investimento-de-65-me-requalifica-estrada-nacional-entre-valenca-e-moncao\/#breadcrumb","itemListElement":[{"@type":"ListItem","position":1,"name":"In\u00edcio","item":"https:\/\/www.altominho.tv\/site\/"},{"@type":"ListItem","position":2,"name":"Investimento de 6,5 ME requalifica estrada nacional entre Valen\u00e7a e Mon\u00e7\u00e3o"}]},{"@type":"WebSite","@id":"https:\/\/www.altominho.tv\/site\/#website","url":"https:\/\/www.altominho.tv\/site\/","name":"Altominho.tv","description":"A sua regi\u00e3o \u00e0 dist\u00e2ncia de um clique...","potentialAction":[{"@type":"SearchAction","target":{"@type":"EntryPoint","urlTemplate":"https:\/\/www.altominho.tv\/site\/?s={search_term_string}"},"query-input":{"@type":"PropertyValueSpecification","valueRequired":true,"valueName":"search_term_string"}}],"inLanguage":"pt-PT"},{"@type":"Person","@id":"https:\/\/www.altominho.tv\/site\/#\/schema\/person\/4e536851627d7914baf3dac752b6af22","name":"Altominho.tv","image":{"@type":"ImageObject","inLanguage":"pt-PT","@id":"https:\/\/www.altominho.tv\/site\/wp-content\/uploads\/2019\/11\/Logo_Avatar_2-150x150.jpg","url":"https:\/\/www.altominho.tv\/site\/wp-content\/uploads\/2019\/11\/Logo_Avatar_2-150x150.jpg","contentUrl":"https:\/\/www.altominho.tv\/site\/wp-content\/uploads\/2019\/11\/Logo_Avatar_2-150x150.jpg","caption":"Altominho.tv"},"url":"https:\/\/www.altominho.tv\/site\/author\/altominhotv-tecnico\/"}]}},"_links":{"self":[{"href":"https:\/\/www.altominho.tv\/site\/wp-json\/wp\/v2\/posts\/88051","targetHints":{"allow":["GET"]}}],"collection":[{"href":"https:\/\/www.altominho.tv\/site\/wp-json\/wp\/v2\/posts"}],"about":[{"href":"https:\/\/www.altominho.tv\/site\/wp-json\/wp\/v2\/types\/post"}],"author":[{"embeddable":true,"href":"https:\/\/www.altominho.tv\/site\/wp-json\/wp\/v2\/users\/1"}],"replies":[{"embeddable":true,"href":"https:\/\/www.altominho.tv\/site\/wp-json\/wp\/v2\/comments?post=88051"}],"version-history":[{"count":1,"href":"https:\/\/www.altominho.tv\/site\/wp-json\/wp\/v2\/posts\/88051\/revisions"}],"predecessor-version":[{"id":88053,"href":"https:\/\/www.altominho.tv\/site\/wp-json\/wp\/v2\/posts\/88051\/revisions\/88053"}],"wp:featuredmedia":[{"embeddable":true,"href":"https:\/\/www.altominho.tv\/site\/wp-json\/wp\/v2\/media\/88052"}],"wp:attachment":[{"href":"https:\/\/www.altominho.tv\/site\/wp-json\/wp\/v2\/media?parent=88051"}],"wp:term":[{"taxonomy":"category","embeddable":true,"href":"https:\/\/www.altominho.tv\/site\/wp-json\/wp\/v2\/categories?post=88051"},{"taxonomy":"post_tag","embeddable":true,"href":"https:\/\/www.altominho.tv\/site\/wp-json\/wp\/v2\/tags?post=88051"}],"curies":[{"name":"wp","href":"https:\/\/api.w.org\/{rel}","templated":true}]}}