{"id":87616,"date":"2023-01-06T17:02:40","date_gmt":"2023-01-06T17:02:40","guid":{"rendered":"https:\/\/www.altominho.tv\/site\/?p=87616"},"modified":"2023-01-06T17:02:45","modified_gmt":"2023-01-06T17:02:45","slug":"atencao-alto-minho-ipma-alerta-para-novo-episodio-de-chuva-forte-no-fim-de-semana","status":"publish","type":"post","link":"https:\/\/www.altominho.tv\/site\/2023\/01\/06\/atencao-alto-minho-ipma-alerta-para-novo-episodio-de-chuva-forte-no-fim-de-semana\/","title":{"rendered":"Aten\u00e7\u00e3o Alto Minho: IPMA alerta para &#8220;novo epis\u00f3dio&#8221; de chuva forte no fim de semana\u00a0"},"content":{"rendered":"<p>A passagem de sistemas frontais por Portugal continental no fim de semana vai provocar \u201cnovo epis\u00f3dio\u201d de chuva \u201cforte e persistente\u201d na regi\u00e3o Norte, em especial no Minho, indicou hoje o Instituto Portugu\u00eas do Mar e da Atmosfera (IPMA).<\/p>\n<p>\u201cDepois de alguns dias sem precipita\u00e7\u00e3o, a passagem de sistemas frontais pelo continente no fim de semana (7 e 8 de janeiro) ir\u00e1 dar origem \u00e0 ocorr\u00eancia de precipita\u00e7\u00e3o forte e persistente no litoral a norte do Cabo Mondego, em especial na regi\u00e3o do Minho\u201d, adianta o IPMA, em comunicado.<\/p>\n<p>Segundo o IPMA, a chuva forte ir\u00e1 ocorrer entre a madrugada e o princ\u00edpio da tarde de s\u00e1bado e entre a madrugada e tarde de domingo, \u201cpodendo os valores acumulados variar entre 100 e 180 mm [mil\u00edmetros] nas regi\u00f5es montanhosas e entre 80 e 100 mm nas regi\u00f5es n\u00e3o montanhosas\u201d.<\/p>\n<p>O IPMA j\u00e1 tinha colocado os distritos do Porto, Viana do Castelo, Aveiro e Braga sob aviso laranja no s\u00e1bado, devido \u00e0 previs\u00e3o de per\u00edodos de chuva por vezes forte.<\/p>\n<p>O aviso nos quatro distritos vai vigorar entre as 03h00 e as 12h00 de s\u00e1bado, passando depois a aviso amarelo at\u00e9 \u00e0s 18h00 de domingo.<\/p>\n<p>Viseu, Vila Real e Coimbra tamb\u00e9m estar\u00e3o sob aviso por causa da chuva, mas a amarelo entre as 06h00 e as 18h00 de s\u00e1bado e as 06h00 e as 21h00 de domingo.<\/p>\n<p>Na nota \u00e9 ainda referido que os epis\u00f3dios de precipita\u00e7\u00e3o ser\u00e3o acompanhados de vento forte, com rajadas que poder\u00e3o atingir 85 quil\u00f3metros por hora (km\/h) no litoral da regi\u00e3o Norte e nas terras altas.<\/p>\n<p>Haver\u00e1 tamb\u00e9m forte agita\u00e7\u00e3o mar\u00edtima na costa ocidental a partir de s\u00e1bado e durante todo o dia de domingo, com ondas de cinco a seis metros de altura significativa a norte do Cabo da Roca e quatro a cinco metros a sul do mesmo local.<\/p>\n<p>O IPMA emitiu tamb\u00e9m aviso laranja para os distritos do Porto, Viana do Castelo, Lisboa, Leiria, Aveiro, Coimbra e Braga por causa da agita\u00e7\u00e3o mar\u00edtima.<\/p>\n<p>Numa nota divulgada hoje \u00e0 tarde, a Marinha e a Autoridade Mar\u00edtima Nacional (AMN) alertam igualmente para o agravamento da agita\u00e7\u00e3o mar\u00edtima em Portugal continental a partir de s\u00e1bado, recomendando, \u201cem especial \u00e0 comunidade piscat\u00f3ria e da n\u00e1utica de recreio que se encontra no mar, para o eventual regresso ao porto de abrigo mais pr\u00f3ximo e a ado\u00e7\u00e3o de medidas de precau\u00e7\u00e3o\u201d.<\/p>\n<p>A Marinha e a AMN recomendam tamb\u00e9m o refor\u00e7o da amarra\u00e7\u00e3o e vigil\u00e2ncia das embarca\u00e7\u00f5es atracadas e fundeadas e aconselham a que se mantenha um &#8220;estado de vigil\u00e2ncia permanente&#8221; e se acompanhe &#8220;a evolu\u00e7\u00e3o da situa\u00e7\u00e3o meteorol\u00f3gica\u201d, atrav\u00e9s dos avisos \u00e0 navega\u00e7\u00e3o e da previs\u00e3o meteorol\u00f3gica do IPMA, bem como das informa\u00e7\u00f5es disponibilizadas pelas capitanias dos portos sobre as condi\u00e7\u00f5es de acesso aos portos, \u201cevitando sair para o mar at\u00e9 que as condi\u00e7\u00f5es melhorem\u201d.<\/p>\n<p>\u201c\u00c0 popula\u00e7\u00e3o em geral desaconselha-se a pr\u00e1tica de passeios junto \u00e0 orla costeira e nas praias, bem como a pr\u00e1tica de atividades em zonas expostas \u00e0 agita\u00e7\u00e3o mar\u00edtima ou atingidas pela rebenta\u00e7\u00e3o. Em especial, deve ser evitado o acesso e perman\u00eancia junto \u00e0s fal\u00e9sias e zonas de arriba, sendo essencial que se adote uma postura preventiva, n\u00e3o se expondo desnecessariamente ao risco\u201d, l\u00ea-se na nota.<\/p>\n<p>O aviso laranja indica situa\u00e7\u00e3o meteorol\u00f3gica de risco moderado a elevado e o amarelo \u00e9 emitido pelo IPMA sempre que existe uma situa\u00e7\u00e3o de risco para determinadas atividades dependentes da situa\u00e7\u00e3o meteorol\u00f3gica.<\/p>\n","protected":false},"excerpt":{"rendered":"<p>A passagem de sistemas frontais por Portugal continental no fim de semana vai provocar \u201cnovo epis\u00f3dio\u201d de chuva \u201cforte e persistente\u201d na regi\u00e3o Norte, em especial no Minho, indicou hoje o Instituto Portugu\u00eas do Mar e da Atmosfera (IPMA). \u201cDepois de alguns dias sem precipita\u00e7\u00e3o, a passagem de sistemas frontais pelo continente no fim de [&hellip;]<\/p>\n","protected":false},"author":1,"featured_media":87333,"comment_status":"closed","ping_status":"closed","sticky":false,"template":"","format":"standard","meta":{"_exactmetrics_skip_tracking":false,"_exactmetrics_sitenote_active":false,"_exactmetrics_sitenote_note":"","_exactmetrics_sitenote_category":0,"footnotes":""},"categories":[73],"tags":[27],"class_list":["post-87616","post","type-post","status-publish","format-standard","has-post-thumbnail","hentry","category-alto-minho","tag-sociedade"],"yoast_head":"<!-- This site is optimized with the Yoast SEO Premium plugin v27.5 (Yoast SEO v27.5) - https:\/\/yoast.com\/product\/yoast-seo-premium-wordpress\/ -->\n<title>Aten\u00e7\u00e3o Alto Minho: IPMA alerta para &quot;novo epis\u00f3dio&quot; de chuva forte no fim de semana\u00a0<\/title>\n<meta name=\"description\" content=\"A passagem de sistemas frontais por Portugal continental no fim de semana vai provocar \u201cnovo epis\u00f3dio\u201d de chuva \u201cforte e persistente\u201d na regi\u00e3o Norte, em especial no Minho, indicou hoje o Instituto Portugu\u00eas do Mar e da Atmosfera (IPMA).\" \/>\n<meta name=\"robots\" content=\"index, follow, max-snippet:-1, max-image-preview:large, max-video-preview:-1\" \/>\n<link rel=\"canonical\" href=\"https:\/\/www.altominho.tv\/site\/2023\/01\/06\/atencao-alto-minho-ipma-alerta-para-novo-episodio-de-chuva-forte-no-fim-de-semana\/\" \/>\n<meta property=\"og:locale\" content=\"pt_PT\" \/>\n<meta property=\"og:type\" content=\"article\" \/>\n<meta property=\"og:title\" content=\"Aten\u00e7\u00e3o Alto Minho: IPMA alerta para &quot;novo epis\u00f3dio&quot; de chuva forte no fim de semana\u00a0\" \/>\n<meta property=\"og:description\" content=\"A passagem de sistemas frontais por Portugal continental no fim de semana vai provocar \u201cnovo epis\u00f3dio\u201d de chuva \u201cforte e persistente\u201d na regi\u00e3o Norte, em especial no Minho, indicou hoje o Instituto Portugu\u00eas do Mar e da Atmosfera (IPMA).\" \/>\n<meta property=\"og:url\" content=\"https:\/\/www.altominho.tv\/site\/2023\/01\/06\/atencao-alto-minho-ipma-alerta-para-novo-episodio-de-chuva-forte-no-fim-de-semana\/\" \/>\n<meta property=\"og:site_name\" content=\"Altominho.tv\" \/>\n<meta property=\"article:publisher\" content=\"https:\/\/www.facebook.com\/altominhotv\" \/>\n<meta property=\"article:published_time\" content=\"2023-01-06T17:02:40+00:00\" \/>\n<meta property=\"article:modified_time\" content=\"2023-01-06T17:02:45+00:00\" \/>\n<meta property=\"og:image\" content=\"https:\/\/www.altominho.tv\/site\/wp-content\/uploads\/2023\/01\/Acidente_Vila_Nova_Anha.jpg\" \/>\n\t<meta property=\"og:image:width\" content=\"1400\" \/>\n\t<meta property=\"og:image:height\" content=\"808\" \/>\n\t<meta property=\"og:image:type\" content=\"image\/jpeg\" \/>\n<meta name=\"author\" content=\"Altominho.tv\" \/>\n<meta name=\"twitter:card\" content=\"summary_large_image\" \/>\n<meta name=\"twitter:creator\" content=\"@altominhoTV\" \/>\n<meta name=\"twitter:site\" content=\"@altominhoTV\" \/>\n<meta name=\"twitter:label1\" content=\"Escrito por\" \/>\n\t<meta name=\"twitter:data1\" content=\"Altominho.tv\" \/>\n\t<meta name=\"twitter:label2\" content=\"Tempo estimado de leitura\" \/>\n\t<meta name=\"twitter:data2\" content=\"4 minutos\" \/>\n<script type=\"application\/ld+json\" class=\"yoast-schema-graph\">{\"@context\":\"https:\\\/\\\/schema.org\",\"@graph\":[{\"@type\":\"Article\",\"@id\":\"https:\\\/\\\/www.altominho.tv\\\/site\\\/2023\\\/01\\\/06\\\/atencao-alto-minho-ipma-alerta-para-novo-episodio-de-chuva-forte-no-fim-de-semana\\\/#article\",\"isPartOf\":{\"@id\":\"https:\\\/\\\/www.altominho.tv\\\/site\\\/2023\\\/01\\\/06\\\/atencao-alto-minho-ipma-alerta-para-novo-episodio-de-chuva-forte-no-fim-de-semana\\\/\"},\"author\":{\"name\":\"Altominho.tv\",\"@id\":\"https:\\\/\\\/www.altominho.tv\\\/site\\\/#\\\/schema\\\/person\\\/4e536851627d7914baf3dac752b6af22\"},\"headline\":\"Aten\u00e7\u00e3o Alto Minho: IPMA alerta para &#8220;novo epis\u00f3dio&#8221; de chuva forte no fim de semana\u00a0\",\"datePublished\":\"2023-01-06T17:02:40+00:00\",\"dateModified\":\"2023-01-06T17:02:45+00:00\",\"mainEntityOfPage\":{\"@id\":\"https:\\\/\\\/www.altominho.tv\\\/site\\\/2023\\\/01\\\/06\\\/atencao-alto-minho-ipma-alerta-para-novo-episodio-de-chuva-forte-no-fim-de-semana\\\/\"},\"wordCount\":637,\"image\":{\"@id\":\"https:\\\/\\\/www.altominho.tv\\\/site\\\/2023\\\/01\\\/06\\\/atencao-alto-minho-ipma-alerta-para-novo-episodio-de-chuva-forte-no-fim-de-semana\\\/#primaryimage\"},\"thumbnailUrl\":\"https:\\\/\\\/www.altominho.tv\\\/site\\\/wp-content\\\/uploads\\\/2023\\\/01\\\/Acidente_Vila_Nova_Anha.jpg\",\"keywords\":[\"Sociedade\"],\"articleSection\":[\"Alto Minho\"],\"inLanguage\":\"pt-PT\",\"copyrightYear\":\"2023\",\"copyrightHolder\":{\"@id\":\"https:\\\/\\\/www.altominho.tv\\\/site\\\/#organization\"}},{\"@type\":\"WebPage\",\"@id\":\"https:\\\/\\\/www.altominho.tv\\\/site\\\/2023\\\/01\\\/06\\\/atencao-alto-minho-ipma-alerta-para-novo-episodio-de-chuva-forte-no-fim-de-semana\\\/\",\"url\":\"https:\\\/\\\/www.altominho.tv\\\/site\\\/2023\\\/01\\\/06\\\/atencao-alto-minho-ipma-alerta-para-novo-episodio-de-chuva-forte-no-fim-de-semana\\\/\",\"name\":\"Aten\u00e7\u00e3o Alto Minho: IPMA alerta para \\\"novo epis\u00f3dio\\\" de chuva forte no fim de semana\u00a0\",\"isPartOf\":{\"@id\":\"https:\\\/\\\/www.altominho.tv\\\/site\\\/#website\"},\"primaryImageOfPage\":{\"@id\":\"https:\\\/\\\/www.altominho.tv\\\/site\\\/2023\\\/01\\\/06\\\/atencao-alto-minho-ipma-alerta-para-novo-episodio-de-chuva-forte-no-fim-de-semana\\\/#primaryimage\"},\"image\":{\"@id\":\"https:\\\/\\\/www.altominho.tv\\\/site\\\/2023\\\/01\\\/06\\\/atencao-alto-minho-ipma-alerta-para-novo-episodio-de-chuva-forte-no-fim-de-semana\\\/#primaryimage\"},\"thumbnailUrl\":\"https:\\\/\\\/www.altominho.tv\\\/site\\\/wp-content\\\/uploads\\\/2023\\\/01\\\/Acidente_Vila_Nova_Anha.jpg\",\"datePublished\":\"2023-01-06T17:02:40+00:00\",\"dateModified\":\"2023-01-06T17:02:45+00:00\",\"author\":{\"@id\":\"https:\\\/\\\/www.altominho.tv\\\/site\\\/#\\\/schema\\\/person\\\/4e536851627d7914baf3dac752b6af22\"},\"description\":\"A passagem de sistemas frontais por Portugal continental no fim de semana vai provocar \u201cnovo epis\u00f3dio\u201d de chuva \u201cforte e persistente\u201d na regi\u00e3o Norte, em especial no Minho, indicou hoje o Instituto Portugu\u00eas do Mar e da Atmosfera (IPMA).\",\"breadcrumb\":{\"@id\":\"https:\\\/\\\/www.altominho.tv\\\/site\\\/2023\\\/01\\\/06\\\/atencao-alto-minho-ipma-alerta-para-novo-episodio-de-chuva-forte-no-fim-de-semana\\\/#breadcrumb\"},\"inLanguage\":\"pt-PT\",\"potentialAction\":[{\"@type\":\"ReadAction\",\"target\":[\"https:\\\/\\\/www.altominho.tv\\\/site\\\/2023\\\/01\\\/06\\\/atencao-alto-minho-ipma-alerta-para-novo-episodio-de-chuva-forte-no-fim-de-semana\\\/\"]}]},{\"@type\":\"ImageObject\",\"inLanguage\":\"pt-PT\",\"@id\":\"https:\\\/\\\/www.altominho.tv\\\/site\\\/2023\\\/01\\\/06\\\/atencao-alto-minho-ipma-alerta-para-novo-episodio-de-chuva-forte-no-fim-de-semana\\\/#primaryimage\",\"url\":\"https:\\\/\\\/www.altominho.tv\\\/site\\\/wp-content\\\/uploads\\\/2023\\\/01\\\/Acidente_Vila_Nova_Anha.jpg\",\"contentUrl\":\"https:\\\/\\\/www.altominho.tv\\\/site\\\/wp-content\\\/uploads\\\/2023\\\/01\\\/Acidente_Vila_Nova_Anha.jpg\",\"width\":1400,\"height\":808},{\"@type\":\"BreadcrumbList\",\"@id\":\"https:\\\/\\\/www.altominho.tv\\\/site\\\/2023\\\/01\\\/06\\\/atencao-alto-minho-ipma-alerta-para-novo-episodio-de-chuva-forte-no-fim-de-semana\\\/#breadcrumb\",\"itemListElement\":[{\"@type\":\"ListItem\",\"position\":1,\"name\":\"In\u00edcio\",\"item\":\"https:\\\/\\\/www.altominho.tv\\\/site\\\/\"},{\"@type\":\"ListItem\",\"position\":2,\"name\":\"Aten\u00e7\u00e3o Alto Minho: IPMA alerta para &#8220;novo epis\u00f3dio&#8221; de chuva forte no fim de semana\u00a0\"}]},{\"@type\":\"WebSite\",\"@id\":\"https:\\\/\\\/www.altominho.tv\\\/site\\\/#website\",\"url\":\"https:\\\/\\\/www.altominho.tv\\\/site\\\/\",\"name\":\"Altominho.tv\",\"description\":\"A sua regi\u00e3o \u00e0 dist\u00e2ncia de um clique...\",\"potentialAction\":[{\"@type\":\"SearchAction\",\"target\":{\"@type\":\"EntryPoint\",\"urlTemplate\":\"https:\\\/\\\/www.altominho.tv\\\/site\\\/?s={search_term_string}\"},\"query-input\":{\"@type\":\"PropertyValueSpecification\",\"valueRequired\":true,\"valueName\":\"search_term_string\"}}],\"inLanguage\":\"pt-PT\"},{\"@type\":\"Person\",\"@id\":\"https:\\\/\\\/www.altominho.tv\\\/site\\\/#\\\/schema\\\/person\\\/4e536851627d7914baf3dac752b6af22\",\"name\":\"Altominho.tv\",\"image\":{\"@type\":\"ImageObject\",\"inLanguage\":\"pt-PT\",\"@id\":\"https:\\\/\\\/www.altominho.tv\\\/site\\\/wp-content\\\/uploads\\\/2019\\\/11\\\/Logo_Avatar_2-150x150.jpg\",\"url\":\"https:\\\/\\\/www.altominho.tv\\\/site\\\/wp-content\\\/uploads\\\/2019\\\/11\\\/Logo_Avatar_2-150x150.jpg\",\"contentUrl\":\"https:\\\/\\\/www.altominho.tv\\\/site\\\/wp-content\\\/uploads\\\/2019\\\/11\\\/Logo_Avatar_2-150x150.jpg\",\"caption\":\"Altominho.tv\"},\"url\":\"https:\\\/\\\/www.altominho.tv\\\/site\\\/author\\\/altominhotv-tecnico\\\/\"}]}<\/script>\n<!-- \/ Yoast SEO Premium plugin. -->","yoast_head_json":{"title":"Aten\u00e7\u00e3o Alto Minho: IPMA alerta para \"novo epis\u00f3dio\" de chuva forte no fim de semana\u00a0","description":"A passagem de sistemas frontais por Portugal continental no fim de semana vai provocar \u201cnovo epis\u00f3dio\u201d de chuva \u201cforte e persistente\u201d na regi\u00e3o Norte, em especial no Minho, indicou hoje o Instituto Portugu\u00eas do Mar e da Atmosfera (IPMA).","robots":{"index":"index","follow":"follow","max-snippet":"max-snippet:-1","max-image-preview":"max-image-preview:large","max-video-preview":"max-video-preview:-1"},"canonical":"https:\/\/www.altominho.tv\/site\/2023\/01\/06\/atencao-alto-minho-ipma-alerta-para-novo-episodio-de-chuva-forte-no-fim-de-semana\/","og_locale":"pt_PT","og_type":"article","og_title":"Aten\u00e7\u00e3o Alto Minho: IPMA alerta para \"novo epis\u00f3dio\" de chuva forte no fim de semana\u00a0","og_description":"A passagem de sistemas frontais por Portugal continental no fim de semana vai provocar \u201cnovo epis\u00f3dio\u201d de chuva \u201cforte e persistente\u201d na regi\u00e3o Norte, em especial no Minho, indicou hoje o Instituto Portugu\u00eas do Mar e da Atmosfera (IPMA).","og_url":"https:\/\/www.altominho.tv\/site\/2023\/01\/06\/atencao-alto-minho-ipma-alerta-para-novo-episodio-de-chuva-forte-no-fim-de-semana\/","og_site_name":"Altominho.tv","article_publisher":"https:\/\/www.facebook.com\/altominhotv","article_published_time":"2023-01-06T17:02:40+00:00","article_modified_time":"2023-01-06T17:02:45+00:00","og_image":[{"width":1400,"height":808,"url":"https:\/\/www.altominho.tv\/site\/wp-content\/uploads\/2023\/01\/Acidente_Vila_Nova_Anha.jpg","type":"image\/jpeg"}],"author":"Altominho.tv","twitter_card":"summary_large_image","twitter_creator":"@altominhoTV","twitter_site":"@altominhoTV","twitter_misc":{"Escrito por":"Altominho.tv","Tempo estimado de leitura":"4 minutos"},"schema":{"@context":"https:\/\/schema.org","@graph":[{"@type":"Article","@id":"https:\/\/www.altominho.tv\/site\/2023\/01\/06\/atencao-alto-minho-ipma-alerta-para-novo-episodio-de-chuva-forte-no-fim-de-semana\/#article","isPartOf":{"@id":"https:\/\/www.altominho.tv\/site\/2023\/01\/06\/atencao-alto-minho-ipma-alerta-para-novo-episodio-de-chuva-forte-no-fim-de-semana\/"},"author":{"name":"Altominho.tv","@id":"https:\/\/www.altominho.tv\/site\/#\/schema\/person\/4e536851627d7914baf3dac752b6af22"},"headline":"Aten\u00e7\u00e3o Alto Minho: IPMA alerta para &#8220;novo epis\u00f3dio&#8221; de chuva forte no fim de semana\u00a0","datePublished":"2023-01-06T17:02:40+00:00","dateModified":"2023-01-06T17:02:45+00:00","mainEntityOfPage":{"@id":"https:\/\/www.altominho.tv\/site\/2023\/01\/06\/atencao-alto-minho-ipma-alerta-para-novo-episodio-de-chuva-forte-no-fim-de-semana\/"},"wordCount":637,"image":{"@id":"https:\/\/www.altominho.tv\/site\/2023\/01\/06\/atencao-alto-minho-ipma-alerta-para-novo-episodio-de-chuva-forte-no-fim-de-semana\/#primaryimage"},"thumbnailUrl":"https:\/\/www.altominho.tv\/site\/wp-content\/uploads\/2023\/01\/Acidente_Vila_Nova_Anha.jpg","keywords":["Sociedade"],"articleSection":["Alto Minho"],"inLanguage":"pt-PT","copyrightYear":"2023","copyrightHolder":{"@id":"https:\/\/www.altominho.tv\/site\/#organization"}},{"@type":"WebPage","@id":"https:\/\/www.altominho.tv\/site\/2023\/01\/06\/atencao-alto-minho-ipma-alerta-para-novo-episodio-de-chuva-forte-no-fim-de-semana\/","url":"https:\/\/www.altominho.tv\/site\/2023\/01\/06\/atencao-alto-minho-ipma-alerta-para-novo-episodio-de-chuva-forte-no-fim-de-semana\/","name":"Aten\u00e7\u00e3o Alto Minho: IPMA alerta para \"novo epis\u00f3dio\" de chuva forte no fim de semana\u00a0","isPartOf":{"@id":"https:\/\/www.altominho.tv\/site\/#website"},"primaryImageOfPage":{"@id":"https:\/\/www.altominho.tv\/site\/2023\/01\/06\/atencao-alto-minho-ipma-alerta-para-novo-episodio-de-chuva-forte-no-fim-de-semana\/#primaryimage"},"image":{"@id":"https:\/\/www.altominho.tv\/site\/2023\/01\/06\/atencao-alto-minho-ipma-alerta-para-novo-episodio-de-chuva-forte-no-fim-de-semana\/#primaryimage"},"thumbnailUrl":"https:\/\/www.altominho.tv\/site\/wp-content\/uploads\/2023\/01\/Acidente_Vila_Nova_Anha.jpg","datePublished":"2023-01-06T17:02:40+00:00","dateModified":"2023-01-06T17:02:45+00:00","author":{"@id":"https:\/\/www.altominho.tv\/site\/#\/schema\/person\/4e536851627d7914baf3dac752b6af22"},"description":"A passagem de sistemas frontais por Portugal continental no fim de semana vai provocar \u201cnovo epis\u00f3dio\u201d de chuva \u201cforte e persistente\u201d na regi\u00e3o Norte, em especial no Minho, indicou hoje o Instituto Portugu\u00eas do Mar e da Atmosfera (IPMA).","breadcrumb":{"@id":"https:\/\/www.altominho.tv\/site\/2023\/01\/06\/atencao-alto-minho-ipma-alerta-para-novo-episodio-de-chuva-forte-no-fim-de-semana\/#breadcrumb"},"inLanguage":"pt-PT","potentialAction":[{"@type":"ReadAction","target":["https:\/\/www.altominho.tv\/site\/2023\/01\/06\/atencao-alto-minho-ipma-alerta-para-novo-episodio-de-chuva-forte-no-fim-de-semana\/"]}]},{"@type":"ImageObject","inLanguage":"pt-PT","@id":"https:\/\/www.altominho.tv\/site\/2023\/01\/06\/atencao-alto-minho-ipma-alerta-para-novo-episodio-de-chuva-forte-no-fim-de-semana\/#primaryimage","url":"https:\/\/www.altominho.tv\/site\/wp-content\/uploads\/2023\/01\/Acidente_Vila_Nova_Anha.jpg","contentUrl":"https:\/\/www.altominho.tv\/site\/wp-content\/uploads\/2023\/01\/Acidente_Vila_Nova_Anha.jpg","width":1400,"height":808},{"@type":"BreadcrumbList","@id":"https:\/\/www.altominho.tv\/site\/2023\/01\/06\/atencao-alto-minho-ipma-alerta-para-novo-episodio-de-chuva-forte-no-fim-de-semana\/#breadcrumb","itemListElement":[{"@type":"ListItem","position":1,"name":"In\u00edcio","item":"https:\/\/www.altominho.tv\/site\/"},{"@type":"ListItem","position":2,"name":"Aten\u00e7\u00e3o Alto Minho: IPMA alerta para &#8220;novo epis\u00f3dio&#8221; de chuva forte no fim de semana\u00a0"}]},{"@type":"WebSite","@id":"https:\/\/www.altominho.tv\/site\/#website","url":"https:\/\/www.altominho.tv\/site\/","name":"Altominho.tv","description":"A sua regi\u00e3o \u00e0 dist\u00e2ncia de um clique...","potentialAction":[{"@type":"SearchAction","target":{"@type":"EntryPoint","urlTemplate":"https:\/\/www.altominho.tv\/site\/?s={search_term_string}"},"query-input":{"@type":"PropertyValueSpecification","valueRequired":true,"valueName":"search_term_string"}}],"inLanguage":"pt-PT"},{"@type":"Person","@id":"https:\/\/www.altominho.tv\/site\/#\/schema\/person\/4e536851627d7914baf3dac752b6af22","name":"Altominho.tv","image":{"@type":"ImageObject","inLanguage":"pt-PT","@id":"https:\/\/www.altominho.tv\/site\/wp-content\/uploads\/2019\/11\/Logo_Avatar_2-150x150.jpg","url":"https:\/\/www.altominho.tv\/site\/wp-content\/uploads\/2019\/11\/Logo_Avatar_2-150x150.jpg","contentUrl":"https:\/\/www.altominho.tv\/site\/wp-content\/uploads\/2019\/11\/Logo_Avatar_2-150x150.jpg","caption":"Altominho.tv"},"url":"https:\/\/www.altominho.tv\/site\/author\/altominhotv-tecnico\/"}]}},"_links":{"self":[{"href":"https:\/\/www.altominho.tv\/site\/wp-json\/wp\/v2\/posts\/87616","targetHints":{"allow":["GET"]}}],"collection":[{"href":"https:\/\/www.altominho.tv\/site\/wp-json\/wp\/v2\/posts"}],"about":[{"href":"https:\/\/www.altominho.tv\/site\/wp-json\/wp\/v2\/types\/post"}],"author":[{"embeddable":true,"href":"https:\/\/www.altominho.tv\/site\/wp-json\/wp\/v2\/users\/1"}],"replies":[{"embeddable":true,"href":"https:\/\/www.altominho.tv\/site\/wp-json\/wp\/v2\/comments?post=87616"}],"version-history":[{"count":2,"href":"https:\/\/www.altominho.tv\/site\/wp-json\/wp\/v2\/posts\/87616\/revisions"}],"predecessor-version":[{"id":87619,"href":"https:\/\/www.altominho.tv\/site\/wp-json\/wp\/v2\/posts\/87616\/revisions\/87619"}],"wp:featuredmedia":[{"embeddable":true,"href":"https:\/\/www.altominho.tv\/site\/wp-json\/wp\/v2\/media\/87333"}],"wp:attachment":[{"href":"https:\/\/www.altominho.tv\/site\/wp-json\/wp\/v2\/media?parent=87616"}],"wp:term":[{"taxonomy":"category","embeddable":true,"href":"https:\/\/www.altominho.tv\/site\/wp-json\/wp\/v2\/categories?post=87616"},{"taxonomy":"post_tag","embeddable":true,"href":"https:\/\/www.altominho.tv\/site\/wp-json\/wp\/v2\/tags?post=87616"}],"curies":[{"name":"wp","href":"https:\/\/api.w.org\/{rel}","templated":true}]}}