{"id":8756,"date":"2018-01-25T11:01:54","date_gmt":"2018-01-25T11:01:54","guid":{"rendered":"http:\/\/www.altominho.tv\/site\/?p=8756"},"modified":"2018-01-25T17:08:29","modified_gmt":"2018-01-25T17:08:29","slug":"ii-encontro-iberico-de-oncologia-em-oia","status":"publish","type":"post","link":"https:\/\/www.altominho.tv\/site\/2018\/01\/25\/ii-encontro-iberico-de-oncologia-em-oia\/","title":{"rendered":"II Encontro Ib\u00e9rico de Oncologia em Oi\u00e3"},"content":{"rendered":"<p style=\"font-weight: 400;\">Neste novo ano, o Centro de Apoio ao Doente Oncol\u00f3gico (CADO) realiza o segundo encontro ib\u00e9rico de oncologia, que ter\u00e1 lugar nas instala\u00e7\u00f5es do Talaso Atl\u00e1ntico em Oi\u00e3, parceiro deste evento nos dias 2 e 3 de Fevereiro.<\/p>\n<p style=\"font-weight: 400;\">Esta segunda edi\u00e7\u00e3o, que tem lugar em Espanha, tem uma co-organiza\u00e7\u00e3o importante para a divulga\u00e7\u00e3o e trabalho da associa\u00e7\u00e3o. Al\u00e9m disso, fazem parte deste evento, algumas associa\u00e7\u00f5es galegas que trabalham a n\u00edvel oncol\u00f3gico, valorizando este semin\u00e1rio que pretende ser uma refer\u00eancia na parte Norte Litoral da Pen\u00ednsula Ib\u00e9rica.<\/p>\n<p style=\"font-weight: 400;\">Sara Covas da Costa, Ana Simas, Maria Jos\u00e9 Dias, Salvador Ramos Rey e Lourdes Vasquez s\u00e3o alguns dos nomes presentes neste encontro que tem entrada gratuita e que al\u00e9m de uma parte expositiva, conta com alguns workshops, como por exemplo, exemplo, fazer uma refei\u00e7\u00e3o saud\u00e1vel e como a preparar.<\/p>\n<p><script async src=\"\/\/pagead2.googlesyndication.com\/pagead\/js\/adsbygoogle.js\"><\/script><br \/>\n<ins class=\"adsbygoogle\"\n     style=\"display:block; text-align:center;\"\n     data-ad-layout=\"in-article\"\n     data-ad-format=\"fluid\"\n     data-ad-client=\"ca-pub-4804365670377117\"\n     data-ad-slot=\"9762324080\"><\/ins><br \/>\n<script>\n     (adsbygoogle = window.adsbygoogle || []).push({});\n<\/script><\/p>\n<p style=\"font-weight: 400;\">A CADO encontra-se, atualmente, a funcionar nas antigas instala\u00e7\u00f5es dos Bombeiros Volunt\u00e1rios de Melga\u00e7o e surge com o objetivo principal de dar apoio aos doentes oncol\u00f3gicos, aos seus cuidadores e familiares. Foi constitu\u00edda em Abril de 2016, por um grupo de jovens, na sua maioria profissionais de sa\u00fade e da \u00e1rea social.<\/p>\n<p style=\"font-weight: 400;\">A associa\u00e7\u00e3o pretende tornar-se numa refer\u00eancia na regi\u00e3o do Alto Minho no apoio, promo\u00e7\u00e3o e prote\u00e7\u00e3o da sa\u00fade, da educa\u00e7\u00e3o e do apoio social ao doente oncol\u00f3gico, contribuindo para o bem-estar e qualidade de vida. Ao longo destes meses de exist\u00eancia a CADO tem ajudado a alertar e informar a popula\u00e7\u00e3o sobre as causas e efeitos da doen\u00e7a, bem como ajudar na preven\u00e7\u00e3o da mesma. Mas o trabalho n\u00e3o termina aqui j\u00e1 que a associa\u00e7\u00e3o apoia o doente oncol\u00f3gico ao n\u00edvel das quest\u00f5es socioecon\u00f3micas e jur\u00eddicas; presta cuidados a n\u00edvel da reabilita\u00e7\u00e3o f\u00edsica e promover atividades de lazer\/desportivas; Promove a integra\u00e7\u00e3o social dos doentes oncol\u00f3gicos na sociedade; proporciona f\u00e1cil acesso em artigos essenciais para o bem-estar f\u00edsico e psicol\u00f3gico do doente; entre muitos outros.<\/p>\n<p style=\"font-weight: 400;\">A CADO disponibiliza tamb\u00e9m, de forma gratuita servi\u00e7os de sa\u00fade, contando com dois m\u00e9dicos, um enfermeiro, duas psic\u00f3logas cl\u00ednicas, uma t\u00e9cnica social, duas farmac\u00eauticas e uma m\u00e9dica dent\u00e1ria. Al\u00e9m disso realiza iniciativa que levem toda a comunidade a criar h\u00e1bitos e rotinas saud\u00e1veis, evitando e reduzindo os efeitos colaterais de muitos dos tratamentos que a que o doente oncol\u00f3gico \u00e9 sujeito e, ajudando a prevenir reca\u00eddas.<\/p>\n","protected":false},"excerpt":{"rendered":"<p>Neste novo ano, o Centro de Apoio ao Doente Oncol\u00f3gico (CADO) realiza o segundo encontro ib\u00e9rico de oncologia, que ter\u00e1 lugar nas instala\u00e7\u00f5es do Talaso Atl\u00e1ntico em Oi\u00e3, parceiro deste evento nos dias 2 e 3 de Fevereiro. Esta segunda edi\u00e7\u00e3o, que tem lugar em Espanha, tem uma co-organiza\u00e7\u00e3o importante para a divulga\u00e7\u00e3o e trabalho [&hellip;]<\/p>\n","protected":false},"author":11,"featured_media":8757,"comment_status":"closed","ping_status":"closed","sticky":false,"template":"","format":"standard","meta":{"_exactmetrics_skip_tracking":false,"_exactmetrics_sitenote_active":false,"_exactmetrics_sitenote_note":"","_exactmetrics_sitenote_category":0,"footnotes":""},"categories":[8],"tags":[26],"class_list":["post-8756","post","type-post","status-publish","format-standard","has-post-thumbnail","hentry","category-melgaco","tag-saude"],"yoast_head":"<!-- This site is optimized with the Yoast SEO Premium plugin v27.5 (Yoast SEO v27.5) - https:\/\/yoast.com\/product\/yoast-seo-premium-wordpress\/ -->\n<title>II Encontro Ib\u00e9rico de Oncologia em Oi\u00e3<\/title>\n<meta name=\"robots\" content=\"index, follow, max-snippet:-1, max-image-preview:large, max-video-preview:-1\" \/>\n<link rel=\"canonical\" href=\"https:\/\/www.altominho.tv\/site\/2018\/01\/25\/ii-encontro-iberico-de-oncologia-em-oia\/\" \/>\n<meta property=\"og:locale\" content=\"pt_PT\" \/>\n<meta property=\"og:type\" content=\"article\" \/>\n<meta property=\"og:title\" content=\"II Encontro Ib\u00e9rico de Oncologia em Oi\u00e3\" \/>\n<meta property=\"og:description\" content=\"Neste novo ano, o Centro de Apoio ao Doente Oncol\u00f3gico (CADO) realiza o segundo encontro ib\u00e9rico de oncologia, que ter\u00e1 lugar nas instala\u00e7\u00f5es do Talaso Atl\u00e1ntico em Oi\u00e3, parceiro deste evento nos dias 2 e 3 de Fevereiro. Esta segunda edi\u00e7\u00e3o, que tem lugar em Espanha, tem uma co-organiza\u00e7\u00e3o importante para a divulga\u00e7\u00e3o e trabalho [&hellip;]\" \/>\n<meta property=\"og:url\" content=\"https:\/\/www.altominho.tv\/site\/2018\/01\/25\/ii-encontro-iberico-de-oncologia-em-oia\/\" \/>\n<meta property=\"og:site_name\" content=\"Altominho.tv\" \/>\n<meta property=\"article:publisher\" content=\"https:\/\/www.facebook.com\/altominhotv\" \/>\n<meta property=\"article:published_time\" content=\"2018-01-25T11:01:54+00:00\" \/>\n<meta property=\"article:modified_time\" content=\"2018-01-25T17:08:29+00:00\" \/>\n<meta property=\"og:image\" content=\"https:\/\/www.altominho.tv\/site\/wp-content\/uploads\/2018\/01\/4d4002537ba40a5a38b692bc6c4122da_L.jpg\" \/>\n\t<meta property=\"og:image:width\" content=\"720\" \/>\n\t<meta property=\"og:image:height\" content=\"435\" \/>\n\t<meta property=\"og:image:type\" content=\"image\/jpeg\" \/>\n<meta name=\"author\" content=\"M\u00e1rcio Ferreira\" \/>\n<meta name=\"twitter:card\" content=\"summary_large_image\" \/>\n<meta name=\"twitter:creator\" content=\"@altominhoTV\" \/>\n<meta name=\"twitter:site\" content=\"@altominhoTV\" \/>\n<meta name=\"twitter:label1\" content=\"Escrito por\" \/>\n\t<meta name=\"twitter:data1\" content=\"M\u00e1rcio Ferreira\" \/>\n\t<meta name=\"twitter:label2\" content=\"Tempo estimado de leitura\" \/>\n\t<meta name=\"twitter:data2\" content=\"2 minutos\" \/>\n<script type=\"application\/ld+json\" class=\"yoast-schema-graph\">{\"@context\":\"https:\\\/\\\/schema.org\",\"@graph\":[{\"@type\":\"Article\",\"@id\":\"https:\\\/\\\/www.altominho.tv\\\/site\\\/2018\\\/01\\\/25\\\/ii-encontro-iberico-de-oncologia-em-oia\\\/#article\",\"isPartOf\":{\"@id\":\"https:\\\/\\\/www.altominho.tv\\\/site\\\/2018\\\/01\\\/25\\\/ii-encontro-iberico-de-oncologia-em-oia\\\/\"},\"author\":{\"name\":\"M\u00e1rcio Ferreira\",\"@id\":\"https:\\\/\\\/www.altominho.tv\\\/site\\\/#\\\/schema\\\/person\\\/f836e37082b5dabe9144f3eb724ed5a7\"},\"headline\":\"II Encontro Ib\u00e9rico de Oncologia em Oi\u00e3\",\"datePublished\":\"2018-01-25T11:01:54+00:00\",\"dateModified\":\"2018-01-25T17:08:29+00:00\",\"mainEntityOfPage\":{\"@id\":\"https:\\\/\\\/www.altominho.tv\\\/site\\\/2018\\\/01\\\/25\\\/ii-encontro-iberico-de-oncologia-em-oia\\\/\"},\"wordCount\":450,\"image\":{\"@id\":\"https:\\\/\\\/www.altominho.tv\\\/site\\\/2018\\\/01\\\/25\\\/ii-encontro-iberico-de-oncologia-em-oia\\\/#primaryimage\"},\"thumbnailUrl\":\"https:\\\/\\\/www.altominho.tv\\\/site\\\/wp-content\\\/uploads\\\/2018\\\/01\\\/4d4002537ba40a5a38b692bc6c4122da_L.jpg\",\"keywords\":[\"Sa\u00fade\"],\"articleSection\":[\"Melga\u00e7o\"],\"inLanguage\":\"pt-PT\",\"copyrightYear\":\"2018\",\"copyrightHolder\":{\"@id\":\"https:\\\/\\\/www.altominho.tv\\\/site\\\/#organization\"}},{\"@type\":\"WebPage\",\"@id\":\"https:\\\/\\\/www.altominho.tv\\\/site\\\/2018\\\/01\\\/25\\\/ii-encontro-iberico-de-oncologia-em-oia\\\/\",\"url\":\"https:\\\/\\\/www.altominho.tv\\\/site\\\/2018\\\/01\\\/25\\\/ii-encontro-iberico-de-oncologia-em-oia\\\/\",\"name\":\"II Encontro Ib\u00e9rico de Oncologia em Oi\u00e3\",\"isPartOf\":{\"@id\":\"https:\\\/\\\/www.altominho.tv\\\/site\\\/#website\"},\"primaryImageOfPage\":{\"@id\":\"https:\\\/\\\/www.altominho.tv\\\/site\\\/2018\\\/01\\\/25\\\/ii-encontro-iberico-de-oncologia-em-oia\\\/#primaryimage\"},\"image\":{\"@id\":\"https:\\\/\\\/www.altominho.tv\\\/site\\\/2018\\\/01\\\/25\\\/ii-encontro-iberico-de-oncologia-em-oia\\\/#primaryimage\"},\"thumbnailUrl\":\"https:\\\/\\\/www.altominho.tv\\\/site\\\/wp-content\\\/uploads\\\/2018\\\/01\\\/4d4002537ba40a5a38b692bc6c4122da_L.jpg\",\"datePublished\":\"2018-01-25T11:01:54+00:00\",\"dateModified\":\"2018-01-25T17:08:29+00:00\",\"author\":{\"@id\":\"https:\\\/\\\/www.altominho.tv\\\/site\\\/#\\\/schema\\\/person\\\/f836e37082b5dabe9144f3eb724ed5a7\"},\"breadcrumb\":{\"@id\":\"https:\\\/\\\/www.altominho.tv\\\/site\\\/2018\\\/01\\\/25\\\/ii-encontro-iberico-de-oncologia-em-oia\\\/#breadcrumb\"},\"inLanguage\":\"pt-PT\",\"potentialAction\":[{\"@type\":\"ReadAction\",\"target\":[\"https:\\\/\\\/www.altominho.tv\\\/site\\\/2018\\\/01\\\/25\\\/ii-encontro-iberico-de-oncologia-em-oia\\\/\"]}]},{\"@type\":\"ImageObject\",\"inLanguage\":\"pt-PT\",\"@id\":\"https:\\\/\\\/www.altominho.tv\\\/site\\\/2018\\\/01\\\/25\\\/ii-encontro-iberico-de-oncologia-em-oia\\\/#primaryimage\",\"url\":\"https:\\\/\\\/www.altominho.tv\\\/site\\\/wp-content\\\/uploads\\\/2018\\\/01\\\/4d4002537ba40a5a38b692bc6c4122da_L.jpg\",\"contentUrl\":\"https:\\\/\\\/www.altominho.tv\\\/site\\\/wp-content\\\/uploads\\\/2018\\\/01\\\/4d4002537ba40a5a38b692bc6c4122da_L.jpg\",\"width\":720,\"height\":435},{\"@type\":\"BreadcrumbList\",\"@id\":\"https:\\\/\\\/www.altominho.tv\\\/site\\\/2018\\\/01\\\/25\\\/ii-encontro-iberico-de-oncologia-em-oia\\\/#breadcrumb\",\"itemListElement\":[{\"@type\":\"ListItem\",\"position\":1,\"name\":\"In\u00edcio\",\"item\":\"https:\\\/\\\/www.altominho.tv\\\/site\\\/\"},{\"@type\":\"ListItem\",\"position\":2,\"name\":\"II Encontro Ib\u00e9rico de Oncologia em Oi\u00e3\"}]},{\"@type\":\"WebSite\",\"@id\":\"https:\\\/\\\/www.altominho.tv\\\/site\\\/#website\",\"url\":\"https:\\\/\\\/www.altominho.tv\\\/site\\\/\",\"name\":\"Altominho.tv\",\"description\":\"A sua regi\u00e3o \u00e0 dist\u00e2ncia de um clique...\",\"potentialAction\":[{\"@type\":\"SearchAction\",\"target\":{\"@type\":\"EntryPoint\",\"urlTemplate\":\"https:\\\/\\\/www.altominho.tv\\\/site\\\/?s={search_term_string}\"},\"query-input\":{\"@type\":\"PropertyValueSpecification\",\"valueRequired\":true,\"valueName\":\"search_term_string\"}}],\"inLanguage\":\"pt-PT\"},{\"@type\":\"Person\",\"@id\":\"https:\\\/\\\/www.altominho.tv\\\/site\\\/#\\\/schema\\\/person\\\/f836e37082b5dabe9144f3eb724ed5a7\",\"name\":\"M\u00e1rcio Ferreira\",\"image\":{\"@type\":\"ImageObject\",\"inLanguage\":\"pt-PT\",\"@id\":\"https:\\\/\\\/www.altominho.tv\\\/site\\\/wp-content\\\/uploads\\\/2017\\\/11\\\/Marcio-150x150.jpg\",\"url\":\"https:\\\/\\\/www.altominho.tv\\\/site\\\/wp-content\\\/uploads\\\/2017\\\/11\\\/Marcio-150x150.jpg\",\"contentUrl\":\"https:\\\/\\\/www.altominho.tv\\\/site\\\/wp-content\\\/uploads\\\/2017\\\/11\\\/Marcio-150x150.jpg\",\"caption\":\"M\u00e1rcio Ferreira\"},\"url\":\"https:\\\/\\\/www.altominho.tv\\\/site\\\/author\\\/marcioferreira\\\/\"}]}<\/script>\n<!-- \/ Yoast SEO Premium plugin. -->","yoast_head_json":{"title":"II Encontro Ib\u00e9rico de Oncologia em Oi\u00e3","robots":{"index":"index","follow":"follow","max-snippet":"max-snippet:-1","max-image-preview":"max-image-preview:large","max-video-preview":"max-video-preview:-1"},"canonical":"https:\/\/www.altominho.tv\/site\/2018\/01\/25\/ii-encontro-iberico-de-oncologia-em-oia\/","og_locale":"pt_PT","og_type":"article","og_title":"II Encontro Ib\u00e9rico de Oncologia em Oi\u00e3","og_description":"Neste novo ano, o Centro de Apoio ao Doente Oncol\u00f3gico (CADO) realiza o segundo encontro ib\u00e9rico de oncologia, que ter\u00e1 lugar nas instala\u00e7\u00f5es do Talaso Atl\u00e1ntico em Oi\u00e3, parceiro deste evento nos dias 2 e 3 de Fevereiro. Esta segunda edi\u00e7\u00e3o, que tem lugar em Espanha, tem uma co-organiza\u00e7\u00e3o importante para a divulga\u00e7\u00e3o e trabalho [&hellip;]","og_url":"https:\/\/www.altominho.tv\/site\/2018\/01\/25\/ii-encontro-iberico-de-oncologia-em-oia\/","og_site_name":"Altominho.tv","article_publisher":"https:\/\/www.facebook.com\/altominhotv","article_published_time":"2018-01-25T11:01:54+00:00","article_modified_time":"2018-01-25T17:08:29+00:00","og_image":[{"width":720,"height":435,"url":"https:\/\/www.altominho.tv\/site\/wp-content\/uploads\/2018\/01\/4d4002537ba40a5a38b692bc6c4122da_L.jpg","type":"image\/jpeg"}],"author":"M\u00e1rcio Ferreira","twitter_card":"summary_large_image","twitter_creator":"@altominhoTV","twitter_site":"@altominhoTV","twitter_misc":{"Escrito por":"M\u00e1rcio Ferreira","Tempo estimado de leitura":"2 minutos"},"schema":{"@context":"https:\/\/schema.org","@graph":[{"@type":"Article","@id":"https:\/\/www.altominho.tv\/site\/2018\/01\/25\/ii-encontro-iberico-de-oncologia-em-oia\/#article","isPartOf":{"@id":"https:\/\/www.altominho.tv\/site\/2018\/01\/25\/ii-encontro-iberico-de-oncologia-em-oia\/"},"author":{"name":"M\u00e1rcio Ferreira","@id":"https:\/\/www.altominho.tv\/site\/#\/schema\/person\/f836e37082b5dabe9144f3eb724ed5a7"},"headline":"II Encontro Ib\u00e9rico de Oncologia em Oi\u00e3","datePublished":"2018-01-25T11:01:54+00:00","dateModified":"2018-01-25T17:08:29+00:00","mainEntityOfPage":{"@id":"https:\/\/www.altominho.tv\/site\/2018\/01\/25\/ii-encontro-iberico-de-oncologia-em-oia\/"},"wordCount":450,"image":{"@id":"https:\/\/www.altominho.tv\/site\/2018\/01\/25\/ii-encontro-iberico-de-oncologia-em-oia\/#primaryimage"},"thumbnailUrl":"https:\/\/www.altominho.tv\/site\/wp-content\/uploads\/2018\/01\/4d4002537ba40a5a38b692bc6c4122da_L.jpg","keywords":["Sa\u00fade"],"articleSection":["Melga\u00e7o"],"inLanguage":"pt-PT","copyrightYear":"2018","copyrightHolder":{"@id":"https:\/\/www.altominho.tv\/site\/#organization"}},{"@type":"WebPage","@id":"https:\/\/www.altominho.tv\/site\/2018\/01\/25\/ii-encontro-iberico-de-oncologia-em-oia\/","url":"https:\/\/www.altominho.tv\/site\/2018\/01\/25\/ii-encontro-iberico-de-oncologia-em-oia\/","name":"II Encontro Ib\u00e9rico de Oncologia em Oi\u00e3","isPartOf":{"@id":"https:\/\/www.altominho.tv\/site\/#website"},"primaryImageOfPage":{"@id":"https:\/\/www.altominho.tv\/site\/2018\/01\/25\/ii-encontro-iberico-de-oncologia-em-oia\/#primaryimage"},"image":{"@id":"https:\/\/www.altominho.tv\/site\/2018\/01\/25\/ii-encontro-iberico-de-oncologia-em-oia\/#primaryimage"},"thumbnailUrl":"https:\/\/www.altominho.tv\/site\/wp-content\/uploads\/2018\/01\/4d4002537ba40a5a38b692bc6c4122da_L.jpg","datePublished":"2018-01-25T11:01:54+00:00","dateModified":"2018-01-25T17:08:29+00:00","author":{"@id":"https:\/\/www.altominho.tv\/site\/#\/schema\/person\/f836e37082b5dabe9144f3eb724ed5a7"},"breadcrumb":{"@id":"https:\/\/www.altominho.tv\/site\/2018\/01\/25\/ii-encontro-iberico-de-oncologia-em-oia\/#breadcrumb"},"inLanguage":"pt-PT","potentialAction":[{"@type":"ReadAction","target":["https:\/\/www.altominho.tv\/site\/2018\/01\/25\/ii-encontro-iberico-de-oncologia-em-oia\/"]}]},{"@type":"ImageObject","inLanguage":"pt-PT","@id":"https:\/\/www.altominho.tv\/site\/2018\/01\/25\/ii-encontro-iberico-de-oncologia-em-oia\/#primaryimage","url":"https:\/\/www.altominho.tv\/site\/wp-content\/uploads\/2018\/01\/4d4002537ba40a5a38b692bc6c4122da_L.jpg","contentUrl":"https:\/\/www.altominho.tv\/site\/wp-content\/uploads\/2018\/01\/4d4002537ba40a5a38b692bc6c4122da_L.jpg","width":720,"height":435},{"@type":"BreadcrumbList","@id":"https:\/\/www.altominho.tv\/site\/2018\/01\/25\/ii-encontro-iberico-de-oncologia-em-oia\/#breadcrumb","itemListElement":[{"@type":"ListItem","position":1,"name":"In\u00edcio","item":"https:\/\/www.altominho.tv\/site\/"},{"@type":"ListItem","position":2,"name":"II Encontro Ib\u00e9rico de Oncologia em Oi\u00e3"}]},{"@type":"WebSite","@id":"https:\/\/www.altominho.tv\/site\/#website","url":"https:\/\/www.altominho.tv\/site\/","name":"Altominho.tv","description":"A sua regi\u00e3o \u00e0 dist\u00e2ncia de um clique...","potentialAction":[{"@type":"SearchAction","target":{"@type":"EntryPoint","urlTemplate":"https:\/\/www.altominho.tv\/site\/?s={search_term_string}"},"query-input":{"@type":"PropertyValueSpecification","valueRequired":true,"valueName":"search_term_string"}}],"inLanguage":"pt-PT"},{"@type":"Person","@id":"https:\/\/www.altominho.tv\/site\/#\/schema\/person\/f836e37082b5dabe9144f3eb724ed5a7","name":"M\u00e1rcio Ferreira","image":{"@type":"ImageObject","inLanguage":"pt-PT","@id":"https:\/\/www.altominho.tv\/site\/wp-content\/uploads\/2017\/11\/Marcio-150x150.jpg","url":"https:\/\/www.altominho.tv\/site\/wp-content\/uploads\/2017\/11\/Marcio-150x150.jpg","contentUrl":"https:\/\/www.altominho.tv\/site\/wp-content\/uploads\/2017\/11\/Marcio-150x150.jpg","caption":"M\u00e1rcio Ferreira"},"url":"https:\/\/www.altominho.tv\/site\/author\/marcioferreira\/"}]}},"_links":{"self":[{"href":"https:\/\/www.altominho.tv\/site\/wp-json\/wp\/v2\/posts\/8756","targetHints":{"allow":["GET"]}}],"collection":[{"href":"https:\/\/www.altominho.tv\/site\/wp-json\/wp\/v2\/posts"}],"about":[{"href":"https:\/\/www.altominho.tv\/site\/wp-json\/wp\/v2\/types\/post"}],"author":[{"embeddable":true,"href":"https:\/\/www.altominho.tv\/site\/wp-json\/wp\/v2\/users\/11"}],"replies":[{"embeddable":true,"href":"https:\/\/www.altominho.tv\/site\/wp-json\/wp\/v2\/comments?post=8756"}],"version-history":[{"count":0,"href":"https:\/\/www.altominho.tv\/site\/wp-json\/wp\/v2\/posts\/8756\/revisions"}],"wp:featuredmedia":[{"embeddable":true,"href":"https:\/\/www.altominho.tv\/site\/wp-json\/wp\/v2\/media\/8757"}],"wp:attachment":[{"href":"https:\/\/www.altominho.tv\/site\/wp-json\/wp\/v2\/media?parent=8756"}],"wp:term":[{"taxonomy":"category","embeddable":true,"href":"https:\/\/www.altominho.tv\/site\/wp-json\/wp\/v2\/categories?post=8756"},{"taxonomy":"post_tag","embeddable":true,"href":"https:\/\/www.altominho.tv\/site\/wp-json\/wp\/v2\/tags?post=8756"}],"curies":[{"name":"wp","href":"https:\/\/api.w.org\/{rel}","templated":true}]}}