{"id":87558,"date":"2023-01-06T09:06:55","date_gmt":"2023-01-06T09:06:55","guid":{"rendered":"https:\/\/www.altominho.tv\/site\/?p=87558"},"modified":"2023-01-06T09:07:00","modified_gmt":"2023-01-06T09:07:00","slug":"viana-do-castelo-sob-aviso-laranja-no-sabado-devido-a-chuva","status":"publish","type":"post","link":"https:\/\/www.altominho.tv\/site\/2023\/01\/06\/viana-do-castelo-sob-aviso-laranja-no-sabado-devido-a-chuva\/","title":{"rendered":"Viana do Castelo sob aviso laranja no s\u00e1bado devido \u00e0 chuva"},"content":{"rendered":"<p>Os distritos do Porto, Viana do Castelo, Aveiro e Braga v\u00e3o estar sob aviso laranja no s\u00e1bado devido \u00e0 previs\u00e3o de per\u00edodos de chuva por vezes forte, segundo o Instituto Portugu\u00eas do Mar e da Atmosfera (IPMA).<\/p>\n<p>O aviso nos quatro distritos vai vigorar entre as 03h00 e as 12h00 de s\u00e1bado, passando depois a aviso amarelo at\u00e9 \u00e0s 18h00 de domingo.<\/p>\n<p>Viseu, Vila Real, Coimbra tamb\u00e9m estar\u00e3o sob aviso por causa da chuva, mas a amarelo entre as 06h00 e as 18h00 de s\u00e1bado e as 06h00 e as 21h00 de domingo.<\/p>\n<p>O IPMA emitiu tamb\u00e9m aviso laranja para os distritos do Porto, Viana do Castelo, Lisboa, Leiria, Aveiro, Coimbra e Braga por causa da agita\u00e7\u00e3o mar\u00edtima, prevendo-se ondas de noroeste com 5 a 6 metros entre as 03h00 e as 21h00 de domingo, passando depois a amarelo.<\/p>\n<p>Os distritos de Faro, Set\u00fabal e Beja est\u00e3o tamb\u00e9m sob aviso amarelo devido \u00e0 agita\u00e7\u00e3o mar\u00edtima, prevendo-se ondas de noroeste com 4 a 5 metros entre as 06h00 de domingo e as 00h00 de segunda-feira.<\/p>\n<p>Tamb\u00e9m os distritos de Bragan\u00e7a, Guarda, Vila Real ter\u00e3o aviso amarelo, mas devido \u00e0 previs\u00e3o de nevoeiro persistente, que ser\u00e1 gelado em alguns locais, at\u00e9 \u00e0s 21h00 de hoje.<\/p>\n<p>O aviso laranja indica situa\u00e7\u00e3o meteorol\u00f3gica de risco moderado a elevado e o amarelo \u00e9 emitido pelo IPMA sempre que existe uma situa\u00e7\u00e3o de risco para determinadas atividades dependentes da situa\u00e7\u00e3o meteorol\u00f3gica.<\/p>\n","protected":false},"excerpt":{"rendered":"<p>Os distritos do Porto, Viana do Castelo, Aveiro e Braga v\u00e3o estar sob aviso laranja no s\u00e1bado devido \u00e0 previs\u00e3o de per\u00edodos de chuva por vezes forte, segundo o Instituto Portugu\u00eas do Mar e da Atmosfera (IPMA). O aviso nos quatro distritos vai vigorar entre as 03h00 e as 12h00 de s\u00e1bado, passando depois a [&hellip;]<\/p>\n","protected":false},"author":1,"featured_media":87197,"comment_status":"closed","ping_status":"closed","sticky":false,"template":"","format":"standard","meta":{"_exactmetrics_skip_tracking":false,"_exactmetrics_sitenote_active":false,"_exactmetrics_sitenote_note":"","_exactmetrics_sitenote_category":0,"footnotes":""},"categories":[73],"tags":[27],"class_list":["post-87558","post","type-post","status-publish","format-standard","has-post-thumbnail","hentry","category-alto-minho","tag-sociedade"],"yoast_head":"<!-- This site is optimized with the Yoast SEO Premium plugin v27.5 (Yoast SEO v27.5) - https:\/\/yoast.com\/product\/yoast-seo-premium-wordpress\/ -->\n<title>Viana do Castelo sob aviso laranja no s\u00e1bado devido \u00e0 chuva<\/title>\n<meta name=\"description\" content=\"Os distritos do Porto, Viana do Castelo, Aveiro e Braga v\u00e3o estar sob aviso laranja no s\u00e1bado devido \u00e0 previs\u00e3o de per\u00edodos de chuva por vezes forte, segundo o Instituto Portugu\u00eas do Mar e da Atmosfera (IPMA).\" \/>\n<meta name=\"robots\" content=\"index, follow, max-snippet:-1, max-image-preview:large, max-video-preview:-1\" \/>\n<link rel=\"canonical\" href=\"https:\/\/www.altominho.tv\/site\/2023\/01\/06\/viana-do-castelo-sob-aviso-laranja-no-sabado-devido-a-chuva\/\" \/>\n<meta property=\"og:locale\" content=\"pt_PT\" \/>\n<meta property=\"og:type\" content=\"article\" \/>\n<meta property=\"og:title\" content=\"Viana do Castelo sob aviso laranja no s\u00e1bado devido \u00e0 chuva\" \/>\n<meta property=\"og:description\" content=\"Os distritos do Porto, Viana do Castelo, Aveiro e Braga v\u00e3o estar sob aviso laranja no s\u00e1bado devido \u00e0 previs\u00e3o de per\u00edodos de chuva por vezes forte, segundo o Instituto Portugu\u00eas do Mar e da Atmosfera (IPMA).\" \/>\n<meta property=\"og:url\" content=\"https:\/\/www.altominho.tv\/site\/2023\/01\/06\/viana-do-castelo-sob-aviso-laranja-no-sabado-devido-a-chuva\/\" \/>\n<meta property=\"og:site_name\" content=\"Altominho.tv\" \/>\n<meta property=\"article:publisher\" content=\"https:\/\/www.facebook.com\/altominhotv\" \/>\n<meta property=\"article:published_time\" content=\"2023-01-06T09:06:55+00:00\" \/>\n<meta property=\"article:modified_time\" content=\"2023-01-06T09:07:00+00:00\" \/>\n<meta property=\"og:image\" content=\"https:\/\/www.altominho.tv\/site\/wp-content\/uploads\/2022\/12\/Chuva.jpg\" \/>\n\t<meta property=\"og:image:width\" content=\"799\" \/>\n\t<meta property=\"og:image:height\" content=\"450\" \/>\n\t<meta property=\"og:image:type\" content=\"image\/jpeg\" \/>\n<meta name=\"author\" content=\"Altominho.tv\" \/>\n<meta name=\"twitter:card\" content=\"summary_large_image\" \/>\n<meta name=\"twitter:creator\" content=\"@altominhoTV\" \/>\n<meta name=\"twitter:site\" content=\"@altominhoTV\" \/>\n<meta name=\"twitter:label1\" content=\"Escrito por\" \/>\n\t<meta name=\"twitter:data1\" content=\"Altominho.tv\" \/>\n\t<meta name=\"twitter:label2\" content=\"Tempo estimado de leitura\" \/>\n\t<meta name=\"twitter:data2\" content=\"2 minutos\" \/>\n<script type=\"application\/ld+json\" class=\"yoast-schema-graph\">{\"@context\":\"https:\\\/\\\/schema.org\",\"@graph\":[{\"@type\":\"Article\",\"@id\":\"https:\\\/\\\/www.altominho.tv\\\/site\\\/2023\\\/01\\\/06\\\/viana-do-castelo-sob-aviso-laranja-no-sabado-devido-a-chuva\\\/#article\",\"isPartOf\":{\"@id\":\"https:\\\/\\\/www.altominho.tv\\\/site\\\/2023\\\/01\\\/06\\\/viana-do-castelo-sob-aviso-laranja-no-sabado-devido-a-chuva\\\/\"},\"author\":{\"name\":\"Altominho.tv\",\"@id\":\"https:\\\/\\\/www.altominho.tv\\\/site\\\/#\\\/schema\\\/person\\\/4e536851627d7914baf3dac752b6af22\"},\"headline\":\"Viana do Castelo sob aviso laranja no s\u00e1bado devido \u00e0 chuva\",\"datePublished\":\"2023-01-06T09:06:55+00:00\",\"dateModified\":\"2023-01-06T09:07:00+00:00\",\"mainEntityOfPage\":{\"@id\":\"https:\\\/\\\/www.altominho.tv\\\/site\\\/2023\\\/01\\\/06\\\/viana-do-castelo-sob-aviso-laranja-no-sabado-devido-a-chuva\\\/\"},\"wordCount\":264,\"image\":{\"@id\":\"https:\\\/\\\/www.altominho.tv\\\/site\\\/2023\\\/01\\\/06\\\/viana-do-castelo-sob-aviso-laranja-no-sabado-devido-a-chuva\\\/#primaryimage\"},\"thumbnailUrl\":\"https:\\\/\\\/www.altominho.tv\\\/site\\\/wp-content\\\/uploads\\\/2022\\\/12\\\/Chuva.jpg\",\"keywords\":[\"Sociedade\"],\"articleSection\":[\"Alto Minho\"],\"inLanguage\":\"pt-PT\",\"copyrightYear\":\"2023\",\"copyrightHolder\":{\"@id\":\"https:\\\/\\\/www.altominho.tv\\\/site\\\/#organization\"}},{\"@type\":\"WebPage\",\"@id\":\"https:\\\/\\\/www.altominho.tv\\\/site\\\/2023\\\/01\\\/06\\\/viana-do-castelo-sob-aviso-laranja-no-sabado-devido-a-chuva\\\/\",\"url\":\"https:\\\/\\\/www.altominho.tv\\\/site\\\/2023\\\/01\\\/06\\\/viana-do-castelo-sob-aviso-laranja-no-sabado-devido-a-chuva\\\/\",\"name\":\"Viana do Castelo sob aviso laranja no s\u00e1bado devido \u00e0 chuva\",\"isPartOf\":{\"@id\":\"https:\\\/\\\/www.altominho.tv\\\/site\\\/#website\"},\"primaryImageOfPage\":{\"@id\":\"https:\\\/\\\/www.altominho.tv\\\/site\\\/2023\\\/01\\\/06\\\/viana-do-castelo-sob-aviso-laranja-no-sabado-devido-a-chuva\\\/#primaryimage\"},\"image\":{\"@id\":\"https:\\\/\\\/www.altominho.tv\\\/site\\\/2023\\\/01\\\/06\\\/viana-do-castelo-sob-aviso-laranja-no-sabado-devido-a-chuva\\\/#primaryimage\"},\"thumbnailUrl\":\"https:\\\/\\\/www.altominho.tv\\\/site\\\/wp-content\\\/uploads\\\/2022\\\/12\\\/Chuva.jpg\",\"datePublished\":\"2023-01-06T09:06:55+00:00\",\"dateModified\":\"2023-01-06T09:07:00+00:00\",\"author\":{\"@id\":\"https:\\\/\\\/www.altominho.tv\\\/site\\\/#\\\/schema\\\/person\\\/4e536851627d7914baf3dac752b6af22\"},\"description\":\"Os distritos do Porto, Viana do Castelo, Aveiro e Braga v\u00e3o estar sob aviso laranja no s\u00e1bado devido \u00e0 previs\u00e3o de per\u00edodos de chuva por vezes forte, segundo o Instituto Portugu\u00eas do Mar e da Atmosfera (IPMA).\",\"breadcrumb\":{\"@id\":\"https:\\\/\\\/www.altominho.tv\\\/site\\\/2023\\\/01\\\/06\\\/viana-do-castelo-sob-aviso-laranja-no-sabado-devido-a-chuva\\\/#breadcrumb\"},\"inLanguage\":\"pt-PT\",\"potentialAction\":[{\"@type\":\"ReadAction\",\"target\":[\"https:\\\/\\\/www.altominho.tv\\\/site\\\/2023\\\/01\\\/06\\\/viana-do-castelo-sob-aviso-laranja-no-sabado-devido-a-chuva\\\/\"]}]},{\"@type\":\"ImageObject\",\"inLanguage\":\"pt-PT\",\"@id\":\"https:\\\/\\\/www.altominho.tv\\\/site\\\/2023\\\/01\\\/06\\\/viana-do-castelo-sob-aviso-laranja-no-sabado-devido-a-chuva\\\/#primaryimage\",\"url\":\"https:\\\/\\\/www.altominho.tv\\\/site\\\/wp-content\\\/uploads\\\/2022\\\/12\\\/Chuva.jpg\",\"contentUrl\":\"https:\\\/\\\/www.altominho.tv\\\/site\\\/wp-content\\\/uploads\\\/2022\\\/12\\\/Chuva.jpg\",\"width\":799,\"height\":450},{\"@type\":\"BreadcrumbList\",\"@id\":\"https:\\\/\\\/www.altominho.tv\\\/site\\\/2023\\\/01\\\/06\\\/viana-do-castelo-sob-aviso-laranja-no-sabado-devido-a-chuva\\\/#breadcrumb\",\"itemListElement\":[{\"@type\":\"ListItem\",\"position\":1,\"name\":\"In\u00edcio\",\"item\":\"https:\\\/\\\/www.altominho.tv\\\/site\\\/\"},{\"@type\":\"ListItem\",\"position\":2,\"name\":\"Viana do Castelo sob aviso laranja no s\u00e1bado devido \u00e0 chuva\"}]},{\"@type\":\"WebSite\",\"@id\":\"https:\\\/\\\/www.altominho.tv\\\/site\\\/#website\",\"url\":\"https:\\\/\\\/www.altominho.tv\\\/site\\\/\",\"name\":\"Altominho.tv\",\"description\":\"A sua regi\u00e3o \u00e0 dist\u00e2ncia de um clique...\",\"potentialAction\":[{\"@type\":\"SearchAction\",\"target\":{\"@type\":\"EntryPoint\",\"urlTemplate\":\"https:\\\/\\\/www.altominho.tv\\\/site\\\/?s={search_term_string}\"},\"query-input\":{\"@type\":\"PropertyValueSpecification\",\"valueRequired\":true,\"valueName\":\"search_term_string\"}}],\"inLanguage\":\"pt-PT\"},{\"@type\":\"Person\",\"@id\":\"https:\\\/\\\/www.altominho.tv\\\/site\\\/#\\\/schema\\\/person\\\/4e536851627d7914baf3dac752b6af22\",\"name\":\"Altominho.tv\",\"image\":{\"@type\":\"ImageObject\",\"inLanguage\":\"pt-PT\",\"@id\":\"https:\\\/\\\/www.altominho.tv\\\/site\\\/wp-content\\\/uploads\\\/2019\\\/11\\\/Logo_Avatar_2-150x150.jpg\",\"url\":\"https:\\\/\\\/www.altominho.tv\\\/site\\\/wp-content\\\/uploads\\\/2019\\\/11\\\/Logo_Avatar_2-150x150.jpg\",\"contentUrl\":\"https:\\\/\\\/www.altominho.tv\\\/site\\\/wp-content\\\/uploads\\\/2019\\\/11\\\/Logo_Avatar_2-150x150.jpg\",\"caption\":\"Altominho.tv\"},\"url\":\"https:\\\/\\\/www.altominho.tv\\\/site\\\/author\\\/altominhotv-tecnico\\\/\"}]}<\/script>\n<!-- \/ Yoast SEO Premium plugin. -->","yoast_head_json":{"title":"Viana do Castelo sob aviso laranja no s\u00e1bado devido \u00e0 chuva","description":"Os distritos do Porto, Viana do Castelo, Aveiro e Braga v\u00e3o estar sob aviso laranja no s\u00e1bado devido \u00e0 previs\u00e3o de per\u00edodos de chuva por vezes forte, segundo o Instituto Portugu\u00eas do Mar e da Atmosfera (IPMA).","robots":{"index":"index","follow":"follow","max-snippet":"max-snippet:-1","max-image-preview":"max-image-preview:large","max-video-preview":"max-video-preview:-1"},"canonical":"https:\/\/www.altominho.tv\/site\/2023\/01\/06\/viana-do-castelo-sob-aviso-laranja-no-sabado-devido-a-chuva\/","og_locale":"pt_PT","og_type":"article","og_title":"Viana do Castelo sob aviso laranja no s\u00e1bado devido \u00e0 chuva","og_description":"Os distritos do Porto, Viana do Castelo, Aveiro e Braga v\u00e3o estar sob aviso laranja no s\u00e1bado devido \u00e0 previs\u00e3o de per\u00edodos de chuva por vezes forte, segundo o Instituto Portugu\u00eas do Mar e da Atmosfera (IPMA).","og_url":"https:\/\/www.altominho.tv\/site\/2023\/01\/06\/viana-do-castelo-sob-aviso-laranja-no-sabado-devido-a-chuva\/","og_site_name":"Altominho.tv","article_publisher":"https:\/\/www.facebook.com\/altominhotv","article_published_time":"2023-01-06T09:06:55+00:00","article_modified_time":"2023-01-06T09:07:00+00:00","og_image":[{"width":799,"height":450,"url":"https:\/\/www.altominho.tv\/site\/wp-content\/uploads\/2022\/12\/Chuva.jpg","type":"image\/jpeg"}],"author":"Altominho.tv","twitter_card":"summary_large_image","twitter_creator":"@altominhoTV","twitter_site":"@altominhoTV","twitter_misc":{"Escrito por":"Altominho.tv","Tempo estimado de leitura":"2 minutos"},"schema":{"@context":"https:\/\/schema.org","@graph":[{"@type":"Article","@id":"https:\/\/www.altominho.tv\/site\/2023\/01\/06\/viana-do-castelo-sob-aviso-laranja-no-sabado-devido-a-chuva\/#article","isPartOf":{"@id":"https:\/\/www.altominho.tv\/site\/2023\/01\/06\/viana-do-castelo-sob-aviso-laranja-no-sabado-devido-a-chuva\/"},"author":{"name":"Altominho.tv","@id":"https:\/\/www.altominho.tv\/site\/#\/schema\/person\/4e536851627d7914baf3dac752b6af22"},"headline":"Viana do Castelo sob aviso laranja no s\u00e1bado devido \u00e0 chuva","datePublished":"2023-01-06T09:06:55+00:00","dateModified":"2023-01-06T09:07:00+00:00","mainEntityOfPage":{"@id":"https:\/\/www.altominho.tv\/site\/2023\/01\/06\/viana-do-castelo-sob-aviso-laranja-no-sabado-devido-a-chuva\/"},"wordCount":264,"image":{"@id":"https:\/\/www.altominho.tv\/site\/2023\/01\/06\/viana-do-castelo-sob-aviso-laranja-no-sabado-devido-a-chuva\/#primaryimage"},"thumbnailUrl":"https:\/\/www.altominho.tv\/site\/wp-content\/uploads\/2022\/12\/Chuva.jpg","keywords":["Sociedade"],"articleSection":["Alto Minho"],"inLanguage":"pt-PT","copyrightYear":"2023","copyrightHolder":{"@id":"https:\/\/www.altominho.tv\/site\/#organization"}},{"@type":"WebPage","@id":"https:\/\/www.altominho.tv\/site\/2023\/01\/06\/viana-do-castelo-sob-aviso-laranja-no-sabado-devido-a-chuva\/","url":"https:\/\/www.altominho.tv\/site\/2023\/01\/06\/viana-do-castelo-sob-aviso-laranja-no-sabado-devido-a-chuva\/","name":"Viana do Castelo sob aviso laranja no s\u00e1bado devido \u00e0 chuva","isPartOf":{"@id":"https:\/\/www.altominho.tv\/site\/#website"},"primaryImageOfPage":{"@id":"https:\/\/www.altominho.tv\/site\/2023\/01\/06\/viana-do-castelo-sob-aviso-laranja-no-sabado-devido-a-chuva\/#primaryimage"},"image":{"@id":"https:\/\/www.altominho.tv\/site\/2023\/01\/06\/viana-do-castelo-sob-aviso-laranja-no-sabado-devido-a-chuva\/#primaryimage"},"thumbnailUrl":"https:\/\/www.altominho.tv\/site\/wp-content\/uploads\/2022\/12\/Chuva.jpg","datePublished":"2023-01-06T09:06:55+00:00","dateModified":"2023-01-06T09:07:00+00:00","author":{"@id":"https:\/\/www.altominho.tv\/site\/#\/schema\/person\/4e536851627d7914baf3dac752b6af22"},"description":"Os distritos do Porto, Viana do Castelo, Aveiro e Braga v\u00e3o estar sob aviso laranja no s\u00e1bado devido \u00e0 previs\u00e3o de per\u00edodos de chuva por vezes forte, segundo o Instituto Portugu\u00eas do Mar e da Atmosfera (IPMA).","breadcrumb":{"@id":"https:\/\/www.altominho.tv\/site\/2023\/01\/06\/viana-do-castelo-sob-aviso-laranja-no-sabado-devido-a-chuva\/#breadcrumb"},"inLanguage":"pt-PT","potentialAction":[{"@type":"ReadAction","target":["https:\/\/www.altominho.tv\/site\/2023\/01\/06\/viana-do-castelo-sob-aviso-laranja-no-sabado-devido-a-chuva\/"]}]},{"@type":"ImageObject","inLanguage":"pt-PT","@id":"https:\/\/www.altominho.tv\/site\/2023\/01\/06\/viana-do-castelo-sob-aviso-laranja-no-sabado-devido-a-chuva\/#primaryimage","url":"https:\/\/www.altominho.tv\/site\/wp-content\/uploads\/2022\/12\/Chuva.jpg","contentUrl":"https:\/\/www.altominho.tv\/site\/wp-content\/uploads\/2022\/12\/Chuva.jpg","width":799,"height":450},{"@type":"BreadcrumbList","@id":"https:\/\/www.altominho.tv\/site\/2023\/01\/06\/viana-do-castelo-sob-aviso-laranja-no-sabado-devido-a-chuva\/#breadcrumb","itemListElement":[{"@type":"ListItem","position":1,"name":"In\u00edcio","item":"https:\/\/www.altominho.tv\/site\/"},{"@type":"ListItem","position":2,"name":"Viana do Castelo sob aviso laranja no s\u00e1bado devido \u00e0 chuva"}]},{"@type":"WebSite","@id":"https:\/\/www.altominho.tv\/site\/#website","url":"https:\/\/www.altominho.tv\/site\/","name":"Altominho.tv","description":"A sua regi\u00e3o \u00e0 dist\u00e2ncia de um clique...","potentialAction":[{"@type":"SearchAction","target":{"@type":"EntryPoint","urlTemplate":"https:\/\/www.altominho.tv\/site\/?s={search_term_string}"},"query-input":{"@type":"PropertyValueSpecification","valueRequired":true,"valueName":"search_term_string"}}],"inLanguage":"pt-PT"},{"@type":"Person","@id":"https:\/\/www.altominho.tv\/site\/#\/schema\/person\/4e536851627d7914baf3dac752b6af22","name":"Altominho.tv","image":{"@type":"ImageObject","inLanguage":"pt-PT","@id":"https:\/\/www.altominho.tv\/site\/wp-content\/uploads\/2019\/11\/Logo_Avatar_2-150x150.jpg","url":"https:\/\/www.altominho.tv\/site\/wp-content\/uploads\/2019\/11\/Logo_Avatar_2-150x150.jpg","contentUrl":"https:\/\/www.altominho.tv\/site\/wp-content\/uploads\/2019\/11\/Logo_Avatar_2-150x150.jpg","caption":"Altominho.tv"},"url":"https:\/\/www.altominho.tv\/site\/author\/altominhotv-tecnico\/"}]}},"_links":{"self":[{"href":"https:\/\/www.altominho.tv\/site\/wp-json\/wp\/v2\/posts\/87558","targetHints":{"allow":["GET"]}}],"collection":[{"href":"https:\/\/www.altominho.tv\/site\/wp-json\/wp\/v2\/posts"}],"about":[{"href":"https:\/\/www.altominho.tv\/site\/wp-json\/wp\/v2\/types\/post"}],"author":[{"embeddable":true,"href":"https:\/\/www.altominho.tv\/site\/wp-json\/wp\/v2\/users\/1"}],"replies":[{"embeddable":true,"href":"https:\/\/www.altominho.tv\/site\/wp-json\/wp\/v2\/comments?post=87558"}],"version-history":[{"count":1,"href":"https:\/\/www.altominho.tv\/site\/wp-json\/wp\/v2\/posts\/87558\/revisions"}],"predecessor-version":[{"id":87559,"href":"https:\/\/www.altominho.tv\/site\/wp-json\/wp\/v2\/posts\/87558\/revisions\/87559"}],"wp:featuredmedia":[{"embeddable":true,"href":"https:\/\/www.altominho.tv\/site\/wp-json\/wp\/v2\/media\/87197"}],"wp:attachment":[{"href":"https:\/\/www.altominho.tv\/site\/wp-json\/wp\/v2\/media?parent=87558"}],"wp:term":[{"taxonomy":"category","embeddable":true,"href":"https:\/\/www.altominho.tv\/site\/wp-json\/wp\/v2\/categories?post=87558"},{"taxonomy":"post_tag","embeddable":true,"href":"https:\/\/www.altominho.tv\/site\/wp-json\/wp\/v2\/tags?post=87558"}],"curies":[{"name":"wp","href":"https:\/\/api.w.org\/{rel}","templated":true}]}}