{"id":87539,"date":"2023-01-05T17:59:20","date_gmt":"2023-01-05T17:59:20","guid":{"rendered":"https:\/\/www.altominho.tv\/site\/?p=87539"},"modified":"2023-01-05T19:03:22","modified_gmt":"2023-01-05T19:03:22","slug":"todos-pensamos-ser-capazes-de-ir-mais-alem-dos-quartos","status":"publish","type":"post","link":"https:\/\/www.altominho.tv\/site\/2023\/01\/05\/todos-pensamos-ser-capazes-de-ir-mais-alem-dos-quartos\/","title":{"rendered":"&#8220;Todos pens\u00e1mos ser capazes de ir mais al\u00e9m dos quartos de final&#8221;"},"content":{"rendered":"<p>\u00c9 o encerrar de um ciclo para Jo\u00e3o Carlos Costa. Treinador adjunto da Sele\u00e7\u00e3o Nacional desde setembro de 2014, terminou agora a sua liga\u00e7\u00e3o \u00e0 Federa\u00e7\u00e3o Portuguesa de Futebol (FPF) com a sa\u00edda de Fernando Santos. Em entrevista \u00e0 <strong>Altominho TV<\/strong>, o valenciano faz o balan\u00e7o do seu tempo ao servi\u00e7o da equipa das quinas.<\/p>\n<p>&#8220;Oito anos de trabalho na mesma equipa \u00e9 no contexto no futebol profissional atual algo pouco habitual! Ao longo de todos estes anos vivemos diferente fases, que julgo naturais numa equipa de topo como a sele\u00e7\u00e3o portuguesa: momentos de afirma\u00e7\u00e3o, momentos de conquista, fases de mudan\u00e7a e crescimento de novos jogadores, tamb\u00e9m alguns momentos de satura\u00e7\u00e3o p\u00fablica pela necessidade permanente que a nossa sociedade tem em substituir os seus her\u00f3is ou os seus \u00edcones.&nbsp; Resumidamente, foi um tempo excepcional que engrandece e contribui para o crescimento de qualquer profissional, que guardarei com grande honra nas minhas recorda\u00e7\u00f5es&#8221;, afirma o treinador e preparador f\u00edsico de 49 anos.<\/p>\n<p>No Mundial 2022, realizado no Catar, Portugal foi eliminado por Marrocos nos quartos de final (0-1). Depois da competi\u00e7\u00e3o, FPF e Fernando Santos entenderam que este era o momento certo para iniciar um novo ciclo, rescindindo o contrato que os unia&nbsp;at\u00e9 2024.<\/p>\n<p>&#8220;A presta\u00e7\u00e3o da sele\u00e7\u00e3o nacional teve a enorme capacidade de envolver o pa\u00eds, atrav\u00e9s dos seus jogadores, numa ambi\u00e7\u00e3o de sermos os melhores. Algo que deve nortear os objetivos e ambi\u00e7\u00f5es de toda atividade, n\u00e3o s\u00f3 desportiva como tamb\u00e9m empresarial ou social. Todos pretend\u00edamos e pensamos ser capazes de ir mais al\u00e9m do que os quartos de final, mas se assim n\u00e3o fosse a nossa ambi\u00e7\u00e3o de ser primeiros nunca seria verdadeira! &#8220;, adianta.<\/p>\n<p><img loading=\"lazy\" decoding=\"async\" class=\"alignnone size-medium wp-image-87457\" src=\"https:\/\/www.altominho.tv\/site\/wp-content\/uploads\/2023\/01\/selecao2-662x433.jpg\" alt=\"\" width=\"662\" height=\"433\" srcset=\"https:\/\/www.altominho.tv\/site\/wp-content\/uploads\/2023\/01\/selecao2-662x433.jpg 662w, https:\/\/www.altominho.tv\/site\/wp-content\/uploads\/2023\/01\/selecao2-1024x670.jpg 1024w, https:\/\/www.altominho.tv\/site\/wp-content\/uploads\/2023\/01\/selecao2-768x502.jpg 768w, https:\/\/www.altominho.tv\/site\/wp-content\/uploads\/2023\/01\/selecao2-370x242.jpg 370w, https:\/\/www.altominho.tv\/site\/wp-content\/uploads\/2023\/01\/selecao2-270x177.jpg 270w, https:\/\/www.altominho.tv\/site\/wp-content\/uploads\/2023\/01\/selecao2-570x373.jpg 570w, https:\/\/www.altominho.tv\/site\/wp-content\/uploads\/2023\/01\/selecao2-740x484.jpg 740w, https:\/\/www.altominho.tv\/site\/wp-content\/uploads\/2023\/01\/selecao2.jpg 1290w\" sizes=\"auto, (max-width: 662px) 100vw, 662px\" \/><\/p>\n<p>Quanto ao seu futuro, Jo\u00e3o Carlos Costa defende que \u00e9 importante n\u00e3o haver precipita\u00e7\u00f5es: &#8220;Estou aberto ao que possa surgir, quer no seguimento do trabalho que venho desenvolvendo com o Fernando Santos, quer em alternativas que me possam surgir individualmente noutros contextos.&#8221;<\/p>\n<p>Ao lado de Fernando Santos na Sele\u00e7\u00e3o Nacional, Jo\u00e3o Carlos Costa venceu duas competi\u00e7\u00f5es internacionais: o Euro 2016, em Fran\u00e7a, e a Liga das Na\u00e7\u00f5es, em 2019.<\/p>\n","protected":false},"excerpt":{"rendered":"<p>\u00c9 o encerrar de um ciclo para Jo\u00e3o Carlos Costa. Treinador adjunto da Sele\u00e7\u00e3o Nacional desde setembro de 2014, terminou agora a sua liga\u00e7\u00e3o \u00e0 Federa\u00e7\u00e3o Portuguesa de Futebol (FPF) com a sa\u00edda de Fernando Santos. Em entrevista \u00e0 Altominho TV, o valenciano faz o balan\u00e7o do seu tempo ao servi\u00e7o da equipa das quinas. [&hellip;]<\/p>\n","protected":false},"author":24,"featured_media":87456,"comment_status":"closed","ping_status":"closed","sticky":false,"template":"","format":"standard","meta":{"_exactmetrics_skip_tracking":false,"_exactmetrics_sitenote_active":false,"_exactmetrics_sitenote_note":"","_exactmetrics_sitenote_category":0,"footnotes":""},"categories":[13],"tags":[20],"class_list":["post-87539","post","type-post","status-publish","format-standard","has-post-thumbnail","hentry","category-valenca","tag-desporto"],"yoast_head":"<!-- This site is optimized with the Yoast SEO Premium plugin v27.5 (Yoast SEO v27.5) - https:\/\/yoast.com\/product\/yoast-seo-premium-wordpress\/ -->\n<title>&quot;Todos pens\u00e1mos ser capazes de ir mais al\u00e9m dos quartos de final&quot;<\/title>\n<meta name=\"description\" content=\"\u00c9 o encerrar de um ciclo para Jo\u00e3o Carlos Costa. Treinador adjunto da Sele\u00e7\u00e3o Nacional desde setembro de 2014, terminou agora a sua liga\u00e7\u00e3o \u00e0 Federa\u00e7\u00e3o Portuguesa de Futebol (FPF) com a sa\u00edda de Fernando Santos. Em entrevista \u00e0 Altominho TV, o valenciano faz o balan\u00e7o do seu tempo ao servi\u00e7o da equipa das quinas.\" \/>\n<meta name=\"robots\" content=\"index, follow, max-snippet:-1, max-image-preview:large, max-video-preview:-1\" \/>\n<link rel=\"canonical\" href=\"https:\/\/www.altominho.tv\/site\/2023\/01\/05\/todos-pensamos-ser-capazes-de-ir-mais-alem-dos-quartos\/\" \/>\n<meta property=\"og:locale\" content=\"pt_PT\" \/>\n<meta property=\"og:type\" content=\"article\" \/>\n<meta property=\"og:title\" content=\"&quot;Todos pens\u00e1mos ser capazes de ir mais al\u00e9m dos quartos de final&quot;\" \/>\n<meta property=\"og:description\" content=\"\u00c9 o encerrar de um ciclo para Jo\u00e3o Carlos Costa. Treinador adjunto da Sele\u00e7\u00e3o Nacional desde setembro de 2014, terminou agora a sua liga\u00e7\u00e3o \u00e0 Federa\u00e7\u00e3o Portuguesa de Futebol (FPF) com a sa\u00edda de Fernando Santos. Em entrevista \u00e0 Altominho TV, o valenciano faz o balan\u00e7o do seu tempo ao servi\u00e7o da equipa das quinas.\" \/>\n<meta property=\"og:url\" content=\"https:\/\/www.altominho.tv\/site\/2023\/01\/05\/todos-pensamos-ser-capazes-de-ir-mais-alem-dos-quartos\/\" \/>\n<meta property=\"og:site_name\" content=\"Altominho.tv\" \/>\n<meta property=\"article:publisher\" content=\"https:\/\/www.facebook.com\/altominhotv\" \/>\n<meta property=\"article:published_time\" content=\"2023-01-05T17:59:20+00:00\" \/>\n<meta property=\"article:modified_time\" content=\"2023-01-05T19:03:22+00:00\" \/>\n<meta property=\"og:image\" content=\"https:\/\/www.altominho.tv\/site\/wp-content\/uploads\/2023\/01\/selecao.jpg\" \/>\n\t<meta property=\"og:image:width\" content=\"1310\" \/>\n\t<meta property=\"og:image:height\" content=\"833\" \/>\n\t<meta property=\"og:image:type\" content=\"image\/jpeg\" \/>\n<meta name=\"author\" content=\"Cesar Lopes\" \/>\n<meta name=\"twitter:card\" content=\"summary_large_image\" \/>\n<meta name=\"twitter:creator\" content=\"@altominhoTV\" \/>\n<meta name=\"twitter:site\" content=\"@altominhoTV\" \/>\n<meta name=\"twitter:label1\" content=\"Escrito por\" \/>\n\t<meta name=\"twitter:data1\" content=\"Cesar Lopes\" \/>\n\t<meta name=\"twitter:label2\" content=\"Tempo estimado de leitura\" \/>\n\t<meta name=\"twitter:data2\" content=\"3 minutos\" \/>\n<script type=\"application\/ld+json\" class=\"yoast-schema-graph\">{\"@context\":\"https:\\\/\\\/schema.org\",\"@graph\":[{\"@type\":\"Article\",\"@id\":\"https:\\\/\\\/www.altominho.tv\\\/site\\\/2023\\\/01\\\/05\\\/todos-pensamos-ser-capazes-de-ir-mais-alem-dos-quartos\\\/#article\",\"isPartOf\":{\"@id\":\"https:\\\/\\\/www.altominho.tv\\\/site\\\/2023\\\/01\\\/05\\\/todos-pensamos-ser-capazes-de-ir-mais-alem-dos-quartos\\\/\"},\"author\":{\"name\":\"Cesar Lopes\",\"@id\":\"https:\\\/\\\/www.altominho.tv\\\/site\\\/#\\\/schema\\\/person\\\/c5570e5afb933b8d08c43373326ef1b1\"},\"headline\":\"&#8220;Todos pens\u00e1mos ser capazes de ir mais al\u00e9m dos quartos de final&#8221;\",\"datePublished\":\"2023-01-05T17:59:20+00:00\",\"dateModified\":\"2023-01-05T19:03:22+00:00\",\"mainEntityOfPage\":{\"@id\":\"https:\\\/\\\/www.altominho.tv\\\/site\\\/2023\\\/01\\\/05\\\/todos-pensamos-ser-capazes-de-ir-mais-alem-dos-quartos\\\/\"},\"wordCount\":388,\"image\":{\"@id\":\"https:\\\/\\\/www.altominho.tv\\\/site\\\/2023\\\/01\\\/05\\\/todos-pensamos-ser-capazes-de-ir-mais-alem-dos-quartos\\\/#primaryimage\"},\"thumbnailUrl\":\"https:\\\/\\\/www.altominho.tv\\\/site\\\/wp-content\\\/uploads\\\/2023\\\/01\\\/selecao.jpg\",\"keywords\":[\"Desporto\"],\"articleSection\":[\"Valen\u00e7a\"],\"inLanguage\":\"pt-PT\",\"copyrightYear\":\"2023\",\"copyrightHolder\":{\"@id\":\"https:\\\/\\\/www.altominho.tv\\\/site\\\/#organization\"}},{\"@type\":\"WebPage\",\"@id\":\"https:\\\/\\\/www.altominho.tv\\\/site\\\/2023\\\/01\\\/05\\\/todos-pensamos-ser-capazes-de-ir-mais-alem-dos-quartos\\\/\",\"url\":\"https:\\\/\\\/www.altominho.tv\\\/site\\\/2023\\\/01\\\/05\\\/todos-pensamos-ser-capazes-de-ir-mais-alem-dos-quartos\\\/\",\"name\":\"\\\"Todos pens\u00e1mos ser capazes de ir mais al\u00e9m dos quartos de final\\\"\",\"isPartOf\":{\"@id\":\"https:\\\/\\\/www.altominho.tv\\\/site\\\/#website\"},\"primaryImageOfPage\":{\"@id\":\"https:\\\/\\\/www.altominho.tv\\\/site\\\/2023\\\/01\\\/05\\\/todos-pensamos-ser-capazes-de-ir-mais-alem-dos-quartos\\\/#primaryimage\"},\"image\":{\"@id\":\"https:\\\/\\\/www.altominho.tv\\\/site\\\/2023\\\/01\\\/05\\\/todos-pensamos-ser-capazes-de-ir-mais-alem-dos-quartos\\\/#primaryimage\"},\"thumbnailUrl\":\"https:\\\/\\\/www.altominho.tv\\\/site\\\/wp-content\\\/uploads\\\/2023\\\/01\\\/selecao.jpg\",\"datePublished\":\"2023-01-05T17:59:20+00:00\",\"dateModified\":\"2023-01-05T19:03:22+00:00\",\"author\":{\"@id\":\"https:\\\/\\\/www.altominho.tv\\\/site\\\/#\\\/schema\\\/person\\\/c5570e5afb933b8d08c43373326ef1b1\"},\"description\":\"\u00c9 o encerrar de um ciclo para Jo\u00e3o Carlos Costa. Treinador adjunto da Sele\u00e7\u00e3o Nacional desde setembro de 2014, terminou agora a sua liga\u00e7\u00e3o \u00e0 Federa\u00e7\u00e3o Portuguesa de Futebol (FPF) com a sa\u00edda de Fernando Santos. Em entrevista \u00e0 Altominho TV, o valenciano faz o balan\u00e7o do seu tempo ao servi\u00e7o da equipa das quinas.\",\"breadcrumb\":{\"@id\":\"https:\\\/\\\/www.altominho.tv\\\/site\\\/2023\\\/01\\\/05\\\/todos-pensamos-ser-capazes-de-ir-mais-alem-dos-quartos\\\/#breadcrumb\"},\"inLanguage\":\"pt-PT\",\"potentialAction\":[{\"@type\":\"ReadAction\",\"target\":[\"https:\\\/\\\/www.altominho.tv\\\/site\\\/2023\\\/01\\\/05\\\/todos-pensamos-ser-capazes-de-ir-mais-alem-dos-quartos\\\/\"]}]},{\"@type\":\"ImageObject\",\"inLanguage\":\"pt-PT\",\"@id\":\"https:\\\/\\\/www.altominho.tv\\\/site\\\/2023\\\/01\\\/05\\\/todos-pensamos-ser-capazes-de-ir-mais-alem-dos-quartos\\\/#primaryimage\",\"url\":\"https:\\\/\\\/www.altominho.tv\\\/site\\\/wp-content\\\/uploads\\\/2023\\\/01\\\/selecao.jpg\",\"contentUrl\":\"https:\\\/\\\/www.altominho.tv\\\/site\\\/wp-content\\\/uploads\\\/2023\\\/01\\\/selecao.jpg\",\"width\":1310,\"height\":833},{\"@type\":\"BreadcrumbList\",\"@id\":\"https:\\\/\\\/www.altominho.tv\\\/site\\\/2023\\\/01\\\/05\\\/todos-pensamos-ser-capazes-de-ir-mais-alem-dos-quartos\\\/#breadcrumb\",\"itemListElement\":[{\"@type\":\"ListItem\",\"position\":1,\"name\":\"In\u00edcio\",\"item\":\"https:\\\/\\\/www.altominho.tv\\\/site\\\/\"},{\"@type\":\"ListItem\",\"position\":2,\"name\":\"&#8220;Todos pens\u00e1mos ser capazes de ir mais al\u00e9m dos quartos de final&#8221;\"}]},{\"@type\":\"WebSite\",\"@id\":\"https:\\\/\\\/www.altominho.tv\\\/site\\\/#website\",\"url\":\"https:\\\/\\\/www.altominho.tv\\\/site\\\/\",\"name\":\"Altominho.tv\",\"description\":\"A sua regi\u00e3o \u00e0 dist\u00e2ncia de um clique...\",\"potentialAction\":[{\"@type\":\"SearchAction\",\"target\":{\"@type\":\"EntryPoint\",\"urlTemplate\":\"https:\\\/\\\/www.altominho.tv\\\/site\\\/?s={search_term_string}\"},\"query-input\":{\"@type\":\"PropertyValueSpecification\",\"valueRequired\":true,\"valueName\":\"search_term_string\"}}],\"inLanguage\":\"pt-PT\"},{\"@type\":\"Person\",\"@id\":\"https:\\\/\\\/www.altominho.tv\\\/site\\\/#\\\/schema\\\/person\\\/c5570e5afb933b8d08c43373326ef1b1\",\"name\":\"Cesar Lopes\",\"image\":{\"@type\":\"ImageObject\",\"inLanguage\":\"pt-PT\",\"@id\":\"https:\\\/\\\/www.altominho.tv\\\/site\\\/wp-content\\\/uploads\\\/2022\\\/10\\\/Sem-Titulo-150x150.jpg\",\"url\":\"https:\\\/\\\/www.altominho.tv\\\/site\\\/wp-content\\\/uploads\\\/2022\\\/10\\\/Sem-Titulo-150x150.jpg\",\"contentUrl\":\"https:\\\/\\\/www.altominho.tv\\\/site\\\/wp-content\\\/uploads\\\/2022\\\/10\\\/Sem-Titulo-150x150.jpg\",\"caption\":\"Cesar Lopes\"},\"url\":\"https:\\\/\\\/www.altominho.tv\\\/site\\\/author\\\/cesarlopes\\\/\"}]}<\/script>\n<!-- \/ Yoast SEO Premium plugin. -->","yoast_head_json":{"title":"\"Todos pens\u00e1mos ser capazes de ir mais al\u00e9m dos quartos de final\"","description":"\u00c9 o encerrar de um ciclo para Jo\u00e3o Carlos Costa. Treinador adjunto da Sele\u00e7\u00e3o Nacional desde setembro de 2014, terminou agora a sua liga\u00e7\u00e3o \u00e0 Federa\u00e7\u00e3o Portuguesa de Futebol (FPF) com a sa\u00edda de Fernando Santos. Em entrevista \u00e0 Altominho TV, o valenciano faz o balan\u00e7o do seu tempo ao servi\u00e7o da equipa das quinas.","robots":{"index":"index","follow":"follow","max-snippet":"max-snippet:-1","max-image-preview":"max-image-preview:large","max-video-preview":"max-video-preview:-1"},"canonical":"https:\/\/www.altominho.tv\/site\/2023\/01\/05\/todos-pensamos-ser-capazes-de-ir-mais-alem-dos-quartos\/","og_locale":"pt_PT","og_type":"article","og_title":"\"Todos pens\u00e1mos ser capazes de ir mais al\u00e9m dos quartos de final\"","og_description":"\u00c9 o encerrar de um ciclo para Jo\u00e3o Carlos Costa. Treinador adjunto da Sele\u00e7\u00e3o Nacional desde setembro de 2014, terminou agora a sua liga\u00e7\u00e3o \u00e0 Federa\u00e7\u00e3o Portuguesa de Futebol (FPF) com a sa\u00edda de Fernando Santos. Em entrevista \u00e0 Altominho TV, o valenciano faz o balan\u00e7o do seu tempo ao servi\u00e7o da equipa das quinas.","og_url":"https:\/\/www.altominho.tv\/site\/2023\/01\/05\/todos-pensamos-ser-capazes-de-ir-mais-alem-dos-quartos\/","og_site_name":"Altominho.tv","article_publisher":"https:\/\/www.facebook.com\/altominhotv","article_published_time":"2023-01-05T17:59:20+00:00","article_modified_time":"2023-01-05T19:03:22+00:00","og_image":[{"width":1310,"height":833,"url":"https:\/\/www.altominho.tv\/site\/wp-content\/uploads\/2023\/01\/selecao.jpg","type":"image\/jpeg"}],"author":"Cesar Lopes","twitter_card":"summary_large_image","twitter_creator":"@altominhoTV","twitter_site":"@altominhoTV","twitter_misc":{"Escrito por":"Cesar Lopes","Tempo estimado de leitura":"3 minutos"},"schema":{"@context":"https:\/\/schema.org","@graph":[{"@type":"Article","@id":"https:\/\/www.altominho.tv\/site\/2023\/01\/05\/todos-pensamos-ser-capazes-de-ir-mais-alem-dos-quartos\/#article","isPartOf":{"@id":"https:\/\/www.altominho.tv\/site\/2023\/01\/05\/todos-pensamos-ser-capazes-de-ir-mais-alem-dos-quartos\/"},"author":{"name":"Cesar Lopes","@id":"https:\/\/www.altominho.tv\/site\/#\/schema\/person\/c5570e5afb933b8d08c43373326ef1b1"},"headline":"&#8220;Todos pens\u00e1mos ser capazes de ir mais al\u00e9m dos quartos de final&#8221;","datePublished":"2023-01-05T17:59:20+00:00","dateModified":"2023-01-05T19:03:22+00:00","mainEntityOfPage":{"@id":"https:\/\/www.altominho.tv\/site\/2023\/01\/05\/todos-pensamos-ser-capazes-de-ir-mais-alem-dos-quartos\/"},"wordCount":388,"image":{"@id":"https:\/\/www.altominho.tv\/site\/2023\/01\/05\/todos-pensamos-ser-capazes-de-ir-mais-alem-dos-quartos\/#primaryimage"},"thumbnailUrl":"https:\/\/www.altominho.tv\/site\/wp-content\/uploads\/2023\/01\/selecao.jpg","keywords":["Desporto"],"articleSection":["Valen\u00e7a"],"inLanguage":"pt-PT","copyrightYear":"2023","copyrightHolder":{"@id":"https:\/\/www.altominho.tv\/site\/#organization"}},{"@type":"WebPage","@id":"https:\/\/www.altominho.tv\/site\/2023\/01\/05\/todos-pensamos-ser-capazes-de-ir-mais-alem-dos-quartos\/","url":"https:\/\/www.altominho.tv\/site\/2023\/01\/05\/todos-pensamos-ser-capazes-de-ir-mais-alem-dos-quartos\/","name":"\"Todos pens\u00e1mos ser capazes de ir mais al\u00e9m dos quartos de final\"","isPartOf":{"@id":"https:\/\/www.altominho.tv\/site\/#website"},"primaryImageOfPage":{"@id":"https:\/\/www.altominho.tv\/site\/2023\/01\/05\/todos-pensamos-ser-capazes-de-ir-mais-alem-dos-quartos\/#primaryimage"},"image":{"@id":"https:\/\/www.altominho.tv\/site\/2023\/01\/05\/todos-pensamos-ser-capazes-de-ir-mais-alem-dos-quartos\/#primaryimage"},"thumbnailUrl":"https:\/\/www.altominho.tv\/site\/wp-content\/uploads\/2023\/01\/selecao.jpg","datePublished":"2023-01-05T17:59:20+00:00","dateModified":"2023-01-05T19:03:22+00:00","author":{"@id":"https:\/\/www.altominho.tv\/site\/#\/schema\/person\/c5570e5afb933b8d08c43373326ef1b1"},"description":"\u00c9 o encerrar de um ciclo para Jo\u00e3o Carlos Costa. Treinador adjunto da Sele\u00e7\u00e3o Nacional desde setembro de 2014, terminou agora a sua liga\u00e7\u00e3o \u00e0 Federa\u00e7\u00e3o Portuguesa de Futebol (FPF) com a sa\u00edda de Fernando Santos. Em entrevista \u00e0 Altominho TV, o valenciano faz o balan\u00e7o do seu tempo ao servi\u00e7o da equipa das quinas.","breadcrumb":{"@id":"https:\/\/www.altominho.tv\/site\/2023\/01\/05\/todos-pensamos-ser-capazes-de-ir-mais-alem-dos-quartos\/#breadcrumb"},"inLanguage":"pt-PT","potentialAction":[{"@type":"ReadAction","target":["https:\/\/www.altominho.tv\/site\/2023\/01\/05\/todos-pensamos-ser-capazes-de-ir-mais-alem-dos-quartos\/"]}]},{"@type":"ImageObject","inLanguage":"pt-PT","@id":"https:\/\/www.altominho.tv\/site\/2023\/01\/05\/todos-pensamos-ser-capazes-de-ir-mais-alem-dos-quartos\/#primaryimage","url":"https:\/\/www.altominho.tv\/site\/wp-content\/uploads\/2023\/01\/selecao.jpg","contentUrl":"https:\/\/www.altominho.tv\/site\/wp-content\/uploads\/2023\/01\/selecao.jpg","width":1310,"height":833},{"@type":"BreadcrumbList","@id":"https:\/\/www.altominho.tv\/site\/2023\/01\/05\/todos-pensamos-ser-capazes-de-ir-mais-alem-dos-quartos\/#breadcrumb","itemListElement":[{"@type":"ListItem","position":1,"name":"In\u00edcio","item":"https:\/\/www.altominho.tv\/site\/"},{"@type":"ListItem","position":2,"name":"&#8220;Todos pens\u00e1mos ser capazes de ir mais al\u00e9m dos quartos de final&#8221;"}]},{"@type":"WebSite","@id":"https:\/\/www.altominho.tv\/site\/#website","url":"https:\/\/www.altominho.tv\/site\/","name":"Altominho.tv","description":"A sua regi\u00e3o \u00e0 dist\u00e2ncia de um clique...","potentialAction":[{"@type":"SearchAction","target":{"@type":"EntryPoint","urlTemplate":"https:\/\/www.altominho.tv\/site\/?s={search_term_string}"},"query-input":{"@type":"PropertyValueSpecification","valueRequired":true,"valueName":"search_term_string"}}],"inLanguage":"pt-PT"},{"@type":"Person","@id":"https:\/\/www.altominho.tv\/site\/#\/schema\/person\/c5570e5afb933b8d08c43373326ef1b1","name":"Cesar Lopes","image":{"@type":"ImageObject","inLanguage":"pt-PT","@id":"https:\/\/www.altominho.tv\/site\/wp-content\/uploads\/2022\/10\/Sem-Titulo-150x150.jpg","url":"https:\/\/www.altominho.tv\/site\/wp-content\/uploads\/2022\/10\/Sem-Titulo-150x150.jpg","contentUrl":"https:\/\/www.altominho.tv\/site\/wp-content\/uploads\/2022\/10\/Sem-Titulo-150x150.jpg","caption":"Cesar Lopes"},"url":"https:\/\/www.altominho.tv\/site\/author\/cesarlopes\/"}]}},"_links":{"self":[{"href":"https:\/\/www.altominho.tv\/site\/wp-json\/wp\/v2\/posts\/87539","targetHints":{"allow":["GET"]}}],"collection":[{"href":"https:\/\/www.altominho.tv\/site\/wp-json\/wp\/v2\/posts"}],"about":[{"href":"https:\/\/www.altominho.tv\/site\/wp-json\/wp\/v2\/types\/post"}],"author":[{"embeddable":true,"href":"https:\/\/www.altominho.tv\/site\/wp-json\/wp\/v2\/users\/24"}],"replies":[{"embeddable":true,"href":"https:\/\/www.altominho.tv\/site\/wp-json\/wp\/v2\/comments?post=87539"}],"version-history":[{"count":5,"href":"https:\/\/www.altominho.tv\/site\/wp-json\/wp\/v2\/posts\/87539\/revisions"}],"predecessor-version":[{"id":87549,"href":"https:\/\/www.altominho.tv\/site\/wp-json\/wp\/v2\/posts\/87539\/revisions\/87549"}],"wp:featuredmedia":[{"embeddable":true,"href":"https:\/\/www.altominho.tv\/site\/wp-json\/wp\/v2\/media\/87456"}],"wp:attachment":[{"href":"https:\/\/www.altominho.tv\/site\/wp-json\/wp\/v2\/media?parent=87539"}],"wp:term":[{"taxonomy":"category","embeddable":true,"href":"https:\/\/www.altominho.tv\/site\/wp-json\/wp\/v2\/categories?post=87539"},{"taxonomy":"post_tag","embeddable":true,"href":"https:\/\/www.altominho.tv\/site\/wp-json\/wp\/v2\/tags?post=87539"}],"curies":[{"name":"wp","href":"https:\/\/api.w.org\/{rel}","templated":true}]}}