{"id":87451,"date":"2023-01-04T13:44:55","date_gmt":"2023-01-04T13:44:55","guid":{"rendered":"https:\/\/www.altominho.tv\/site\/?p=87451"},"modified":"2023-01-04T13:45:01","modified_gmt":"2023-01-04T13:45:01","slug":"camara-de-caminha-disponibiliza-formularios-para-levantamento-de-danos","status":"publish","type":"post","link":"https:\/\/www.altominho.tv\/site\/2023\/01\/04\/camara-de-caminha-disponibiliza-formularios-para-levantamento-de-danos\/","title":{"rendered":"C\u00e2mara de Caminha disponibiliza formul\u00e1rios para levantamento de danos"},"content":{"rendered":"<p>A C\u00e2mara Municipal de Caminha est\u00e1 a disponibilizar, atrav\u00e9s do seu site (\u00e1rea de \u00b4Avisos`), formul\u00e1rios onde particulares e empresas podem descrever os danos decorrentes das intemp\u00e9ries ocorridas no concelho no dia 1 de janeiro de 2023.<\/p>\n<p>&#8220;As pessoas e as empresas dever\u00e3o imprimir o formul\u00e1rio, preencher os campos e enviar para a C\u00e2mara, atrav\u00e9s do email: geral@cm-caminha.pt. O documento, devidamente preenchido, tamb\u00e9m poder\u00e1 ser entregue no edif\u00edcio da C\u00e2mara Municipal, em Caminha, ou no GAM \u2013 Gabinete de Apoio ao Mun\u00edcipe, em Vila Praia de \u00c2ncora&#8221;, informa o munic\u00edpio.<\/p>\n<p>Os ficheiros s\u00e3o distintos para o caso de habita\u00e7\u00e3o e de atividades econ\u00f3micas. No caso do levantamento de danos associados a habita\u00e7\u00f5es em regime de arrendamento podem vir a surgir dois reportes: um por parte do arrendat\u00e1rio (apenas bens) e outro por parte do propriet\u00e1rio (edificado e bens).<\/p>\n<p>O concelho de Caminha foi um dos mais fustigados pelo mau tempo que se fez sentir no primeiro dia do ano. A Ministra da Coes\u00e3o Territorial, Ana Abrunhosa, j\u00e1 garantiu o apoio do Governo \u00e0s interven\u00e7\u00f5es estruturais que tiverem de ser executadas, por forma a salvaguardar o territ\u00f3rio de eventuais futuras intemp\u00e9ries.<\/p>\n","protected":false},"excerpt":{"rendered":"<p>A C\u00e2mara Municipal de Caminha est\u00e1 a disponibilizar, atrav\u00e9s do seu site (\u00e1rea de \u00b4Avisos`), formul\u00e1rios onde particulares e empresas podem descrever os danos decorrentes das intemp\u00e9ries ocorridas no concelho no dia 1 de janeiro de 2023. &#8220;As pessoas e as empresas dever\u00e3o imprimir o formul\u00e1rio, preencher os campos e enviar para a C\u00e2mara, atrav\u00e9s [&hellip;]<\/p>\n","protected":false},"author":24,"featured_media":87452,"comment_status":"closed","ping_status":"closed","sticky":false,"template":"","format":"standard","meta":{"_exactmetrics_skip_tracking":false,"_exactmetrics_sitenote_active":false,"_exactmetrics_sitenote_note":"","_exactmetrics_sitenote_category":0,"footnotes":""},"categories":[7],"tags":[27],"class_list":["post-87451","post","type-post","status-publish","format-standard","has-post-thumbnail","hentry","category-caminha","tag-sociedade"],"yoast_head":"<!-- This site is optimized with the Yoast SEO Premium plugin v27.5 (Yoast SEO v27.5) - https:\/\/yoast.com\/product\/yoast-seo-premium-wordpress\/ -->\n<title>C\u00e2mara de Caminha disponibiliza formul\u00e1rios para levantamento de danos<\/title>\n<meta name=\"description\" content=\"A C\u00e2mara Municipal de Caminha est\u00e1 a disponibilizar, atrav\u00e9s do seu site (\u00e1rea de \u00b4Avisos`), formul\u00e1rios onde particulares e empresas podem descrever os danos decorrentes das intemp\u00e9ries ocorridas no concelho no dia 1 de janeiro de 2023.\" \/>\n<meta name=\"robots\" content=\"index, follow, max-snippet:-1, max-image-preview:large, max-video-preview:-1\" \/>\n<link rel=\"canonical\" href=\"https:\/\/www.altominho.tv\/site\/2023\/01\/04\/camara-de-caminha-disponibiliza-formularios-para-levantamento-de-danos\/\" \/>\n<meta property=\"og:locale\" content=\"pt_PT\" \/>\n<meta property=\"og:type\" content=\"article\" \/>\n<meta property=\"og:title\" content=\"C\u00e2mara de Caminha disponibiliza formul\u00e1rios para levantamento de danos\" \/>\n<meta property=\"og:description\" content=\"A C\u00e2mara Municipal de Caminha est\u00e1 a disponibilizar, atrav\u00e9s do seu site (\u00e1rea de \u00b4Avisos`), formul\u00e1rios onde particulares e empresas podem descrever os danos decorrentes das intemp\u00e9ries ocorridas no concelho no dia 1 de janeiro de 2023.\" \/>\n<meta property=\"og:url\" content=\"https:\/\/www.altominho.tv\/site\/2023\/01\/04\/camara-de-caminha-disponibiliza-formularios-para-levantamento-de-danos\/\" \/>\n<meta property=\"og:site_name\" content=\"Altominho.tv\" \/>\n<meta property=\"article:publisher\" content=\"https:\/\/www.facebook.com\/altominhotv\" \/>\n<meta property=\"article:published_time\" content=\"2023-01-04T13:44:55+00:00\" \/>\n<meta property=\"article:modified_time\" content=\"2023-01-04T13:45:01+00:00\" \/>\n<meta property=\"og:image\" content=\"https:\/\/www.altominho.tv\/site\/wp-content\/uploads\/2023\/01\/Danos-em-Caminha.jpg\" \/>\n\t<meta property=\"og:image:width\" content=\"1620\" \/>\n\t<meta property=\"og:image:height\" content=\"1080\" \/>\n\t<meta property=\"og:image:type\" content=\"image\/jpeg\" \/>\n<meta name=\"author\" content=\"Cesar Lopes\" \/>\n<meta name=\"twitter:card\" content=\"summary_large_image\" \/>\n<meta name=\"twitter:creator\" content=\"@altominhoTV\" \/>\n<meta name=\"twitter:site\" content=\"@altominhoTV\" \/>\n<meta name=\"twitter:label1\" content=\"Escrito por\" \/>\n\t<meta name=\"twitter:data1\" content=\"Cesar Lopes\" \/>\n\t<meta name=\"twitter:label2\" content=\"Tempo estimado de leitura\" \/>\n\t<meta name=\"twitter:data2\" content=\"2 minutos\" \/>\n<script type=\"application\/ld+json\" class=\"yoast-schema-graph\">{\"@context\":\"https:\\\/\\\/schema.org\",\"@graph\":[{\"@type\":\"Article\",\"@id\":\"https:\\\/\\\/www.altominho.tv\\\/site\\\/2023\\\/01\\\/04\\\/camara-de-caminha-disponibiliza-formularios-para-levantamento-de-danos\\\/#article\",\"isPartOf\":{\"@id\":\"https:\\\/\\\/www.altominho.tv\\\/site\\\/2023\\\/01\\\/04\\\/camara-de-caminha-disponibiliza-formularios-para-levantamento-de-danos\\\/\"},\"author\":{\"name\":\"Cesar Lopes\",\"@id\":\"https:\\\/\\\/www.altominho.tv\\\/site\\\/#\\\/schema\\\/person\\\/c5570e5afb933b8d08c43373326ef1b1\"},\"headline\":\"C\u00e2mara de Caminha disponibiliza formul\u00e1rios para levantamento de danos\",\"datePublished\":\"2023-01-04T13:44:55+00:00\",\"dateModified\":\"2023-01-04T13:45:01+00:00\",\"mainEntityOfPage\":{\"@id\":\"https:\\\/\\\/www.altominho.tv\\\/site\\\/2023\\\/01\\\/04\\\/camara-de-caminha-disponibiliza-formularios-para-levantamento-de-danos\\\/\"},\"wordCount\":223,\"image\":{\"@id\":\"https:\\\/\\\/www.altominho.tv\\\/site\\\/2023\\\/01\\\/04\\\/camara-de-caminha-disponibiliza-formularios-para-levantamento-de-danos\\\/#primaryimage\"},\"thumbnailUrl\":\"https:\\\/\\\/www.altominho.tv\\\/site\\\/wp-content\\\/uploads\\\/2023\\\/01\\\/Danos-em-Caminha.jpg\",\"keywords\":[\"Sociedade\"],\"articleSection\":[\"Caminha\"],\"inLanguage\":\"pt-PT\",\"copyrightYear\":\"2023\",\"copyrightHolder\":{\"@id\":\"https:\\\/\\\/www.altominho.tv\\\/site\\\/#organization\"}},{\"@type\":\"WebPage\",\"@id\":\"https:\\\/\\\/www.altominho.tv\\\/site\\\/2023\\\/01\\\/04\\\/camara-de-caminha-disponibiliza-formularios-para-levantamento-de-danos\\\/\",\"url\":\"https:\\\/\\\/www.altominho.tv\\\/site\\\/2023\\\/01\\\/04\\\/camara-de-caminha-disponibiliza-formularios-para-levantamento-de-danos\\\/\",\"name\":\"C\u00e2mara de Caminha disponibiliza formul\u00e1rios para levantamento de danos\",\"isPartOf\":{\"@id\":\"https:\\\/\\\/www.altominho.tv\\\/site\\\/#website\"},\"primaryImageOfPage\":{\"@id\":\"https:\\\/\\\/www.altominho.tv\\\/site\\\/2023\\\/01\\\/04\\\/camara-de-caminha-disponibiliza-formularios-para-levantamento-de-danos\\\/#primaryimage\"},\"image\":{\"@id\":\"https:\\\/\\\/www.altominho.tv\\\/site\\\/2023\\\/01\\\/04\\\/camara-de-caminha-disponibiliza-formularios-para-levantamento-de-danos\\\/#primaryimage\"},\"thumbnailUrl\":\"https:\\\/\\\/www.altominho.tv\\\/site\\\/wp-content\\\/uploads\\\/2023\\\/01\\\/Danos-em-Caminha.jpg\",\"datePublished\":\"2023-01-04T13:44:55+00:00\",\"dateModified\":\"2023-01-04T13:45:01+00:00\",\"author\":{\"@id\":\"https:\\\/\\\/www.altominho.tv\\\/site\\\/#\\\/schema\\\/person\\\/c5570e5afb933b8d08c43373326ef1b1\"},\"description\":\"A C\u00e2mara Municipal de Caminha est\u00e1 a disponibilizar, atrav\u00e9s do seu site (\u00e1rea de \u00b4Avisos`), formul\u00e1rios onde particulares e empresas podem descrever os danos decorrentes das intemp\u00e9ries ocorridas no concelho no dia 1 de janeiro de 2023.\",\"breadcrumb\":{\"@id\":\"https:\\\/\\\/www.altominho.tv\\\/site\\\/2023\\\/01\\\/04\\\/camara-de-caminha-disponibiliza-formularios-para-levantamento-de-danos\\\/#breadcrumb\"},\"inLanguage\":\"pt-PT\",\"potentialAction\":[{\"@type\":\"ReadAction\",\"target\":[\"https:\\\/\\\/www.altominho.tv\\\/site\\\/2023\\\/01\\\/04\\\/camara-de-caminha-disponibiliza-formularios-para-levantamento-de-danos\\\/\"]}]},{\"@type\":\"ImageObject\",\"inLanguage\":\"pt-PT\",\"@id\":\"https:\\\/\\\/www.altominho.tv\\\/site\\\/2023\\\/01\\\/04\\\/camara-de-caminha-disponibiliza-formularios-para-levantamento-de-danos\\\/#primaryimage\",\"url\":\"https:\\\/\\\/www.altominho.tv\\\/site\\\/wp-content\\\/uploads\\\/2023\\\/01\\\/Danos-em-Caminha.jpg\",\"contentUrl\":\"https:\\\/\\\/www.altominho.tv\\\/site\\\/wp-content\\\/uploads\\\/2023\\\/01\\\/Danos-em-Caminha.jpg\",\"width\":1620,\"height\":1080},{\"@type\":\"BreadcrumbList\",\"@id\":\"https:\\\/\\\/www.altominho.tv\\\/site\\\/2023\\\/01\\\/04\\\/camara-de-caminha-disponibiliza-formularios-para-levantamento-de-danos\\\/#breadcrumb\",\"itemListElement\":[{\"@type\":\"ListItem\",\"position\":1,\"name\":\"In\u00edcio\",\"item\":\"https:\\\/\\\/www.altominho.tv\\\/site\\\/\"},{\"@type\":\"ListItem\",\"position\":2,\"name\":\"C\u00e2mara de Caminha disponibiliza formul\u00e1rios para levantamento de danos\"}]},{\"@type\":\"WebSite\",\"@id\":\"https:\\\/\\\/www.altominho.tv\\\/site\\\/#website\",\"url\":\"https:\\\/\\\/www.altominho.tv\\\/site\\\/\",\"name\":\"Altominho.tv\",\"description\":\"A sua regi\u00e3o \u00e0 dist\u00e2ncia de um clique...\",\"potentialAction\":[{\"@type\":\"SearchAction\",\"target\":{\"@type\":\"EntryPoint\",\"urlTemplate\":\"https:\\\/\\\/www.altominho.tv\\\/site\\\/?s={search_term_string}\"},\"query-input\":{\"@type\":\"PropertyValueSpecification\",\"valueRequired\":true,\"valueName\":\"search_term_string\"}}],\"inLanguage\":\"pt-PT\"},{\"@type\":\"Person\",\"@id\":\"https:\\\/\\\/www.altominho.tv\\\/site\\\/#\\\/schema\\\/person\\\/c5570e5afb933b8d08c43373326ef1b1\",\"name\":\"Cesar Lopes\",\"image\":{\"@type\":\"ImageObject\",\"inLanguage\":\"pt-PT\",\"@id\":\"https:\\\/\\\/www.altominho.tv\\\/site\\\/wp-content\\\/uploads\\\/2022\\\/10\\\/Sem-Titulo-150x150.jpg\",\"url\":\"https:\\\/\\\/www.altominho.tv\\\/site\\\/wp-content\\\/uploads\\\/2022\\\/10\\\/Sem-Titulo-150x150.jpg\",\"contentUrl\":\"https:\\\/\\\/www.altominho.tv\\\/site\\\/wp-content\\\/uploads\\\/2022\\\/10\\\/Sem-Titulo-150x150.jpg\",\"caption\":\"Cesar Lopes\"},\"url\":\"https:\\\/\\\/www.altominho.tv\\\/site\\\/author\\\/cesarlopes\\\/\"}]}<\/script>\n<!-- \/ Yoast SEO Premium plugin. -->","yoast_head_json":{"title":"C\u00e2mara de Caminha disponibiliza formul\u00e1rios para levantamento de danos","description":"A C\u00e2mara Municipal de Caminha est\u00e1 a disponibilizar, atrav\u00e9s do seu site (\u00e1rea de \u00b4Avisos`), formul\u00e1rios onde particulares e empresas podem descrever os danos decorrentes das intemp\u00e9ries ocorridas no concelho no dia 1 de janeiro de 2023.","robots":{"index":"index","follow":"follow","max-snippet":"max-snippet:-1","max-image-preview":"max-image-preview:large","max-video-preview":"max-video-preview:-1"},"canonical":"https:\/\/www.altominho.tv\/site\/2023\/01\/04\/camara-de-caminha-disponibiliza-formularios-para-levantamento-de-danos\/","og_locale":"pt_PT","og_type":"article","og_title":"C\u00e2mara de Caminha disponibiliza formul\u00e1rios para levantamento de danos","og_description":"A C\u00e2mara Municipal de Caminha est\u00e1 a disponibilizar, atrav\u00e9s do seu site (\u00e1rea de \u00b4Avisos`), formul\u00e1rios onde particulares e empresas podem descrever os danos decorrentes das intemp\u00e9ries ocorridas no concelho no dia 1 de janeiro de 2023.","og_url":"https:\/\/www.altominho.tv\/site\/2023\/01\/04\/camara-de-caminha-disponibiliza-formularios-para-levantamento-de-danos\/","og_site_name":"Altominho.tv","article_publisher":"https:\/\/www.facebook.com\/altominhotv","article_published_time":"2023-01-04T13:44:55+00:00","article_modified_time":"2023-01-04T13:45:01+00:00","og_image":[{"width":1620,"height":1080,"url":"https:\/\/www.altominho.tv\/site\/wp-content\/uploads\/2023\/01\/Danos-em-Caminha.jpg","type":"image\/jpeg"}],"author":"Cesar Lopes","twitter_card":"summary_large_image","twitter_creator":"@altominhoTV","twitter_site":"@altominhoTV","twitter_misc":{"Escrito por":"Cesar Lopes","Tempo estimado de leitura":"2 minutos"},"schema":{"@context":"https:\/\/schema.org","@graph":[{"@type":"Article","@id":"https:\/\/www.altominho.tv\/site\/2023\/01\/04\/camara-de-caminha-disponibiliza-formularios-para-levantamento-de-danos\/#article","isPartOf":{"@id":"https:\/\/www.altominho.tv\/site\/2023\/01\/04\/camara-de-caminha-disponibiliza-formularios-para-levantamento-de-danos\/"},"author":{"name":"Cesar Lopes","@id":"https:\/\/www.altominho.tv\/site\/#\/schema\/person\/c5570e5afb933b8d08c43373326ef1b1"},"headline":"C\u00e2mara de Caminha disponibiliza formul\u00e1rios para levantamento de danos","datePublished":"2023-01-04T13:44:55+00:00","dateModified":"2023-01-04T13:45:01+00:00","mainEntityOfPage":{"@id":"https:\/\/www.altominho.tv\/site\/2023\/01\/04\/camara-de-caminha-disponibiliza-formularios-para-levantamento-de-danos\/"},"wordCount":223,"image":{"@id":"https:\/\/www.altominho.tv\/site\/2023\/01\/04\/camara-de-caminha-disponibiliza-formularios-para-levantamento-de-danos\/#primaryimage"},"thumbnailUrl":"https:\/\/www.altominho.tv\/site\/wp-content\/uploads\/2023\/01\/Danos-em-Caminha.jpg","keywords":["Sociedade"],"articleSection":["Caminha"],"inLanguage":"pt-PT","copyrightYear":"2023","copyrightHolder":{"@id":"https:\/\/www.altominho.tv\/site\/#organization"}},{"@type":"WebPage","@id":"https:\/\/www.altominho.tv\/site\/2023\/01\/04\/camara-de-caminha-disponibiliza-formularios-para-levantamento-de-danos\/","url":"https:\/\/www.altominho.tv\/site\/2023\/01\/04\/camara-de-caminha-disponibiliza-formularios-para-levantamento-de-danos\/","name":"C\u00e2mara de Caminha disponibiliza formul\u00e1rios para levantamento de danos","isPartOf":{"@id":"https:\/\/www.altominho.tv\/site\/#website"},"primaryImageOfPage":{"@id":"https:\/\/www.altominho.tv\/site\/2023\/01\/04\/camara-de-caminha-disponibiliza-formularios-para-levantamento-de-danos\/#primaryimage"},"image":{"@id":"https:\/\/www.altominho.tv\/site\/2023\/01\/04\/camara-de-caminha-disponibiliza-formularios-para-levantamento-de-danos\/#primaryimage"},"thumbnailUrl":"https:\/\/www.altominho.tv\/site\/wp-content\/uploads\/2023\/01\/Danos-em-Caminha.jpg","datePublished":"2023-01-04T13:44:55+00:00","dateModified":"2023-01-04T13:45:01+00:00","author":{"@id":"https:\/\/www.altominho.tv\/site\/#\/schema\/person\/c5570e5afb933b8d08c43373326ef1b1"},"description":"A C\u00e2mara Municipal de Caminha est\u00e1 a disponibilizar, atrav\u00e9s do seu site (\u00e1rea de \u00b4Avisos`), formul\u00e1rios onde particulares e empresas podem descrever os danos decorrentes das intemp\u00e9ries ocorridas no concelho no dia 1 de janeiro de 2023.","breadcrumb":{"@id":"https:\/\/www.altominho.tv\/site\/2023\/01\/04\/camara-de-caminha-disponibiliza-formularios-para-levantamento-de-danos\/#breadcrumb"},"inLanguage":"pt-PT","potentialAction":[{"@type":"ReadAction","target":["https:\/\/www.altominho.tv\/site\/2023\/01\/04\/camara-de-caminha-disponibiliza-formularios-para-levantamento-de-danos\/"]}]},{"@type":"ImageObject","inLanguage":"pt-PT","@id":"https:\/\/www.altominho.tv\/site\/2023\/01\/04\/camara-de-caminha-disponibiliza-formularios-para-levantamento-de-danos\/#primaryimage","url":"https:\/\/www.altominho.tv\/site\/wp-content\/uploads\/2023\/01\/Danos-em-Caminha.jpg","contentUrl":"https:\/\/www.altominho.tv\/site\/wp-content\/uploads\/2023\/01\/Danos-em-Caminha.jpg","width":1620,"height":1080},{"@type":"BreadcrumbList","@id":"https:\/\/www.altominho.tv\/site\/2023\/01\/04\/camara-de-caminha-disponibiliza-formularios-para-levantamento-de-danos\/#breadcrumb","itemListElement":[{"@type":"ListItem","position":1,"name":"In\u00edcio","item":"https:\/\/www.altominho.tv\/site\/"},{"@type":"ListItem","position":2,"name":"C\u00e2mara de Caminha disponibiliza formul\u00e1rios para levantamento de danos"}]},{"@type":"WebSite","@id":"https:\/\/www.altominho.tv\/site\/#website","url":"https:\/\/www.altominho.tv\/site\/","name":"Altominho.tv","description":"A sua regi\u00e3o \u00e0 dist\u00e2ncia de um clique...","potentialAction":[{"@type":"SearchAction","target":{"@type":"EntryPoint","urlTemplate":"https:\/\/www.altominho.tv\/site\/?s={search_term_string}"},"query-input":{"@type":"PropertyValueSpecification","valueRequired":true,"valueName":"search_term_string"}}],"inLanguage":"pt-PT"},{"@type":"Person","@id":"https:\/\/www.altominho.tv\/site\/#\/schema\/person\/c5570e5afb933b8d08c43373326ef1b1","name":"Cesar Lopes","image":{"@type":"ImageObject","inLanguage":"pt-PT","@id":"https:\/\/www.altominho.tv\/site\/wp-content\/uploads\/2022\/10\/Sem-Titulo-150x150.jpg","url":"https:\/\/www.altominho.tv\/site\/wp-content\/uploads\/2022\/10\/Sem-Titulo-150x150.jpg","contentUrl":"https:\/\/www.altominho.tv\/site\/wp-content\/uploads\/2022\/10\/Sem-Titulo-150x150.jpg","caption":"Cesar Lopes"},"url":"https:\/\/www.altominho.tv\/site\/author\/cesarlopes\/"}]}},"_links":{"self":[{"href":"https:\/\/www.altominho.tv\/site\/wp-json\/wp\/v2\/posts\/87451","targetHints":{"allow":["GET"]}}],"collection":[{"href":"https:\/\/www.altominho.tv\/site\/wp-json\/wp\/v2\/posts"}],"about":[{"href":"https:\/\/www.altominho.tv\/site\/wp-json\/wp\/v2\/types\/post"}],"author":[{"embeddable":true,"href":"https:\/\/www.altominho.tv\/site\/wp-json\/wp\/v2\/users\/24"}],"replies":[{"embeddable":true,"href":"https:\/\/www.altominho.tv\/site\/wp-json\/wp\/v2\/comments?post=87451"}],"version-history":[{"count":1,"href":"https:\/\/www.altominho.tv\/site\/wp-json\/wp\/v2\/posts\/87451\/revisions"}],"predecessor-version":[{"id":87453,"href":"https:\/\/www.altominho.tv\/site\/wp-json\/wp\/v2\/posts\/87451\/revisions\/87453"}],"wp:featuredmedia":[{"embeddable":true,"href":"https:\/\/www.altominho.tv\/site\/wp-json\/wp\/v2\/media\/87452"}],"wp:attachment":[{"href":"https:\/\/www.altominho.tv\/site\/wp-json\/wp\/v2\/media?parent=87451"}],"wp:term":[{"taxonomy":"category","embeddable":true,"href":"https:\/\/www.altominho.tv\/site\/wp-json\/wp\/v2\/categories?post=87451"},{"taxonomy":"post_tag","embeddable":true,"href":"https:\/\/www.altominho.tv\/site\/wp-json\/wp\/v2\/tags?post=87451"}],"curies":[{"name":"wp","href":"https:\/\/api.w.org\/{rel}","templated":true}]}}