{"id":87366,"date":"2023-01-02T19:00:00","date_gmt":"2023-01-02T19:00:00","guid":{"rendered":"https:\/\/www.altominho.tv\/site\/?p=87366"},"modified":"2023-01-02T17:39:15","modified_gmt":"2023-01-02T17:39:15","slug":"penso-que-um-mes-e-um-prazo-razoavel-para-analisarmos-o-relatorio-dos-danos","status":"publish","type":"post","link":"https:\/\/www.altominho.tv\/site\/2023\/01\/02\/penso-que-um-mes-e-um-prazo-razoavel-para-analisarmos-o-relatorio-dos-danos\/","title":{"rendered":"\u201cPenso que um m\u00eas \u00e9 um prazo razo\u00e1vel para analisarmos o relat\u00f3rio dos danos\u201d"},"content":{"rendered":"<p><iframe loading=\"lazy\" title=\"\u201cPenso um m\u00eas \u00e9 um prazo razo\u00e1vel para analisarmos o relat\u00f3rio dos danos\u201d | Altominho TV\" width=\"770\" height=\"433\" src=\"https:\/\/www.youtube.com\/embed\/XXE0p4auxcs?feature=oembed\" frameborder=\"0\" allow=\"accelerometer; autoplay; clipboard-write; encrypted-media; gyroscope; picture-in-picture\" allowfullscreen><\/iframe><\/p>\n<p>O mau tempo que se fez sentir no fim de semana deixou um rasto de destrui\u00e7\u00e3o um pouco por todo o Alto Minho. Por esse motivo, a Ministra da Coes\u00e3o Territorial realizou hoje um p\u00e9riplo por v\u00e1rios concelhos onde ficou a conhecer a dimens\u00e3o dos estragos.<\/p>\n<p>Questionada pela Altominho TV sobre as verbas que ajudar\u00e3o a colmatar os preju\u00edzos nesta regi\u00e3o, Ana Abrunhosa frisou que h\u00e1 diversos fatores a ter em conta, mas espera celeridade no processo.<\/p>\n","protected":false},"excerpt":{"rendered":"<p>O mau tempo que se fez sentir no fim de semana deixou um rasto de destrui\u00e7\u00e3o um pouco por todo o Alto Minho. Por esse motivo, a Ministra da Coes\u00e3o Territorial realizou hoje um p\u00e9riplo por v\u00e1rios concelhos onde ficou a conhecer a dimens\u00e3o dos estragos. Questionada pela Altominho TV sobre as verbas que ajudar\u00e3o [&hellip;]<\/p>\n","protected":false},"author":10,"featured_media":87367,"comment_status":"closed","ping_status":"closed","sticky":false,"template":"","format":"video","meta":{"_exactmetrics_skip_tracking":false,"_exactmetrics_sitenote_active":false,"_exactmetrics_sitenote_note":"","_exactmetrics_sitenote_category":0,"footnotes":""},"categories":[73],"tags":[27],"class_list":["post-87366","post","type-post","status-publish","format-video","has-post-thumbnail","hentry","category-alto-minho","tag-sociedade","post_format-post-format-video"],"yoast_head":"<!-- This site is optimized with the Yoast SEO Premium plugin v27.5 (Yoast SEO v27.5) - https:\/\/yoast.com\/product\/yoast-seo-premium-wordpress\/ -->\n<title>\u201cPenso que um m\u00eas \u00e9 um prazo razo\u00e1vel para analisarmos o relat\u00f3rio dos danos\u201d<\/title>\n<meta name=\"robots\" content=\"index, follow, max-snippet:-1, max-image-preview:large, max-video-preview:-1\" \/>\n<link rel=\"canonical\" href=\"https:\/\/www.altominho.tv\/site\/2023\/01\/02\/penso-que-um-mes-e-um-prazo-razoavel-para-analisarmos-o-relatorio-dos-danos\/\" \/>\n<meta property=\"og:locale\" content=\"pt_PT\" \/>\n<meta property=\"og:type\" content=\"article\" \/>\n<meta property=\"og:title\" content=\"\u201cPenso que um m\u00eas \u00e9 um prazo razo\u00e1vel para analisarmos o relat\u00f3rio dos danos\u201d\" \/>\n<meta property=\"og:description\" content=\"O mau tempo que se fez sentir no fim de semana deixou um rasto de destrui\u00e7\u00e3o um pouco por todo o Alto Minho. Por esse motivo, a Ministra da Coes\u00e3o Territorial realizou hoje um p\u00e9riplo por v\u00e1rios concelhos onde ficou a conhecer a dimens\u00e3o dos estragos. Questionada pela Altominho TV sobre as verbas que ajudar\u00e3o [&hellip;]\" \/>\n<meta property=\"og:url\" content=\"https:\/\/www.altominho.tv\/site\/2023\/01\/02\/penso-que-um-mes-e-um-prazo-razoavel-para-analisarmos-o-relatorio-dos-danos\/\" \/>\n<meta property=\"og:site_name\" content=\"Altominho.tv\" \/>\n<meta property=\"article:publisher\" content=\"https:\/\/www.facebook.com\/altominhotv\" \/>\n<meta property=\"article:published_time\" content=\"2023-01-02T19:00:00+00:00\" \/>\n<meta property=\"og:image\" content=\"https:\/\/www.altominho.tv\/site\/wp-content\/uploads\/2023\/01\/estragos-mau-tempo.jpg\" \/>\n\t<meta property=\"og:image:width\" content=\"1920\" \/>\n\t<meta property=\"og:image:height\" content=\"1080\" \/>\n\t<meta property=\"og:image:type\" content=\"image\/jpeg\" \/>\n<meta name=\"author\" content=\"Andreia Barreiro\" \/>\n<meta name=\"twitter:card\" content=\"summary_large_image\" \/>\n<meta name=\"twitter:creator\" content=\"@altominhoTV\" \/>\n<meta name=\"twitter:site\" content=\"@altominhoTV\" \/>\n<meta name=\"twitter:label1\" content=\"Escrito por\" \/>\n\t<meta name=\"twitter:data1\" content=\"Andreia Barreiro\" \/>\n\t<meta name=\"twitter:label2\" content=\"Tempo estimado de leitura\" \/>\n\t<meta name=\"twitter:data2\" content=\"1 minuto\" \/>\n<script type=\"application\/ld+json\" class=\"yoast-schema-graph\">{\"@context\":\"https:\\\/\\\/schema.org\",\"@graph\":[{\"@type\":\"Article\",\"@id\":\"https:\\\/\\\/www.altominho.tv\\\/site\\\/2023\\\/01\\\/02\\\/penso-que-um-mes-e-um-prazo-razoavel-para-analisarmos-o-relatorio-dos-danos\\\/#article\",\"isPartOf\":{\"@id\":\"https:\\\/\\\/www.altominho.tv\\\/site\\\/2023\\\/01\\\/02\\\/penso-que-um-mes-e-um-prazo-razoavel-para-analisarmos-o-relatorio-dos-danos\\\/\"},\"author\":{\"name\":\"Andreia Barreiro\",\"@id\":\"https:\\\/\\\/www.altominho.tv\\\/site\\\/#\\\/schema\\\/person\\\/4fa0996d8841f9d6cbb84eb43c555c2c\"},\"headline\":\"\u201cPenso que um m\u00eas \u00e9 um prazo razo\u00e1vel para analisarmos o relat\u00f3rio dos danos\u201d\",\"datePublished\":\"2023-01-02T19:00:00+00:00\",\"mainEntityOfPage\":{\"@id\":\"https:\\\/\\\/www.altominho.tv\\\/site\\\/2023\\\/01\\\/02\\\/penso-que-um-mes-e-um-prazo-razoavel-para-analisarmos-o-relatorio-dos-danos\\\/\"},\"wordCount\":109,\"image\":{\"@id\":\"https:\\\/\\\/www.altominho.tv\\\/site\\\/2023\\\/01\\\/02\\\/penso-que-um-mes-e-um-prazo-razoavel-para-analisarmos-o-relatorio-dos-danos\\\/#primaryimage\"},\"thumbnailUrl\":\"https:\\\/\\\/www.altominho.tv\\\/site\\\/wp-content\\\/uploads\\\/2023\\\/01\\\/estragos-mau-tempo.jpg\",\"keywords\":[\"Sociedade\"],\"articleSection\":[\"Alto Minho\"],\"inLanguage\":\"pt-PT\",\"copyrightYear\":\"2023\",\"copyrightHolder\":{\"@id\":\"https:\\\/\\\/www.altominho.tv\\\/site\\\/#organization\"}},{\"@type\":\"WebPage\",\"@id\":\"https:\\\/\\\/www.altominho.tv\\\/site\\\/2023\\\/01\\\/02\\\/penso-que-um-mes-e-um-prazo-razoavel-para-analisarmos-o-relatorio-dos-danos\\\/\",\"url\":\"https:\\\/\\\/www.altominho.tv\\\/site\\\/2023\\\/01\\\/02\\\/penso-que-um-mes-e-um-prazo-razoavel-para-analisarmos-o-relatorio-dos-danos\\\/\",\"name\":\"\u201cPenso que um m\u00eas \u00e9 um prazo razo\u00e1vel para analisarmos o relat\u00f3rio dos danos\u201d\",\"isPartOf\":{\"@id\":\"https:\\\/\\\/www.altominho.tv\\\/site\\\/#website\"},\"primaryImageOfPage\":{\"@id\":\"https:\\\/\\\/www.altominho.tv\\\/site\\\/2023\\\/01\\\/02\\\/penso-que-um-mes-e-um-prazo-razoavel-para-analisarmos-o-relatorio-dos-danos\\\/#primaryimage\"},\"image\":{\"@id\":\"https:\\\/\\\/www.altominho.tv\\\/site\\\/2023\\\/01\\\/02\\\/penso-que-um-mes-e-um-prazo-razoavel-para-analisarmos-o-relatorio-dos-danos\\\/#primaryimage\"},\"thumbnailUrl\":\"https:\\\/\\\/www.altominho.tv\\\/site\\\/wp-content\\\/uploads\\\/2023\\\/01\\\/estragos-mau-tempo.jpg\",\"datePublished\":\"2023-01-02T19:00:00+00:00\",\"author\":{\"@id\":\"https:\\\/\\\/www.altominho.tv\\\/site\\\/#\\\/schema\\\/person\\\/4fa0996d8841f9d6cbb84eb43c555c2c\"},\"breadcrumb\":{\"@id\":\"https:\\\/\\\/www.altominho.tv\\\/site\\\/2023\\\/01\\\/02\\\/penso-que-um-mes-e-um-prazo-razoavel-para-analisarmos-o-relatorio-dos-danos\\\/#breadcrumb\"},\"inLanguage\":\"pt-PT\",\"potentialAction\":[{\"@type\":\"ReadAction\",\"target\":[\"https:\\\/\\\/www.altominho.tv\\\/site\\\/2023\\\/01\\\/02\\\/penso-que-um-mes-e-um-prazo-razoavel-para-analisarmos-o-relatorio-dos-danos\\\/\"]}]},{\"@type\":\"ImageObject\",\"inLanguage\":\"pt-PT\",\"@id\":\"https:\\\/\\\/www.altominho.tv\\\/site\\\/2023\\\/01\\\/02\\\/penso-que-um-mes-e-um-prazo-razoavel-para-analisarmos-o-relatorio-dos-danos\\\/#primaryimage\",\"url\":\"https:\\\/\\\/www.altominho.tv\\\/site\\\/wp-content\\\/uploads\\\/2023\\\/01\\\/estragos-mau-tempo.jpg\",\"contentUrl\":\"https:\\\/\\\/www.altominho.tv\\\/site\\\/wp-content\\\/uploads\\\/2023\\\/01\\\/estragos-mau-tempo.jpg\",\"width\":1920,\"height\":1080},{\"@type\":\"BreadcrumbList\",\"@id\":\"https:\\\/\\\/www.altominho.tv\\\/site\\\/2023\\\/01\\\/02\\\/penso-que-um-mes-e-um-prazo-razoavel-para-analisarmos-o-relatorio-dos-danos\\\/#breadcrumb\",\"itemListElement\":[{\"@type\":\"ListItem\",\"position\":1,\"name\":\"In\u00edcio\",\"item\":\"https:\\\/\\\/www.altominho.tv\\\/site\\\/\"},{\"@type\":\"ListItem\",\"position\":2,\"name\":\"\u201cPenso que um m\u00eas \u00e9 um prazo razo\u00e1vel para analisarmos o relat\u00f3rio dos danos\u201d\"}]},{\"@type\":\"WebSite\",\"@id\":\"https:\\\/\\\/www.altominho.tv\\\/site\\\/#website\",\"url\":\"https:\\\/\\\/www.altominho.tv\\\/site\\\/\",\"name\":\"Altominho.tv\",\"description\":\"A sua regi\u00e3o \u00e0 dist\u00e2ncia de um clique...\",\"potentialAction\":[{\"@type\":\"SearchAction\",\"target\":{\"@type\":\"EntryPoint\",\"urlTemplate\":\"https:\\\/\\\/www.altominho.tv\\\/site\\\/?s={search_term_string}\"},\"query-input\":{\"@type\":\"PropertyValueSpecification\",\"valueRequired\":true,\"valueName\":\"search_term_string\"}}],\"inLanguage\":\"pt-PT\"},{\"@type\":\"Person\",\"@id\":\"https:\\\/\\\/www.altominho.tv\\\/site\\\/#\\\/schema\\\/person\\\/4fa0996d8841f9d6cbb84eb43c555c2c\",\"name\":\"Andreia Barreiro\",\"image\":{\"@type\":\"ImageObject\",\"inLanguage\":\"pt-PT\",\"@id\":\"https:\\\/\\\/www.altominho.tv\\\/site\\\/wp-content\\\/uploads\\\/2021\\\/01\\\/132443895_3480358142084005_3574327946369834311_o-150x150.jpg\",\"url\":\"https:\\\/\\\/www.altominho.tv\\\/site\\\/wp-content\\\/uploads\\\/2021\\\/01\\\/132443895_3480358142084005_3574327946369834311_o-150x150.jpg\",\"contentUrl\":\"https:\\\/\\\/www.altominho.tv\\\/site\\\/wp-content\\\/uploads\\\/2021\\\/01\\\/132443895_3480358142084005_3574327946369834311_o-150x150.jpg\",\"caption\":\"Andreia Barreiro\"},\"url\":\"https:\\\/\\\/www.altominho.tv\\\/site\\\/author\\\/andreiabarreiro\\\/\"}]}<\/script>\n<meta property=\"og:video\" content=\"https:\/\/www.youtube.com\/embed\/XXE0p4auxcs\" \/>\n<meta property=\"og:video:type\" content=\"text\/html\" \/>\n<meta property=\"og:video:duration\" content=\"122\" \/>\n<meta property=\"og:video:width\" content=\"480\" \/>\n<meta property=\"og:video:height\" content=\"270\" \/>\n<meta property=\"ya:ovs:adult\" content=\"false\" \/>\n<meta property=\"ya:ovs:upload_date\" content=\"2023-01-02T19:00:00+00:00\" \/>\n<meta property=\"ya:ovs:allow_embed\" content=\"true\" \/>\n<!-- \/ Yoast SEO Premium plugin. -->","yoast_head_json":{"title":"\u201cPenso que um m\u00eas \u00e9 um prazo razo\u00e1vel para analisarmos o relat\u00f3rio dos danos\u201d","robots":{"index":"index","follow":"follow","max-snippet":"max-snippet:-1","max-image-preview":"max-image-preview:large","max-video-preview":"max-video-preview:-1"},"canonical":"https:\/\/www.altominho.tv\/site\/2023\/01\/02\/penso-que-um-mes-e-um-prazo-razoavel-para-analisarmos-o-relatorio-dos-danos\/","og_locale":"pt_PT","og_type":"article","og_title":"\u201cPenso que um m\u00eas \u00e9 um prazo razo\u00e1vel para analisarmos o relat\u00f3rio dos danos\u201d","og_description":"O mau tempo que se fez sentir no fim de semana deixou um rasto de destrui\u00e7\u00e3o um pouco por todo o Alto Minho. Por esse motivo, a Ministra da Coes\u00e3o Territorial realizou hoje um p\u00e9riplo por v\u00e1rios concelhos onde ficou a conhecer a dimens\u00e3o dos estragos. Questionada pela Altominho TV sobre as verbas que ajudar\u00e3o [&hellip;]","og_url":"https:\/\/www.altominho.tv\/site\/2023\/01\/02\/penso-que-um-mes-e-um-prazo-razoavel-para-analisarmos-o-relatorio-dos-danos\/","og_site_name":"Altominho.tv","article_publisher":"https:\/\/www.facebook.com\/altominhotv","article_published_time":"2023-01-02T19:00:00+00:00","og_image":[{"width":1920,"height":1080,"url":"https:\/\/www.altominho.tv\/site\/wp-content\/uploads\/2023\/01\/estragos-mau-tempo.jpg","type":"image\/jpeg"}],"author":"Andreia Barreiro","twitter_card":"summary_large_image","twitter_creator":"@altominhoTV","twitter_site":"@altominhoTV","twitter_misc":{"Escrito por":"Andreia Barreiro","Tempo estimado de leitura":"1 minuto"},"schema":{"@context":"https:\/\/schema.org","@graph":[{"@type":"Article","@id":"https:\/\/www.altominho.tv\/site\/2023\/01\/02\/penso-que-um-mes-e-um-prazo-razoavel-para-analisarmos-o-relatorio-dos-danos\/#article","isPartOf":{"@id":"https:\/\/www.altominho.tv\/site\/2023\/01\/02\/penso-que-um-mes-e-um-prazo-razoavel-para-analisarmos-o-relatorio-dos-danos\/"},"author":{"name":"Andreia Barreiro","@id":"https:\/\/www.altominho.tv\/site\/#\/schema\/person\/4fa0996d8841f9d6cbb84eb43c555c2c"},"headline":"\u201cPenso que um m\u00eas \u00e9 um prazo razo\u00e1vel para analisarmos o relat\u00f3rio dos danos\u201d","datePublished":"2023-01-02T19:00:00+00:00","mainEntityOfPage":{"@id":"https:\/\/www.altominho.tv\/site\/2023\/01\/02\/penso-que-um-mes-e-um-prazo-razoavel-para-analisarmos-o-relatorio-dos-danos\/"},"wordCount":109,"image":{"@id":"https:\/\/www.altominho.tv\/site\/2023\/01\/02\/penso-que-um-mes-e-um-prazo-razoavel-para-analisarmos-o-relatorio-dos-danos\/#primaryimage"},"thumbnailUrl":"https:\/\/www.altominho.tv\/site\/wp-content\/uploads\/2023\/01\/estragos-mau-tempo.jpg","keywords":["Sociedade"],"articleSection":["Alto Minho"],"inLanguage":"pt-PT","copyrightYear":"2023","copyrightHolder":{"@id":"https:\/\/www.altominho.tv\/site\/#organization"}},{"@type":"WebPage","@id":"https:\/\/www.altominho.tv\/site\/2023\/01\/02\/penso-que-um-mes-e-um-prazo-razoavel-para-analisarmos-o-relatorio-dos-danos\/","url":"https:\/\/www.altominho.tv\/site\/2023\/01\/02\/penso-que-um-mes-e-um-prazo-razoavel-para-analisarmos-o-relatorio-dos-danos\/","name":"\u201cPenso que um m\u00eas \u00e9 um prazo razo\u00e1vel para analisarmos o relat\u00f3rio dos danos\u201d","isPartOf":{"@id":"https:\/\/www.altominho.tv\/site\/#website"},"primaryImageOfPage":{"@id":"https:\/\/www.altominho.tv\/site\/2023\/01\/02\/penso-que-um-mes-e-um-prazo-razoavel-para-analisarmos-o-relatorio-dos-danos\/#primaryimage"},"image":{"@id":"https:\/\/www.altominho.tv\/site\/2023\/01\/02\/penso-que-um-mes-e-um-prazo-razoavel-para-analisarmos-o-relatorio-dos-danos\/#primaryimage"},"thumbnailUrl":"https:\/\/www.altominho.tv\/site\/wp-content\/uploads\/2023\/01\/estragos-mau-tempo.jpg","datePublished":"2023-01-02T19:00:00+00:00","author":{"@id":"https:\/\/www.altominho.tv\/site\/#\/schema\/person\/4fa0996d8841f9d6cbb84eb43c555c2c"},"breadcrumb":{"@id":"https:\/\/www.altominho.tv\/site\/2023\/01\/02\/penso-que-um-mes-e-um-prazo-razoavel-para-analisarmos-o-relatorio-dos-danos\/#breadcrumb"},"inLanguage":"pt-PT","potentialAction":[{"@type":"ReadAction","target":["https:\/\/www.altominho.tv\/site\/2023\/01\/02\/penso-que-um-mes-e-um-prazo-razoavel-para-analisarmos-o-relatorio-dos-danos\/"]}]},{"@type":"ImageObject","inLanguage":"pt-PT","@id":"https:\/\/www.altominho.tv\/site\/2023\/01\/02\/penso-que-um-mes-e-um-prazo-razoavel-para-analisarmos-o-relatorio-dos-danos\/#primaryimage","url":"https:\/\/www.altominho.tv\/site\/wp-content\/uploads\/2023\/01\/estragos-mau-tempo.jpg","contentUrl":"https:\/\/www.altominho.tv\/site\/wp-content\/uploads\/2023\/01\/estragos-mau-tempo.jpg","width":1920,"height":1080},{"@type":"BreadcrumbList","@id":"https:\/\/www.altominho.tv\/site\/2023\/01\/02\/penso-que-um-mes-e-um-prazo-razoavel-para-analisarmos-o-relatorio-dos-danos\/#breadcrumb","itemListElement":[{"@type":"ListItem","position":1,"name":"In\u00edcio","item":"https:\/\/www.altominho.tv\/site\/"},{"@type":"ListItem","position":2,"name":"\u201cPenso que um m\u00eas \u00e9 um prazo razo\u00e1vel para analisarmos o relat\u00f3rio dos danos\u201d"}]},{"@type":"WebSite","@id":"https:\/\/www.altominho.tv\/site\/#website","url":"https:\/\/www.altominho.tv\/site\/","name":"Altominho.tv","description":"A sua regi\u00e3o \u00e0 dist\u00e2ncia de um clique...","potentialAction":[{"@type":"SearchAction","target":{"@type":"EntryPoint","urlTemplate":"https:\/\/www.altominho.tv\/site\/?s={search_term_string}"},"query-input":{"@type":"PropertyValueSpecification","valueRequired":true,"valueName":"search_term_string"}}],"inLanguage":"pt-PT"},{"@type":"Person","@id":"https:\/\/www.altominho.tv\/site\/#\/schema\/person\/4fa0996d8841f9d6cbb84eb43c555c2c","name":"Andreia Barreiro","image":{"@type":"ImageObject","inLanguage":"pt-PT","@id":"https:\/\/www.altominho.tv\/site\/wp-content\/uploads\/2021\/01\/132443895_3480358142084005_3574327946369834311_o-150x150.jpg","url":"https:\/\/www.altominho.tv\/site\/wp-content\/uploads\/2021\/01\/132443895_3480358142084005_3574327946369834311_o-150x150.jpg","contentUrl":"https:\/\/www.altominho.tv\/site\/wp-content\/uploads\/2021\/01\/132443895_3480358142084005_3574327946369834311_o-150x150.jpg","caption":"Andreia Barreiro"},"url":"https:\/\/www.altominho.tv\/site\/author\/andreiabarreiro\/"}]},"og_video":"https:\/\/www.youtube.com\/embed\/XXE0p4auxcs","og_video_type":"text\/html","og_video_duration":"122","og_video_width":"480","og_video_height":"270","ya_ovs_adult":"false","ya_ovs_upload_date":"2023-01-02T19:00:00+00:00","ya_ovs_allow_embed":"true"},"_links":{"self":[{"href":"https:\/\/www.altominho.tv\/site\/wp-json\/wp\/v2\/posts\/87366","targetHints":{"allow":["GET"]}}],"collection":[{"href":"https:\/\/www.altominho.tv\/site\/wp-json\/wp\/v2\/posts"}],"about":[{"href":"https:\/\/www.altominho.tv\/site\/wp-json\/wp\/v2\/types\/post"}],"author":[{"embeddable":true,"href":"https:\/\/www.altominho.tv\/site\/wp-json\/wp\/v2\/users\/10"}],"replies":[{"embeddable":true,"href":"https:\/\/www.altominho.tv\/site\/wp-json\/wp\/v2\/comments?post=87366"}],"version-history":[{"count":1,"href":"https:\/\/www.altominho.tv\/site\/wp-json\/wp\/v2\/posts\/87366\/revisions"}],"predecessor-version":[{"id":87368,"href":"https:\/\/www.altominho.tv\/site\/wp-json\/wp\/v2\/posts\/87366\/revisions\/87368"}],"wp:featuredmedia":[{"embeddable":true,"href":"https:\/\/www.altominho.tv\/site\/wp-json\/wp\/v2\/media\/87367"}],"wp:attachment":[{"href":"https:\/\/www.altominho.tv\/site\/wp-json\/wp\/v2\/media?parent=87366"}],"wp:term":[{"taxonomy":"category","embeddable":true,"href":"https:\/\/www.altominho.tv\/site\/wp-json\/wp\/v2\/categories?post=87366"},{"taxonomy":"post_tag","embeddable":true,"href":"https:\/\/www.altominho.tv\/site\/wp-json\/wp\/v2\/tags?post=87366"}],"curies":[{"name":"wp","href":"https:\/\/api.w.org\/{rel}","templated":true}]}}