{"id":8733,"date":"2018-01-24T15:18:24","date_gmt":"2018-01-24T15:18:24","guid":{"rendered":"http:\/\/www.altominho.tv\/site\/?p=8733"},"modified":"2018-01-24T15:19:21","modified_gmt":"2018-01-24T15:19:21","slug":"8733","status":"publish","type":"post","link":"https:\/\/www.altominho.tv\/site\/2018\/01\/24\/8733\/","title":{"rendered":"Mon\u00e7\u00e3o: Executivo promove campanhas de sensibiliza\u00e7\u00e3o nas freguesias"},"content":{"rendered":"<p>Durante o m\u00eas de fevereiro, a C\u00e2mara Municipal de Mon\u00e7\u00e3o vai promover sess\u00f5es de sensibiliza\u00e7\u00e3o nas freguesias do concelho, comunicando \u00e0s popula\u00e7\u00f5es locais as altera\u00e7\u00f5es do Sistema Nacional de Defesa da Floresta contra Inc\u00eandios.<\/p>\n<p>Neste p\u00e9riplo pelas freguesias do concelho, o autarca local, Ant\u00f3nio Barbosa, far-se-\u00e1 acompanhar por elementos do gabinete de prote\u00e7\u00e3o civil do munic\u00edpio, estrutura criada pelo atual executivo municipal.<\/p>\n<p>Com o objetivo de preparar as sess\u00f5es de sensibiliza\u00e7\u00e3o nas freguesias, realizou-se recentemente uma reuni\u00e3o com os 24 presidentes de junta do concelho, tendo como finalidade auscultar quem atua no terreno e est\u00e1 mais pr\u00f3ximo das popula\u00e7\u00f5es locais.<\/p>\n<p>\u201cO governo empurrou para as autarquias a responsabilidade de cumprir as recentes altera\u00e7\u00f5es legislativas, originando algumas cr\u00edticas assertivas do poder local. Apesar disso, como respons\u00e1vel pela prote\u00e7\u00e3o civil no concelho, tenho a obriga\u00e7\u00e3o de cumprir a lei, informando e atuando em conformidade\u201d\u00a0Ant\u00f3nio Barbosa.<\/p>\n","protected":false},"excerpt":{"rendered":"<p>Durante o m\u00eas de fevereiro, a C\u00e2mara Municipal de Mon\u00e7\u00e3o vai promover sess\u00f5es de sensibiliza\u00e7\u00e3o nas freguesias do concelho, comunicando \u00e0s popula\u00e7\u00f5es locais as altera\u00e7\u00f5es do Sistema Nacional de Defesa da Floresta contra Inc\u00eandios. Neste p\u00e9riplo pelas freguesias do concelho, o autarca local, Ant\u00f3nio Barbosa, far-se-\u00e1 acompanhar por elementos do gabinete de prote\u00e7\u00e3o civil do [&hellip;]<\/p>\n","protected":false},"author":6,"featured_media":8735,"comment_status":"closed","ping_status":"closed","sticky":false,"template":"","format":"standard","meta":{"_exactmetrics_skip_tracking":false,"footnotes":""},"categories":[9],"tags":[27],"class_list":["post-8733","post","type-post","status-publish","format-standard","has-post-thumbnail","hentry","category-moncao","tag-sociedade"],"yoast_head":"<!-- This site is optimized with the Yoast SEO Premium plugin v28.3 (Yoast SEO v28.3) - https:\/\/yoast.com\/product\/yoast-seo-premium-wordpress\/ -->\n<title>Mon\u00e7\u00e3o: Executivo promove campanhas de sensibiliza\u00e7\u00e3o nas freguesias<\/title>\n<meta name=\"robots\" content=\"index, follow, max-snippet:-1, max-image-preview:large, max-video-preview:-1\" \/>\n<link rel=\"canonical\" href=\"https:\/\/www.altominho.tv\/site\/2018\/01\/24\/8733\/\" \/>\n<meta property=\"og:locale\" content=\"pt_PT\" \/>\n<meta property=\"og:type\" content=\"article\" \/>\n<meta property=\"og:title\" content=\"Mon\u00e7\u00e3o: Executivo promove campanhas de sensibiliza\u00e7\u00e3o nas freguesias\" \/>\n<meta property=\"og:description\" content=\"Durante o m\u00eas de fevereiro, a C\u00e2mara Municipal de Mon\u00e7\u00e3o vai promover sess\u00f5es de sensibiliza\u00e7\u00e3o nas freguesias do concelho, comunicando \u00e0s popula\u00e7\u00f5es locais as altera\u00e7\u00f5es do Sistema Nacional de Defesa da Floresta contra Inc\u00eandios. Neste p\u00e9riplo pelas freguesias do concelho, o autarca local, Ant\u00f3nio Barbosa, far-se-\u00e1 acompanhar por elementos do gabinete de prote\u00e7\u00e3o civil do [&hellip;]\" \/>\n<meta property=\"og:url\" content=\"https:\/\/www.altominho.tv\/site\/2018\/01\/24\/8733\/\" \/>\n<meta property=\"og:site_name\" content=\"Altominho.tv\" \/>\n<meta property=\"article:publisher\" content=\"https:\/\/www.facebook.com\/altominhotv\" \/>\n<meta property=\"article:published_time\" content=\"2018-01-24T15:18:24+00:00\" \/>\n<meta property=\"article:modified_time\" content=\"2018-01-24T15:19:21+00:00\" \/>\n<meta property=\"og:image\" content=\"https:\/\/www.altominho.tv\/site\/wp-content\/uploads\/2018\/01\/in.jpg\" \/>\n\t<meta property=\"og:image:width\" content=\"1681\" \/>\n\t<meta property=\"og:image:height\" content=\"1120\" \/>\n\t<meta property=\"og:image:type\" content=\"image\/jpeg\" \/>\n<meta name=\"author\" content=\"C\u00e1tia Malheiro\" \/>\n<meta name=\"twitter:card\" content=\"summary_large_image\" \/>\n<meta name=\"twitter:creator\" content=\"@altominhoTV\" \/>\n<meta name=\"twitter:site\" content=\"@altominhoTV\" \/>\n<meta name=\"twitter:label1\" content=\"Escrito por\" \/>\n\t<meta name=\"twitter:data1\" content=\"C\u00e1tia Malheiro\" \/>\n\t<meta name=\"twitter:label2\" content=\"Tempo estimado de leitura\" \/>\n\t<meta name=\"twitter:data2\" content=\"1 minuto\" \/>\n<script type=\"application\/ld+json\" class=\"yoast-schema-graph\">{\"@context\":\"https:\\\/\\\/schema.org\",\"@graph\":[{\"@type\":\"Article\",\"@id\":\"https:\\\/\\\/www.altominho.tv\\\/site\\\/2018\\\/01\\\/24\\\/8733\\\/#article\",\"isPartOf\":{\"@id\":\"https:\\\/\\\/www.altominho.tv\\\/site\\\/2018\\\/01\\\/24\\\/8733\\\/\"},\"author\":{\"name\":\"C\u00e1tia Malheiro\",\"@id\":\"https:\\\/\\\/www.altominho.tv\\\/site\\\/#\\\/schema\\\/person\\\/5c9404a8b438614c93da6ca09db92574\"},\"headline\":\"Mon\u00e7\u00e3o: Executivo promove campanhas de sensibiliza\u00e7\u00e3o nas freguesias\",\"datePublished\":\"2018-01-24T15:18:24+00:00\",\"dateModified\":\"2018-01-24T15:19:21+00:00\",\"mainEntityOfPage\":{\"@id\":\"https:\\\/\\\/www.altominho.tv\\\/site\\\/2018\\\/01\\\/24\\\/8733\\\/\"},\"wordCount\":176,\"image\":{\"@id\":\"https:\\\/\\\/www.altominho.tv\\\/site\\\/2018\\\/01\\\/24\\\/8733\\\/#primaryimage\"},\"thumbnailUrl\":\"https:\\\/\\\/www.altominho.tv\\\/site\\\/wp-content\\\/uploads\\\/2018\\\/01\\\/in.jpg\",\"keywords\":[\"Sociedade\"],\"articleSection\":[\"Mon\u00e7\u00e3o\"],\"inLanguage\":\"pt-PT\",\"copyrightYear\":\"2018\",\"copyrightHolder\":{\"@id\":\"https:\\\/\\\/www.altominho.tv\\\/site\\\/#organization\"}},{\"@type\":\"WebPage\",\"@id\":\"https:\\\/\\\/www.altominho.tv\\\/site\\\/2018\\\/01\\\/24\\\/8733\\\/\",\"url\":\"https:\\\/\\\/www.altominho.tv\\\/site\\\/2018\\\/01\\\/24\\\/8733\\\/\",\"name\":\"Mon\u00e7\u00e3o: Executivo promove campanhas de sensibiliza\u00e7\u00e3o nas freguesias\",\"isPartOf\":{\"@id\":\"https:\\\/\\\/www.altominho.tv\\\/site\\\/#website\"},\"primaryImageOfPage\":{\"@id\":\"https:\\\/\\\/www.altominho.tv\\\/site\\\/2018\\\/01\\\/24\\\/8733\\\/#primaryimage\"},\"image\":{\"@id\":\"https:\\\/\\\/www.altominho.tv\\\/site\\\/2018\\\/01\\\/24\\\/8733\\\/#primaryimage\"},\"thumbnailUrl\":\"https:\\\/\\\/www.altominho.tv\\\/site\\\/wp-content\\\/uploads\\\/2018\\\/01\\\/in.jpg\",\"datePublished\":\"2018-01-24T15:18:24+00:00\",\"dateModified\":\"2018-01-24T15:19:21+00:00\",\"author\":{\"@id\":\"https:\\\/\\\/www.altominho.tv\\\/site\\\/#\\\/schema\\\/person\\\/5c9404a8b438614c93da6ca09db92574\"},\"breadcrumb\":{\"@id\":\"https:\\\/\\\/www.altominho.tv\\\/site\\\/2018\\\/01\\\/24\\\/8733\\\/#breadcrumb\"},\"inLanguage\":\"pt-PT\",\"potentialAction\":[{\"@type\":\"ReadAction\",\"target\":[\"https:\\\/\\\/www.altominho.tv\\\/site\\\/2018\\\/01\\\/24\\\/8733\\\/\"]}]},{\"@type\":\"ImageObject\",\"inLanguage\":\"pt-PT\",\"@id\":\"https:\\\/\\\/www.altominho.tv\\\/site\\\/2018\\\/01\\\/24\\\/8733\\\/#primaryimage\",\"url\":\"https:\\\/\\\/www.altominho.tv\\\/site\\\/wp-content\\\/uploads\\\/2018\\\/01\\\/in.jpg\",\"contentUrl\":\"https:\\\/\\\/www.altominho.tv\\\/site\\\/wp-content\\\/uploads\\\/2018\\\/01\\\/in.jpg\",\"width\":1681,\"height\":1120},{\"@type\":\"BreadcrumbList\",\"@id\":\"https:\\\/\\\/www.altominho.tv\\\/site\\\/2018\\\/01\\\/24\\\/8733\\\/#breadcrumb\",\"itemListElement\":[{\"@type\":\"ListItem\",\"position\":1,\"name\":\"In\u00edcio\",\"item\":\"https:\\\/\\\/www.altominho.tv\\\/site\\\/\"},{\"@type\":\"ListItem\",\"position\":2,\"name\":\"Mon\u00e7\u00e3o: Executivo promove campanhas de sensibiliza\u00e7\u00e3o nas freguesias\"}]},{\"@type\":\"WebSite\",\"@id\":\"https:\\\/\\\/www.altominho.tv\\\/site\\\/#website\",\"url\":\"https:\\\/\\\/www.altominho.tv\\\/site\\\/\",\"name\":\"Altominho.tv\",\"description\":\"A sua regi\u00e3o \u00e0 dist\u00e2ncia de um clique...\",\"potentialAction\":[{\"@type\":\"SearchAction\",\"target\":{\"@type\":\"EntryPoint\",\"urlTemplate\":\"https:\\\/\\\/www.altominho.tv\\\/site\\\/?s={search_term_string}\"},\"query-input\":{\"@type\":\"PropertyValueSpecification\",\"valueRequired\":true,\"valueName\":\"search_term_string\"}}],\"inLanguage\":\"pt-PT\"},{\"@type\":\"Person\",\"@id\":\"https:\\\/\\\/www.altominho.tv\\\/site\\\/#\\\/schema\\\/person\\\/5c9404a8b438614c93da6ca09db92574\",\"name\":\"C\u00e1tia Malheiro\",\"image\":{\"@type\":\"ImageObject\",\"inLanguage\":\"pt-PT\",\"@id\":\"https:\\\/\\\/www.altominho.tv\\\/site\\\/wp-content\\\/uploads\\\/2017\\\/11\\\/Catia_Malheiro-150x150.jpg\",\"url\":\"https:\\\/\\\/www.altominho.tv\\\/site\\\/wp-content\\\/uploads\\\/2017\\\/11\\\/Catia_Malheiro-150x150.jpg\",\"contentUrl\":\"https:\\\/\\\/www.altominho.tv\\\/site\\\/wp-content\\\/uploads\\\/2017\\\/11\\\/Catia_Malheiro-150x150.jpg\",\"caption\":\"C\u00e1tia Malheiro\"},\"url\":\"https:\\\/\\\/www.altominho.tv\\\/site\\\/author\\\/catiamalheiro\\\/\"}]}<\/script>\n<!-- \/ Yoast SEO Premium plugin. -->","yoast_head_json":{"title":"Mon\u00e7\u00e3o: Executivo promove campanhas de sensibiliza\u00e7\u00e3o nas freguesias","robots":{"index":"index","follow":"follow","max-snippet":"max-snippet:-1","max-image-preview":"max-image-preview:large","max-video-preview":"max-video-preview:-1"},"canonical":"https:\/\/www.altominho.tv\/site\/2018\/01\/24\/8733\/","og_locale":"pt_PT","og_type":"article","og_title":"Mon\u00e7\u00e3o: Executivo promove campanhas de sensibiliza\u00e7\u00e3o nas freguesias","og_description":"Durante o m\u00eas de fevereiro, a C\u00e2mara Municipal de Mon\u00e7\u00e3o vai promover sess\u00f5es de sensibiliza\u00e7\u00e3o nas freguesias do concelho, comunicando \u00e0s popula\u00e7\u00f5es locais as altera\u00e7\u00f5es do Sistema Nacional de Defesa da Floresta contra Inc\u00eandios. Neste p\u00e9riplo pelas freguesias do concelho, o autarca local, Ant\u00f3nio Barbosa, far-se-\u00e1 acompanhar por elementos do gabinete de prote\u00e7\u00e3o civil do [&hellip;]","og_url":"https:\/\/www.altominho.tv\/site\/2018\/01\/24\/8733\/","og_site_name":"Altominho.tv","article_publisher":"https:\/\/www.facebook.com\/altominhotv","article_published_time":"2018-01-24T15:18:24+00:00","article_modified_time":"2018-01-24T15:19:21+00:00","og_image":[{"width":1681,"height":1120,"url":"https:\/\/www.altominho.tv\/site\/wp-content\/uploads\/2018\/01\/in.jpg","type":"image\/jpeg"}],"author":"C\u00e1tia Malheiro","twitter_card":"summary_large_image","twitter_creator":"@altominhoTV","twitter_site":"@altominhoTV","twitter_misc":{"Escrito por":"C\u00e1tia Malheiro","Tempo estimado de leitura":"1 minuto"},"schema":{"@context":"https:\/\/schema.org","@graph":[{"@type":"Article","@id":"https:\/\/www.altominho.tv\/site\/2018\/01\/24\/8733\/#article","isPartOf":{"@id":"https:\/\/www.altominho.tv\/site\/2018\/01\/24\/8733\/"},"author":{"name":"C\u00e1tia Malheiro","@id":"https:\/\/www.altominho.tv\/site\/#\/schema\/person\/5c9404a8b438614c93da6ca09db92574"},"headline":"Mon\u00e7\u00e3o: Executivo promove campanhas de sensibiliza\u00e7\u00e3o nas freguesias","datePublished":"2018-01-24T15:18:24+00:00","dateModified":"2018-01-24T15:19:21+00:00","mainEntityOfPage":{"@id":"https:\/\/www.altominho.tv\/site\/2018\/01\/24\/8733\/"},"wordCount":176,"image":{"@id":"https:\/\/www.altominho.tv\/site\/2018\/01\/24\/8733\/#primaryimage"},"thumbnailUrl":"https:\/\/www.altominho.tv\/site\/wp-content\/uploads\/2018\/01\/in.jpg","keywords":["Sociedade"],"articleSection":["Mon\u00e7\u00e3o"],"inLanguage":"pt-PT","copyrightYear":"2018","copyrightHolder":{"@id":"https:\/\/www.altominho.tv\/site\/#organization"}},{"@type":"WebPage","@id":"https:\/\/www.altominho.tv\/site\/2018\/01\/24\/8733\/","url":"https:\/\/www.altominho.tv\/site\/2018\/01\/24\/8733\/","name":"Mon\u00e7\u00e3o: Executivo promove campanhas de sensibiliza\u00e7\u00e3o nas freguesias","isPartOf":{"@id":"https:\/\/www.altominho.tv\/site\/#website"},"primaryImageOfPage":{"@id":"https:\/\/www.altominho.tv\/site\/2018\/01\/24\/8733\/#primaryimage"},"image":{"@id":"https:\/\/www.altominho.tv\/site\/2018\/01\/24\/8733\/#primaryimage"},"thumbnailUrl":"https:\/\/www.altominho.tv\/site\/wp-content\/uploads\/2018\/01\/in.jpg","datePublished":"2018-01-24T15:18:24+00:00","dateModified":"2018-01-24T15:19:21+00:00","author":{"@id":"https:\/\/www.altominho.tv\/site\/#\/schema\/person\/5c9404a8b438614c93da6ca09db92574"},"breadcrumb":{"@id":"https:\/\/www.altominho.tv\/site\/2018\/01\/24\/8733\/#breadcrumb"},"inLanguage":"pt-PT","potentialAction":[{"@type":"ReadAction","target":["https:\/\/www.altominho.tv\/site\/2018\/01\/24\/8733\/"]}]},{"@type":"ImageObject","inLanguage":"pt-PT","@id":"https:\/\/www.altominho.tv\/site\/2018\/01\/24\/8733\/#primaryimage","url":"https:\/\/www.altominho.tv\/site\/wp-content\/uploads\/2018\/01\/in.jpg","contentUrl":"https:\/\/www.altominho.tv\/site\/wp-content\/uploads\/2018\/01\/in.jpg","width":1681,"height":1120},{"@type":"BreadcrumbList","@id":"https:\/\/www.altominho.tv\/site\/2018\/01\/24\/8733\/#breadcrumb","itemListElement":[{"@type":"ListItem","position":1,"name":"In\u00edcio","item":"https:\/\/www.altominho.tv\/site\/"},{"@type":"ListItem","position":2,"name":"Mon\u00e7\u00e3o: Executivo promove campanhas de sensibiliza\u00e7\u00e3o nas freguesias"}]},{"@type":"WebSite","@id":"https:\/\/www.altominho.tv\/site\/#website","url":"https:\/\/www.altominho.tv\/site\/","name":"Altominho.tv","description":"A sua regi\u00e3o \u00e0 dist\u00e2ncia de um clique...","potentialAction":[{"@type":"SearchAction","target":{"@type":"EntryPoint","urlTemplate":"https:\/\/www.altominho.tv\/site\/?s={search_term_string}"},"query-input":{"@type":"PropertyValueSpecification","valueRequired":true,"valueName":"search_term_string"}}],"inLanguage":"pt-PT"},{"@type":"Person","@id":"https:\/\/www.altominho.tv\/site\/#\/schema\/person\/5c9404a8b438614c93da6ca09db92574","name":"C\u00e1tia Malheiro","image":{"@type":"ImageObject","inLanguage":"pt-PT","@id":"https:\/\/www.altominho.tv\/site\/wp-content\/uploads\/2017\/11\/Catia_Malheiro-150x150.jpg","url":"https:\/\/www.altominho.tv\/site\/wp-content\/uploads\/2017\/11\/Catia_Malheiro-150x150.jpg","contentUrl":"https:\/\/www.altominho.tv\/site\/wp-content\/uploads\/2017\/11\/Catia_Malheiro-150x150.jpg","caption":"C\u00e1tia Malheiro"},"url":"https:\/\/www.altominho.tv\/site\/author\/catiamalheiro\/"}]}},"_links":{"self":[{"href":"https:\/\/www.altominho.tv\/site\/wp-json\/wp\/v2\/posts\/8733","targetHints":{"allow":["GET"]}}],"collection":[{"href":"https:\/\/www.altominho.tv\/site\/wp-json\/wp\/v2\/posts"}],"about":[{"href":"https:\/\/www.altominho.tv\/site\/wp-json\/wp\/v2\/types\/post"}],"author":[{"embeddable":true,"href":"https:\/\/www.altominho.tv\/site\/wp-json\/wp\/v2\/users\/6"}],"replies":[{"embeddable":true,"href":"https:\/\/www.altominho.tv\/site\/wp-json\/wp\/v2\/comments?post=8733"}],"version-history":[{"count":0,"href":"https:\/\/www.altominho.tv\/site\/wp-json\/wp\/v2\/posts\/8733\/revisions"}],"wp:featuredmedia":[{"embeddable":true,"href":"https:\/\/www.altominho.tv\/site\/wp-json\/wp\/v2\/media\/8735"}],"wp:attachment":[{"href":"https:\/\/www.altominho.tv\/site\/wp-json\/wp\/v2\/media?parent=8733"}],"wp:term":[{"taxonomy":"category","embeddable":true,"href":"https:\/\/www.altominho.tv\/site\/wp-json\/wp\/v2\/categories?post=8733"},{"taxonomy":"post_tag","embeddable":true,"href":"https:\/\/www.altominho.tv\/site\/wp-json\/wp\/v2\/tags?post=8733"}],"curies":[{"name":"wp","href":"https:\/\/api.w.org\/{rel}","templated":true}]}}