{"id":87122,"date":"2022-12-28T20:40:42","date_gmt":"2022-12-28T20:40:42","guid":{"rendered":"https:\/\/www.altominho.tv\/site\/?p=87122"},"modified":"2022-12-28T20:40:47","modified_gmt":"2022-12-28T20:40:47","slug":"um-espaco-favoravel-ao-desenvolvimento-de-projetos-inovadores","status":"publish","type":"post","link":"https:\/\/www.altominho.tv\/site\/2022\/12\/28\/um-espaco-favoravel-ao-desenvolvimento-de-projetos-inovadores\/","title":{"rendered":"&#8220;Um espa\u00e7o favor\u00e1vel ao desenvolvimento de projetos inovadores&#8221;"},"content":{"rendered":"<p>O novo Laborat\u00f3rio de Experimenta\u00e7\u00e3o e Prototipagem NOVATFE Valen\u00e7a foi hoje inaugurado na Rua da Oliveira, na Fortaleza.<\/p>\n<p>&#8220;Valen\u00e7a proporciona, agora, um espa\u00e7o favor\u00e1vel ao desenvolvimento de projetos inovadores, um est\u00edmulo \u00e0 concretiza\u00e7\u00e3o de ideias novas, ao empreendedorismo \u00e0 criatividade e \u00e0 inova\u00e7\u00e3o&#8221;, frisou Jos\u00e9 Manuel Carpinteira, presidente da C\u00e2mara.<\/p>\n<p>Modela\u00e7\u00e3o e Impress\u00e3o 3D, m\u00e1quina a corte de laser, impressoras de sublima\u00e7\u00e3o, plotter de corte, rob\u00f3tica e programa\u00e7\u00e3o e m\u00e1quinas de prototipagem s\u00e3o alguns dos equipamentos que se destacam neste laborat\u00f3rio.<\/p>\n<p>Este laborat\u00f3rio de experimenta\u00e7\u00e3o e prototipagem est\u00e1 equipado com este conjunto de tecnologias, que permitem criar, prototipar e reinventar produtos.<\/p>\n<p>&#8220;Este conjunto de equipamentos permitir\u00e3o a cria\u00e7\u00e3o de t\u00eaxteis personalizados a cores e\/ou em vinil t-shirts, canecas e azulejos personalizados, objetos modelados e\/ou impressos em 3D, objetos em madeira e acr\u00edlico (porta-chaves, suportes, sinal\u00e9tica, etc.), pins personalizados, decora\u00e7\u00e3o de espa\u00e7os, produtos de merchandising diversos e pe\u00e7as para otimiza\u00e7\u00e3o de processos&#8221;, informa a autarquia.<\/p>\n<p>O laborat\u00f3rio desenvolveu-se no \u00e2mbito do projeto Nova TFE, cofinanciado pelo programa Interreg V-A Espanha-Portugal 2014-2020 e surge enquadrado numa rede de laborat\u00f3rios na Eurorregi\u00e3o Galiza e Norte de Portugal que procuram potenciar pr\u00e1ticas diferenciadas e empreendedoras com metodologias n\u00e3o formais, ativas e inovadoras j\u00e1 validadas e testadas em contexto europeu.<\/p>\n","protected":false},"excerpt":{"rendered":"<p>O novo Laborat\u00f3rio de Experimenta\u00e7\u00e3o e Prototipagem NOVATFE Valen\u00e7a foi hoje inaugurado na Rua da Oliveira, na Fortaleza. &#8220;Valen\u00e7a proporciona, agora, um espa\u00e7o favor\u00e1vel ao desenvolvimento de projetos inovadores, um est\u00edmulo \u00e0 concretiza\u00e7\u00e3o de ideias novas, ao empreendedorismo \u00e0 criatividade e \u00e0 inova\u00e7\u00e3o&#8221;, frisou Jos\u00e9 Manuel Carpinteira, presidente da C\u00e2mara. Modela\u00e7\u00e3o e Impress\u00e3o 3D, m\u00e1quina [&hellip;]<\/p>\n","protected":false},"author":1,"featured_media":87123,"comment_status":"closed","ping_status":"closed","sticky":false,"template":"","format":"standard","meta":{"_exactmetrics_skip_tracking":false,"_exactmetrics_sitenote_active":false,"_exactmetrics_sitenote_note":"","_exactmetrics_sitenote_category":0,"footnotes":""},"categories":[13],"tags":[56334],"class_list":["post-87122","post","type-post","status-publish","format-standard","has-post-thumbnail","hentry","category-valenca","tag-tecnologia"],"yoast_head":"<!-- This site is optimized with the Yoast SEO Premium plugin v27.5 (Yoast SEO v27.5) - https:\/\/yoast.com\/product\/yoast-seo-premium-wordpress\/ -->\n<title>&quot;Um espa\u00e7o favor\u00e1vel ao desenvolvimento de projetos inovadores&quot;<\/title>\n<meta name=\"description\" content=\"O novo Laborat\u00f3rio de Experimenta\u00e7\u00e3o e Prototipagem NOVATFE Valen\u00e7a foi hoje inaugurado na Rua da Oliveira, na Fortaleza.\" \/>\n<meta name=\"robots\" content=\"index, follow, max-snippet:-1, max-image-preview:large, max-video-preview:-1\" \/>\n<link rel=\"canonical\" href=\"https:\/\/www.altominho.tv\/site\/2022\/12\/28\/um-espaco-favoravel-ao-desenvolvimento-de-projetos-inovadores\/\" \/>\n<meta property=\"og:locale\" content=\"pt_PT\" \/>\n<meta property=\"og:type\" content=\"article\" \/>\n<meta property=\"og:title\" content=\"&quot;Um espa\u00e7o favor\u00e1vel ao desenvolvimento de projetos inovadores&quot;\" \/>\n<meta property=\"og:description\" content=\"O novo Laborat\u00f3rio de Experimenta\u00e7\u00e3o e Prototipagem NOVATFE Valen\u00e7a foi hoje inaugurado na Rua da Oliveira, na Fortaleza.\" \/>\n<meta property=\"og:url\" content=\"https:\/\/www.altominho.tv\/site\/2022\/12\/28\/um-espaco-favoravel-ao-desenvolvimento-de-projetos-inovadores\/\" \/>\n<meta property=\"og:site_name\" content=\"Altominho.tv\" \/>\n<meta property=\"article:publisher\" content=\"https:\/\/www.facebook.com\/altominhotv\" \/>\n<meta property=\"article:published_time\" content=\"2022-12-28T20:40:42+00:00\" \/>\n<meta property=\"article:modified_time\" content=\"2022-12-28T20:40:47+00:00\" \/>\n<meta property=\"og:image\" content=\"https:\/\/www.altominho.tv\/site\/wp-content\/uploads\/2022\/12\/Carpinteira.jpg\" \/>\n\t<meta property=\"og:image:width\" content=\"1571\" \/>\n\t<meta property=\"og:image:height\" content=\"951\" \/>\n\t<meta property=\"og:image:type\" content=\"image\/jpeg\" \/>\n<meta name=\"author\" content=\"Altominho.tv\" \/>\n<meta name=\"twitter:card\" content=\"summary_large_image\" \/>\n<meta name=\"twitter:creator\" content=\"@altominhoTV\" \/>\n<meta name=\"twitter:site\" content=\"@altominhoTV\" \/>\n<meta name=\"twitter:label1\" content=\"Escrito por\" \/>\n\t<meta name=\"twitter:data1\" content=\"Altominho.tv\" \/>\n\t<meta name=\"twitter:label2\" content=\"Tempo estimado de leitura\" \/>\n\t<meta name=\"twitter:data2\" content=\"2 minutos\" \/>\n<script type=\"application\/ld+json\" class=\"yoast-schema-graph\">{\"@context\":\"https:\\\/\\\/schema.org\",\"@graph\":[{\"@type\":\"Article\",\"@id\":\"https:\\\/\\\/www.altominho.tv\\\/site\\\/2022\\\/12\\\/28\\\/um-espaco-favoravel-ao-desenvolvimento-de-projetos-inovadores\\\/#article\",\"isPartOf\":{\"@id\":\"https:\\\/\\\/www.altominho.tv\\\/site\\\/2022\\\/12\\\/28\\\/um-espaco-favoravel-ao-desenvolvimento-de-projetos-inovadores\\\/\"},\"author\":{\"name\":\"Altominho.tv\",\"@id\":\"https:\\\/\\\/www.altominho.tv\\\/site\\\/#\\\/schema\\\/person\\\/4e536851627d7914baf3dac752b6af22\"},\"headline\":\"&#8220;Um espa\u00e7o favor\u00e1vel ao desenvolvimento de projetos inovadores&#8221;\",\"datePublished\":\"2022-12-28T20:40:42+00:00\",\"dateModified\":\"2022-12-28T20:40:47+00:00\",\"mainEntityOfPage\":{\"@id\":\"https:\\\/\\\/www.altominho.tv\\\/site\\\/2022\\\/12\\\/28\\\/um-espaco-favoravel-ao-desenvolvimento-de-projetos-inovadores\\\/\"},\"wordCount\":249,\"image\":{\"@id\":\"https:\\\/\\\/www.altominho.tv\\\/site\\\/2022\\\/12\\\/28\\\/um-espaco-favoravel-ao-desenvolvimento-de-projetos-inovadores\\\/#primaryimage\"},\"thumbnailUrl\":\"https:\\\/\\\/www.altominho.tv\\\/site\\\/wp-content\\\/uploads\\\/2022\\\/12\\\/Carpinteira.jpg\",\"keywords\":[\"Tecnologia\"],\"articleSection\":[\"Valen\u00e7a\"],\"inLanguage\":\"pt-PT\",\"copyrightYear\":\"2022\",\"copyrightHolder\":{\"@id\":\"https:\\\/\\\/www.altominho.tv\\\/site\\\/#organization\"}},{\"@type\":\"WebPage\",\"@id\":\"https:\\\/\\\/www.altominho.tv\\\/site\\\/2022\\\/12\\\/28\\\/um-espaco-favoravel-ao-desenvolvimento-de-projetos-inovadores\\\/\",\"url\":\"https:\\\/\\\/www.altominho.tv\\\/site\\\/2022\\\/12\\\/28\\\/um-espaco-favoravel-ao-desenvolvimento-de-projetos-inovadores\\\/\",\"name\":\"\\\"Um espa\u00e7o favor\u00e1vel ao desenvolvimento de projetos inovadores\\\"\",\"isPartOf\":{\"@id\":\"https:\\\/\\\/www.altominho.tv\\\/site\\\/#website\"},\"primaryImageOfPage\":{\"@id\":\"https:\\\/\\\/www.altominho.tv\\\/site\\\/2022\\\/12\\\/28\\\/um-espaco-favoravel-ao-desenvolvimento-de-projetos-inovadores\\\/#primaryimage\"},\"image\":{\"@id\":\"https:\\\/\\\/www.altominho.tv\\\/site\\\/2022\\\/12\\\/28\\\/um-espaco-favoravel-ao-desenvolvimento-de-projetos-inovadores\\\/#primaryimage\"},\"thumbnailUrl\":\"https:\\\/\\\/www.altominho.tv\\\/site\\\/wp-content\\\/uploads\\\/2022\\\/12\\\/Carpinteira.jpg\",\"datePublished\":\"2022-12-28T20:40:42+00:00\",\"dateModified\":\"2022-12-28T20:40:47+00:00\",\"author\":{\"@id\":\"https:\\\/\\\/www.altominho.tv\\\/site\\\/#\\\/schema\\\/person\\\/4e536851627d7914baf3dac752b6af22\"},\"description\":\"O novo Laborat\u00f3rio de Experimenta\u00e7\u00e3o e Prototipagem NOVATFE Valen\u00e7a foi hoje inaugurado na Rua da Oliveira, na Fortaleza.\",\"breadcrumb\":{\"@id\":\"https:\\\/\\\/www.altominho.tv\\\/site\\\/2022\\\/12\\\/28\\\/um-espaco-favoravel-ao-desenvolvimento-de-projetos-inovadores\\\/#breadcrumb\"},\"inLanguage\":\"pt-PT\",\"potentialAction\":[{\"@type\":\"ReadAction\",\"target\":[\"https:\\\/\\\/www.altominho.tv\\\/site\\\/2022\\\/12\\\/28\\\/um-espaco-favoravel-ao-desenvolvimento-de-projetos-inovadores\\\/\"]}]},{\"@type\":\"ImageObject\",\"inLanguage\":\"pt-PT\",\"@id\":\"https:\\\/\\\/www.altominho.tv\\\/site\\\/2022\\\/12\\\/28\\\/um-espaco-favoravel-ao-desenvolvimento-de-projetos-inovadores\\\/#primaryimage\",\"url\":\"https:\\\/\\\/www.altominho.tv\\\/site\\\/wp-content\\\/uploads\\\/2022\\\/12\\\/Carpinteira.jpg\",\"contentUrl\":\"https:\\\/\\\/www.altominho.tv\\\/site\\\/wp-content\\\/uploads\\\/2022\\\/12\\\/Carpinteira.jpg\",\"width\":1571,\"height\":951},{\"@type\":\"BreadcrumbList\",\"@id\":\"https:\\\/\\\/www.altominho.tv\\\/site\\\/2022\\\/12\\\/28\\\/um-espaco-favoravel-ao-desenvolvimento-de-projetos-inovadores\\\/#breadcrumb\",\"itemListElement\":[{\"@type\":\"ListItem\",\"position\":1,\"name\":\"In\u00edcio\",\"item\":\"https:\\\/\\\/www.altominho.tv\\\/site\\\/\"},{\"@type\":\"ListItem\",\"position\":2,\"name\":\"&#8220;Um espa\u00e7o favor\u00e1vel ao desenvolvimento de projetos inovadores&#8221;\"}]},{\"@type\":\"WebSite\",\"@id\":\"https:\\\/\\\/www.altominho.tv\\\/site\\\/#website\",\"url\":\"https:\\\/\\\/www.altominho.tv\\\/site\\\/\",\"name\":\"Altominho.tv\",\"description\":\"A sua regi\u00e3o \u00e0 dist\u00e2ncia de um clique...\",\"potentialAction\":[{\"@type\":\"SearchAction\",\"target\":{\"@type\":\"EntryPoint\",\"urlTemplate\":\"https:\\\/\\\/www.altominho.tv\\\/site\\\/?s={search_term_string}\"},\"query-input\":{\"@type\":\"PropertyValueSpecification\",\"valueRequired\":true,\"valueName\":\"search_term_string\"}}],\"inLanguage\":\"pt-PT\"},{\"@type\":\"Person\",\"@id\":\"https:\\\/\\\/www.altominho.tv\\\/site\\\/#\\\/schema\\\/person\\\/4e536851627d7914baf3dac752b6af22\",\"name\":\"Altominho.tv\",\"image\":{\"@type\":\"ImageObject\",\"inLanguage\":\"pt-PT\",\"@id\":\"https:\\\/\\\/www.altominho.tv\\\/site\\\/wp-content\\\/uploads\\\/2019\\\/11\\\/Logo_Avatar_2-150x150.jpg\",\"url\":\"https:\\\/\\\/www.altominho.tv\\\/site\\\/wp-content\\\/uploads\\\/2019\\\/11\\\/Logo_Avatar_2-150x150.jpg\",\"contentUrl\":\"https:\\\/\\\/www.altominho.tv\\\/site\\\/wp-content\\\/uploads\\\/2019\\\/11\\\/Logo_Avatar_2-150x150.jpg\",\"caption\":\"Altominho.tv\"},\"url\":\"https:\\\/\\\/www.altominho.tv\\\/site\\\/author\\\/altominhotv-tecnico\\\/\"}]}<\/script>\n<!-- \/ Yoast SEO Premium plugin. -->","yoast_head_json":{"title":"\"Um espa\u00e7o favor\u00e1vel ao desenvolvimento de projetos inovadores\"","description":"O novo Laborat\u00f3rio de Experimenta\u00e7\u00e3o e Prototipagem NOVATFE Valen\u00e7a foi hoje inaugurado na Rua da Oliveira, na Fortaleza.","robots":{"index":"index","follow":"follow","max-snippet":"max-snippet:-1","max-image-preview":"max-image-preview:large","max-video-preview":"max-video-preview:-1"},"canonical":"https:\/\/www.altominho.tv\/site\/2022\/12\/28\/um-espaco-favoravel-ao-desenvolvimento-de-projetos-inovadores\/","og_locale":"pt_PT","og_type":"article","og_title":"\"Um espa\u00e7o favor\u00e1vel ao desenvolvimento de projetos inovadores\"","og_description":"O novo Laborat\u00f3rio de Experimenta\u00e7\u00e3o e Prototipagem NOVATFE Valen\u00e7a foi hoje inaugurado na Rua da Oliveira, na Fortaleza.","og_url":"https:\/\/www.altominho.tv\/site\/2022\/12\/28\/um-espaco-favoravel-ao-desenvolvimento-de-projetos-inovadores\/","og_site_name":"Altominho.tv","article_publisher":"https:\/\/www.facebook.com\/altominhotv","article_published_time":"2022-12-28T20:40:42+00:00","article_modified_time":"2022-12-28T20:40:47+00:00","og_image":[{"width":1571,"height":951,"url":"https:\/\/www.altominho.tv\/site\/wp-content\/uploads\/2022\/12\/Carpinteira.jpg","type":"image\/jpeg"}],"author":"Altominho.tv","twitter_card":"summary_large_image","twitter_creator":"@altominhoTV","twitter_site":"@altominhoTV","twitter_misc":{"Escrito por":"Altominho.tv","Tempo estimado de leitura":"2 minutos"},"schema":{"@context":"https:\/\/schema.org","@graph":[{"@type":"Article","@id":"https:\/\/www.altominho.tv\/site\/2022\/12\/28\/um-espaco-favoravel-ao-desenvolvimento-de-projetos-inovadores\/#article","isPartOf":{"@id":"https:\/\/www.altominho.tv\/site\/2022\/12\/28\/um-espaco-favoravel-ao-desenvolvimento-de-projetos-inovadores\/"},"author":{"name":"Altominho.tv","@id":"https:\/\/www.altominho.tv\/site\/#\/schema\/person\/4e536851627d7914baf3dac752b6af22"},"headline":"&#8220;Um espa\u00e7o favor\u00e1vel ao desenvolvimento de projetos inovadores&#8221;","datePublished":"2022-12-28T20:40:42+00:00","dateModified":"2022-12-28T20:40:47+00:00","mainEntityOfPage":{"@id":"https:\/\/www.altominho.tv\/site\/2022\/12\/28\/um-espaco-favoravel-ao-desenvolvimento-de-projetos-inovadores\/"},"wordCount":249,"image":{"@id":"https:\/\/www.altominho.tv\/site\/2022\/12\/28\/um-espaco-favoravel-ao-desenvolvimento-de-projetos-inovadores\/#primaryimage"},"thumbnailUrl":"https:\/\/www.altominho.tv\/site\/wp-content\/uploads\/2022\/12\/Carpinteira.jpg","keywords":["Tecnologia"],"articleSection":["Valen\u00e7a"],"inLanguage":"pt-PT","copyrightYear":"2022","copyrightHolder":{"@id":"https:\/\/www.altominho.tv\/site\/#organization"}},{"@type":"WebPage","@id":"https:\/\/www.altominho.tv\/site\/2022\/12\/28\/um-espaco-favoravel-ao-desenvolvimento-de-projetos-inovadores\/","url":"https:\/\/www.altominho.tv\/site\/2022\/12\/28\/um-espaco-favoravel-ao-desenvolvimento-de-projetos-inovadores\/","name":"\"Um espa\u00e7o favor\u00e1vel ao desenvolvimento de projetos inovadores\"","isPartOf":{"@id":"https:\/\/www.altominho.tv\/site\/#website"},"primaryImageOfPage":{"@id":"https:\/\/www.altominho.tv\/site\/2022\/12\/28\/um-espaco-favoravel-ao-desenvolvimento-de-projetos-inovadores\/#primaryimage"},"image":{"@id":"https:\/\/www.altominho.tv\/site\/2022\/12\/28\/um-espaco-favoravel-ao-desenvolvimento-de-projetos-inovadores\/#primaryimage"},"thumbnailUrl":"https:\/\/www.altominho.tv\/site\/wp-content\/uploads\/2022\/12\/Carpinteira.jpg","datePublished":"2022-12-28T20:40:42+00:00","dateModified":"2022-12-28T20:40:47+00:00","author":{"@id":"https:\/\/www.altominho.tv\/site\/#\/schema\/person\/4e536851627d7914baf3dac752b6af22"},"description":"O novo Laborat\u00f3rio de Experimenta\u00e7\u00e3o e Prototipagem NOVATFE Valen\u00e7a foi hoje inaugurado na Rua da Oliveira, na Fortaleza.","breadcrumb":{"@id":"https:\/\/www.altominho.tv\/site\/2022\/12\/28\/um-espaco-favoravel-ao-desenvolvimento-de-projetos-inovadores\/#breadcrumb"},"inLanguage":"pt-PT","potentialAction":[{"@type":"ReadAction","target":["https:\/\/www.altominho.tv\/site\/2022\/12\/28\/um-espaco-favoravel-ao-desenvolvimento-de-projetos-inovadores\/"]}]},{"@type":"ImageObject","inLanguage":"pt-PT","@id":"https:\/\/www.altominho.tv\/site\/2022\/12\/28\/um-espaco-favoravel-ao-desenvolvimento-de-projetos-inovadores\/#primaryimage","url":"https:\/\/www.altominho.tv\/site\/wp-content\/uploads\/2022\/12\/Carpinteira.jpg","contentUrl":"https:\/\/www.altominho.tv\/site\/wp-content\/uploads\/2022\/12\/Carpinteira.jpg","width":1571,"height":951},{"@type":"BreadcrumbList","@id":"https:\/\/www.altominho.tv\/site\/2022\/12\/28\/um-espaco-favoravel-ao-desenvolvimento-de-projetos-inovadores\/#breadcrumb","itemListElement":[{"@type":"ListItem","position":1,"name":"In\u00edcio","item":"https:\/\/www.altominho.tv\/site\/"},{"@type":"ListItem","position":2,"name":"&#8220;Um espa\u00e7o favor\u00e1vel ao desenvolvimento de projetos inovadores&#8221;"}]},{"@type":"WebSite","@id":"https:\/\/www.altominho.tv\/site\/#website","url":"https:\/\/www.altominho.tv\/site\/","name":"Altominho.tv","description":"A sua regi\u00e3o \u00e0 dist\u00e2ncia de um clique...","potentialAction":[{"@type":"SearchAction","target":{"@type":"EntryPoint","urlTemplate":"https:\/\/www.altominho.tv\/site\/?s={search_term_string}"},"query-input":{"@type":"PropertyValueSpecification","valueRequired":true,"valueName":"search_term_string"}}],"inLanguage":"pt-PT"},{"@type":"Person","@id":"https:\/\/www.altominho.tv\/site\/#\/schema\/person\/4e536851627d7914baf3dac752b6af22","name":"Altominho.tv","image":{"@type":"ImageObject","inLanguage":"pt-PT","@id":"https:\/\/www.altominho.tv\/site\/wp-content\/uploads\/2019\/11\/Logo_Avatar_2-150x150.jpg","url":"https:\/\/www.altominho.tv\/site\/wp-content\/uploads\/2019\/11\/Logo_Avatar_2-150x150.jpg","contentUrl":"https:\/\/www.altominho.tv\/site\/wp-content\/uploads\/2019\/11\/Logo_Avatar_2-150x150.jpg","caption":"Altominho.tv"},"url":"https:\/\/www.altominho.tv\/site\/author\/altominhotv-tecnico\/"}]}},"_links":{"self":[{"href":"https:\/\/www.altominho.tv\/site\/wp-json\/wp\/v2\/posts\/87122","targetHints":{"allow":["GET"]}}],"collection":[{"href":"https:\/\/www.altominho.tv\/site\/wp-json\/wp\/v2\/posts"}],"about":[{"href":"https:\/\/www.altominho.tv\/site\/wp-json\/wp\/v2\/types\/post"}],"author":[{"embeddable":true,"href":"https:\/\/www.altominho.tv\/site\/wp-json\/wp\/v2\/users\/1"}],"replies":[{"embeddable":true,"href":"https:\/\/www.altominho.tv\/site\/wp-json\/wp\/v2\/comments?post=87122"}],"version-history":[{"count":1,"href":"https:\/\/www.altominho.tv\/site\/wp-json\/wp\/v2\/posts\/87122\/revisions"}],"predecessor-version":[{"id":87124,"href":"https:\/\/www.altominho.tv\/site\/wp-json\/wp\/v2\/posts\/87122\/revisions\/87124"}],"wp:featuredmedia":[{"embeddable":true,"href":"https:\/\/www.altominho.tv\/site\/wp-json\/wp\/v2\/media\/87123"}],"wp:attachment":[{"href":"https:\/\/www.altominho.tv\/site\/wp-json\/wp\/v2\/media?parent=87122"}],"wp:term":[{"taxonomy":"category","embeddable":true,"href":"https:\/\/www.altominho.tv\/site\/wp-json\/wp\/v2\/categories?post=87122"},{"taxonomy":"post_tag","embeddable":true,"href":"https:\/\/www.altominho.tv\/site\/wp-json\/wp\/v2\/tags?post=87122"}],"curies":[{"name":"wp","href":"https:\/\/api.w.org\/{rel}","templated":true}]}}