{"id":87105,"date":"2022-12-28T17:08:09","date_gmt":"2022-12-28T17:08:09","guid":{"rendered":"https:\/\/www.altominho.tv\/site\/?p=87105"},"modified":"2022-12-28T17:08:14","modified_gmt":"2022-12-28T17:08:14","slug":"videoclipe-dos-coura-voce-e-homenagem-aos-ucranianos","status":"publish","type":"post","link":"https:\/\/www.altominho.tv\/site\/2022\/12\/28\/videoclipe-dos-coura-voce-e-homenagem-aos-ucranianos\/","title":{"rendered":"Videoclipe dos Coura Voce \u00e9 homenagem aos ucranianos"},"content":{"rendered":"<p>O Coura Voce gravou um v\u00eddeo de Natal para o munic\u00edpio de Paredes de Coura onde interpreta o Carol of the Bells, um c\u00e2ntico escrito, em 1914, pelo compositor ucraniano Mykola Leontovych.<\/p>\n<p>Para o presidente da C\u00e2mara Municipal, Vitor Paulo Pereira, \u00a0esta foi &#8220;uma pequena homenagem a todos os ucranianos que neste Natal vivem momentos muito dif\u00edceis\u201d.<\/p>\n<p>O videoclipe tem sido amplamente partilhado nas redes sociais e atesta bem a qualidade deste coro feminino constitu\u00eddo por 33 elementos e dirigido pelo maestro V\u00edtor Lima.<\/p>\n<p>Este coro d\u00e1 corpo a um projeto que se desenvolve desde 2017 e que surgiu no \u00e2mbito do ensino art\u00edstico especializado da m\u00fasica, ministrado pelo Conservat\u00f3rio Regional do Alto Minho \u2013 Academia de M\u00fasica de Viana do Castelo, no Agrupamento de Escolas de Paredes de Coura e Centro Cultural.<\/p>\n<p>\u00a0<\/p>\n\n\n<iframe loading=\"lazy\" src=\"https:\/\/www.facebook.com\/plugins\/video.php?height=314&#038;href=https%3A%2F%2Fwww.facebook.com%2Fmunicipioparedesdecoura%2Fvideos%2F6293027717393849%2F&#038;show_text=true&#038;width=560&#038;t=0\" width=\"560\" height=\"429\" style=\"border:none;overflow:hidden\" scrolling=\"no\" frameborder=\"0\" allowfullscreen=\"true\" allow=\"autoplay; clipboard-write; encrypted-media; picture-in-picture; web-share\" allowFullScreen=\"true\"><\/iframe>\n","protected":false},"excerpt":{"rendered":"<p>O Coura Voce gravou um v\u00eddeo de Natal para o munic\u00edpio de Paredes de Coura onde interpreta o Carol of the Bells, um c\u00e2ntico escrito, em 1914, pelo compositor ucraniano Mykola Leontovych. Para o presidente da C\u00e2mara Municipal, Vitor Paulo Pereira, \u00a0esta foi &#8220;uma pequena homenagem a todos os ucranianos que neste Natal vivem momentos [&hellip;]<\/p>\n","protected":false},"author":24,"featured_media":87106,"comment_status":"closed","ping_status":"closed","sticky":false,"template":"","format":"standard","meta":{"_exactmetrics_skip_tracking":false,"_exactmetrics_sitenote_active":false,"_exactmetrics_sitenote_note":"","_exactmetrics_sitenote_category":0,"footnotes":""},"categories":[10],"tags":[19],"class_list":["post-87105","post","type-post","status-publish","format-standard","has-post-thumbnail","hentry","category-paredes-de-coura","tag-cultura"],"yoast_head":"<!-- This site is optimized with the Yoast SEO Premium plugin v27.4 (Yoast SEO v27.4) - https:\/\/yoast.com\/product\/yoast-seo-premium-wordpress\/ -->\n<title>Videoclipe dos Coura Voce \u00e9 homenagem aos ucranianos<\/title>\n<meta name=\"description\" content=\"O Coura Voce gravou um v\u00eddeo de Natal para o munic\u00edpio de Paredes de Coura onde interpreta o Carol of the Bells, um c\u00e2ntico escrito, em 1914, pelo compositor ucraniano Mykola Leontovych.\" \/>\n<meta name=\"robots\" content=\"index, follow, max-snippet:-1, max-image-preview:large, max-video-preview:-1\" \/>\n<link rel=\"canonical\" href=\"https:\/\/www.altominho.tv\/site\/2022\/12\/28\/videoclipe-dos-coura-voce-e-homenagem-aos-ucranianos\/\" \/>\n<meta property=\"og:locale\" content=\"pt_PT\" \/>\n<meta property=\"og:type\" content=\"article\" \/>\n<meta property=\"og:title\" content=\"Videoclipe dos Coura Voce \u00e9 homenagem aos ucranianos\" \/>\n<meta property=\"og:description\" content=\"O Coura Voce gravou um v\u00eddeo de Natal para o munic\u00edpio de Paredes de Coura onde interpreta o Carol of the Bells, um c\u00e2ntico escrito, em 1914, pelo compositor ucraniano Mykola Leontovych.\" \/>\n<meta property=\"og:url\" content=\"https:\/\/www.altominho.tv\/site\/2022\/12\/28\/videoclipe-dos-coura-voce-e-homenagem-aos-ucranianos\/\" \/>\n<meta property=\"og:site_name\" content=\"Altominho.tv\" \/>\n<meta property=\"article:publisher\" content=\"https:\/\/www.facebook.com\/altominhotv\" \/>\n<meta property=\"article:published_time\" content=\"2022-12-28T17:08:09+00:00\" \/>\n<meta property=\"article:modified_time\" content=\"2022-12-28T17:08:14+00:00\" \/>\n<meta property=\"og:image\" content=\"https:\/\/www.altominho.tv\/site\/wp-content\/uploads\/2022\/12\/Coura-Voce.png\" \/>\n\t<meta property=\"og:image:width\" content=\"1361\" \/>\n\t<meta property=\"og:image:height\" content=\"718\" \/>\n\t<meta property=\"og:image:type\" content=\"image\/png\" \/>\n<meta name=\"author\" content=\"Cesar Lopes\" \/>\n<meta name=\"twitter:card\" content=\"summary_large_image\" \/>\n<meta name=\"twitter:creator\" content=\"@altominhoTV\" \/>\n<meta name=\"twitter:site\" content=\"@altominhoTV\" \/>\n<meta name=\"twitter:label1\" content=\"Escrito por\" \/>\n\t<meta name=\"twitter:data1\" content=\"Cesar Lopes\" \/>\n\t<meta name=\"twitter:label2\" content=\"Tempo estimado de leitura\" \/>\n\t<meta name=\"twitter:data2\" content=\"1 minuto\" \/>\n<script type=\"application\/ld+json\" class=\"yoast-schema-graph\">{\"@context\":\"https:\\\/\\\/schema.org\",\"@graph\":[{\"@type\":\"Article\",\"@id\":\"https:\\\/\\\/www.altominho.tv\\\/site\\\/2022\\\/12\\\/28\\\/videoclipe-dos-coura-voce-e-homenagem-aos-ucranianos\\\/#article\",\"isPartOf\":{\"@id\":\"https:\\\/\\\/www.altominho.tv\\\/site\\\/2022\\\/12\\\/28\\\/videoclipe-dos-coura-voce-e-homenagem-aos-ucranianos\\\/\"},\"author\":{\"name\":\"Cesar Lopes\",\"@id\":\"https:\\\/\\\/www.altominho.tv\\\/site\\\/#\\\/schema\\\/person\\\/c5570e5afb933b8d08c43373326ef1b1\"},\"headline\":\"Videoclipe dos Coura Voce \u00e9 homenagem aos ucranianos\",\"datePublished\":\"2022-12-28T17:08:09+00:00\",\"dateModified\":\"2022-12-28T17:08:14+00:00\",\"mainEntityOfPage\":{\"@id\":\"https:\\\/\\\/www.altominho.tv\\\/site\\\/2022\\\/12\\\/28\\\/videoclipe-dos-coura-voce-e-homenagem-aos-ucranianos\\\/\"},\"wordCount\":147,\"image\":{\"@id\":\"https:\\\/\\\/www.altominho.tv\\\/site\\\/2022\\\/12\\\/28\\\/videoclipe-dos-coura-voce-e-homenagem-aos-ucranianos\\\/#primaryimage\"},\"thumbnailUrl\":\"https:\\\/\\\/www.altominho.tv\\\/site\\\/wp-content\\\/uploads\\\/2022\\\/12\\\/Coura-Voce.png\",\"keywords\":[\"Cultura\"],\"articleSection\":[\"Paredes de Coura\"],\"inLanguage\":\"pt-PT\",\"copyrightYear\":\"2022\",\"copyrightHolder\":{\"@id\":\"https:\\\/\\\/www.altominho.tv\\\/site\\\/#organization\"}},{\"@type\":\"WebPage\",\"@id\":\"https:\\\/\\\/www.altominho.tv\\\/site\\\/2022\\\/12\\\/28\\\/videoclipe-dos-coura-voce-e-homenagem-aos-ucranianos\\\/\",\"url\":\"https:\\\/\\\/www.altominho.tv\\\/site\\\/2022\\\/12\\\/28\\\/videoclipe-dos-coura-voce-e-homenagem-aos-ucranianos\\\/\",\"name\":\"Videoclipe dos Coura Voce \u00e9 homenagem aos ucranianos\",\"isPartOf\":{\"@id\":\"https:\\\/\\\/www.altominho.tv\\\/site\\\/#website\"},\"primaryImageOfPage\":{\"@id\":\"https:\\\/\\\/www.altominho.tv\\\/site\\\/2022\\\/12\\\/28\\\/videoclipe-dos-coura-voce-e-homenagem-aos-ucranianos\\\/#primaryimage\"},\"image\":{\"@id\":\"https:\\\/\\\/www.altominho.tv\\\/site\\\/2022\\\/12\\\/28\\\/videoclipe-dos-coura-voce-e-homenagem-aos-ucranianos\\\/#primaryimage\"},\"thumbnailUrl\":\"https:\\\/\\\/www.altominho.tv\\\/site\\\/wp-content\\\/uploads\\\/2022\\\/12\\\/Coura-Voce.png\",\"datePublished\":\"2022-12-28T17:08:09+00:00\",\"dateModified\":\"2022-12-28T17:08:14+00:00\",\"author\":{\"@id\":\"https:\\\/\\\/www.altominho.tv\\\/site\\\/#\\\/schema\\\/person\\\/c5570e5afb933b8d08c43373326ef1b1\"},\"description\":\"O Coura Voce gravou um v\u00eddeo de Natal para o munic\u00edpio de Paredes de Coura onde interpreta o Carol of the Bells, um c\u00e2ntico escrito, em 1914, pelo compositor ucraniano Mykola Leontovych.\",\"breadcrumb\":{\"@id\":\"https:\\\/\\\/www.altominho.tv\\\/site\\\/2022\\\/12\\\/28\\\/videoclipe-dos-coura-voce-e-homenagem-aos-ucranianos\\\/#breadcrumb\"},\"inLanguage\":\"pt-PT\",\"potentialAction\":[{\"@type\":\"ReadAction\",\"target\":[\"https:\\\/\\\/www.altominho.tv\\\/site\\\/2022\\\/12\\\/28\\\/videoclipe-dos-coura-voce-e-homenagem-aos-ucranianos\\\/\"]}]},{\"@type\":\"ImageObject\",\"inLanguage\":\"pt-PT\",\"@id\":\"https:\\\/\\\/www.altominho.tv\\\/site\\\/2022\\\/12\\\/28\\\/videoclipe-dos-coura-voce-e-homenagem-aos-ucranianos\\\/#primaryimage\",\"url\":\"https:\\\/\\\/www.altominho.tv\\\/site\\\/wp-content\\\/uploads\\\/2022\\\/12\\\/Coura-Voce.png\",\"contentUrl\":\"https:\\\/\\\/www.altominho.tv\\\/site\\\/wp-content\\\/uploads\\\/2022\\\/12\\\/Coura-Voce.png\",\"width\":1361,\"height\":718},{\"@type\":\"BreadcrumbList\",\"@id\":\"https:\\\/\\\/www.altominho.tv\\\/site\\\/2022\\\/12\\\/28\\\/videoclipe-dos-coura-voce-e-homenagem-aos-ucranianos\\\/#breadcrumb\",\"itemListElement\":[{\"@type\":\"ListItem\",\"position\":1,\"name\":\"In\u00edcio\",\"item\":\"https:\\\/\\\/www.altominho.tv\\\/site\\\/\"},{\"@type\":\"ListItem\",\"position\":2,\"name\":\"Videoclipe dos Coura Voce \u00e9 homenagem aos ucranianos\"}]},{\"@type\":\"WebSite\",\"@id\":\"https:\\\/\\\/www.altominho.tv\\\/site\\\/#website\",\"url\":\"https:\\\/\\\/www.altominho.tv\\\/site\\\/\",\"name\":\"Altominho.tv\",\"description\":\"A sua regi\u00e3o \u00e0 dist\u00e2ncia de um clique...\",\"potentialAction\":[{\"@type\":\"SearchAction\",\"target\":{\"@type\":\"EntryPoint\",\"urlTemplate\":\"https:\\\/\\\/www.altominho.tv\\\/site\\\/?s={search_term_string}\"},\"query-input\":{\"@type\":\"PropertyValueSpecification\",\"valueRequired\":true,\"valueName\":\"search_term_string\"}}],\"inLanguage\":\"pt-PT\"},{\"@type\":\"Person\",\"@id\":\"https:\\\/\\\/www.altominho.tv\\\/site\\\/#\\\/schema\\\/person\\\/c5570e5afb933b8d08c43373326ef1b1\",\"name\":\"Cesar Lopes\",\"image\":{\"@type\":\"ImageObject\",\"inLanguage\":\"pt-PT\",\"@id\":\"https:\\\/\\\/www.altominho.tv\\\/site\\\/wp-content\\\/uploads\\\/2022\\\/10\\\/Sem-Titulo-150x150.jpg\",\"url\":\"https:\\\/\\\/www.altominho.tv\\\/site\\\/wp-content\\\/uploads\\\/2022\\\/10\\\/Sem-Titulo-150x150.jpg\",\"contentUrl\":\"https:\\\/\\\/www.altominho.tv\\\/site\\\/wp-content\\\/uploads\\\/2022\\\/10\\\/Sem-Titulo-150x150.jpg\",\"caption\":\"Cesar Lopes\"},\"url\":\"https:\\\/\\\/www.altominho.tv\\\/site\\\/author\\\/cesarlopes\\\/\"}]}<\/script>\n<!-- \/ Yoast SEO Premium plugin. -->","yoast_head_json":{"title":"Videoclipe dos Coura Voce \u00e9 homenagem aos ucranianos","description":"O Coura Voce gravou um v\u00eddeo de Natal para o munic\u00edpio de Paredes de Coura onde interpreta o Carol of the Bells, um c\u00e2ntico escrito, em 1914, pelo compositor ucraniano Mykola Leontovych.","robots":{"index":"index","follow":"follow","max-snippet":"max-snippet:-1","max-image-preview":"max-image-preview:large","max-video-preview":"max-video-preview:-1"},"canonical":"https:\/\/www.altominho.tv\/site\/2022\/12\/28\/videoclipe-dos-coura-voce-e-homenagem-aos-ucranianos\/","og_locale":"pt_PT","og_type":"article","og_title":"Videoclipe dos Coura Voce \u00e9 homenagem aos ucranianos","og_description":"O Coura Voce gravou um v\u00eddeo de Natal para o munic\u00edpio de Paredes de Coura onde interpreta o Carol of the Bells, um c\u00e2ntico escrito, em 1914, pelo compositor ucraniano Mykola Leontovych.","og_url":"https:\/\/www.altominho.tv\/site\/2022\/12\/28\/videoclipe-dos-coura-voce-e-homenagem-aos-ucranianos\/","og_site_name":"Altominho.tv","article_publisher":"https:\/\/www.facebook.com\/altominhotv","article_published_time":"2022-12-28T17:08:09+00:00","article_modified_time":"2022-12-28T17:08:14+00:00","og_image":[{"width":1361,"height":718,"url":"https:\/\/www.altominho.tv\/site\/wp-content\/uploads\/2022\/12\/Coura-Voce.png","type":"image\/png"}],"author":"Cesar Lopes","twitter_card":"summary_large_image","twitter_creator":"@altominhoTV","twitter_site":"@altominhoTV","twitter_misc":{"Escrito por":"Cesar Lopes","Tempo estimado de leitura":"1 minuto"},"schema":{"@context":"https:\/\/schema.org","@graph":[{"@type":"Article","@id":"https:\/\/www.altominho.tv\/site\/2022\/12\/28\/videoclipe-dos-coura-voce-e-homenagem-aos-ucranianos\/#article","isPartOf":{"@id":"https:\/\/www.altominho.tv\/site\/2022\/12\/28\/videoclipe-dos-coura-voce-e-homenagem-aos-ucranianos\/"},"author":{"name":"Cesar Lopes","@id":"https:\/\/www.altominho.tv\/site\/#\/schema\/person\/c5570e5afb933b8d08c43373326ef1b1"},"headline":"Videoclipe dos Coura Voce \u00e9 homenagem aos ucranianos","datePublished":"2022-12-28T17:08:09+00:00","dateModified":"2022-12-28T17:08:14+00:00","mainEntityOfPage":{"@id":"https:\/\/www.altominho.tv\/site\/2022\/12\/28\/videoclipe-dos-coura-voce-e-homenagem-aos-ucranianos\/"},"wordCount":147,"image":{"@id":"https:\/\/www.altominho.tv\/site\/2022\/12\/28\/videoclipe-dos-coura-voce-e-homenagem-aos-ucranianos\/#primaryimage"},"thumbnailUrl":"https:\/\/www.altominho.tv\/site\/wp-content\/uploads\/2022\/12\/Coura-Voce.png","keywords":["Cultura"],"articleSection":["Paredes de Coura"],"inLanguage":"pt-PT","copyrightYear":"2022","copyrightHolder":{"@id":"https:\/\/www.altominho.tv\/site\/#organization"}},{"@type":"WebPage","@id":"https:\/\/www.altominho.tv\/site\/2022\/12\/28\/videoclipe-dos-coura-voce-e-homenagem-aos-ucranianos\/","url":"https:\/\/www.altominho.tv\/site\/2022\/12\/28\/videoclipe-dos-coura-voce-e-homenagem-aos-ucranianos\/","name":"Videoclipe dos Coura Voce \u00e9 homenagem aos ucranianos","isPartOf":{"@id":"https:\/\/www.altominho.tv\/site\/#website"},"primaryImageOfPage":{"@id":"https:\/\/www.altominho.tv\/site\/2022\/12\/28\/videoclipe-dos-coura-voce-e-homenagem-aos-ucranianos\/#primaryimage"},"image":{"@id":"https:\/\/www.altominho.tv\/site\/2022\/12\/28\/videoclipe-dos-coura-voce-e-homenagem-aos-ucranianos\/#primaryimage"},"thumbnailUrl":"https:\/\/www.altominho.tv\/site\/wp-content\/uploads\/2022\/12\/Coura-Voce.png","datePublished":"2022-12-28T17:08:09+00:00","dateModified":"2022-12-28T17:08:14+00:00","author":{"@id":"https:\/\/www.altominho.tv\/site\/#\/schema\/person\/c5570e5afb933b8d08c43373326ef1b1"},"description":"O Coura Voce gravou um v\u00eddeo de Natal para o munic\u00edpio de Paredes de Coura onde interpreta o Carol of the Bells, um c\u00e2ntico escrito, em 1914, pelo compositor ucraniano Mykola Leontovych.","breadcrumb":{"@id":"https:\/\/www.altominho.tv\/site\/2022\/12\/28\/videoclipe-dos-coura-voce-e-homenagem-aos-ucranianos\/#breadcrumb"},"inLanguage":"pt-PT","potentialAction":[{"@type":"ReadAction","target":["https:\/\/www.altominho.tv\/site\/2022\/12\/28\/videoclipe-dos-coura-voce-e-homenagem-aos-ucranianos\/"]}]},{"@type":"ImageObject","inLanguage":"pt-PT","@id":"https:\/\/www.altominho.tv\/site\/2022\/12\/28\/videoclipe-dos-coura-voce-e-homenagem-aos-ucranianos\/#primaryimage","url":"https:\/\/www.altominho.tv\/site\/wp-content\/uploads\/2022\/12\/Coura-Voce.png","contentUrl":"https:\/\/www.altominho.tv\/site\/wp-content\/uploads\/2022\/12\/Coura-Voce.png","width":1361,"height":718},{"@type":"BreadcrumbList","@id":"https:\/\/www.altominho.tv\/site\/2022\/12\/28\/videoclipe-dos-coura-voce-e-homenagem-aos-ucranianos\/#breadcrumb","itemListElement":[{"@type":"ListItem","position":1,"name":"In\u00edcio","item":"https:\/\/www.altominho.tv\/site\/"},{"@type":"ListItem","position":2,"name":"Videoclipe dos Coura Voce \u00e9 homenagem aos ucranianos"}]},{"@type":"WebSite","@id":"https:\/\/www.altominho.tv\/site\/#website","url":"https:\/\/www.altominho.tv\/site\/","name":"Altominho.tv","description":"A sua regi\u00e3o \u00e0 dist\u00e2ncia de um clique...","potentialAction":[{"@type":"SearchAction","target":{"@type":"EntryPoint","urlTemplate":"https:\/\/www.altominho.tv\/site\/?s={search_term_string}"},"query-input":{"@type":"PropertyValueSpecification","valueRequired":true,"valueName":"search_term_string"}}],"inLanguage":"pt-PT"},{"@type":"Person","@id":"https:\/\/www.altominho.tv\/site\/#\/schema\/person\/c5570e5afb933b8d08c43373326ef1b1","name":"Cesar Lopes","image":{"@type":"ImageObject","inLanguage":"pt-PT","@id":"https:\/\/www.altominho.tv\/site\/wp-content\/uploads\/2022\/10\/Sem-Titulo-150x150.jpg","url":"https:\/\/www.altominho.tv\/site\/wp-content\/uploads\/2022\/10\/Sem-Titulo-150x150.jpg","contentUrl":"https:\/\/www.altominho.tv\/site\/wp-content\/uploads\/2022\/10\/Sem-Titulo-150x150.jpg","caption":"Cesar Lopes"},"url":"https:\/\/www.altominho.tv\/site\/author\/cesarlopes\/"}]}},"_links":{"self":[{"href":"https:\/\/www.altominho.tv\/site\/wp-json\/wp\/v2\/posts\/87105","targetHints":{"allow":["GET"]}}],"collection":[{"href":"https:\/\/www.altominho.tv\/site\/wp-json\/wp\/v2\/posts"}],"about":[{"href":"https:\/\/www.altominho.tv\/site\/wp-json\/wp\/v2\/types\/post"}],"author":[{"embeddable":true,"href":"https:\/\/www.altominho.tv\/site\/wp-json\/wp\/v2\/users\/24"}],"replies":[{"embeddable":true,"href":"https:\/\/www.altominho.tv\/site\/wp-json\/wp\/v2\/comments?post=87105"}],"version-history":[{"count":1,"href":"https:\/\/www.altominho.tv\/site\/wp-json\/wp\/v2\/posts\/87105\/revisions"}],"predecessor-version":[{"id":87107,"href":"https:\/\/www.altominho.tv\/site\/wp-json\/wp\/v2\/posts\/87105\/revisions\/87107"}],"wp:featuredmedia":[{"embeddable":true,"href":"https:\/\/www.altominho.tv\/site\/wp-json\/wp\/v2\/media\/87106"}],"wp:attachment":[{"href":"https:\/\/www.altominho.tv\/site\/wp-json\/wp\/v2\/media?parent=87105"}],"wp:term":[{"taxonomy":"category","embeddable":true,"href":"https:\/\/www.altominho.tv\/site\/wp-json\/wp\/v2\/categories?post=87105"},{"taxonomy":"post_tag","embeddable":true,"href":"https:\/\/www.altominho.tv\/site\/wp-json\/wp\/v2\/tags?post=87105"}],"curies":[{"name":"wp","href":"https:\/\/api.w.org\/{rel}","templated":true}]}}