{"id":87082,"date":"2022-12-28T11:08:13","date_gmt":"2022-12-28T11:08:13","guid":{"rendered":"https:\/\/www.altominho.tv\/site\/?p=87082"},"modified":"2022-12-29T20:20:08","modified_gmt":"2022-12-29T20:20:08","slug":"cerveira-apresenta-kura-na-passagem-de-ano","status":"publish","type":"post","link":"https:\/\/www.altominho.tv\/site\/2022\/12\/28\/cerveira-apresenta-kura-na-passagem-de-ano\/","title":{"rendered":"Tributo aos ABBA e KURA no Pavilh\u00e3o Multiusos"},"content":{"rendered":"<p>A Festa de Passagem de Ano 2022\/2023, promovida pela C\u00e2mara Municipal de Vila Nova de Cerveira, passa a realizar-se num \u00fanico espa\u00e7o,\u00a0 o Pavilh\u00e3o Multiusos, em Campos, devido \u00e0 previs\u00e3o de condi\u00e7\u00f5es climat\u00e9ricas adversas para a noite de 31 de dezembro. Pelo mesmo motivo, o espet\u00e1culo de fogo de artif\u00edcio foi cancelado.<\/p>\n<p>De entrada livre, a abertura de portas acontece \u00e0s 22h00 e as comemora\u00e7\u00f5es iniciam \u00e0s 22h30 com o maior espet\u00e1culo de tributo \u00e0 m\u00edtica banda pop europeia ABBA \u2013 \u201cDancing QUEEN ABBA Show\u201d, pelos eslovacos ABBORN.<\/p>\n<p>&#8220;Depois de terem percorrido mais de 50 pa\u00edses em todo mundo, trazem-nos uma elegante forma\u00e7\u00e3o que recorda, tanto na parte est\u00e9tica como instrumental, a banda que revolucionou o panorama musical em 1974, ap\u00f3s vencerem o festival da Eurovis\u00e3o com o tema \u201cWaterloo\u201d. Este espet\u00e1culo percorre os grandes \u00eaxitos dos ABBA&#8221;, informa a autarquia.<\/p>\n<p>Depois, a partir das 00h30, a festa continuar\u00e1 com as atua\u00e7\u00f5es de v\u00e1rios Dj\u2019s, destacando-se a atua\u00e7\u00e3o de Kura, um dos Dj\u2019s e produtores mundiais mais reconhecidos no atual panorama da m\u00fasica eletr\u00f3nica e distinguido entre os 100 Dj\u2019s mais populares do mundo de acordo com o ranking da DJ Mag Top 100.<\/p>\n<p>Os Dj\u2019s F\u00e1bio Gon\u00e7alves, Fifty e Urze tamb\u00e9m atuam no recinto.<\/p>\n","protected":false},"excerpt":{"rendered":"<p>A Festa de Passagem de Ano 2022\/2023, promovida pela C\u00e2mara Municipal de Vila Nova de Cerveira, passa a realizar-se num \u00fanico espa\u00e7o,\u00a0 o Pavilh\u00e3o Multiusos, em Campos, devido \u00e0 previs\u00e3o de condi\u00e7\u00f5es climat\u00e9ricas adversas para a noite de 31 de dezembro. Pelo mesmo motivo, o espet\u00e1culo de fogo de artif\u00edcio foi cancelado. De entrada livre, [&hellip;]<\/p>\n","protected":false},"author":1,"featured_media":87190,"comment_status":"closed","ping_status":"closed","sticky":false,"template":"","format":"standard","meta":{"_exactmetrics_skip_tracking":false,"_exactmetrics_sitenote_active":false,"_exactmetrics_sitenote_note":"","_exactmetrics_sitenote_category":0,"footnotes":""},"categories":[15],"tags":[24],"class_list":["post-87082","post","type-post","status-publish","format-standard","has-post-thumbnail","hentry","category-vila-nova-de-cerveira","tag-lazer"],"yoast_head":"<!-- This site is optimized with the Yoast SEO Premium plugin v27.5 (Yoast SEO v27.5) - https:\/\/yoast.com\/product\/yoast-seo-premium-wordpress\/ -->\n<title>Tributo aos ABBA e KURA no Pavilh\u00e3o Multiusos<\/title>\n<meta name=\"description\" content=\"A Festa de Passagem de Ano 2022\/2023, promovida pela C\u00e2mara Municipal de Vila Nova de Cerveira, passa a realizar-se num \u00fanico espa\u00e7o,\u00a0 o Pavilh\u00e3o Multiusos, devido \u00e0 previs\u00e3o de condi\u00e7\u00f5es climat\u00e9ricas adversas para a noite de 31 de dezembro\" \/>\n<meta name=\"robots\" content=\"index, follow, max-snippet:-1, max-image-preview:large, max-video-preview:-1\" \/>\n<link rel=\"canonical\" href=\"https:\/\/www.altominho.tv\/site\/2022\/12\/28\/cerveira-apresenta-kura-na-passagem-de-ano\/\" \/>\n<meta property=\"og:locale\" content=\"pt_PT\" \/>\n<meta property=\"og:type\" content=\"article\" \/>\n<meta property=\"og:title\" content=\"Tributo aos ABBA e KURA no Pavilh\u00e3o Multiusos\" \/>\n<meta property=\"og:description\" content=\"A Festa de Passagem de Ano 2022\/2023, promovida pela C\u00e2mara Municipal de Vila Nova de Cerveira, passa a realizar-se num \u00fanico espa\u00e7o,\u00a0 o Pavilh\u00e3o Multiusos, devido \u00e0 previs\u00e3o de condi\u00e7\u00f5es climat\u00e9ricas adversas para a noite de 31 de dezembro\" \/>\n<meta property=\"og:url\" content=\"https:\/\/www.altominho.tv\/site\/2022\/12\/28\/cerveira-apresenta-kura-na-passagem-de-ano\/\" \/>\n<meta property=\"og:site_name\" content=\"Altominho.tv\" \/>\n<meta property=\"article:publisher\" content=\"https:\/\/www.facebook.com\/altominhotv\" \/>\n<meta property=\"article:published_time\" content=\"2022-12-28T11:08:13+00:00\" \/>\n<meta property=\"article:modified_time\" content=\"2022-12-29T20:20:08+00:00\" \/>\n<meta property=\"og:image\" content=\"https:\/\/www.altominho.tv\/site\/wp-content\/uploads\/2022\/12\/ABBORN.jpg\" \/>\n\t<meta property=\"og:image:width\" content=\"850\" \/>\n\t<meta property=\"og:image:height\" content=\"602\" \/>\n\t<meta property=\"og:image:type\" content=\"image\/jpeg\" \/>\n<meta name=\"author\" content=\"Altominho.tv\" \/>\n<meta name=\"twitter:card\" content=\"summary_large_image\" \/>\n<meta name=\"twitter:creator\" content=\"@altominhoTV\" \/>\n<meta name=\"twitter:site\" content=\"@altominhoTV\" \/>\n<meta name=\"twitter:label1\" content=\"Escrito por\" \/>\n\t<meta name=\"twitter:data1\" content=\"Altominho.tv\" \/>\n\t<meta name=\"twitter:label2\" content=\"Tempo estimado de leitura\" \/>\n\t<meta name=\"twitter:data2\" content=\"2 minutos\" \/>\n<script type=\"application\/ld+json\" class=\"yoast-schema-graph\">{\"@context\":\"https:\\\/\\\/schema.org\",\"@graph\":[{\"@type\":\"Article\",\"@id\":\"https:\\\/\\\/www.altominho.tv\\\/site\\\/2022\\\/12\\\/28\\\/cerveira-apresenta-kura-na-passagem-de-ano\\\/#article\",\"isPartOf\":{\"@id\":\"https:\\\/\\\/www.altominho.tv\\\/site\\\/2022\\\/12\\\/28\\\/cerveira-apresenta-kura-na-passagem-de-ano\\\/\"},\"author\":{\"name\":\"Altominho.tv\",\"@id\":\"https:\\\/\\\/www.altominho.tv\\\/site\\\/#\\\/schema\\\/person\\\/4e536851627d7914baf3dac752b6af22\"},\"headline\":\"Tributo aos ABBA e KURA no Pavilh\u00e3o Multiusos\",\"datePublished\":\"2022-12-28T11:08:13+00:00\",\"dateModified\":\"2022-12-29T20:20:08+00:00\",\"mainEntityOfPage\":{\"@id\":\"https:\\\/\\\/www.altominho.tv\\\/site\\\/2022\\\/12\\\/28\\\/cerveira-apresenta-kura-na-passagem-de-ano\\\/\"},\"wordCount\":234,\"image\":{\"@id\":\"https:\\\/\\\/www.altominho.tv\\\/site\\\/2022\\\/12\\\/28\\\/cerveira-apresenta-kura-na-passagem-de-ano\\\/#primaryimage\"},\"thumbnailUrl\":\"https:\\\/\\\/www.altominho.tv\\\/site\\\/wp-content\\\/uploads\\\/2022\\\/12\\\/ABBORN.jpg\",\"keywords\":[\"Lazer\"],\"articleSection\":[\"Vila Nova de Cerveira\"],\"inLanguage\":\"pt-PT\",\"copyrightYear\":\"2022\",\"copyrightHolder\":{\"@id\":\"https:\\\/\\\/www.altominho.tv\\\/site\\\/#organization\"}},{\"@type\":\"WebPage\",\"@id\":\"https:\\\/\\\/www.altominho.tv\\\/site\\\/2022\\\/12\\\/28\\\/cerveira-apresenta-kura-na-passagem-de-ano\\\/\",\"url\":\"https:\\\/\\\/www.altominho.tv\\\/site\\\/2022\\\/12\\\/28\\\/cerveira-apresenta-kura-na-passagem-de-ano\\\/\",\"name\":\"Tributo aos ABBA e KURA no Pavilh\u00e3o Multiusos\",\"isPartOf\":{\"@id\":\"https:\\\/\\\/www.altominho.tv\\\/site\\\/#website\"},\"primaryImageOfPage\":{\"@id\":\"https:\\\/\\\/www.altominho.tv\\\/site\\\/2022\\\/12\\\/28\\\/cerveira-apresenta-kura-na-passagem-de-ano\\\/#primaryimage\"},\"image\":{\"@id\":\"https:\\\/\\\/www.altominho.tv\\\/site\\\/2022\\\/12\\\/28\\\/cerveira-apresenta-kura-na-passagem-de-ano\\\/#primaryimage\"},\"thumbnailUrl\":\"https:\\\/\\\/www.altominho.tv\\\/site\\\/wp-content\\\/uploads\\\/2022\\\/12\\\/ABBORN.jpg\",\"datePublished\":\"2022-12-28T11:08:13+00:00\",\"dateModified\":\"2022-12-29T20:20:08+00:00\",\"author\":{\"@id\":\"https:\\\/\\\/www.altominho.tv\\\/site\\\/#\\\/schema\\\/person\\\/4e536851627d7914baf3dac752b6af22\"},\"description\":\"A Festa de Passagem de Ano 2022\\\/2023, promovida pela C\u00e2mara Municipal de Vila Nova de Cerveira, passa a realizar-se num \u00fanico espa\u00e7o,\u00a0 o Pavilh\u00e3o Multiusos, devido \u00e0 previs\u00e3o de condi\u00e7\u00f5es climat\u00e9ricas adversas para a noite de 31 de dezembro\",\"breadcrumb\":{\"@id\":\"https:\\\/\\\/www.altominho.tv\\\/site\\\/2022\\\/12\\\/28\\\/cerveira-apresenta-kura-na-passagem-de-ano\\\/#breadcrumb\"},\"inLanguage\":\"pt-PT\",\"potentialAction\":[{\"@type\":\"ReadAction\",\"target\":[\"https:\\\/\\\/www.altominho.tv\\\/site\\\/2022\\\/12\\\/28\\\/cerveira-apresenta-kura-na-passagem-de-ano\\\/\"]}]},{\"@type\":\"ImageObject\",\"inLanguage\":\"pt-PT\",\"@id\":\"https:\\\/\\\/www.altominho.tv\\\/site\\\/2022\\\/12\\\/28\\\/cerveira-apresenta-kura-na-passagem-de-ano\\\/#primaryimage\",\"url\":\"https:\\\/\\\/www.altominho.tv\\\/site\\\/wp-content\\\/uploads\\\/2022\\\/12\\\/ABBORN.jpg\",\"contentUrl\":\"https:\\\/\\\/www.altominho.tv\\\/site\\\/wp-content\\\/uploads\\\/2022\\\/12\\\/ABBORN.jpg\",\"width\":850,\"height\":602},{\"@type\":\"BreadcrumbList\",\"@id\":\"https:\\\/\\\/www.altominho.tv\\\/site\\\/2022\\\/12\\\/28\\\/cerveira-apresenta-kura-na-passagem-de-ano\\\/#breadcrumb\",\"itemListElement\":[{\"@type\":\"ListItem\",\"position\":1,\"name\":\"In\u00edcio\",\"item\":\"https:\\\/\\\/www.altominho.tv\\\/site\\\/\"},{\"@type\":\"ListItem\",\"position\":2,\"name\":\"Tributo aos ABBA e KURA no Pavilh\u00e3o Multiusos\"}]},{\"@type\":\"WebSite\",\"@id\":\"https:\\\/\\\/www.altominho.tv\\\/site\\\/#website\",\"url\":\"https:\\\/\\\/www.altominho.tv\\\/site\\\/\",\"name\":\"Altominho.tv\",\"description\":\"A sua regi\u00e3o \u00e0 dist\u00e2ncia de um clique...\",\"potentialAction\":[{\"@type\":\"SearchAction\",\"target\":{\"@type\":\"EntryPoint\",\"urlTemplate\":\"https:\\\/\\\/www.altominho.tv\\\/site\\\/?s={search_term_string}\"},\"query-input\":{\"@type\":\"PropertyValueSpecification\",\"valueRequired\":true,\"valueName\":\"search_term_string\"}}],\"inLanguage\":\"pt-PT\"},{\"@type\":\"Person\",\"@id\":\"https:\\\/\\\/www.altominho.tv\\\/site\\\/#\\\/schema\\\/person\\\/4e536851627d7914baf3dac752b6af22\",\"name\":\"Altominho.tv\",\"image\":{\"@type\":\"ImageObject\",\"inLanguage\":\"pt-PT\",\"@id\":\"https:\\\/\\\/www.altominho.tv\\\/site\\\/wp-content\\\/uploads\\\/2019\\\/11\\\/Logo_Avatar_2-150x150.jpg\",\"url\":\"https:\\\/\\\/www.altominho.tv\\\/site\\\/wp-content\\\/uploads\\\/2019\\\/11\\\/Logo_Avatar_2-150x150.jpg\",\"contentUrl\":\"https:\\\/\\\/www.altominho.tv\\\/site\\\/wp-content\\\/uploads\\\/2019\\\/11\\\/Logo_Avatar_2-150x150.jpg\",\"caption\":\"Altominho.tv\"},\"url\":\"https:\\\/\\\/www.altominho.tv\\\/site\\\/author\\\/altominhotv-tecnico\\\/\"}]}<\/script>\n<!-- \/ Yoast SEO Premium plugin. -->","yoast_head_json":{"title":"Tributo aos ABBA e KURA no Pavilh\u00e3o Multiusos","description":"A Festa de Passagem de Ano 2022\/2023, promovida pela C\u00e2mara Municipal de Vila Nova de Cerveira, passa a realizar-se num \u00fanico espa\u00e7o,\u00a0 o Pavilh\u00e3o Multiusos, devido \u00e0 previs\u00e3o de condi\u00e7\u00f5es climat\u00e9ricas adversas para a noite de 31 de dezembro","robots":{"index":"index","follow":"follow","max-snippet":"max-snippet:-1","max-image-preview":"max-image-preview:large","max-video-preview":"max-video-preview:-1"},"canonical":"https:\/\/www.altominho.tv\/site\/2022\/12\/28\/cerveira-apresenta-kura-na-passagem-de-ano\/","og_locale":"pt_PT","og_type":"article","og_title":"Tributo aos ABBA e KURA no Pavilh\u00e3o Multiusos","og_description":"A Festa de Passagem de Ano 2022\/2023, promovida pela C\u00e2mara Municipal de Vila Nova de Cerveira, passa a realizar-se num \u00fanico espa\u00e7o,\u00a0 o Pavilh\u00e3o Multiusos, devido \u00e0 previs\u00e3o de condi\u00e7\u00f5es climat\u00e9ricas adversas para a noite de 31 de dezembro","og_url":"https:\/\/www.altominho.tv\/site\/2022\/12\/28\/cerveira-apresenta-kura-na-passagem-de-ano\/","og_site_name":"Altominho.tv","article_publisher":"https:\/\/www.facebook.com\/altominhotv","article_published_time":"2022-12-28T11:08:13+00:00","article_modified_time":"2022-12-29T20:20:08+00:00","og_image":[{"width":850,"height":602,"url":"https:\/\/www.altominho.tv\/site\/wp-content\/uploads\/2022\/12\/ABBORN.jpg","type":"image\/jpeg"}],"author":"Altominho.tv","twitter_card":"summary_large_image","twitter_creator":"@altominhoTV","twitter_site":"@altominhoTV","twitter_misc":{"Escrito por":"Altominho.tv","Tempo estimado de leitura":"2 minutos"},"schema":{"@context":"https:\/\/schema.org","@graph":[{"@type":"Article","@id":"https:\/\/www.altominho.tv\/site\/2022\/12\/28\/cerveira-apresenta-kura-na-passagem-de-ano\/#article","isPartOf":{"@id":"https:\/\/www.altominho.tv\/site\/2022\/12\/28\/cerveira-apresenta-kura-na-passagem-de-ano\/"},"author":{"name":"Altominho.tv","@id":"https:\/\/www.altominho.tv\/site\/#\/schema\/person\/4e536851627d7914baf3dac752b6af22"},"headline":"Tributo aos ABBA e KURA no Pavilh\u00e3o Multiusos","datePublished":"2022-12-28T11:08:13+00:00","dateModified":"2022-12-29T20:20:08+00:00","mainEntityOfPage":{"@id":"https:\/\/www.altominho.tv\/site\/2022\/12\/28\/cerveira-apresenta-kura-na-passagem-de-ano\/"},"wordCount":234,"image":{"@id":"https:\/\/www.altominho.tv\/site\/2022\/12\/28\/cerveira-apresenta-kura-na-passagem-de-ano\/#primaryimage"},"thumbnailUrl":"https:\/\/www.altominho.tv\/site\/wp-content\/uploads\/2022\/12\/ABBORN.jpg","keywords":["Lazer"],"articleSection":["Vila Nova de Cerveira"],"inLanguage":"pt-PT","copyrightYear":"2022","copyrightHolder":{"@id":"https:\/\/www.altominho.tv\/site\/#organization"}},{"@type":"WebPage","@id":"https:\/\/www.altominho.tv\/site\/2022\/12\/28\/cerveira-apresenta-kura-na-passagem-de-ano\/","url":"https:\/\/www.altominho.tv\/site\/2022\/12\/28\/cerveira-apresenta-kura-na-passagem-de-ano\/","name":"Tributo aos ABBA e KURA no Pavilh\u00e3o Multiusos","isPartOf":{"@id":"https:\/\/www.altominho.tv\/site\/#website"},"primaryImageOfPage":{"@id":"https:\/\/www.altominho.tv\/site\/2022\/12\/28\/cerveira-apresenta-kura-na-passagem-de-ano\/#primaryimage"},"image":{"@id":"https:\/\/www.altominho.tv\/site\/2022\/12\/28\/cerveira-apresenta-kura-na-passagem-de-ano\/#primaryimage"},"thumbnailUrl":"https:\/\/www.altominho.tv\/site\/wp-content\/uploads\/2022\/12\/ABBORN.jpg","datePublished":"2022-12-28T11:08:13+00:00","dateModified":"2022-12-29T20:20:08+00:00","author":{"@id":"https:\/\/www.altominho.tv\/site\/#\/schema\/person\/4e536851627d7914baf3dac752b6af22"},"description":"A Festa de Passagem de Ano 2022\/2023, promovida pela C\u00e2mara Municipal de Vila Nova de Cerveira, passa a realizar-se num \u00fanico espa\u00e7o,\u00a0 o Pavilh\u00e3o Multiusos, devido \u00e0 previs\u00e3o de condi\u00e7\u00f5es climat\u00e9ricas adversas para a noite de 31 de dezembro","breadcrumb":{"@id":"https:\/\/www.altominho.tv\/site\/2022\/12\/28\/cerveira-apresenta-kura-na-passagem-de-ano\/#breadcrumb"},"inLanguage":"pt-PT","potentialAction":[{"@type":"ReadAction","target":["https:\/\/www.altominho.tv\/site\/2022\/12\/28\/cerveira-apresenta-kura-na-passagem-de-ano\/"]}]},{"@type":"ImageObject","inLanguage":"pt-PT","@id":"https:\/\/www.altominho.tv\/site\/2022\/12\/28\/cerveira-apresenta-kura-na-passagem-de-ano\/#primaryimage","url":"https:\/\/www.altominho.tv\/site\/wp-content\/uploads\/2022\/12\/ABBORN.jpg","contentUrl":"https:\/\/www.altominho.tv\/site\/wp-content\/uploads\/2022\/12\/ABBORN.jpg","width":850,"height":602},{"@type":"BreadcrumbList","@id":"https:\/\/www.altominho.tv\/site\/2022\/12\/28\/cerveira-apresenta-kura-na-passagem-de-ano\/#breadcrumb","itemListElement":[{"@type":"ListItem","position":1,"name":"In\u00edcio","item":"https:\/\/www.altominho.tv\/site\/"},{"@type":"ListItem","position":2,"name":"Tributo aos ABBA e KURA no Pavilh\u00e3o Multiusos"}]},{"@type":"WebSite","@id":"https:\/\/www.altominho.tv\/site\/#website","url":"https:\/\/www.altominho.tv\/site\/","name":"Altominho.tv","description":"A sua regi\u00e3o \u00e0 dist\u00e2ncia de um clique...","potentialAction":[{"@type":"SearchAction","target":{"@type":"EntryPoint","urlTemplate":"https:\/\/www.altominho.tv\/site\/?s={search_term_string}"},"query-input":{"@type":"PropertyValueSpecification","valueRequired":true,"valueName":"search_term_string"}}],"inLanguage":"pt-PT"},{"@type":"Person","@id":"https:\/\/www.altominho.tv\/site\/#\/schema\/person\/4e536851627d7914baf3dac752b6af22","name":"Altominho.tv","image":{"@type":"ImageObject","inLanguage":"pt-PT","@id":"https:\/\/www.altominho.tv\/site\/wp-content\/uploads\/2019\/11\/Logo_Avatar_2-150x150.jpg","url":"https:\/\/www.altominho.tv\/site\/wp-content\/uploads\/2019\/11\/Logo_Avatar_2-150x150.jpg","contentUrl":"https:\/\/www.altominho.tv\/site\/wp-content\/uploads\/2019\/11\/Logo_Avatar_2-150x150.jpg","caption":"Altominho.tv"},"url":"https:\/\/www.altominho.tv\/site\/author\/altominhotv-tecnico\/"}]}},"_links":{"self":[{"href":"https:\/\/www.altominho.tv\/site\/wp-json\/wp\/v2\/posts\/87082","targetHints":{"allow":["GET"]}}],"collection":[{"href":"https:\/\/www.altominho.tv\/site\/wp-json\/wp\/v2\/posts"}],"about":[{"href":"https:\/\/www.altominho.tv\/site\/wp-json\/wp\/v2\/types\/post"}],"author":[{"embeddable":true,"href":"https:\/\/www.altominho.tv\/site\/wp-json\/wp\/v2\/users\/1"}],"replies":[{"embeddable":true,"href":"https:\/\/www.altominho.tv\/site\/wp-json\/wp\/v2\/comments?post=87082"}],"version-history":[{"count":3,"href":"https:\/\/www.altominho.tv\/site\/wp-json\/wp\/v2\/posts\/87082\/revisions"}],"predecessor-version":[{"id":87195,"href":"https:\/\/www.altominho.tv\/site\/wp-json\/wp\/v2\/posts\/87082\/revisions\/87195"}],"wp:featuredmedia":[{"embeddable":true,"href":"https:\/\/www.altominho.tv\/site\/wp-json\/wp\/v2\/media\/87190"}],"wp:attachment":[{"href":"https:\/\/www.altominho.tv\/site\/wp-json\/wp\/v2\/media?parent=87082"}],"wp:term":[{"taxonomy":"category","embeddable":true,"href":"https:\/\/www.altominho.tv\/site\/wp-json\/wp\/v2\/categories?post=87082"},{"taxonomy":"post_tag","embeddable":true,"href":"https:\/\/www.altominho.tv\/site\/wp-json\/wp\/v2\/tags?post=87082"}],"curies":[{"name":"wp","href":"https:\/\/api.w.org\/{rel}","templated":true}]}}