{"id":87073,"date":"2022-12-27T17:04:22","date_gmt":"2022-12-27T17:04:22","guid":{"rendered":"https:\/\/www.altominho.tv\/site\/?p=87073"},"modified":"2022-12-27T17:04:40","modified_gmt":"2022-12-27T17:04:40","slug":"o-nosso-segredo-e-acreditar-no-projeto-e-dar-tudo","status":"publish","type":"post","link":"https:\/\/www.altominho.tv\/site\/2022\/12\/27\/o-nosso-segredo-e-acreditar-no-projeto-e-dar-tudo\/","title":{"rendered":"&#8220;O nosso segredo? \u00c9 acreditar no projeto e dar tudo&#8221;"},"content":{"rendered":"\n<p><\/p>\n\n\n<p>\u201cN\u00e3o haver\u00e1 melhor forma de entrar em 2023.\u201d A garantia \u00e9 dada por Nuno Pacheco, vocalista e fundador do Grupo Kalhambeke, que a 31 de dezembro vai abrilhantar a passagem de ano em Paredes de Coura, a partir das 23h00, no Largo Hintze Ribeiro.<\/p>\n<p>\u201cConvido todos. Al\u00e9m de ser um evento gratuito, ser\u00e1 numa tenda aquecida. V\u00e3o ter muita anima\u00e7\u00e3o!\u201d, lan\u00e7a o courense, em entrevista \u00e0 <strong>Altominho TV<\/strong>.<\/p>\n<p><img loading=\"lazy\" decoding=\"async\" class=\"alignnone size-medium wp-image-87074\" src=\"https:\/\/www.altominho.tv\/site\/wp-content\/uploads\/2022\/12\/Publico-747x433.jpg\" alt=\"\" width=\"747\" height=\"433\" srcset=\"https:\/\/www.altominho.tv\/site\/wp-content\/uploads\/2022\/12\/Publico-747x433.jpg 747w, https:\/\/www.altominho.tv\/site\/wp-content\/uploads\/2022\/12\/Publico-1024x594.jpg 1024w, https:\/\/www.altominho.tv\/site\/wp-content\/uploads\/2022\/12\/Publico-768x445.jpg 768w, https:\/\/www.altominho.tv\/site\/wp-content\/uploads\/2022\/12\/Publico-370x214.jpg 370w, https:\/\/www.altominho.tv\/site\/wp-content\/uploads\/2022\/12\/Publico-270x157.jpg 270w, https:\/\/www.altominho.tv\/site\/wp-content\/uploads\/2022\/12\/Publico-570x330.jpg 570w, https:\/\/www.altominho.tv\/site\/wp-content\/uploads\/2022\/12\/Publico-740x429.jpg 740w, https:\/\/www.altominho.tv\/site\/wp-content\/uploads\/2022\/12\/Publico.jpg 1080w\" sizes=\"auto, (max-width: 747px) 100vw, 747px\" \/><\/p>\n<p>Criado em 1998, o Kalhambeke tem crescido a olhos vistos a cada ano que passa e, atualmente, n\u00e3o \u00e9 exagero afirmar que se trata de um dos grupos mais requisitados em todo o pa\u00eds, dentro deste g\u00e9nero musical.<\/p>\n<p>\u201cO nosso segredo? \u00c9 acreditar no projeto e dar tudo. Cada vez que subimos ao palco damos o m\u00e1ximo\u201d, diz Nuno Pacheco, de 37 anos.<\/p>\n<p>Seja m\u00fasica popular portuguesa, uma valsa, rock ou as novidades do momento, o repert\u00f3rio do grupo \u00e9 vasto e n\u00e3o deixa ningu\u00e9m indiferente. Prova disso \u00e9 o facto de a agenda para 2023 estar praticamente preenchida. O m\u00eas de agosto, o mais cobi\u00e7ado, j\u00e1 est\u00e1 fechado.<\/p>\n<p><img loading=\"lazy\" decoding=\"async\" class=\"alignnone size-medium wp-image-87075\" src=\"https:\/\/www.altominho.tv\/site\/wp-content\/uploads\/2022\/12\/Palco-640x433.jpg\" alt=\"\" width=\"640\" height=\"433\" srcset=\"https:\/\/www.altominho.tv\/site\/wp-content\/uploads\/2022\/12\/Palco-640x433.jpg 640w, https:\/\/www.altominho.tv\/site\/wp-content\/uploads\/2022\/12\/Palco-1024x693.jpg 1024w, https:\/\/www.altominho.tv\/site\/wp-content\/uploads\/2022\/12\/Palco-768x520.jpg 768w, https:\/\/www.altominho.tv\/site\/wp-content\/uploads\/2022\/12\/Palco-370x250.jpg 370w, https:\/\/www.altominho.tv\/site\/wp-content\/uploads\/2022\/12\/Palco-270x183.jpg 270w, https:\/\/www.altominho.tv\/site\/wp-content\/uploads\/2022\/12\/Palco-570x386.jpg 570w, https:\/\/www.altominho.tv\/site\/wp-content\/uploads\/2022\/12\/Palco-740x501.jpg 740w, https:\/\/www.altominho.tv\/site\/wp-content\/uploads\/2022\/12\/Palco.jpg 1080w\" sizes=\"auto, (max-width: 640px) 100vw, 640px\" \/><\/p>\n<p>Presen\u00e7a habitual nas melhores festas da regi\u00e3o, o Kalhambeke vai apresentar no pr\u00f3ximo espet\u00e1culo em Paredes de Coura a sua nova vocalista. O ano de 2023 trar\u00e1 mais novidades, como a entrada de membros, incluindo um vocalista masculino, bem como a introdu\u00e7\u00e3o de novos elementos na apresenta\u00e7\u00e3o do espet\u00e1culo.<\/p>\n<p>\u201cTentamos sempre inovar e ter o melhor material\u201d, frisa o porta-voz e l\u00edder do grupo.<\/p>\n<p><img loading=\"lazy\" decoding=\"async\" class=\"alignnone size-medium wp-image-87076\" src=\"https:\/\/www.altominho.tv\/site\/wp-content\/uploads\/2022\/12\/Palco2-649x433.jpg\" alt=\"\" width=\"649\" height=\"433\" srcset=\"https:\/\/www.altominho.tv\/site\/wp-content\/uploads\/2022\/12\/Palco2-649x433.jpg 649w, https:\/\/www.altominho.tv\/site\/wp-content\/uploads\/2022\/12\/Palco2-1024x684.jpg 1024w, https:\/\/www.altominho.tv\/site\/wp-content\/uploads\/2022\/12\/Palco2-768x513.jpg 768w, https:\/\/www.altominho.tv\/site\/wp-content\/uploads\/2022\/12\/Palco2-370x247.jpg 370w, https:\/\/www.altominho.tv\/site\/wp-content\/uploads\/2022\/12\/Palco2-270x180.jpg 270w, https:\/\/www.altominho.tv\/site\/wp-content\/uploads\/2022\/12\/Palco2-570x381.jpg 570w, https:\/\/www.altominho.tv\/site\/wp-content\/uploads\/2022\/12\/Palco2-740x494.jpg 740w, https:\/\/www.altominho.tv\/site\/wp-content\/uploads\/2022\/12\/Palco2.jpg 1438w\" sizes=\"auto, (max-width: 649px) 100vw, 649px\" \/><\/p>\n<p>A passagem de ano em Paredes de Coura ter\u00e1 tamb\u00e9m as atua\u00e7\u00f5es do DJ Emotion e do Mosca a.k.a Nuno.<\/p>","protected":false},"excerpt":{"rendered":"<p>\u201cN\u00e3o haver\u00e1 melhor forma de entrar em 2023.\u201d A garantia \u00e9 dada por Nuno Pacheco, vocalista e fundador do Grupo Kalhambeke, que a 31 de dezembro vai abrilhantar a passagem de ano em Paredes de Coura, a partir das 23h00, no Largo Hintze Ribeiro. \u201cConvido todos. Al\u00e9m de ser um evento gratuito, ser\u00e1 numa tenda [&hellip;]<\/p>\n","protected":false},"author":24,"featured_media":87069,"comment_status":"closed","ping_status":"closed","sticky":false,"template":"","format":"standard","meta":{"_exactmetrics_skip_tracking":false,"_exactmetrics_sitenote_active":false,"_exactmetrics_sitenote_note":"","_exactmetrics_sitenote_category":0,"footnotes":""},"categories":[10],"tags":[24],"class_list":["post-87073","post","type-post","status-publish","format-standard","has-post-thumbnail","hentry","category-paredes-de-coura","tag-lazer"],"yoast_head":"<!-- This site is optimized with the Yoast SEO Premium plugin v27.4 (Yoast SEO v27.4) - https:\/\/yoast.com\/product\/yoast-seo-premium-wordpress\/ -->\n<title>&quot;O nosso segredo? \u00c9 acreditar no projeto e dar tudo&quot;<\/title>\n<meta name=\"description\" content=\"\u201cN\u00e3o haver\u00e1 melhor forma de entrar em 2023.\u201d A garantia \u00e9 dada por Nuno Pacheco, vocalista e fundador do Grupo Kalhambeke, que a 31 de dezembro vai abrilhantar a passagem de ano em Paredes de Coura, a partir das 23h00, no Largo Hintze Ribeiro.\" \/>\n<meta name=\"robots\" content=\"index, follow, max-snippet:-1, max-image-preview:large, max-video-preview:-1\" \/>\n<link rel=\"canonical\" href=\"https:\/\/www.altominho.tv\/site\/2022\/12\/27\/o-nosso-segredo-e-acreditar-no-projeto-e-dar-tudo\/\" \/>\n<meta property=\"og:locale\" content=\"pt_PT\" \/>\n<meta property=\"og:type\" content=\"article\" \/>\n<meta property=\"og:title\" content=\"&quot;O nosso segredo? \u00c9 acreditar no projeto e dar tudo&quot;\" \/>\n<meta property=\"og:description\" content=\"\u201cN\u00e3o haver\u00e1 melhor forma de entrar em 2023.\u201d A garantia \u00e9 dada por Nuno Pacheco, vocalista e fundador do Grupo Kalhambeke, que a 31 de dezembro vai abrilhantar a passagem de ano em Paredes de Coura, a partir das 23h00, no Largo Hintze Ribeiro.\" \/>\n<meta property=\"og:url\" content=\"https:\/\/www.altominho.tv\/site\/2022\/12\/27\/o-nosso-segredo-e-acreditar-no-projeto-e-dar-tudo\/\" \/>\n<meta property=\"og:site_name\" content=\"Altominho.tv\" \/>\n<meta property=\"article:publisher\" content=\"https:\/\/www.facebook.com\/altominhotv\" \/>\n<meta property=\"article:published_time\" content=\"2022-12-27T17:04:22+00:00\" \/>\n<meta property=\"article:modified_time\" content=\"2022-12-27T17:04:40+00:00\" \/>\n<meta property=\"og:image\" content=\"https:\/\/www.altominho.tv\/site\/wp-content\/uploads\/2022\/12\/kalhambeke.jpg\" \/>\n\t<meta property=\"og:image:width\" content=\"2016\" \/>\n\t<meta property=\"og:image:height\" content=\"1110\" \/>\n\t<meta property=\"og:image:type\" content=\"image\/jpeg\" \/>\n<meta name=\"author\" content=\"Cesar Lopes\" \/>\n<meta name=\"twitter:card\" content=\"summary_large_image\" \/>\n<meta name=\"twitter:creator\" content=\"@altominhoTV\" \/>\n<meta name=\"twitter:site\" content=\"@altominhoTV\" \/>\n<meta name=\"twitter:label1\" content=\"Escrito por\" \/>\n\t<meta name=\"twitter:data1\" content=\"Cesar Lopes\" \/>\n\t<meta name=\"twitter:label2\" content=\"Tempo estimado de leitura\" \/>\n\t<meta name=\"twitter:data2\" content=\"3 minutos\" \/>\n<script type=\"application\/ld+json\" class=\"yoast-schema-graph\">{\"@context\":\"https:\\\/\\\/schema.org\",\"@graph\":[{\"@type\":\"Article\",\"@id\":\"https:\\\/\\\/www.altominho.tv\\\/site\\\/2022\\\/12\\\/27\\\/o-nosso-segredo-e-acreditar-no-projeto-e-dar-tudo\\\/#article\",\"isPartOf\":{\"@id\":\"https:\\\/\\\/www.altominho.tv\\\/site\\\/2022\\\/12\\\/27\\\/o-nosso-segredo-e-acreditar-no-projeto-e-dar-tudo\\\/\"},\"author\":{\"name\":\"Cesar Lopes\",\"@id\":\"https:\\\/\\\/www.altominho.tv\\\/site\\\/#\\\/schema\\\/person\\\/c5570e5afb933b8d08c43373326ef1b1\"},\"headline\":\"&#8220;O nosso segredo? \u00c9 acreditar no projeto e dar tudo&#8221;\",\"datePublished\":\"2022-12-27T17:04:22+00:00\",\"dateModified\":\"2022-12-27T17:04:40+00:00\",\"mainEntityOfPage\":{\"@id\":\"https:\\\/\\\/www.altominho.tv\\\/site\\\/2022\\\/12\\\/27\\\/o-nosso-segredo-e-acreditar-no-projeto-e-dar-tudo\\\/\"},\"wordCount\":285,\"image\":{\"@id\":\"https:\\\/\\\/www.altominho.tv\\\/site\\\/2022\\\/12\\\/27\\\/o-nosso-segredo-e-acreditar-no-projeto-e-dar-tudo\\\/#primaryimage\"},\"thumbnailUrl\":\"https:\\\/\\\/www.altominho.tv\\\/site\\\/wp-content\\\/uploads\\\/2022\\\/12\\\/kalhambeke.jpg\",\"keywords\":[\"Lazer\"],\"articleSection\":[\"Paredes de Coura\"],\"inLanguage\":\"pt-PT\",\"copyrightYear\":\"2022\",\"copyrightHolder\":{\"@id\":\"https:\\\/\\\/www.altominho.tv\\\/site\\\/#organization\"}},{\"@type\":\"WebPage\",\"@id\":\"https:\\\/\\\/www.altominho.tv\\\/site\\\/2022\\\/12\\\/27\\\/o-nosso-segredo-e-acreditar-no-projeto-e-dar-tudo\\\/\",\"url\":\"https:\\\/\\\/www.altominho.tv\\\/site\\\/2022\\\/12\\\/27\\\/o-nosso-segredo-e-acreditar-no-projeto-e-dar-tudo\\\/\",\"name\":\"\\\"O nosso segredo? \u00c9 acreditar no projeto e dar tudo\\\"\",\"isPartOf\":{\"@id\":\"https:\\\/\\\/www.altominho.tv\\\/site\\\/#website\"},\"primaryImageOfPage\":{\"@id\":\"https:\\\/\\\/www.altominho.tv\\\/site\\\/2022\\\/12\\\/27\\\/o-nosso-segredo-e-acreditar-no-projeto-e-dar-tudo\\\/#primaryimage\"},\"image\":{\"@id\":\"https:\\\/\\\/www.altominho.tv\\\/site\\\/2022\\\/12\\\/27\\\/o-nosso-segredo-e-acreditar-no-projeto-e-dar-tudo\\\/#primaryimage\"},\"thumbnailUrl\":\"https:\\\/\\\/www.altominho.tv\\\/site\\\/wp-content\\\/uploads\\\/2022\\\/12\\\/kalhambeke.jpg\",\"datePublished\":\"2022-12-27T17:04:22+00:00\",\"dateModified\":\"2022-12-27T17:04:40+00:00\",\"author\":{\"@id\":\"https:\\\/\\\/www.altominho.tv\\\/site\\\/#\\\/schema\\\/person\\\/c5570e5afb933b8d08c43373326ef1b1\"},\"description\":\"\u201cN\u00e3o haver\u00e1 melhor forma de entrar em 2023.\u201d A garantia \u00e9 dada por Nuno Pacheco, vocalista e fundador do Grupo Kalhambeke, que a 31 de dezembro vai abrilhantar a passagem de ano em Paredes de Coura, a partir das 23h00, no Largo Hintze Ribeiro.\",\"breadcrumb\":{\"@id\":\"https:\\\/\\\/www.altominho.tv\\\/site\\\/2022\\\/12\\\/27\\\/o-nosso-segredo-e-acreditar-no-projeto-e-dar-tudo\\\/#breadcrumb\"},\"inLanguage\":\"pt-PT\",\"potentialAction\":[{\"@type\":\"ReadAction\",\"target\":[\"https:\\\/\\\/www.altominho.tv\\\/site\\\/2022\\\/12\\\/27\\\/o-nosso-segredo-e-acreditar-no-projeto-e-dar-tudo\\\/\"]}]},{\"@type\":\"ImageObject\",\"inLanguage\":\"pt-PT\",\"@id\":\"https:\\\/\\\/www.altominho.tv\\\/site\\\/2022\\\/12\\\/27\\\/o-nosso-segredo-e-acreditar-no-projeto-e-dar-tudo\\\/#primaryimage\",\"url\":\"https:\\\/\\\/www.altominho.tv\\\/site\\\/wp-content\\\/uploads\\\/2022\\\/12\\\/kalhambeke.jpg\",\"contentUrl\":\"https:\\\/\\\/www.altominho.tv\\\/site\\\/wp-content\\\/uploads\\\/2022\\\/12\\\/kalhambeke.jpg\",\"width\":2016,\"height\":1110},{\"@type\":\"BreadcrumbList\",\"@id\":\"https:\\\/\\\/www.altominho.tv\\\/site\\\/2022\\\/12\\\/27\\\/o-nosso-segredo-e-acreditar-no-projeto-e-dar-tudo\\\/#breadcrumb\",\"itemListElement\":[{\"@type\":\"ListItem\",\"position\":1,\"name\":\"In\u00edcio\",\"item\":\"https:\\\/\\\/www.altominho.tv\\\/site\\\/\"},{\"@type\":\"ListItem\",\"position\":2,\"name\":\"&#8220;O nosso segredo? \u00c9 acreditar no projeto e dar tudo&#8221;\"}]},{\"@type\":\"WebSite\",\"@id\":\"https:\\\/\\\/www.altominho.tv\\\/site\\\/#website\",\"url\":\"https:\\\/\\\/www.altominho.tv\\\/site\\\/\",\"name\":\"Altominho.tv\",\"description\":\"A sua regi\u00e3o \u00e0 dist\u00e2ncia de um clique...\",\"potentialAction\":[{\"@type\":\"SearchAction\",\"target\":{\"@type\":\"EntryPoint\",\"urlTemplate\":\"https:\\\/\\\/www.altominho.tv\\\/site\\\/?s={search_term_string}\"},\"query-input\":{\"@type\":\"PropertyValueSpecification\",\"valueRequired\":true,\"valueName\":\"search_term_string\"}}],\"inLanguage\":\"pt-PT\"},{\"@type\":\"Person\",\"@id\":\"https:\\\/\\\/www.altominho.tv\\\/site\\\/#\\\/schema\\\/person\\\/c5570e5afb933b8d08c43373326ef1b1\",\"name\":\"Cesar Lopes\",\"image\":{\"@type\":\"ImageObject\",\"inLanguage\":\"pt-PT\",\"@id\":\"https:\\\/\\\/www.altominho.tv\\\/site\\\/wp-content\\\/uploads\\\/2022\\\/10\\\/Sem-Titulo-150x150.jpg\",\"url\":\"https:\\\/\\\/www.altominho.tv\\\/site\\\/wp-content\\\/uploads\\\/2022\\\/10\\\/Sem-Titulo-150x150.jpg\",\"contentUrl\":\"https:\\\/\\\/www.altominho.tv\\\/site\\\/wp-content\\\/uploads\\\/2022\\\/10\\\/Sem-Titulo-150x150.jpg\",\"caption\":\"Cesar Lopes\"},\"url\":\"https:\\\/\\\/www.altominho.tv\\\/site\\\/author\\\/cesarlopes\\\/\"}]}<\/script>\n<!-- \/ Yoast SEO Premium plugin. -->","yoast_head_json":{"title":"\"O nosso segredo? \u00c9 acreditar no projeto e dar tudo\"","description":"\u201cN\u00e3o haver\u00e1 melhor forma de entrar em 2023.\u201d A garantia \u00e9 dada por Nuno Pacheco, vocalista e fundador do Grupo Kalhambeke, que a 31 de dezembro vai abrilhantar a passagem de ano em Paredes de Coura, a partir das 23h00, no Largo Hintze Ribeiro.","robots":{"index":"index","follow":"follow","max-snippet":"max-snippet:-1","max-image-preview":"max-image-preview:large","max-video-preview":"max-video-preview:-1"},"canonical":"https:\/\/www.altominho.tv\/site\/2022\/12\/27\/o-nosso-segredo-e-acreditar-no-projeto-e-dar-tudo\/","og_locale":"pt_PT","og_type":"article","og_title":"\"O nosso segredo? \u00c9 acreditar no projeto e dar tudo\"","og_description":"\u201cN\u00e3o haver\u00e1 melhor forma de entrar em 2023.\u201d A garantia \u00e9 dada por Nuno Pacheco, vocalista e fundador do Grupo Kalhambeke, que a 31 de dezembro vai abrilhantar a passagem de ano em Paredes de Coura, a partir das 23h00, no Largo Hintze Ribeiro.","og_url":"https:\/\/www.altominho.tv\/site\/2022\/12\/27\/o-nosso-segredo-e-acreditar-no-projeto-e-dar-tudo\/","og_site_name":"Altominho.tv","article_publisher":"https:\/\/www.facebook.com\/altominhotv","article_published_time":"2022-12-27T17:04:22+00:00","article_modified_time":"2022-12-27T17:04:40+00:00","og_image":[{"width":2016,"height":1110,"url":"https:\/\/www.altominho.tv\/site\/wp-content\/uploads\/2022\/12\/kalhambeke.jpg","type":"image\/jpeg"}],"author":"Cesar Lopes","twitter_card":"summary_large_image","twitter_creator":"@altominhoTV","twitter_site":"@altominhoTV","twitter_misc":{"Escrito por":"Cesar Lopes","Tempo estimado de leitura":"3 minutos"},"schema":{"@context":"https:\/\/schema.org","@graph":[{"@type":"Article","@id":"https:\/\/www.altominho.tv\/site\/2022\/12\/27\/o-nosso-segredo-e-acreditar-no-projeto-e-dar-tudo\/#article","isPartOf":{"@id":"https:\/\/www.altominho.tv\/site\/2022\/12\/27\/o-nosso-segredo-e-acreditar-no-projeto-e-dar-tudo\/"},"author":{"name":"Cesar Lopes","@id":"https:\/\/www.altominho.tv\/site\/#\/schema\/person\/c5570e5afb933b8d08c43373326ef1b1"},"headline":"&#8220;O nosso segredo? \u00c9 acreditar no projeto e dar tudo&#8221;","datePublished":"2022-12-27T17:04:22+00:00","dateModified":"2022-12-27T17:04:40+00:00","mainEntityOfPage":{"@id":"https:\/\/www.altominho.tv\/site\/2022\/12\/27\/o-nosso-segredo-e-acreditar-no-projeto-e-dar-tudo\/"},"wordCount":285,"image":{"@id":"https:\/\/www.altominho.tv\/site\/2022\/12\/27\/o-nosso-segredo-e-acreditar-no-projeto-e-dar-tudo\/#primaryimage"},"thumbnailUrl":"https:\/\/www.altominho.tv\/site\/wp-content\/uploads\/2022\/12\/kalhambeke.jpg","keywords":["Lazer"],"articleSection":["Paredes de Coura"],"inLanguage":"pt-PT","copyrightYear":"2022","copyrightHolder":{"@id":"https:\/\/www.altominho.tv\/site\/#organization"}},{"@type":"WebPage","@id":"https:\/\/www.altominho.tv\/site\/2022\/12\/27\/o-nosso-segredo-e-acreditar-no-projeto-e-dar-tudo\/","url":"https:\/\/www.altominho.tv\/site\/2022\/12\/27\/o-nosso-segredo-e-acreditar-no-projeto-e-dar-tudo\/","name":"\"O nosso segredo? \u00c9 acreditar no projeto e dar tudo\"","isPartOf":{"@id":"https:\/\/www.altominho.tv\/site\/#website"},"primaryImageOfPage":{"@id":"https:\/\/www.altominho.tv\/site\/2022\/12\/27\/o-nosso-segredo-e-acreditar-no-projeto-e-dar-tudo\/#primaryimage"},"image":{"@id":"https:\/\/www.altominho.tv\/site\/2022\/12\/27\/o-nosso-segredo-e-acreditar-no-projeto-e-dar-tudo\/#primaryimage"},"thumbnailUrl":"https:\/\/www.altominho.tv\/site\/wp-content\/uploads\/2022\/12\/kalhambeke.jpg","datePublished":"2022-12-27T17:04:22+00:00","dateModified":"2022-12-27T17:04:40+00:00","author":{"@id":"https:\/\/www.altominho.tv\/site\/#\/schema\/person\/c5570e5afb933b8d08c43373326ef1b1"},"description":"\u201cN\u00e3o haver\u00e1 melhor forma de entrar em 2023.\u201d A garantia \u00e9 dada por Nuno Pacheco, vocalista e fundador do Grupo Kalhambeke, que a 31 de dezembro vai abrilhantar a passagem de ano em Paredes de Coura, a partir das 23h00, no Largo Hintze Ribeiro.","breadcrumb":{"@id":"https:\/\/www.altominho.tv\/site\/2022\/12\/27\/o-nosso-segredo-e-acreditar-no-projeto-e-dar-tudo\/#breadcrumb"},"inLanguage":"pt-PT","potentialAction":[{"@type":"ReadAction","target":["https:\/\/www.altominho.tv\/site\/2022\/12\/27\/o-nosso-segredo-e-acreditar-no-projeto-e-dar-tudo\/"]}]},{"@type":"ImageObject","inLanguage":"pt-PT","@id":"https:\/\/www.altominho.tv\/site\/2022\/12\/27\/o-nosso-segredo-e-acreditar-no-projeto-e-dar-tudo\/#primaryimage","url":"https:\/\/www.altominho.tv\/site\/wp-content\/uploads\/2022\/12\/kalhambeke.jpg","contentUrl":"https:\/\/www.altominho.tv\/site\/wp-content\/uploads\/2022\/12\/kalhambeke.jpg","width":2016,"height":1110},{"@type":"BreadcrumbList","@id":"https:\/\/www.altominho.tv\/site\/2022\/12\/27\/o-nosso-segredo-e-acreditar-no-projeto-e-dar-tudo\/#breadcrumb","itemListElement":[{"@type":"ListItem","position":1,"name":"In\u00edcio","item":"https:\/\/www.altominho.tv\/site\/"},{"@type":"ListItem","position":2,"name":"&#8220;O nosso segredo? \u00c9 acreditar no projeto e dar tudo&#8221;"}]},{"@type":"WebSite","@id":"https:\/\/www.altominho.tv\/site\/#website","url":"https:\/\/www.altominho.tv\/site\/","name":"Altominho.tv","description":"A sua regi\u00e3o \u00e0 dist\u00e2ncia de um clique...","potentialAction":[{"@type":"SearchAction","target":{"@type":"EntryPoint","urlTemplate":"https:\/\/www.altominho.tv\/site\/?s={search_term_string}"},"query-input":{"@type":"PropertyValueSpecification","valueRequired":true,"valueName":"search_term_string"}}],"inLanguage":"pt-PT"},{"@type":"Person","@id":"https:\/\/www.altominho.tv\/site\/#\/schema\/person\/c5570e5afb933b8d08c43373326ef1b1","name":"Cesar Lopes","image":{"@type":"ImageObject","inLanguage":"pt-PT","@id":"https:\/\/www.altominho.tv\/site\/wp-content\/uploads\/2022\/10\/Sem-Titulo-150x150.jpg","url":"https:\/\/www.altominho.tv\/site\/wp-content\/uploads\/2022\/10\/Sem-Titulo-150x150.jpg","contentUrl":"https:\/\/www.altominho.tv\/site\/wp-content\/uploads\/2022\/10\/Sem-Titulo-150x150.jpg","caption":"Cesar Lopes"},"url":"https:\/\/www.altominho.tv\/site\/author\/cesarlopes\/"}]}},"_links":{"self":[{"href":"https:\/\/www.altominho.tv\/site\/wp-json\/wp\/v2\/posts\/87073","targetHints":{"allow":["GET"]}}],"collection":[{"href":"https:\/\/www.altominho.tv\/site\/wp-json\/wp\/v2\/posts"}],"about":[{"href":"https:\/\/www.altominho.tv\/site\/wp-json\/wp\/v2\/types\/post"}],"author":[{"embeddable":true,"href":"https:\/\/www.altominho.tv\/site\/wp-json\/wp\/v2\/users\/24"}],"replies":[{"embeddable":true,"href":"https:\/\/www.altominho.tv\/site\/wp-json\/wp\/v2\/comments?post=87073"}],"version-history":[{"count":2,"href":"https:\/\/www.altominho.tv\/site\/wp-json\/wp\/v2\/posts\/87073\/revisions"}],"predecessor-version":[{"id":87078,"href":"https:\/\/www.altominho.tv\/site\/wp-json\/wp\/v2\/posts\/87073\/revisions\/87078"}],"wp:featuredmedia":[{"embeddable":true,"href":"https:\/\/www.altominho.tv\/site\/wp-json\/wp\/v2\/media\/87069"}],"wp:attachment":[{"href":"https:\/\/www.altominho.tv\/site\/wp-json\/wp\/v2\/media?parent=87073"}],"wp:term":[{"taxonomy":"category","embeddable":true,"href":"https:\/\/www.altominho.tv\/site\/wp-json\/wp\/v2\/categories?post=87073"},{"taxonomy":"post_tag","embeddable":true,"href":"https:\/\/www.altominho.tv\/site\/wp-json\/wp\/v2\/tags?post=87073"}],"curies":[{"name":"wp","href":"https:\/\/api.w.org\/{rel}","templated":true}]}}