{"id":86919,"date":"2022-12-22T14:32:47","date_gmt":"2022-12-22T14:32:47","guid":{"rendered":"https:\/\/www.altominho.tv\/site\/?p=86919"},"modified":"2022-12-22T14:32:52","modified_gmt":"2022-12-22T14:32:52","slug":"tem-te-nao-caias-o-novo-livro-de-manuel-tinoco","status":"publish","type":"post","link":"https:\/\/www.altominho.tv\/site\/2022\/12\/22\/tem-te-nao-caias-o-novo-livro-de-manuel-tinoco\/","title":{"rendered":"&#8220;Tem-te n\u00e3o caias&#8221;, o novo livro de Manuel Tinoco"},"content":{"rendered":"<p>\u201cTem-te n\u00e3o caias\u201d, o novo livro de Manuel Tinoco, j\u00e1 se encontra \u00e0 venda nas livrarias de Paredes de Coura.<\/p>\n<p>Depois de \u201cVou ali e j\u00e1 venho\u201d, o escritor e jornalista courense surge-nos agora com mais um tanto da sua \u201cescrita desnudada, \u00e0s vezes cuidadosamente desnudada\u201d.<\/p>\n<p>\u201cRessuscitando a sua poesia, o autor remete-nos para os anos de todos os sonhos e relembra-nos como \u00e9 t\u00e9nue a linha que separa a vida da n\u00e3o-vida, mostra-nos a cronologia do amor e do desamor, mantendo, contudo, um sorriso. Um sorriso que parece tro\u00e7ar do futuro\u201d, pode ler-se na contracapa da obra.<\/p>\n<p>Este \u00e9 um regresso \u00e0 edi\u00e7\u00e3o po\u00e9tica, ap\u00f3s a publica\u00e7\u00e3o de alguns poemas em v\u00e1rios volumes de \u201cA Nossa Antologia\u201d, da Associa\u00e7\u00e3o Portuguesa de Poetas, da qual Manuel Tinoco foi membro da Dire\u00e7\u00e3o.<\/p>\n<p>O autor deu ainda \u00e0 estampa parte da sua obra po\u00e9tica em publica\u00e7\u00f5es da especialidade, destacando-se o jornal \u00b4Poetas &amp; Trovadores`.<\/p>\n<p>Manuel Tinoco \u00e9 jornalista desde os 16 anos. Viveu em Lisboa at\u00e9 ao in\u00edcio do mil\u00e9nio, altura em que se mudou para Rubi\u00e3es, Paredes de Coura, onde fundou o &#8220;Not\u00edcias de Coura&#8221;, jornal que ainda dirige. Foi um dos fundadores da Casa Courense em Lisboa e seu vice-presidente.<\/p>\n","protected":false},"excerpt":{"rendered":"<p>\u201cTem-te n\u00e3o caias\u201d, o novo livro de Manuel Tinoco, j\u00e1 se encontra \u00e0 venda nas livrarias de Paredes de Coura. Depois de \u201cVou ali e j\u00e1 venho\u201d, o escritor e jornalista courense surge-nos agora com mais um tanto da sua \u201cescrita desnudada, \u00e0s vezes cuidadosamente desnudada\u201d. \u201cRessuscitando a sua poesia, o autor remete-nos para os [&hellip;]<\/p>\n","protected":false},"author":24,"featured_media":86921,"comment_status":"closed","ping_status":"closed","sticky":false,"template":"","format":"standard","meta":{"_exactmetrics_skip_tracking":false,"_exactmetrics_sitenote_active":false,"_exactmetrics_sitenote_note":"","_exactmetrics_sitenote_category":0,"footnotes":""},"categories":[10],"tags":[19],"class_list":["post-86919","post","type-post","status-publish","format-standard","has-post-thumbnail","hentry","category-paredes-de-coura","tag-cultura"],"yoast_head":"<!-- This site is optimized with the Yoast SEO Premium plugin v27.5 (Yoast SEO v27.5) - https:\/\/yoast.com\/product\/yoast-seo-premium-wordpress\/ -->\n<title>&quot;Tem-te n\u00e3o caias&quot;, o novo livro de Manuel Tinoco<\/title>\n<meta name=\"description\" content=\"\u201cTem-te n\u00e3o caias\u201d, o novo livro de Manuel Tinoco, j\u00e1 se encontra \u00e0 venda nas livrarias de Paredes de Coura.\" \/>\n<meta name=\"robots\" content=\"index, follow, max-snippet:-1, max-image-preview:large, max-video-preview:-1\" \/>\n<link rel=\"canonical\" href=\"https:\/\/www.altominho.tv\/site\/2022\/12\/22\/tem-te-nao-caias-o-novo-livro-de-manuel-tinoco\/\" \/>\n<meta property=\"og:locale\" content=\"pt_PT\" \/>\n<meta property=\"og:type\" content=\"article\" \/>\n<meta property=\"og:title\" content=\"&quot;Tem-te n\u00e3o caias&quot;, o novo livro de Manuel Tinoco\" \/>\n<meta property=\"og:description\" content=\"\u201cTem-te n\u00e3o caias\u201d, o novo livro de Manuel Tinoco, j\u00e1 se encontra \u00e0 venda nas livrarias de Paredes de Coura.\" \/>\n<meta property=\"og:url\" content=\"https:\/\/www.altominho.tv\/site\/2022\/12\/22\/tem-te-nao-caias-o-novo-livro-de-manuel-tinoco\/\" \/>\n<meta property=\"og:site_name\" content=\"Altominho.tv\" \/>\n<meta property=\"article:publisher\" content=\"https:\/\/www.facebook.com\/altominhotv\" \/>\n<meta property=\"article:published_time\" content=\"2022-12-22T14:32:47+00:00\" \/>\n<meta property=\"article:modified_time\" content=\"2022-12-22T14:32:52+00:00\" \/>\n<meta property=\"og:image\" content=\"https:\/\/www.altominho.tv\/site\/wp-content\/uploads\/2022\/12\/tinoco.jpg\" \/>\n\t<meta property=\"og:image:width\" content=\"1890\" \/>\n\t<meta property=\"og:image:height\" content=\"1063\" \/>\n\t<meta property=\"og:image:type\" content=\"image\/jpeg\" \/>\n<meta name=\"author\" content=\"Cesar Lopes\" \/>\n<meta name=\"twitter:card\" content=\"summary_large_image\" \/>\n<meta name=\"twitter:creator\" content=\"@altominhoTV\" \/>\n<meta name=\"twitter:site\" content=\"@altominhoTV\" \/>\n<meta name=\"twitter:label1\" content=\"Escrito por\" \/>\n\t<meta name=\"twitter:data1\" content=\"Cesar Lopes\" \/>\n\t<meta name=\"twitter:label2\" content=\"Tempo estimado de leitura\" \/>\n\t<meta name=\"twitter:data2\" content=\"2 minutos\" \/>\n<script type=\"application\/ld+json\" class=\"yoast-schema-graph\">{\"@context\":\"https:\\\/\\\/schema.org\",\"@graph\":[{\"@type\":\"Article\",\"@id\":\"https:\\\/\\\/www.altominho.tv\\\/site\\\/2022\\\/12\\\/22\\\/tem-te-nao-caias-o-novo-livro-de-manuel-tinoco\\\/#article\",\"isPartOf\":{\"@id\":\"https:\\\/\\\/www.altominho.tv\\\/site\\\/2022\\\/12\\\/22\\\/tem-te-nao-caias-o-novo-livro-de-manuel-tinoco\\\/\"},\"author\":{\"name\":\"Cesar Lopes\",\"@id\":\"https:\\\/\\\/www.altominho.tv\\\/site\\\/#\\\/schema\\\/person\\\/c5570e5afb933b8d08c43373326ef1b1\"},\"headline\":\"&#8220;Tem-te n\u00e3o caias&#8221;, o novo livro de Manuel Tinoco\",\"datePublished\":\"2022-12-22T14:32:47+00:00\",\"dateModified\":\"2022-12-22T14:32:52+00:00\",\"mainEntityOfPage\":{\"@id\":\"https:\\\/\\\/www.altominho.tv\\\/site\\\/2022\\\/12\\\/22\\\/tem-te-nao-caias-o-novo-livro-de-manuel-tinoco\\\/\"},\"wordCount\":220,\"image\":{\"@id\":\"https:\\\/\\\/www.altominho.tv\\\/site\\\/2022\\\/12\\\/22\\\/tem-te-nao-caias-o-novo-livro-de-manuel-tinoco\\\/#primaryimage\"},\"thumbnailUrl\":\"https:\\\/\\\/www.altominho.tv\\\/site\\\/wp-content\\\/uploads\\\/2022\\\/12\\\/tinoco.jpg\",\"keywords\":[\"Cultura\"],\"articleSection\":[\"Paredes de Coura\"],\"inLanguage\":\"pt-PT\",\"copyrightYear\":\"2022\",\"copyrightHolder\":{\"@id\":\"https:\\\/\\\/www.altominho.tv\\\/site\\\/#organization\"}},{\"@type\":\"WebPage\",\"@id\":\"https:\\\/\\\/www.altominho.tv\\\/site\\\/2022\\\/12\\\/22\\\/tem-te-nao-caias-o-novo-livro-de-manuel-tinoco\\\/\",\"url\":\"https:\\\/\\\/www.altominho.tv\\\/site\\\/2022\\\/12\\\/22\\\/tem-te-nao-caias-o-novo-livro-de-manuel-tinoco\\\/\",\"name\":\"\\\"Tem-te n\u00e3o caias\\\", o novo livro de Manuel Tinoco\",\"isPartOf\":{\"@id\":\"https:\\\/\\\/www.altominho.tv\\\/site\\\/#website\"},\"primaryImageOfPage\":{\"@id\":\"https:\\\/\\\/www.altominho.tv\\\/site\\\/2022\\\/12\\\/22\\\/tem-te-nao-caias-o-novo-livro-de-manuel-tinoco\\\/#primaryimage\"},\"image\":{\"@id\":\"https:\\\/\\\/www.altominho.tv\\\/site\\\/2022\\\/12\\\/22\\\/tem-te-nao-caias-o-novo-livro-de-manuel-tinoco\\\/#primaryimage\"},\"thumbnailUrl\":\"https:\\\/\\\/www.altominho.tv\\\/site\\\/wp-content\\\/uploads\\\/2022\\\/12\\\/tinoco.jpg\",\"datePublished\":\"2022-12-22T14:32:47+00:00\",\"dateModified\":\"2022-12-22T14:32:52+00:00\",\"author\":{\"@id\":\"https:\\\/\\\/www.altominho.tv\\\/site\\\/#\\\/schema\\\/person\\\/c5570e5afb933b8d08c43373326ef1b1\"},\"description\":\"\u201cTem-te n\u00e3o caias\u201d, o novo livro de Manuel Tinoco, j\u00e1 se encontra \u00e0 venda nas livrarias de Paredes de Coura.\",\"breadcrumb\":{\"@id\":\"https:\\\/\\\/www.altominho.tv\\\/site\\\/2022\\\/12\\\/22\\\/tem-te-nao-caias-o-novo-livro-de-manuel-tinoco\\\/#breadcrumb\"},\"inLanguage\":\"pt-PT\",\"potentialAction\":[{\"@type\":\"ReadAction\",\"target\":[\"https:\\\/\\\/www.altominho.tv\\\/site\\\/2022\\\/12\\\/22\\\/tem-te-nao-caias-o-novo-livro-de-manuel-tinoco\\\/\"]}]},{\"@type\":\"ImageObject\",\"inLanguage\":\"pt-PT\",\"@id\":\"https:\\\/\\\/www.altominho.tv\\\/site\\\/2022\\\/12\\\/22\\\/tem-te-nao-caias-o-novo-livro-de-manuel-tinoco\\\/#primaryimage\",\"url\":\"https:\\\/\\\/www.altominho.tv\\\/site\\\/wp-content\\\/uploads\\\/2022\\\/12\\\/tinoco.jpg\",\"contentUrl\":\"https:\\\/\\\/www.altominho.tv\\\/site\\\/wp-content\\\/uploads\\\/2022\\\/12\\\/tinoco.jpg\",\"width\":1890,\"height\":1063},{\"@type\":\"BreadcrumbList\",\"@id\":\"https:\\\/\\\/www.altominho.tv\\\/site\\\/2022\\\/12\\\/22\\\/tem-te-nao-caias-o-novo-livro-de-manuel-tinoco\\\/#breadcrumb\",\"itemListElement\":[{\"@type\":\"ListItem\",\"position\":1,\"name\":\"In\u00edcio\",\"item\":\"https:\\\/\\\/www.altominho.tv\\\/site\\\/\"},{\"@type\":\"ListItem\",\"position\":2,\"name\":\"&#8220;Tem-te n\u00e3o caias&#8221;, o novo livro de Manuel Tinoco\"}]},{\"@type\":\"WebSite\",\"@id\":\"https:\\\/\\\/www.altominho.tv\\\/site\\\/#website\",\"url\":\"https:\\\/\\\/www.altominho.tv\\\/site\\\/\",\"name\":\"Altominho.tv\",\"description\":\"A sua regi\u00e3o \u00e0 dist\u00e2ncia de um clique...\",\"potentialAction\":[{\"@type\":\"SearchAction\",\"target\":{\"@type\":\"EntryPoint\",\"urlTemplate\":\"https:\\\/\\\/www.altominho.tv\\\/site\\\/?s={search_term_string}\"},\"query-input\":{\"@type\":\"PropertyValueSpecification\",\"valueRequired\":true,\"valueName\":\"search_term_string\"}}],\"inLanguage\":\"pt-PT\"},{\"@type\":\"Person\",\"@id\":\"https:\\\/\\\/www.altominho.tv\\\/site\\\/#\\\/schema\\\/person\\\/c5570e5afb933b8d08c43373326ef1b1\",\"name\":\"Cesar Lopes\",\"image\":{\"@type\":\"ImageObject\",\"inLanguage\":\"pt-PT\",\"@id\":\"https:\\\/\\\/www.altominho.tv\\\/site\\\/wp-content\\\/uploads\\\/2022\\\/10\\\/Sem-Titulo-150x150.jpg\",\"url\":\"https:\\\/\\\/www.altominho.tv\\\/site\\\/wp-content\\\/uploads\\\/2022\\\/10\\\/Sem-Titulo-150x150.jpg\",\"contentUrl\":\"https:\\\/\\\/www.altominho.tv\\\/site\\\/wp-content\\\/uploads\\\/2022\\\/10\\\/Sem-Titulo-150x150.jpg\",\"caption\":\"Cesar Lopes\"},\"url\":\"https:\\\/\\\/www.altominho.tv\\\/site\\\/author\\\/cesarlopes\\\/\"}]}<\/script>\n<!-- \/ Yoast SEO Premium plugin. -->","yoast_head_json":{"title":"\"Tem-te n\u00e3o caias\", o novo livro de Manuel Tinoco","description":"\u201cTem-te n\u00e3o caias\u201d, o novo livro de Manuel Tinoco, j\u00e1 se encontra \u00e0 venda nas livrarias de Paredes de Coura.","robots":{"index":"index","follow":"follow","max-snippet":"max-snippet:-1","max-image-preview":"max-image-preview:large","max-video-preview":"max-video-preview:-1"},"canonical":"https:\/\/www.altominho.tv\/site\/2022\/12\/22\/tem-te-nao-caias-o-novo-livro-de-manuel-tinoco\/","og_locale":"pt_PT","og_type":"article","og_title":"\"Tem-te n\u00e3o caias\", o novo livro de Manuel Tinoco","og_description":"\u201cTem-te n\u00e3o caias\u201d, o novo livro de Manuel Tinoco, j\u00e1 se encontra \u00e0 venda nas livrarias de Paredes de Coura.","og_url":"https:\/\/www.altominho.tv\/site\/2022\/12\/22\/tem-te-nao-caias-o-novo-livro-de-manuel-tinoco\/","og_site_name":"Altominho.tv","article_publisher":"https:\/\/www.facebook.com\/altominhotv","article_published_time":"2022-12-22T14:32:47+00:00","article_modified_time":"2022-12-22T14:32:52+00:00","og_image":[{"width":1890,"height":1063,"url":"https:\/\/www.altominho.tv\/site\/wp-content\/uploads\/2022\/12\/tinoco.jpg","type":"image\/jpeg"}],"author":"Cesar Lopes","twitter_card":"summary_large_image","twitter_creator":"@altominhoTV","twitter_site":"@altominhoTV","twitter_misc":{"Escrito por":"Cesar Lopes","Tempo estimado de leitura":"2 minutos"},"schema":{"@context":"https:\/\/schema.org","@graph":[{"@type":"Article","@id":"https:\/\/www.altominho.tv\/site\/2022\/12\/22\/tem-te-nao-caias-o-novo-livro-de-manuel-tinoco\/#article","isPartOf":{"@id":"https:\/\/www.altominho.tv\/site\/2022\/12\/22\/tem-te-nao-caias-o-novo-livro-de-manuel-tinoco\/"},"author":{"name":"Cesar Lopes","@id":"https:\/\/www.altominho.tv\/site\/#\/schema\/person\/c5570e5afb933b8d08c43373326ef1b1"},"headline":"&#8220;Tem-te n\u00e3o caias&#8221;, o novo livro de Manuel Tinoco","datePublished":"2022-12-22T14:32:47+00:00","dateModified":"2022-12-22T14:32:52+00:00","mainEntityOfPage":{"@id":"https:\/\/www.altominho.tv\/site\/2022\/12\/22\/tem-te-nao-caias-o-novo-livro-de-manuel-tinoco\/"},"wordCount":220,"image":{"@id":"https:\/\/www.altominho.tv\/site\/2022\/12\/22\/tem-te-nao-caias-o-novo-livro-de-manuel-tinoco\/#primaryimage"},"thumbnailUrl":"https:\/\/www.altominho.tv\/site\/wp-content\/uploads\/2022\/12\/tinoco.jpg","keywords":["Cultura"],"articleSection":["Paredes de Coura"],"inLanguage":"pt-PT","copyrightYear":"2022","copyrightHolder":{"@id":"https:\/\/www.altominho.tv\/site\/#organization"}},{"@type":"WebPage","@id":"https:\/\/www.altominho.tv\/site\/2022\/12\/22\/tem-te-nao-caias-o-novo-livro-de-manuel-tinoco\/","url":"https:\/\/www.altominho.tv\/site\/2022\/12\/22\/tem-te-nao-caias-o-novo-livro-de-manuel-tinoco\/","name":"\"Tem-te n\u00e3o caias\", o novo livro de Manuel Tinoco","isPartOf":{"@id":"https:\/\/www.altominho.tv\/site\/#website"},"primaryImageOfPage":{"@id":"https:\/\/www.altominho.tv\/site\/2022\/12\/22\/tem-te-nao-caias-o-novo-livro-de-manuel-tinoco\/#primaryimage"},"image":{"@id":"https:\/\/www.altominho.tv\/site\/2022\/12\/22\/tem-te-nao-caias-o-novo-livro-de-manuel-tinoco\/#primaryimage"},"thumbnailUrl":"https:\/\/www.altominho.tv\/site\/wp-content\/uploads\/2022\/12\/tinoco.jpg","datePublished":"2022-12-22T14:32:47+00:00","dateModified":"2022-12-22T14:32:52+00:00","author":{"@id":"https:\/\/www.altominho.tv\/site\/#\/schema\/person\/c5570e5afb933b8d08c43373326ef1b1"},"description":"\u201cTem-te n\u00e3o caias\u201d, o novo livro de Manuel Tinoco, j\u00e1 se encontra \u00e0 venda nas livrarias de Paredes de Coura.","breadcrumb":{"@id":"https:\/\/www.altominho.tv\/site\/2022\/12\/22\/tem-te-nao-caias-o-novo-livro-de-manuel-tinoco\/#breadcrumb"},"inLanguage":"pt-PT","potentialAction":[{"@type":"ReadAction","target":["https:\/\/www.altominho.tv\/site\/2022\/12\/22\/tem-te-nao-caias-o-novo-livro-de-manuel-tinoco\/"]}]},{"@type":"ImageObject","inLanguage":"pt-PT","@id":"https:\/\/www.altominho.tv\/site\/2022\/12\/22\/tem-te-nao-caias-o-novo-livro-de-manuel-tinoco\/#primaryimage","url":"https:\/\/www.altominho.tv\/site\/wp-content\/uploads\/2022\/12\/tinoco.jpg","contentUrl":"https:\/\/www.altominho.tv\/site\/wp-content\/uploads\/2022\/12\/tinoco.jpg","width":1890,"height":1063},{"@type":"BreadcrumbList","@id":"https:\/\/www.altominho.tv\/site\/2022\/12\/22\/tem-te-nao-caias-o-novo-livro-de-manuel-tinoco\/#breadcrumb","itemListElement":[{"@type":"ListItem","position":1,"name":"In\u00edcio","item":"https:\/\/www.altominho.tv\/site\/"},{"@type":"ListItem","position":2,"name":"&#8220;Tem-te n\u00e3o caias&#8221;, o novo livro de Manuel Tinoco"}]},{"@type":"WebSite","@id":"https:\/\/www.altominho.tv\/site\/#website","url":"https:\/\/www.altominho.tv\/site\/","name":"Altominho.tv","description":"A sua regi\u00e3o \u00e0 dist\u00e2ncia de um clique...","potentialAction":[{"@type":"SearchAction","target":{"@type":"EntryPoint","urlTemplate":"https:\/\/www.altominho.tv\/site\/?s={search_term_string}"},"query-input":{"@type":"PropertyValueSpecification","valueRequired":true,"valueName":"search_term_string"}}],"inLanguage":"pt-PT"},{"@type":"Person","@id":"https:\/\/www.altominho.tv\/site\/#\/schema\/person\/c5570e5afb933b8d08c43373326ef1b1","name":"Cesar Lopes","image":{"@type":"ImageObject","inLanguage":"pt-PT","@id":"https:\/\/www.altominho.tv\/site\/wp-content\/uploads\/2022\/10\/Sem-Titulo-150x150.jpg","url":"https:\/\/www.altominho.tv\/site\/wp-content\/uploads\/2022\/10\/Sem-Titulo-150x150.jpg","contentUrl":"https:\/\/www.altominho.tv\/site\/wp-content\/uploads\/2022\/10\/Sem-Titulo-150x150.jpg","caption":"Cesar Lopes"},"url":"https:\/\/www.altominho.tv\/site\/author\/cesarlopes\/"}]}},"_links":{"self":[{"href":"https:\/\/www.altominho.tv\/site\/wp-json\/wp\/v2\/posts\/86919","targetHints":{"allow":["GET"]}}],"collection":[{"href":"https:\/\/www.altominho.tv\/site\/wp-json\/wp\/v2\/posts"}],"about":[{"href":"https:\/\/www.altominho.tv\/site\/wp-json\/wp\/v2\/types\/post"}],"author":[{"embeddable":true,"href":"https:\/\/www.altominho.tv\/site\/wp-json\/wp\/v2\/users\/24"}],"replies":[{"embeddable":true,"href":"https:\/\/www.altominho.tv\/site\/wp-json\/wp\/v2\/comments?post=86919"}],"version-history":[{"count":1,"href":"https:\/\/www.altominho.tv\/site\/wp-json\/wp\/v2\/posts\/86919\/revisions"}],"predecessor-version":[{"id":86922,"href":"https:\/\/www.altominho.tv\/site\/wp-json\/wp\/v2\/posts\/86919\/revisions\/86922"}],"wp:featuredmedia":[{"embeddable":true,"href":"https:\/\/www.altominho.tv\/site\/wp-json\/wp\/v2\/media\/86921"}],"wp:attachment":[{"href":"https:\/\/www.altominho.tv\/site\/wp-json\/wp\/v2\/media?parent=86919"}],"wp:term":[{"taxonomy":"category","embeddable":true,"href":"https:\/\/www.altominho.tv\/site\/wp-json\/wp\/v2\/categories?post=86919"},{"taxonomy":"post_tag","embeddable":true,"href":"https:\/\/www.altominho.tv\/site\/wp-json\/wp\/v2\/tags?post=86919"}],"curies":[{"name":"wp","href":"https:\/\/api.w.org\/{rel}","templated":true}]}}