{"id":86905,"date":"2022-12-22T08:43:56","date_gmt":"2022-12-22T08:43:56","guid":{"rendered":"https:\/\/www.altominho.tv\/site\/?p=86905"},"modified":"2022-12-22T08:44:02","modified_gmt":"2022-12-22T08:44:02","slug":"transformar-coura-num-territorio-moderno-e-com-mais-emprego","status":"publish","type":"post","link":"https:\/\/www.altominho.tv\/site\/2022\/12\/22\/transformar-coura-num-territorio-moderno-e-com-mais-emprego\/","title":{"rendered":"&#8220;Transformar Coura num territ\u00f3rio moderno e com mais emprego&#8221;"},"content":{"rendered":"<p>O Plano de Atividades e Or\u00e7amento para 2023, que ronda os 18 milh\u00f5es de euros, foi aprovado ontem pela Assembleia Municipal de Paredes de Coura, com apenas duas absten\u00e7\u00f5es dos deputados municipais do PCP\/PEV.<\/p>\n<p>A capta\u00e7\u00e3o de investimento e cria\u00e7\u00e3o de emprego, a aposta em meios de produ\u00e7\u00e3o na \u00e1rea da biotecnologia e no dom\u00ednio das tecnologias, bem como o enriquecimento do parque habitacional para fixar pessoas s\u00e3o alguns dos eixos em que assenta<\/p>\n<p>\u201cApesar de ser muita a incerteza dos \u00faltimos tempos, isso n\u00e3o impediu que assum\u00edssemos, sem hesita\u00e7\u00f5es e com pioneirismo a\u00e7\u00f5es de capta\u00e7\u00e3o de investimento que poder\u00e3o mudar a estrutura industrial produtiva de Paredes de Coura. A cria\u00e7\u00e3o da fileira biotecnol\u00f3gica industrial permite-nos a diversifica\u00e7\u00e3o dos sectores produtivos, enquanto tornamos poss\u00edvel a cria\u00e7\u00e3o de emprego mais qualificado e a fabrica\u00e7\u00e3o de produtos de elevado valor\u201d, afirmou Vitor Paulo Pereira, presidente da C\u00e2mara de Paredes de Coura, refor\u00e7ando a ideia que est\u00e1 apostado em transformar este concelho \u201cnum territ\u00f3rio moderno, criativo e com mais emprego\u201d.<\/p>\n<p>De acordo com o munic\u00edpio, este novo modelo de desenvolvimento projetado para Paredes de Coura ter\u00e1 j\u00e1 reflexos no in\u00edcio do pr\u00f3ximo ano com a conclus\u00e3o da liga\u00e7\u00e3o \u00e0 A3, bem como a conclus\u00e3o do alargamento e requalifica\u00e7\u00e3o da zona industrial de Formariz. \u201cNum contexto de execu\u00e7\u00e3o mais alargado, destaca-se ainda a constru\u00e7\u00e3o de um novo parque empresarial em Linhares, em fase de projeto, bem como a requalifica\u00e7\u00e3o do parque empresarial de Castanheira, com a constru\u00e7\u00e3o de uma variante entre esta \u00e1rea e a de Formariz\u201d, acrescentou o autarca de Paredes de Coura.<\/p>\n","protected":false},"excerpt":{"rendered":"<p>O Plano de Atividades e Or\u00e7amento para 2023, que ronda os 18 milh\u00f5es de euros, foi aprovado ontem pela Assembleia Municipal de Paredes de Coura, com apenas duas absten\u00e7\u00f5es dos deputados municipais do PCP\/PEV. A capta\u00e7\u00e3o de investimento e cria\u00e7\u00e3o de emprego, a aposta em meios de produ\u00e7\u00e3o na \u00e1rea da biotecnologia e no dom\u00ednio [&hellip;]<\/p>\n","protected":false},"author":24,"featured_media":86906,"comment_status":"closed","ping_status":"closed","sticky":false,"template":"","format":"standard","meta":{"_exactmetrics_skip_tracking":false,"_exactmetrics_sitenote_active":false,"_exactmetrics_sitenote_note":"","_exactmetrics_sitenote_category":0,"footnotes":""},"categories":[10],"tags":[56326],"class_list":["post-86905","post","type-post","status-publish","format-standard","has-post-thumbnail","hentry","category-paredes-de-coura","tag-politica"],"yoast_head":"<!-- This site is optimized with the Yoast SEO Premium plugin v27.5 (Yoast SEO v27.5) - https:\/\/yoast.com\/product\/yoast-seo-premium-wordpress\/ -->\n<title>&quot;Transformar Coura num territ\u00f3rio moderno e com mais emprego&quot;<\/title>\n<meta name=\"description\" content=\"O Plano de Atividades e Or\u00e7amento para 2023, que ronda os 18 milh\u00f5es de euros, foi aprovado ontem pela Assembleia Municipal de Paredes de Coura, com apenas duas absten\u00e7\u00f5es dos deputados municipais do PCP\/PEV\" \/>\n<meta name=\"robots\" content=\"index, follow, max-snippet:-1, max-image-preview:large, max-video-preview:-1\" \/>\n<link rel=\"canonical\" href=\"https:\/\/www.altominho.tv\/site\/2022\/12\/22\/transformar-coura-num-territorio-moderno-e-com-mais-emprego\/\" \/>\n<meta property=\"og:locale\" content=\"pt_PT\" \/>\n<meta property=\"og:type\" content=\"article\" \/>\n<meta property=\"og:title\" content=\"&quot;Transformar Coura num territ\u00f3rio moderno e com mais emprego&quot;\" \/>\n<meta property=\"og:description\" content=\"O Plano de Atividades e Or\u00e7amento para 2023, que ronda os 18 milh\u00f5es de euros, foi aprovado ontem pela Assembleia Municipal de Paredes de Coura, com apenas duas absten\u00e7\u00f5es dos deputados municipais do PCP\/PEV\" \/>\n<meta property=\"og:url\" content=\"https:\/\/www.altominho.tv\/site\/2022\/12\/22\/transformar-coura-num-territorio-moderno-e-com-mais-emprego\/\" \/>\n<meta property=\"og:site_name\" content=\"Altominho.tv\" \/>\n<meta property=\"article:publisher\" content=\"https:\/\/www.facebook.com\/altominhotv\" \/>\n<meta property=\"article:published_time\" content=\"2022-12-22T08:43:56+00:00\" \/>\n<meta property=\"article:modified_time\" content=\"2022-12-22T08:44:02+00:00\" \/>\n<meta property=\"og:image\" content=\"https:\/\/www.altominho.tv\/site\/wp-content\/uploads\/2022\/12\/CAMARA.jpg\" \/>\n\t<meta property=\"og:image:width\" content=\"884\" \/>\n\t<meta property=\"og:image:height\" content=\"606\" \/>\n\t<meta property=\"og:image:type\" content=\"image\/jpeg\" \/>\n<meta name=\"author\" content=\"Cesar Lopes\" \/>\n<meta name=\"twitter:card\" content=\"summary_large_image\" \/>\n<meta name=\"twitter:creator\" content=\"@altominhoTV\" \/>\n<meta name=\"twitter:site\" content=\"@altominhoTV\" \/>\n<meta name=\"twitter:label1\" content=\"Escrito por\" \/>\n\t<meta name=\"twitter:data1\" content=\"Cesar Lopes\" \/>\n\t<meta name=\"twitter:label2\" content=\"Tempo estimado de leitura\" \/>\n\t<meta name=\"twitter:data2\" content=\"2 minutos\" \/>\n<script type=\"application\/ld+json\" class=\"yoast-schema-graph\">{\"@context\":\"https:\\\/\\\/schema.org\",\"@graph\":[{\"@type\":\"Article\",\"@id\":\"https:\\\/\\\/www.altominho.tv\\\/site\\\/2022\\\/12\\\/22\\\/transformar-coura-num-territorio-moderno-e-com-mais-emprego\\\/#article\",\"isPartOf\":{\"@id\":\"https:\\\/\\\/www.altominho.tv\\\/site\\\/2022\\\/12\\\/22\\\/transformar-coura-num-territorio-moderno-e-com-mais-emprego\\\/\"},\"author\":{\"name\":\"Cesar Lopes\",\"@id\":\"https:\\\/\\\/www.altominho.tv\\\/site\\\/#\\\/schema\\\/person\\\/c5570e5afb933b8d08c43373326ef1b1\"},\"headline\":\"&#8220;Transformar Coura num territ\u00f3rio moderno e com mais emprego&#8221;\",\"datePublished\":\"2022-12-22T08:43:56+00:00\",\"dateModified\":\"2022-12-22T08:44:02+00:00\",\"mainEntityOfPage\":{\"@id\":\"https:\\\/\\\/www.altominho.tv\\\/site\\\/2022\\\/12\\\/22\\\/transformar-coura-num-territorio-moderno-e-com-mais-emprego\\\/\"},\"wordCount\":302,\"image\":{\"@id\":\"https:\\\/\\\/www.altominho.tv\\\/site\\\/2022\\\/12\\\/22\\\/transformar-coura-num-territorio-moderno-e-com-mais-emprego\\\/#primaryimage\"},\"thumbnailUrl\":\"https:\\\/\\\/www.altominho.tv\\\/site\\\/wp-content\\\/uploads\\\/2022\\\/12\\\/CAMARA.jpg\",\"keywords\":[\"Pol\u00edtica\"],\"articleSection\":[\"Paredes de Coura\"],\"inLanguage\":\"pt-PT\",\"copyrightYear\":\"2022\",\"copyrightHolder\":{\"@id\":\"https:\\\/\\\/www.altominho.tv\\\/site\\\/#organization\"}},{\"@type\":\"WebPage\",\"@id\":\"https:\\\/\\\/www.altominho.tv\\\/site\\\/2022\\\/12\\\/22\\\/transformar-coura-num-territorio-moderno-e-com-mais-emprego\\\/\",\"url\":\"https:\\\/\\\/www.altominho.tv\\\/site\\\/2022\\\/12\\\/22\\\/transformar-coura-num-territorio-moderno-e-com-mais-emprego\\\/\",\"name\":\"\\\"Transformar Coura num territ\u00f3rio moderno e com mais emprego\\\"\",\"isPartOf\":{\"@id\":\"https:\\\/\\\/www.altominho.tv\\\/site\\\/#website\"},\"primaryImageOfPage\":{\"@id\":\"https:\\\/\\\/www.altominho.tv\\\/site\\\/2022\\\/12\\\/22\\\/transformar-coura-num-territorio-moderno-e-com-mais-emprego\\\/#primaryimage\"},\"image\":{\"@id\":\"https:\\\/\\\/www.altominho.tv\\\/site\\\/2022\\\/12\\\/22\\\/transformar-coura-num-territorio-moderno-e-com-mais-emprego\\\/#primaryimage\"},\"thumbnailUrl\":\"https:\\\/\\\/www.altominho.tv\\\/site\\\/wp-content\\\/uploads\\\/2022\\\/12\\\/CAMARA.jpg\",\"datePublished\":\"2022-12-22T08:43:56+00:00\",\"dateModified\":\"2022-12-22T08:44:02+00:00\",\"author\":{\"@id\":\"https:\\\/\\\/www.altominho.tv\\\/site\\\/#\\\/schema\\\/person\\\/c5570e5afb933b8d08c43373326ef1b1\"},\"description\":\"O Plano de Atividades e Or\u00e7amento para 2023, que ronda os 18 milh\u00f5es de euros, foi aprovado ontem pela Assembleia Municipal de Paredes de Coura, com apenas duas absten\u00e7\u00f5es dos deputados municipais do PCP\\\/PEV\",\"breadcrumb\":{\"@id\":\"https:\\\/\\\/www.altominho.tv\\\/site\\\/2022\\\/12\\\/22\\\/transformar-coura-num-territorio-moderno-e-com-mais-emprego\\\/#breadcrumb\"},\"inLanguage\":\"pt-PT\",\"potentialAction\":[{\"@type\":\"ReadAction\",\"target\":[\"https:\\\/\\\/www.altominho.tv\\\/site\\\/2022\\\/12\\\/22\\\/transformar-coura-num-territorio-moderno-e-com-mais-emprego\\\/\"]}]},{\"@type\":\"ImageObject\",\"inLanguage\":\"pt-PT\",\"@id\":\"https:\\\/\\\/www.altominho.tv\\\/site\\\/2022\\\/12\\\/22\\\/transformar-coura-num-territorio-moderno-e-com-mais-emprego\\\/#primaryimage\",\"url\":\"https:\\\/\\\/www.altominho.tv\\\/site\\\/wp-content\\\/uploads\\\/2022\\\/12\\\/CAMARA.jpg\",\"contentUrl\":\"https:\\\/\\\/www.altominho.tv\\\/site\\\/wp-content\\\/uploads\\\/2022\\\/12\\\/CAMARA.jpg\",\"width\":884,\"height\":606},{\"@type\":\"BreadcrumbList\",\"@id\":\"https:\\\/\\\/www.altominho.tv\\\/site\\\/2022\\\/12\\\/22\\\/transformar-coura-num-territorio-moderno-e-com-mais-emprego\\\/#breadcrumb\",\"itemListElement\":[{\"@type\":\"ListItem\",\"position\":1,\"name\":\"In\u00edcio\",\"item\":\"https:\\\/\\\/www.altominho.tv\\\/site\\\/\"},{\"@type\":\"ListItem\",\"position\":2,\"name\":\"&#8220;Transformar Coura num territ\u00f3rio moderno e com mais emprego&#8221;\"}]},{\"@type\":\"WebSite\",\"@id\":\"https:\\\/\\\/www.altominho.tv\\\/site\\\/#website\",\"url\":\"https:\\\/\\\/www.altominho.tv\\\/site\\\/\",\"name\":\"Altominho.tv\",\"description\":\"A sua regi\u00e3o \u00e0 dist\u00e2ncia de um clique...\",\"potentialAction\":[{\"@type\":\"SearchAction\",\"target\":{\"@type\":\"EntryPoint\",\"urlTemplate\":\"https:\\\/\\\/www.altominho.tv\\\/site\\\/?s={search_term_string}\"},\"query-input\":{\"@type\":\"PropertyValueSpecification\",\"valueRequired\":true,\"valueName\":\"search_term_string\"}}],\"inLanguage\":\"pt-PT\"},{\"@type\":\"Person\",\"@id\":\"https:\\\/\\\/www.altominho.tv\\\/site\\\/#\\\/schema\\\/person\\\/c5570e5afb933b8d08c43373326ef1b1\",\"name\":\"Cesar Lopes\",\"image\":{\"@type\":\"ImageObject\",\"inLanguage\":\"pt-PT\",\"@id\":\"https:\\\/\\\/www.altominho.tv\\\/site\\\/wp-content\\\/uploads\\\/2022\\\/10\\\/Sem-Titulo-150x150.jpg\",\"url\":\"https:\\\/\\\/www.altominho.tv\\\/site\\\/wp-content\\\/uploads\\\/2022\\\/10\\\/Sem-Titulo-150x150.jpg\",\"contentUrl\":\"https:\\\/\\\/www.altominho.tv\\\/site\\\/wp-content\\\/uploads\\\/2022\\\/10\\\/Sem-Titulo-150x150.jpg\",\"caption\":\"Cesar Lopes\"},\"url\":\"https:\\\/\\\/www.altominho.tv\\\/site\\\/author\\\/cesarlopes\\\/\"}]}<\/script>\n<!-- \/ Yoast SEO Premium plugin. -->","yoast_head_json":{"title":"\"Transformar Coura num territ\u00f3rio moderno e com mais emprego\"","description":"O Plano de Atividades e Or\u00e7amento para 2023, que ronda os 18 milh\u00f5es de euros, foi aprovado ontem pela Assembleia Municipal de Paredes de Coura, com apenas duas absten\u00e7\u00f5es dos deputados municipais do PCP\/PEV","robots":{"index":"index","follow":"follow","max-snippet":"max-snippet:-1","max-image-preview":"max-image-preview:large","max-video-preview":"max-video-preview:-1"},"canonical":"https:\/\/www.altominho.tv\/site\/2022\/12\/22\/transformar-coura-num-territorio-moderno-e-com-mais-emprego\/","og_locale":"pt_PT","og_type":"article","og_title":"\"Transformar Coura num territ\u00f3rio moderno e com mais emprego\"","og_description":"O Plano de Atividades e Or\u00e7amento para 2023, que ronda os 18 milh\u00f5es de euros, foi aprovado ontem pela Assembleia Municipal de Paredes de Coura, com apenas duas absten\u00e7\u00f5es dos deputados municipais do PCP\/PEV","og_url":"https:\/\/www.altominho.tv\/site\/2022\/12\/22\/transformar-coura-num-territorio-moderno-e-com-mais-emprego\/","og_site_name":"Altominho.tv","article_publisher":"https:\/\/www.facebook.com\/altominhotv","article_published_time":"2022-12-22T08:43:56+00:00","article_modified_time":"2022-12-22T08:44:02+00:00","og_image":[{"width":884,"height":606,"url":"https:\/\/www.altominho.tv\/site\/wp-content\/uploads\/2022\/12\/CAMARA.jpg","type":"image\/jpeg"}],"author":"Cesar Lopes","twitter_card":"summary_large_image","twitter_creator":"@altominhoTV","twitter_site":"@altominhoTV","twitter_misc":{"Escrito por":"Cesar Lopes","Tempo estimado de leitura":"2 minutos"},"schema":{"@context":"https:\/\/schema.org","@graph":[{"@type":"Article","@id":"https:\/\/www.altominho.tv\/site\/2022\/12\/22\/transformar-coura-num-territorio-moderno-e-com-mais-emprego\/#article","isPartOf":{"@id":"https:\/\/www.altominho.tv\/site\/2022\/12\/22\/transformar-coura-num-territorio-moderno-e-com-mais-emprego\/"},"author":{"name":"Cesar Lopes","@id":"https:\/\/www.altominho.tv\/site\/#\/schema\/person\/c5570e5afb933b8d08c43373326ef1b1"},"headline":"&#8220;Transformar Coura num territ\u00f3rio moderno e com mais emprego&#8221;","datePublished":"2022-12-22T08:43:56+00:00","dateModified":"2022-12-22T08:44:02+00:00","mainEntityOfPage":{"@id":"https:\/\/www.altominho.tv\/site\/2022\/12\/22\/transformar-coura-num-territorio-moderno-e-com-mais-emprego\/"},"wordCount":302,"image":{"@id":"https:\/\/www.altominho.tv\/site\/2022\/12\/22\/transformar-coura-num-territorio-moderno-e-com-mais-emprego\/#primaryimage"},"thumbnailUrl":"https:\/\/www.altominho.tv\/site\/wp-content\/uploads\/2022\/12\/CAMARA.jpg","keywords":["Pol\u00edtica"],"articleSection":["Paredes de Coura"],"inLanguage":"pt-PT","copyrightYear":"2022","copyrightHolder":{"@id":"https:\/\/www.altominho.tv\/site\/#organization"}},{"@type":"WebPage","@id":"https:\/\/www.altominho.tv\/site\/2022\/12\/22\/transformar-coura-num-territorio-moderno-e-com-mais-emprego\/","url":"https:\/\/www.altominho.tv\/site\/2022\/12\/22\/transformar-coura-num-territorio-moderno-e-com-mais-emprego\/","name":"\"Transformar Coura num territ\u00f3rio moderno e com mais emprego\"","isPartOf":{"@id":"https:\/\/www.altominho.tv\/site\/#website"},"primaryImageOfPage":{"@id":"https:\/\/www.altominho.tv\/site\/2022\/12\/22\/transformar-coura-num-territorio-moderno-e-com-mais-emprego\/#primaryimage"},"image":{"@id":"https:\/\/www.altominho.tv\/site\/2022\/12\/22\/transformar-coura-num-territorio-moderno-e-com-mais-emprego\/#primaryimage"},"thumbnailUrl":"https:\/\/www.altominho.tv\/site\/wp-content\/uploads\/2022\/12\/CAMARA.jpg","datePublished":"2022-12-22T08:43:56+00:00","dateModified":"2022-12-22T08:44:02+00:00","author":{"@id":"https:\/\/www.altominho.tv\/site\/#\/schema\/person\/c5570e5afb933b8d08c43373326ef1b1"},"description":"O Plano de Atividades e Or\u00e7amento para 2023, que ronda os 18 milh\u00f5es de euros, foi aprovado ontem pela Assembleia Municipal de Paredes de Coura, com apenas duas absten\u00e7\u00f5es dos deputados municipais do PCP\/PEV","breadcrumb":{"@id":"https:\/\/www.altominho.tv\/site\/2022\/12\/22\/transformar-coura-num-territorio-moderno-e-com-mais-emprego\/#breadcrumb"},"inLanguage":"pt-PT","potentialAction":[{"@type":"ReadAction","target":["https:\/\/www.altominho.tv\/site\/2022\/12\/22\/transformar-coura-num-territorio-moderno-e-com-mais-emprego\/"]}]},{"@type":"ImageObject","inLanguage":"pt-PT","@id":"https:\/\/www.altominho.tv\/site\/2022\/12\/22\/transformar-coura-num-territorio-moderno-e-com-mais-emprego\/#primaryimage","url":"https:\/\/www.altominho.tv\/site\/wp-content\/uploads\/2022\/12\/CAMARA.jpg","contentUrl":"https:\/\/www.altominho.tv\/site\/wp-content\/uploads\/2022\/12\/CAMARA.jpg","width":884,"height":606},{"@type":"BreadcrumbList","@id":"https:\/\/www.altominho.tv\/site\/2022\/12\/22\/transformar-coura-num-territorio-moderno-e-com-mais-emprego\/#breadcrumb","itemListElement":[{"@type":"ListItem","position":1,"name":"In\u00edcio","item":"https:\/\/www.altominho.tv\/site\/"},{"@type":"ListItem","position":2,"name":"&#8220;Transformar Coura num territ\u00f3rio moderno e com mais emprego&#8221;"}]},{"@type":"WebSite","@id":"https:\/\/www.altominho.tv\/site\/#website","url":"https:\/\/www.altominho.tv\/site\/","name":"Altominho.tv","description":"A sua regi\u00e3o \u00e0 dist\u00e2ncia de um clique...","potentialAction":[{"@type":"SearchAction","target":{"@type":"EntryPoint","urlTemplate":"https:\/\/www.altominho.tv\/site\/?s={search_term_string}"},"query-input":{"@type":"PropertyValueSpecification","valueRequired":true,"valueName":"search_term_string"}}],"inLanguage":"pt-PT"},{"@type":"Person","@id":"https:\/\/www.altominho.tv\/site\/#\/schema\/person\/c5570e5afb933b8d08c43373326ef1b1","name":"Cesar Lopes","image":{"@type":"ImageObject","inLanguage":"pt-PT","@id":"https:\/\/www.altominho.tv\/site\/wp-content\/uploads\/2022\/10\/Sem-Titulo-150x150.jpg","url":"https:\/\/www.altominho.tv\/site\/wp-content\/uploads\/2022\/10\/Sem-Titulo-150x150.jpg","contentUrl":"https:\/\/www.altominho.tv\/site\/wp-content\/uploads\/2022\/10\/Sem-Titulo-150x150.jpg","caption":"Cesar Lopes"},"url":"https:\/\/www.altominho.tv\/site\/author\/cesarlopes\/"}]}},"_links":{"self":[{"href":"https:\/\/www.altominho.tv\/site\/wp-json\/wp\/v2\/posts\/86905","targetHints":{"allow":["GET"]}}],"collection":[{"href":"https:\/\/www.altominho.tv\/site\/wp-json\/wp\/v2\/posts"}],"about":[{"href":"https:\/\/www.altominho.tv\/site\/wp-json\/wp\/v2\/types\/post"}],"author":[{"embeddable":true,"href":"https:\/\/www.altominho.tv\/site\/wp-json\/wp\/v2\/users\/24"}],"replies":[{"embeddable":true,"href":"https:\/\/www.altominho.tv\/site\/wp-json\/wp\/v2\/comments?post=86905"}],"version-history":[{"count":1,"href":"https:\/\/www.altominho.tv\/site\/wp-json\/wp\/v2\/posts\/86905\/revisions"}],"predecessor-version":[{"id":86907,"href":"https:\/\/www.altominho.tv\/site\/wp-json\/wp\/v2\/posts\/86905\/revisions\/86907"}],"wp:featuredmedia":[{"embeddable":true,"href":"https:\/\/www.altominho.tv\/site\/wp-json\/wp\/v2\/media\/86906"}],"wp:attachment":[{"href":"https:\/\/www.altominho.tv\/site\/wp-json\/wp\/v2\/media?parent=86905"}],"wp:term":[{"taxonomy":"category","embeddable":true,"href":"https:\/\/www.altominho.tv\/site\/wp-json\/wp\/v2\/categories?post=86905"},{"taxonomy":"post_tag","embeddable":true,"href":"https:\/\/www.altominho.tv\/site\/wp-json\/wp\/v2\/tags?post=86905"}],"curies":[{"name":"wp","href":"https:\/\/api.w.org\/{rel}","templated":true}]}}