{"id":8689,"date":"2018-01-24T11:27:44","date_gmt":"2018-01-24T11:27:44","guid":{"rendered":"http:\/\/www.altominho.tv\/site\/?p=8689"},"modified":"2018-01-24T11:27:44","modified_gmt":"2018-01-24T11:27:44","slug":"que-a-tua-lembranca-seja-amor-a-historia-de-ovadia-baruch-na-casa-da-cultura","status":"publish","type":"post","link":"https:\/\/www.altominho.tv\/site\/2018\/01\/24\/que-a-tua-lembranca-seja-amor-a-historia-de-ovadia-baruch-na-casa-da-cultura\/","title":{"rendered":"Que a tua lembran\u00e7a seja amor &#8211; A hist\u00f3ria de Ovadia Baruch na Casa da Cultura"},"content":{"rendered":"<p>O Munic\u00edpio de Ponte da Barca vai assinalar o Dia Internacional em Mem\u00f3ria das V\u00edtimas do Holocausto, a 27 de janeiro, promovendo a reflex\u00e3o sobre um dos acontecimentos mais marcantes do s\u00e9culo XX.<\/p>\n<p>O Holocausto no contexto da Segunda Guerra Mundial, vai ser recordado com a exibi\u00e7\u00e3o do document\u00e1rio &#8220;Que a tua lembran\u00e7a seja amor&#8221; &#8211; A Hist\u00f3ria de Ovadia Baruch, uma extraordin\u00e1ria e comovente hist\u00f3ria de amor em Auschwitz.<\/p>\n<p>Em Mar\u00e7o de 1943, Ovadia Baruch, foi deportado juntamente com a sua fam\u00edlia, de Salonica para Auschwitz-Birkenau. Enquanto prisioneiro, Ovadia conheceu Aliza Tzarfati, uma jovem judia da sua terra natal e apesar das condi\u00e7\u00f5es desumanas, nasceu entre ambos uma hist\u00f3ria de amor.<\/p>\n<p>No filme, Ovadia conta-nos o antes, o durante e o depois do Holocausto, numa hist\u00f3ria filmada nos locais onde tudo se passou.<\/p>\n<p>O filme estar\u00e1 em exibi\u00e7\u00e3o na Casa da Cultura de Ponte da Barca, \u00e0s 21h30.<\/p>\n","protected":false},"excerpt":{"rendered":"<p>O Munic\u00edpio de Ponte da Barca vai assinalar o Dia Internacional em Mem\u00f3ria das V\u00edtimas do Holocausto, a 27 de janeiro, promovendo a reflex\u00e3o sobre um dos acontecimentos mais marcantes do s\u00e9culo XX. O Holocausto no contexto da Segunda Guerra Mundial, vai ser recordado com a exibi\u00e7\u00e3o do document\u00e1rio &#8220;Que a tua lembran\u00e7a seja amor&#8221; [&hellip;]<\/p>\n","protected":false},"author":7,"featured_media":8690,"comment_status":"closed","ping_status":"closed","sticky":false,"template":"","format":"standard","meta":{"_exactmetrics_skip_tracking":false,"_exactmetrics_sitenote_active":false,"_exactmetrics_sitenote_note":"","_exactmetrics_sitenote_category":0,"footnotes":""},"categories":[11],"tags":[27],"class_list":["post-8689","post","type-post","status-publish","format-standard","has-post-thumbnail","hentry","category-ponte-da-barca","tag-sociedade"],"yoast_head":"<!-- This site is optimized with the Yoast SEO Premium plugin v27.5 (Yoast SEO v27.5) - https:\/\/yoast.com\/product\/yoast-seo-premium-wordpress\/ -->\n<title>Que a tua lembran\u00e7a seja amor - A hist\u00f3ria de Ovadia Baruch na Casa da Cultura<\/title>\n<meta name=\"robots\" content=\"index, follow, max-snippet:-1, max-image-preview:large, max-video-preview:-1\" \/>\n<link rel=\"canonical\" href=\"https:\/\/www.altominho.tv\/site\/2018\/01\/24\/que-a-tua-lembranca-seja-amor-a-historia-de-ovadia-baruch-na-casa-da-cultura\/\" \/>\n<meta property=\"og:locale\" content=\"pt_PT\" \/>\n<meta property=\"og:type\" content=\"article\" \/>\n<meta property=\"og:title\" content=\"Que a tua lembran\u00e7a seja amor - A hist\u00f3ria de Ovadia Baruch na Casa da Cultura\" \/>\n<meta property=\"og:description\" content=\"O Munic\u00edpio de Ponte da Barca vai assinalar o Dia Internacional em Mem\u00f3ria das V\u00edtimas do Holocausto, a 27 de janeiro, promovendo a reflex\u00e3o sobre um dos acontecimentos mais marcantes do s\u00e9culo XX. O Holocausto no contexto da Segunda Guerra Mundial, vai ser recordado com a exibi\u00e7\u00e3o do document\u00e1rio &#8220;Que a tua lembran\u00e7a seja amor&#8221; [&hellip;]\" \/>\n<meta property=\"og:url\" content=\"https:\/\/www.altominho.tv\/site\/2018\/01\/24\/que-a-tua-lembranca-seja-amor-a-historia-de-ovadia-baruch-na-casa-da-cultura\/\" \/>\n<meta property=\"og:site_name\" content=\"Altominho.tv\" \/>\n<meta property=\"article:publisher\" content=\"https:\/\/www.facebook.com\/altominhotv\" \/>\n<meta property=\"article:published_time\" content=\"2018-01-24T11:27:44+00:00\" \/>\n<meta property=\"og:image\" content=\"https:\/\/www.altominho.tv\/site\/wp-content\/uploads\/2018\/01\/barcat.jpg\" \/>\n\t<meta property=\"og:image:width\" content=\"660\" \/>\n\t<meta property=\"og:image:height\" content=\"335\" \/>\n\t<meta property=\"og:image:type\" content=\"image\/jpeg\" \/>\n<meta name=\"author\" content=\"Andreia Cunha\" \/>\n<meta name=\"twitter:card\" content=\"summary_large_image\" \/>\n<meta name=\"twitter:creator\" content=\"@altominhoTV\" \/>\n<meta name=\"twitter:site\" content=\"@altominhoTV\" \/>\n<meta name=\"twitter:label1\" content=\"Escrito por\" \/>\n\t<meta name=\"twitter:data1\" content=\"Andreia Cunha\" \/>\n\t<meta name=\"twitter:label2\" content=\"Tempo estimado de leitura\" \/>\n\t<meta name=\"twitter:data2\" content=\"1 minuto\" \/>\n<script type=\"application\/ld+json\" class=\"yoast-schema-graph\">{\"@context\":\"https:\\\/\\\/schema.org\",\"@graph\":[{\"@type\":\"Article\",\"@id\":\"https:\\\/\\\/www.altominho.tv\\\/site\\\/2018\\\/01\\\/24\\\/que-a-tua-lembranca-seja-amor-a-historia-de-ovadia-baruch-na-casa-da-cultura\\\/#article\",\"isPartOf\":{\"@id\":\"https:\\\/\\\/www.altominho.tv\\\/site\\\/2018\\\/01\\\/24\\\/que-a-tua-lembranca-seja-amor-a-historia-de-ovadia-baruch-na-casa-da-cultura\\\/\"},\"author\":{\"name\":\"Andreia Cunha\",\"@id\":\"https:\\\/\\\/www.altominho.tv\\\/site\\\/#\\\/schema\\\/person\\\/a0e4ef6d041f98ca284393d8f1d97153\"},\"headline\":\"Que a tua lembran\u00e7a seja amor &#8211; A hist\u00f3ria de Ovadia Baruch na Casa da Cultura\",\"datePublished\":\"2018-01-24T11:27:44+00:00\",\"mainEntityOfPage\":{\"@id\":\"https:\\\/\\\/www.altominho.tv\\\/site\\\/2018\\\/01\\\/24\\\/que-a-tua-lembranca-seja-amor-a-historia-de-ovadia-baruch-na-casa-da-cultura\\\/\"},\"wordCount\":182,\"image\":{\"@id\":\"https:\\\/\\\/www.altominho.tv\\\/site\\\/2018\\\/01\\\/24\\\/que-a-tua-lembranca-seja-amor-a-historia-de-ovadia-baruch-na-casa-da-cultura\\\/#primaryimage\"},\"thumbnailUrl\":\"https:\\\/\\\/www.altominho.tv\\\/site\\\/wp-content\\\/uploads\\\/2018\\\/01\\\/barcat.jpg\",\"keywords\":[\"Sociedade\"],\"articleSection\":[\"Ponte da Barca\"],\"inLanguage\":\"pt-PT\",\"copyrightYear\":\"2018\",\"copyrightHolder\":{\"@id\":\"https:\\\/\\\/www.altominho.tv\\\/site\\\/#organization\"}},{\"@type\":\"WebPage\",\"@id\":\"https:\\\/\\\/www.altominho.tv\\\/site\\\/2018\\\/01\\\/24\\\/que-a-tua-lembranca-seja-amor-a-historia-de-ovadia-baruch-na-casa-da-cultura\\\/\",\"url\":\"https:\\\/\\\/www.altominho.tv\\\/site\\\/2018\\\/01\\\/24\\\/que-a-tua-lembranca-seja-amor-a-historia-de-ovadia-baruch-na-casa-da-cultura\\\/\",\"name\":\"Que a tua lembran\u00e7a seja amor - A hist\u00f3ria de Ovadia Baruch na Casa da Cultura\",\"isPartOf\":{\"@id\":\"https:\\\/\\\/www.altominho.tv\\\/site\\\/#website\"},\"primaryImageOfPage\":{\"@id\":\"https:\\\/\\\/www.altominho.tv\\\/site\\\/2018\\\/01\\\/24\\\/que-a-tua-lembranca-seja-amor-a-historia-de-ovadia-baruch-na-casa-da-cultura\\\/#primaryimage\"},\"image\":{\"@id\":\"https:\\\/\\\/www.altominho.tv\\\/site\\\/2018\\\/01\\\/24\\\/que-a-tua-lembranca-seja-amor-a-historia-de-ovadia-baruch-na-casa-da-cultura\\\/#primaryimage\"},\"thumbnailUrl\":\"https:\\\/\\\/www.altominho.tv\\\/site\\\/wp-content\\\/uploads\\\/2018\\\/01\\\/barcat.jpg\",\"datePublished\":\"2018-01-24T11:27:44+00:00\",\"author\":{\"@id\":\"https:\\\/\\\/www.altominho.tv\\\/site\\\/#\\\/schema\\\/person\\\/a0e4ef6d041f98ca284393d8f1d97153\"},\"breadcrumb\":{\"@id\":\"https:\\\/\\\/www.altominho.tv\\\/site\\\/2018\\\/01\\\/24\\\/que-a-tua-lembranca-seja-amor-a-historia-de-ovadia-baruch-na-casa-da-cultura\\\/#breadcrumb\"},\"inLanguage\":\"pt-PT\",\"potentialAction\":[{\"@type\":\"ReadAction\",\"target\":[\"https:\\\/\\\/www.altominho.tv\\\/site\\\/2018\\\/01\\\/24\\\/que-a-tua-lembranca-seja-amor-a-historia-de-ovadia-baruch-na-casa-da-cultura\\\/\"]}]},{\"@type\":\"ImageObject\",\"inLanguage\":\"pt-PT\",\"@id\":\"https:\\\/\\\/www.altominho.tv\\\/site\\\/2018\\\/01\\\/24\\\/que-a-tua-lembranca-seja-amor-a-historia-de-ovadia-baruch-na-casa-da-cultura\\\/#primaryimage\",\"url\":\"https:\\\/\\\/www.altominho.tv\\\/site\\\/wp-content\\\/uploads\\\/2018\\\/01\\\/barcat.jpg\",\"contentUrl\":\"https:\\\/\\\/www.altominho.tv\\\/site\\\/wp-content\\\/uploads\\\/2018\\\/01\\\/barcat.jpg\",\"width\":660,\"height\":335},{\"@type\":\"BreadcrumbList\",\"@id\":\"https:\\\/\\\/www.altominho.tv\\\/site\\\/2018\\\/01\\\/24\\\/que-a-tua-lembranca-seja-amor-a-historia-de-ovadia-baruch-na-casa-da-cultura\\\/#breadcrumb\",\"itemListElement\":[{\"@type\":\"ListItem\",\"position\":1,\"name\":\"In\u00edcio\",\"item\":\"https:\\\/\\\/www.altominho.tv\\\/site\\\/\"},{\"@type\":\"ListItem\",\"position\":2,\"name\":\"Que a tua lembran\u00e7a seja amor &#8211; A hist\u00f3ria de Ovadia Baruch na Casa da Cultura\"}]},{\"@type\":\"WebSite\",\"@id\":\"https:\\\/\\\/www.altominho.tv\\\/site\\\/#website\",\"url\":\"https:\\\/\\\/www.altominho.tv\\\/site\\\/\",\"name\":\"Altominho.tv\",\"description\":\"A sua regi\u00e3o \u00e0 dist\u00e2ncia de um clique...\",\"potentialAction\":[{\"@type\":\"SearchAction\",\"target\":{\"@type\":\"EntryPoint\",\"urlTemplate\":\"https:\\\/\\\/www.altominho.tv\\\/site\\\/?s={search_term_string}\"},\"query-input\":{\"@type\":\"PropertyValueSpecification\",\"valueRequired\":true,\"valueName\":\"search_term_string\"}}],\"inLanguage\":\"pt-PT\"},{\"@type\":\"Person\",\"@id\":\"https:\\\/\\\/www.altominho.tv\\\/site\\\/#\\\/schema\\\/person\\\/a0e4ef6d041f98ca284393d8f1d97153\",\"name\":\"Andreia Cunha\",\"image\":{\"@type\":\"ImageObject\",\"inLanguage\":\"pt-PT\",\"@id\":\"https:\\\/\\\/www.altominho.tv\\\/site\\\/wp-content\\\/uploads\\\/2017\\\/11\\\/Andreia_Cunha-1-150x150.jpg\",\"url\":\"https:\\\/\\\/www.altominho.tv\\\/site\\\/wp-content\\\/uploads\\\/2017\\\/11\\\/Andreia_Cunha-1-150x150.jpg\",\"contentUrl\":\"https:\\\/\\\/www.altominho.tv\\\/site\\\/wp-content\\\/uploads\\\/2017\\\/11\\\/Andreia_Cunha-1-150x150.jpg\",\"caption\":\"Andreia Cunha\"},\"url\":\"https:\\\/\\\/www.altominho.tv\\\/site\\\/author\\\/andreiacunha\\\/\"}]}<\/script>\n<!-- \/ Yoast SEO Premium plugin. -->","yoast_head_json":{"title":"Que a tua lembran\u00e7a seja amor - A hist\u00f3ria de Ovadia Baruch na Casa da Cultura","robots":{"index":"index","follow":"follow","max-snippet":"max-snippet:-1","max-image-preview":"max-image-preview:large","max-video-preview":"max-video-preview:-1"},"canonical":"https:\/\/www.altominho.tv\/site\/2018\/01\/24\/que-a-tua-lembranca-seja-amor-a-historia-de-ovadia-baruch-na-casa-da-cultura\/","og_locale":"pt_PT","og_type":"article","og_title":"Que a tua lembran\u00e7a seja amor - A hist\u00f3ria de Ovadia Baruch na Casa da Cultura","og_description":"O Munic\u00edpio de Ponte da Barca vai assinalar o Dia Internacional em Mem\u00f3ria das V\u00edtimas do Holocausto, a 27 de janeiro, promovendo a reflex\u00e3o sobre um dos acontecimentos mais marcantes do s\u00e9culo XX. O Holocausto no contexto da Segunda Guerra Mundial, vai ser recordado com a exibi\u00e7\u00e3o do document\u00e1rio &#8220;Que a tua lembran\u00e7a seja amor&#8221; [&hellip;]","og_url":"https:\/\/www.altominho.tv\/site\/2018\/01\/24\/que-a-tua-lembranca-seja-amor-a-historia-de-ovadia-baruch-na-casa-da-cultura\/","og_site_name":"Altominho.tv","article_publisher":"https:\/\/www.facebook.com\/altominhotv","article_published_time":"2018-01-24T11:27:44+00:00","og_image":[{"width":660,"height":335,"url":"https:\/\/www.altominho.tv\/site\/wp-content\/uploads\/2018\/01\/barcat.jpg","type":"image\/jpeg"}],"author":"Andreia Cunha","twitter_card":"summary_large_image","twitter_creator":"@altominhoTV","twitter_site":"@altominhoTV","twitter_misc":{"Escrito por":"Andreia Cunha","Tempo estimado de leitura":"1 minuto"},"schema":{"@context":"https:\/\/schema.org","@graph":[{"@type":"Article","@id":"https:\/\/www.altominho.tv\/site\/2018\/01\/24\/que-a-tua-lembranca-seja-amor-a-historia-de-ovadia-baruch-na-casa-da-cultura\/#article","isPartOf":{"@id":"https:\/\/www.altominho.tv\/site\/2018\/01\/24\/que-a-tua-lembranca-seja-amor-a-historia-de-ovadia-baruch-na-casa-da-cultura\/"},"author":{"name":"Andreia Cunha","@id":"https:\/\/www.altominho.tv\/site\/#\/schema\/person\/a0e4ef6d041f98ca284393d8f1d97153"},"headline":"Que a tua lembran\u00e7a seja amor &#8211; A hist\u00f3ria de Ovadia Baruch na Casa da Cultura","datePublished":"2018-01-24T11:27:44+00:00","mainEntityOfPage":{"@id":"https:\/\/www.altominho.tv\/site\/2018\/01\/24\/que-a-tua-lembranca-seja-amor-a-historia-de-ovadia-baruch-na-casa-da-cultura\/"},"wordCount":182,"image":{"@id":"https:\/\/www.altominho.tv\/site\/2018\/01\/24\/que-a-tua-lembranca-seja-amor-a-historia-de-ovadia-baruch-na-casa-da-cultura\/#primaryimage"},"thumbnailUrl":"https:\/\/www.altominho.tv\/site\/wp-content\/uploads\/2018\/01\/barcat.jpg","keywords":["Sociedade"],"articleSection":["Ponte da Barca"],"inLanguage":"pt-PT","copyrightYear":"2018","copyrightHolder":{"@id":"https:\/\/www.altominho.tv\/site\/#organization"}},{"@type":"WebPage","@id":"https:\/\/www.altominho.tv\/site\/2018\/01\/24\/que-a-tua-lembranca-seja-amor-a-historia-de-ovadia-baruch-na-casa-da-cultura\/","url":"https:\/\/www.altominho.tv\/site\/2018\/01\/24\/que-a-tua-lembranca-seja-amor-a-historia-de-ovadia-baruch-na-casa-da-cultura\/","name":"Que a tua lembran\u00e7a seja amor - A hist\u00f3ria de Ovadia Baruch na Casa da Cultura","isPartOf":{"@id":"https:\/\/www.altominho.tv\/site\/#website"},"primaryImageOfPage":{"@id":"https:\/\/www.altominho.tv\/site\/2018\/01\/24\/que-a-tua-lembranca-seja-amor-a-historia-de-ovadia-baruch-na-casa-da-cultura\/#primaryimage"},"image":{"@id":"https:\/\/www.altominho.tv\/site\/2018\/01\/24\/que-a-tua-lembranca-seja-amor-a-historia-de-ovadia-baruch-na-casa-da-cultura\/#primaryimage"},"thumbnailUrl":"https:\/\/www.altominho.tv\/site\/wp-content\/uploads\/2018\/01\/barcat.jpg","datePublished":"2018-01-24T11:27:44+00:00","author":{"@id":"https:\/\/www.altominho.tv\/site\/#\/schema\/person\/a0e4ef6d041f98ca284393d8f1d97153"},"breadcrumb":{"@id":"https:\/\/www.altominho.tv\/site\/2018\/01\/24\/que-a-tua-lembranca-seja-amor-a-historia-de-ovadia-baruch-na-casa-da-cultura\/#breadcrumb"},"inLanguage":"pt-PT","potentialAction":[{"@type":"ReadAction","target":["https:\/\/www.altominho.tv\/site\/2018\/01\/24\/que-a-tua-lembranca-seja-amor-a-historia-de-ovadia-baruch-na-casa-da-cultura\/"]}]},{"@type":"ImageObject","inLanguage":"pt-PT","@id":"https:\/\/www.altominho.tv\/site\/2018\/01\/24\/que-a-tua-lembranca-seja-amor-a-historia-de-ovadia-baruch-na-casa-da-cultura\/#primaryimage","url":"https:\/\/www.altominho.tv\/site\/wp-content\/uploads\/2018\/01\/barcat.jpg","contentUrl":"https:\/\/www.altominho.tv\/site\/wp-content\/uploads\/2018\/01\/barcat.jpg","width":660,"height":335},{"@type":"BreadcrumbList","@id":"https:\/\/www.altominho.tv\/site\/2018\/01\/24\/que-a-tua-lembranca-seja-amor-a-historia-de-ovadia-baruch-na-casa-da-cultura\/#breadcrumb","itemListElement":[{"@type":"ListItem","position":1,"name":"In\u00edcio","item":"https:\/\/www.altominho.tv\/site\/"},{"@type":"ListItem","position":2,"name":"Que a tua lembran\u00e7a seja amor &#8211; A hist\u00f3ria de Ovadia Baruch na Casa da Cultura"}]},{"@type":"WebSite","@id":"https:\/\/www.altominho.tv\/site\/#website","url":"https:\/\/www.altominho.tv\/site\/","name":"Altominho.tv","description":"A sua regi\u00e3o \u00e0 dist\u00e2ncia de um clique...","potentialAction":[{"@type":"SearchAction","target":{"@type":"EntryPoint","urlTemplate":"https:\/\/www.altominho.tv\/site\/?s={search_term_string}"},"query-input":{"@type":"PropertyValueSpecification","valueRequired":true,"valueName":"search_term_string"}}],"inLanguage":"pt-PT"},{"@type":"Person","@id":"https:\/\/www.altominho.tv\/site\/#\/schema\/person\/a0e4ef6d041f98ca284393d8f1d97153","name":"Andreia Cunha","image":{"@type":"ImageObject","inLanguage":"pt-PT","@id":"https:\/\/www.altominho.tv\/site\/wp-content\/uploads\/2017\/11\/Andreia_Cunha-1-150x150.jpg","url":"https:\/\/www.altominho.tv\/site\/wp-content\/uploads\/2017\/11\/Andreia_Cunha-1-150x150.jpg","contentUrl":"https:\/\/www.altominho.tv\/site\/wp-content\/uploads\/2017\/11\/Andreia_Cunha-1-150x150.jpg","caption":"Andreia Cunha"},"url":"https:\/\/www.altominho.tv\/site\/author\/andreiacunha\/"}]}},"_links":{"self":[{"href":"https:\/\/www.altominho.tv\/site\/wp-json\/wp\/v2\/posts\/8689","targetHints":{"allow":["GET"]}}],"collection":[{"href":"https:\/\/www.altominho.tv\/site\/wp-json\/wp\/v2\/posts"}],"about":[{"href":"https:\/\/www.altominho.tv\/site\/wp-json\/wp\/v2\/types\/post"}],"author":[{"embeddable":true,"href":"https:\/\/www.altominho.tv\/site\/wp-json\/wp\/v2\/users\/7"}],"replies":[{"embeddable":true,"href":"https:\/\/www.altominho.tv\/site\/wp-json\/wp\/v2\/comments?post=8689"}],"version-history":[{"count":0,"href":"https:\/\/www.altominho.tv\/site\/wp-json\/wp\/v2\/posts\/8689\/revisions"}],"wp:featuredmedia":[{"embeddable":true,"href":"https:\/\/www.altominho.tv\/site\/wp-json\/wp\/v2\/media\/8690"}],"wp:attachment":[{"href":"https:\/\/www.altominho.tv\/site\/wp-json\/wp\/v2\/media?parent=8689"}],"wp:term":[{"taxonomy":"category","embeddable":true,"href":"https:\/\/www.altominho.tv\/site\/wp-json\/wp\/v2\/categories?post=8689"},{"taxonomy":"post_tag","embeddable":true,"href":"https:\/\/www.altominho.tv\/site\/wp-json\/wp\/v2\/tags?post=8689"}],"curies":[{"name":"wp","href":"https:\/\/api.w.org\/{rel}","templated":true}]}}