{"id":86865,"date":"2022-12-21T09:18:52","date_gmt":"2022-12-21T09:18:52","guid":{"rendered":"https:\/\/www.altominho.tv\/site\/?p=86865"},"modified":"2022-12-21T09:18:59","modified_gmt":"2022-12-21T09:18:59","slug":"coura-voce-e-coro-senior-dao-concerto-de-natal","status":"publish","type":"post","link":"https:\/\/www.altominho.tv\/site\/2022\/12\/21\/coura-voce-e-coro-senior-dao-concerto-de-natal\/","title":{"rendered":"Coura Voce e Coro S\u00e9nior d\u00e3o concerto de Natal"},"content":{"rendered":"<p>O audit\u00f3rio do Centro Cultural acolhe amanh\u00e3, pelas 21h30, um Concerto de Natal com os Coura Voce e o Coro S\u00e9nior \u2018M\u00fasica no Coura\u00e7\u00e3o\u2019.<\/p>\n<p>&#8220;Este \u00e9 um dos momentos mais aguardados da extensa programa\u00e7\u00e3o do Natal em Coura, que por estes dias traz a esta vila no cora\u00e7\u00e3o do Alto Minho uma anima\u00e7\u00e3o sem igual, preenchida com uma ampla oferta para todas as idades, como o Arte em Pe\u00e7as, a \u2018Tenda Natal Encantado\u2019, a \u2018Banda \u00e0s Riscas\u2019 , mas tamb\u00e9m o Mercadinho de Natal e cinema infantil que completam uma vasta programa\u00e7\u00e3o que se estende at\u00e9 \u00e0 Passagem de Ano&#8221;, adianta o munic\u00edpio.<\/p>\n<p>O concerto \u00e9 de entrada livre, limitada \u00e0 lota\u00e7\u00e3o da sala.<\/p>\n<p>O Coura Voce \u00e9 um coro feminino constitu\u00eddo por 33 elementos dirigido pelo maestro V\u00edtor Lima e que interpreta repert\u00f3rio coral diversificado de diferentes \u00e9pocas e estilos, de compositores como: J. Rutter, K. Jenkis, V. Johnson, D. Willcocks, E. Whitacre, G. Caccini, P. Casals, L. Tinoco, F. Lopes-Gra\u00e7a, entre outros. Este coro d\u00e1 corpo a um projeto que se desenvolve desde 2017 e que surgiu no \u00e2mbito do ensino art\u00edstico especializado da m\u00fasica, ministrado pelo Conservat\u00f3rio Regional do Alto Minho \u2013 Academia de M\u00fasica de Viana do Castelo, no Agrupamento de Escolas de Paredes de Coura e Centro Cultural.<\/p>\n","protected":false},"excerpt":{"rendered":"<p>O audit\u00f3rio do Centro Cultural acolhe amanh\u00e3, pelas 21h30, um Concerto de Natal com os Coura Voce e o Coro S\u00e9nior \u2018M\u00fasica no Coura\u00e7\u00e3o\u2019. &#8220;Este \u00e9 um dos momentos mais aguardados da extensa programa\u00e7\u00e3o do Natal em Coura, que por estes dias traz a esta vila no cora\u00e7\u00e3o do Alto Minho uma anima\u00e7\u00e3o sem igual, [&hellip;]<\/p>\n","protected":false},"author":24,"featured_media":86866,"comment_status":"closed","ping_status":"closed","sticky":false,"template":"","format":"standard","meta":{"_exactmetrics_skip_tracking":false,"_exactmetrics_sitenote_active":false,"_exactmetrics_sitenote_note":"","_exactmetrics_sitenote_category":0,"footnotes":""},"categories":[10],"tags":[24],"class_list":["post-86865","post","type-post","status-publish","format-standard","has-post-thumbnail","hentry","category-paredes-de-coura","tag-lazer"],"yoast_head":"<!-- This site is optimized with the Yoast SEO Premium plugin v27.5 (Yoast SEO v27.5) - https:\/\/yoast.com\/product\/yoast-seo-premium-wordpress\/ -->\n<title>Coura Voce e Coro S\u00e9nior d\u00e3o concerto de Natal<\/title>\n<meta name=\"description\" content=\"O audit\u00f3rio do Centro Cultural acolhe amanh\u00e3, pelas 21h30, um Concerto de Natal com os Coura Voce e o Coro S\u00e9nior \u2018M\u00fasica no Coura\u00e7\u00e3o\u2019.\" \/>\n<meta name=\"robots\" content=\"index, follow, max-snippet:-1, max-image-preview:large, max-video-preview:-1\" \/>\n<link rel=\"canonical\" href=\"https:\/\/www.altominho.tv\/site\/2022\/12\/21\/coura-voce-e-coro-senior-dao-concerto-de-natal\/\" \/>\n<meta property=\"og:locale\" content=\"pt_PT\" \/>\n<meta property=\"og:type\" content=\"article\" \/>\n<meta property=\"og:title\" content=\"Coura Voce e Coro S\u00e9nior d\u00e3o concerto de Natal\" \/>\n<meta property=\"og:description\" content=\"O audit\u00f3rio do Centro Cultural acolhe amanh\u00e3, pelas 21h30, um Concerto de Natal com os Coura Voce e o Coro S\u00e9nior \u2018M\u00fasica no Coura\u00e7\u00e3o\u2019.\" \/>\n<meta property=\"og:url\" content=\"https:\/\/www.altominho.tv\/site\/2022\/12\/21\/coura-voce-e-coro-senior-dao-concerto-de-natal\/\" \/>\n<meta property=\"og:site_name\" content=\"Altominho.tv\" \/>\n<meta property=\"article:publisher\" content=\"https:\/\/www.facebook.com\/altominhotv\" \/>\n<meta property=\"article:published_time\" content=\"2022-12-21T09:18:52+00:00\" \/>\n<meta property=\"article:modified_time\" content=\"2022-12-21T09:18:59+00:00\" \/>\n<meta property=\"og:image\" content=\"https:\/\/www.altominho.tv\/site\/wp-content\/uploads\/2022\/12\/coura-voce.jpg\" \/>\n\t<meta property=\"og:image:width\" content=\"1095\" \/>\n\t<meta property=\"og:image:height\" content=\"836\" \/>\n\t<meta property=\"og:image:type\" content=\"image\/jpeg\" \/>\n<meta name=\"author\" content=\"Cesar Lopes\" \/>\n<meta name=\"twitter:card\" content=\"summary_large_image\" \/>\n<meta name=\"twitter:creator\" content=\"@altominhoTV\" \/>\n<meta name=\"twitter:site\" content=\"@altominhoTV\" \/>\n<meta name=\"twitter:label1\" content=\"Escrito por\" \/>\n\t<meta name=\"twitter:data1\" content=\"Cesar Lopes\" \/>\n\t<meta name=\"twitter:label2\" content=\"Tempo estimado de leitura\" \/>\n\t<meta name=\"twitter:data2\" content=\"2 minutos\" \/>\n<script type=\"application\/ld+json\" class=\"yoast-schema-graph\">{\"@context\":\"https:\\\/\\\/schema.org\",\"@graph\":[{\"@type\":\"Article\",\"@id\":\"https:\\\/\\\/www.altominho.tv\\\/site\\\/2022\\\/12\\\/21\\\/coura-voce-e-coro-senior-dao-concerto-de-natal\\\/#article\",\"isPartOf\":{\"@id\":\"https:\\\/\\\/www.altominho.tv\\\/site\\\/2022\\\/12\\\/21\\\/coura-voce-e-coro-senior-dao-concerto-de-natal\\\/\"},\"author\":{\"name\":\"Cesar Lopes\",\"@id\":\"https:\\\/\\\/www.altominho.tv\\\/site\\\/#\\\/schema\\\/person\\\/c5570e5afb933b8d08c43373326ef1b1\"},\"headline\":\"Coura Voce e Coro S\u00e9nior d\u00e3o concerto de Natal\",\"datePublished\":\"2022-12-21T09:18:52+00:00\",\"dateModified\":\"2022-12-21T09:18:59+00:00\",\"mainEntityOfPage\":{\"@id\":\"https:\\\/\\\/www.altominho.tv\\\/site\\\/2022\\\/12\\\/21\\\/coura-voce-e-coro-senior-dao-concerto-de-natal\\\/\"},\"wordCount\":235,\"image\":{\"@id\":\"https:\\\/\\\/www.altominho.tv\\\/site\\\/2022\\\/12\\\/21\\\/coura-voce-e-coro-senior-dao-concerto-de-natal\\\/#primaryimage\"},\"thumbnailUrl\":\"https:\\\/\\\/www.altominho.tv\\\/site\\\/wp-content\\\/uploads\\\/2022\\\/12\\\/coura-voce.jpg\",\"keywords\":[\"Lazer\"],\"articleSection\":[\"Paredes de Coura\"],\"inLanguage\":\"pt-PT\",\"copyrightYear\":\"2022\",\"copyrightHolder\":{\"@id\":\"https:\\\/\\\/www.altominho.tv\\\/site\\\/#organization\"}},{\"@type\":\"WebPage\",\"@id\":\"https:\\\/\\\/www.altominho.tv\\\/site\\\/2022\\\/12\\\/21\\\/coura-voce-e-coro-senior-dao-concerto-de-natal\\\/\",\"url\":\"https:\\\/\\\/www.altominho.tv\\\/site\\\/2022\\\/12\\\/21\\\/coura-voce-e-coro-senior-dao-concerto-de-natal\\\/\",\"name\":\"Coura Voce e Coro S\u00e9nior d\u00e3o concerto de Natal\",\"isPartOf\":{\"@id\":\"https:\\\/\\\/www.altominho.tv\\\/site\\\/#website\"},\"primaryImageOfPage\":{\"@id\":\"https:\\\/\\\/www.altominho.tv\\\/site\\\/2022\\\/12\\\/21\\\/coura-voce-e-coro-senior-dao-concerto-de-natal\\\/#primaryimage\"},\"image\":{\"@id\":\"https:\\\/\\\/www.altominho.tv\\\/site\\\/2022\\\/12\\\/21\\\/coura-voce-e-coro-senior-dao-concerto-de-natal\\\/#primaryimage\"},\"thumbnailUrl\":\"https:\\\/\\\/www.altominho.tv\\\/site\\\/wp-content\\\/uploads\\\/2022\\\/12\\\/coura-voce.jpg\",\"datePublished\":\"2022-12-21T09:18:52+00:00\",\"dateModified\":\"2022-12-21T09:18:59+00:00\",\"author\":{\"@id\":\"https:\\\/\\\/www.altominho.tv\\\/site\\\/#\\\/schema\\\/person\\\/c5570e5afb933b8d08c43373326ef1b1\"},\"description\":\"O audit\u00f3rio do Centro Cultural acolhe amanh\u00e3, pelas 21h30, um Concerto de Natal com os Coura Voce e o Coro S\u00e9nior \u2018M\u00fasica no Coura\u00e7\u00e3o\u2019.\",\"breadcrumb\":{\"@id\":\"https:\\\/\\\/www.altominho.tv\\\/site\\\/2022\\\/12\\\/21\\\/coura-voce-e-coro-senior-dao-concerto-de-natal\\\/#breadcrumb\"},\"inLanguage\":\"pt-PT\",\"potentialAction\":[{\"@type\":\"ReadAction\",\"target\":[\"https:\\\/\\\/www.altominho.tv\\\/site\\\/2022\\\/12\\\/21\\\/coura-voce-e-coro-senior-dao-concerto-de-natal\\\/\"]}]},{\"@type\":\"ImageObject\",\"inLanguage\":\"pt-PT\",\"@id\":\"https:\\\/\\\/www.altominho.tv\\\/site\\\/2022\\\/12\\\/21\\\/coura-voce-e-coro-senior-dao-concerto-de-natal\\\/#primaryimage\",\"url\":\"https:\\\/\\\/www.altominho.tv\\\/site\\\/wp-content\\\/uploads\\\/2022\\\/12\\\/coura-voce.jpg\",\"contentUrl\":\"https:\\\/\\\/www.altominho.tv\\\/site\\\/wp-content\\\/uploads\\\/2022\\\/12\\\/coura-voce.jpg\",\"width\":1095,\"height\":836},{\"@type\":\"BreadcrumbList\",\"@id\":\"https:\\\/\\\/www.altominho.tv\\\/site\\\/2022\\\/12\\\/21\\\/coura-voce-e-coro-senior-dao-concerto-de-natal\\\/#breadcrumb\",\"itemListElement\":[{\"@type\":\"ListItem\",\"position\":1,\"name\":\"In\u00edcio\",\"item\":\"https:\\\/\\\/www.altominho.tv\\\/site\\\/\"},{\"@type\":\"ListItem\",\"position\":2,\"name\":\"Coura Voce e Coro S\u00e9nior d\u00e3o concerto de Natal\"}]},{\"@type\":\"WebSite\",\"@id\":\"https:\\\/\\\/www.altominho.tv\\\/site\\\/#website\",\"url\":\"https:\\\/\\\/www.altominho.tv\\\/site\\\/\",\"name\":\"Altominho.tv\",\"description\":\"A sua regi\u00e3o \u00e0 dist\u00e2ncia de um clique...\",\"potentialAction\":[{\"@type\":\"SearchAction\",\"target\":{\"@type\":\"EntryPoint\",\"urlTemplate\":\"https:\\\/\\\/www.altominho.tv\\\/site\\\/?s={search_term_string}\"},\"query-input\":{\"@type\":\"PropertyValueSpecification\",\"valueRequired\":true,\"valueName\":\"search_term_string\"}}],\"inLanguage\":\"pt-PT\"},{\"@type\":\"Person\",\"@id\":\"https:\\\/\\\/www.altominho.tv\\\/site\\\/#\\\/schema\\\/person\\\/c5570e5afb933b8d08c43373326ef1b1\",\"name\":\"Cesar Lopes\",\"image\":{\"@type\":\"ImageObject\",\"inLanguage\":\"pt-PT\",\"@id\":\"https:\\\/\\\/www.altominho.tv\\\/site\\\/wp-content\\\/uploads\\\/2022\\\/10\\\/Sem-Titulo-150x150.jpg\",\"url\":\"https:\\\/\\\/www.altominho.tv\\\/site\\\/wp-content\\\/uploads\\\/2022\\\/10\\\/Sem-Titulo-150x150.jpg\",\"contentUrl\":\"https:\\\/\\\/www.altominho.tv\\\/site\\\/wp-content\\\/uploads\\\/2022\\\/10\\\/Sem-Titulo-150x150.jpg\",\"caption\":\"Cesar Lopes\"},\"url\":\"https:\\\/\\\/www.altominho.tv\\\/site\\\/author\\\/cesarlopes\\\/\"}]}<\/script>\n<!-- \/ Yoast SEO Premium plugin. -->","yoast_head_json":{"title":"Coura Voce e Coro S\u00e9nior d\u00e3o concerto de Natal","description":"O audit\u00f3rio do Centro Cultural acolhe amanh\u00e3, pelas 21h30, um Concerto de Natal com os Coura Voce e o Coro S\u00e9nior \u2018M\u00fasica no Coura\u00e7\u00e3o\u2019.","robots":{"index":"index","follow":"follow","max-snippet":"max-snippet:-1","max-image-preview":"max-image-preview:large","max-video-preview":"max-video-preview:-1"},"canonical":"https:\/\/www.altominho.tv\/site\/2022\/12\/21\/coura-voce-e-coro-senior-dao-concerto-de-natal\/","og_locale":"pt_PT","og_type":"article","og_title":"Coura Voce e Coro S\u00e9nior d\u00e3o concerto de Natal","og_description":"O audit\u00f3rio do Centro Cultural acolhe amanh\u00e3, pelas 21h30, um Concerto de Natal com os Coura Voce e o Coro S\u00e9nior \u2018M\u00fasica no Coura\u00e7\u00e3o\u2019.","og_url":"https:\/\/www.altominho.tv\/site\/2022\/12\/21\/coura-voce-e-coro-senior-dao-concerto-de-natal\/","og_site_name":"Altominho.tv","article_publisher":"https:\/\/www.facebook.com\/altominhotv","article_published_time":"2022-12-21T09:18:52+00:00","article_modified_time":"2022-12-21T09:18:59+00:00","og_image":[{"width":1095,"height":836,"url":"https:\/\/www.altominho.tv\/site\/wp-content\/uploads\/2022\/12\/coura-voce.jpg","type":"image\/jpeg"}],"author":"Cesar Lopes","twitter_card":"summary_large_image","twitter_creator":"@altominhoTV","twitter_site":"@altominhoTV","twitter_misc":{"Escrito por":"Cesar Lopes","Tempo estimado de leitura":"2 minutos"},"schema":{"@context":"https:\/\/schema.org","@graph":[{"@type":"Article","@id":"https:\/\/www.altominho.tv\/site\/2022\/12\/21\/coura-voce-e-coro-senior-dao-concerto-de-natal\/#article","isPartOf":{"@id":"https:\/\/www.altominho.tv\/site\/2022\/12\/21\/coura-voce-e-coro-senior-dao-concerto-de-natal\/"},"author":{"name":"Cesar Lopes","@id":"https:\/\/www.altominho.tv\/site\/#\/schema\/person\/c5570e5afb933b8d08c43373326ef1b1"},"headline":"Coura Voce e Coro S\u00e9nior d\u00e3o concerto de Natal","datePublished":"2022-12-21T09:18:52+00:00","dateModified":"2022-12-21T09:18:59+00:00","mainEntityOfPage":{"@id":"https:\/\/www.altominho.tv\/site\/2022\/12\/21\/coura-voce-e-coro-senior-dao-concerto-de-natal\/"},"wordCount":235,"image":{"@id":"https:\/\/www.altominho.tv\/site\/2022\/12\/21\/coura-voce-e-coro-senior-dao-concerto-de-natal\/#primaryimage"},"thumbnailUrl":"https:\/\/www.altominho.tv\/site\/wp-content\/uploads\/2022\/12\/coura-voce.jpg","keywords":["Lazer"],"articleSection":["Paredes de Coura"],"inLanguage":"pt-PT","copyrightYear":"2022","copyrightHolder":{"@id":"https:\/\/www.altominho.tv\/site\/#organization"}},{"@type":"WebPage","@id":"https:\/\/www.altominho.tv\/site\/2022\/12\/21\/coura-voce-e-coro-senior-dao-concerto-de-natal\/","url":"https:\/\/www.altominho.tv\/site\/2022\/12\/21\/coura-voce-e-coro-senior-dao-concerto-de-natal\/","name":"Coura Voce e Coro S\u00e9nior d\u00e3o concerto de Natal","isPartOf":{"@id":"https:\/\/www.altominho.tv\/site\/#website"},"primaryImageOfPage":{"@id":"https:\/\/www.altominho.tv\/site\/2022\/12\/21\/coura-voce-e-coro-senior-dao-concerto-de-natal\/#primaryimage"},"image":{"@id":"https:\/\/www.altominho.tv\/site\/2022\/12\/21\/coura-voce-e-coro-senior-dao-concerto-de-natal\/#primaryimage"},"thumbnailUrl":"https:\/\/www.altominho.tv\/site\/wp-content\/uploads\/2022\/12\/coura-voce.jpg","datePublished":"2022-12-21T09:18:52+00:00","dateModified":"2022-12-21T09:18:59+00:00","author":{"@id":"https:\/\/www.altominho.tv\/site\/#\/schema\/person\/c5570e5afb933b8d08c43373326ef1b1"},"description":"O audit\u00f3rio do Centro Cultural acolhe amanh\u00e3, pelas 21h30, um Concerto de Natal com os Coura Voce e o Coro S\u00e9nior \u2018M\u00fasica no Coura\u00e7\u00e3o\u2019.","breadcrumb":{"@id":"https:\/\/www.altominho.tv\/site\/2022\/12\/21\/coura-voce-e-coro-senior-dao-concerto-de-natal\/#breadcrumb"},"inLanguage":"pt-PT","potentialAction":[{"@type":"ReadAction","target":["https:\/\/www.altominho.tv\/site\/2022\/12\/21\/coura-voce-e-coro-senior-dao-concerto-de-natal\/"]}]},{"@type":"ImageObject","inLanguage":"pt-PT","@id":"https:\/\/www.altominho.tv\/site\/2022\/12\/21\/coura-voce-e-coro-senior-dao-concerto-de-natal\/#primaryimage","url":"https:\/\/www.altominho.tv\/site\/wp-content\/uploads\/2022\/12\/coura-voce.jpg","contentUrl":"https:\/\/www.altominho.tv\/site\/wp-content\/uploads\/2022\/12\/coura-voce.jpg","width":1095,"height":836},{"@type":"BreadcrumbList","@id":"https:\/\/www.altominho.tv\/site\/2022\/12\/21\/coura-voce-e-coro-senior-dao-concerto-de-natal\/#breadcrumb","itemListElement":[{"@type":"ListItem","position":1,"name":"In\u00edcio","item":"https:\/\/www.altominho.tv\/site\/"},{"@type":"ListItem","position":2,"name":"Coura Voce e Coro S\u00e9nior d\u00e3o concerto de Natal"}]},{"@type":"WebSite","@id":"https:\/\/www.altominho.tv\/site\/#website","url":"https:\/\/www.altominho.tv\/site\/","name":"Altominho.tv","description":"A sua regi\u00e3o \u00e0 dist\u00e2ncia de um clique...","potentialAction":[{"@type":"SearchAction","target":{"@type":"EntryPoint","urlTemplate":"https:\/\/www.altominho.tv\/site\/?s={search_term_string}"},"query-input":{"@type":"PropertyValueSpecification","valueRequired":true,"valueName":"search_term_string"}}],"inLanguage":"pt-PT"},{"@type":"Person","@id":"https:\/\/www.altominho.tv\/site\/#\/schema\/person\/c5570e5afb933b8d08c43373326ef1b1","name":"Cesar Lopes","image":{"@type":"ImageObject","inLanguage":"pt-PT","@id":"https:\/\/www.altominho.tv\/site\/wp-content\/uploads\/2022\/10\/Sem-Titulo-150x150.jpg","url":"https:\/\/www.altominho.tv\/site\/wp-content\/uploads\/2022\/10\/Sem-Titulo-150x150.jpg","contentUrl":"https:\/\/www.altominho.tv\/site\/wp-content\/uploads\/2022\/10\/Sem-Titulo-150x150.jpg","caption":"Cesar Lopes"},"url":"https:\/\/www.altominho.tv\/site\/author\/cesarlopes\/"}]}},"_links":{"self":[{"href":"https:\/\/www.altominho.tv\/site\/wp-json\/wp\/v2\/posts\/86865","targetHints":{"allow":["GET"]}}],"collection":[{"href":"https:\/\/www.altominho.tv\/site\/wp-json\/wp\/v2\/posts"}],"about":[{"href":"https:\/\/www.altominho.tv\/site\/wp-json\/wp\/v2\/types\/post"}],"author":[{"embeddable":true,"href":"https:\/\/www.altominho.tv\/site\/wp-json\/wp\/v2\/users\/24"}],"replies":[{"embeddable":true,"href":"https:\/\/www.altominho.tv\/site\/wp-json\/wp\/v2\/comments?post=86865"}],"version-history":[{"count":2,"href":"https:\/\/www.altominho.tv\/site\/wp-json\/wp\/v2\/posts\/86865\/revisions"}],"predecessor-version":[{"id":86868,"href":"https:\/\/www.altominho.tv\/site\/wp-json\/wp\/v2\/posts\/86865\/revisions\/86868"}],"wp:featuredmedia":[{"embeddable":true,"href":"https:\/\/www.altominho.tv\/site\/wp-json\/wp\/v2\/media\/86866"}],"wp:attachment":[{"href":"https:\/\/www.altominho.tv\/site\/wp-json\/wp\/v2\/media?parent=86865"}],"wp:term":[{"taxonomy":"category","embeddable":true,"href":"https:\/\/www.altominho.tv\/site\/wp-json\/wp\/v2\/categories?post=86865"},{"taxonomy":"post_tag","embeddable":true,"href":"https:\/\/www.altominho.tv\/site\/wp-json\/wp\/v2\/tags?post=86865"}],"curies":[{"name":"wp","href":"https:\/\/api.w.org\/{rel}","templated":true}]}}