{"id":8682,"date":"2018-01-24T10:30:36","date_gmt":"2018-01-24T10:30:36","guid":{"rendered":"http:\/\/www.altominho.tv\/site\/?p=8682"},"modified":"2018-01-24T10:32:13","modified_gmt":"2018-01-24T10:32:13","slug":"projeto-do-cadastro-registou-mais-de-7-100-pedidos-para-georreferenciacao-de-16-mil-terrenos","status":"publish","type":"post","link":"https:\/\/www.altominho.tv\/site\/2018\/01\/24\/projeto-do-cadastro-registou-mais-de-7-100-pedidos-para-georreferenciacao-de-16-mil-terrenos\/","title":{"rendered":"Projeto do cadastro registou mais de 7.100 pedidos para georreferencia\u00e7\u00e3o de 16 mil terrenos"},"content":{"rendered":"<p>O projeto-piloto do cadastro, a funcionar desde novembro em dez munic\u00edpios, registou j\u00e1 \u201cmais de 7.100 pedidos de agendamento\u201d, que se estima corresponderem a \u201ccerca de 16 mil pr\u00e9dios\u201d, revelou hoje fonte do Minist\u00e9rio da Justi\u00e7a.<\/p>\n<p>\u201cA implementa\u00e7\u00e3o do Sistema de Informa\u00e7\u00e3o Cadastral Simplificada est\u00e1 dentro das expectativas e proje\u00e7\u00f5es criadas, na maioria dos concelhos, nomeadamente da regi\u00e3o do Pinhal Interior, onde a procura est\u00e1 a ser muito elevada\u201d, informou a tutela, em resposta \u00e0 ag\u00eancia Lusa, indicando que, neste momento, existem v\u00e1rios munic\u00edpios com as agendas preenchidas at\u00e9 aos meses do ver\u00e3o.<\/p>\n<p>Os munic\u00edpios que integram o projeto-piloto do cadastro s\u00e3o Pedr\u00f3g\u00e3o Grande, Castanheira de Pera, Figueir\u00f3 dos Vinhos, G\u00f3is, Pampilhosa da Serra, Penela, Sert\u00e3, Caminha, Alf\u00e2ndega da F\u00e9 e Proen\u00e7a-a-Nova.<\/p>\n<blockquote><p>\u201cAt\u00e9 ao momento foram feitos 4.296 processos de representa\u00e7\u00e3o gr\u00e1fica georreferenciada que correspondem a um total de 4.386 matrizes\u201d, avan\u00e7ou fonte do Minist\u00e9rio da Justi\u00e7a, no \u00e2mbito dos dois meses de implementa\u00e7\u00e3o do projeto-piloto do cadastro.<\/p><\/blockquote>\n<p>Na fase inicial do projeto, cerca de 86,4% do total da \u00e1rea f\u00edsica dos dez munic\u00edpios n\u00e3o estava registada no Instituto dos Registos e do Notariado (IRN), j\u00e1 que foram contabilizados apenas 256.618 registos, representando um total de \u00e1rea registada de 337 quil\u00f3metros quadrados (Km2).<\/p>\n<p>A \u00e1rea total dos dez concelhos \u00e9 de 245.821 hectares, dispersos por 64 freguesias, onde vivem 73.981 habitantes, de acordo com os dados divulgados pelo gabinete do Minist\u00e9rio da Justi\u00e7a.<br \/>\nRelativamente a matrizes fiscais, os dados da Autoridade Tribut\u00e1ria e Aduaneira (AT) indicaram, na fase inicial, a exist\u00eancia de 677.849 matrizes nos dez munic\u00edpios, sendo que cerca de 470.000 n\u00e3o tinham correspond\u00eancia em termos de registo.<\/p>\n<p>Neste \u00e2mbito, a tutela destacou a import\u00e2ncia do Balc\u00e3o \u00danico do Pr\u00e9dio (BUPi), um balc\u00e3o f\u00edsico e virtual criado para reunir toda a informa\u00e7\u00e3o registal, matricial e georreferenciada relacionada com os pr\u00e9dios.<\/p>\n<p>Para o Minist\u00e9rio da Justi\u00e7a, o cadastro \u00e9 \u201cum projeto ambicioso, inovador que apela \u00e0 capacidade das administra\u00e7\u00f5es p\u00fablicas, central e local, de resolverem um problema que se arrasta h\u00e1 mais de 40 anos\u201d.<\/p>\n<blockquote><p>\u201cA dimens\u00e3o do desafio \u00e9 grande mas a raz\u00e3o de termos chegado a este ponto \u00e9 consequ\u00eancia da desvaloriza\u00e7\u00e3o do territ\u00f3rio e da floresta e de um modelo econ\u00f3mico de explora\u00e7\u00e3o da floresta desadequado. \u00c9 isto que o Governo pretende alterar. Sendo que o BUPi \u00e9 um elemento de identifica\u00e7\u00e3o dos propriet\u00e1rios do territ\u00f3rio que ajudar\u00e1 a inverter a situa\u00e7\u00e3o\u201d, afirmou fonte da tutela, referindo que o projeto-piloto tem contado com informa\u00e7\u00e3o de dados de 15 entidades p\u00fablicas, designadamente os dez munic\u00edpios abrangidos, o Instituto de Financiamento da Agricultura e Pescas (IFAP), o Instituto da Conserva\u00e7\u00e3o da Natureza e Florestas (ICNF), a Dire\u00e7\u00e3o Geral do Territ\u00f3rio (DGT), o Instituto dos Registos e do Notariado (IRN) e a Autoridade Tribut\u00e1ria e Aduaneira (AT).<\/p><\/blockquote>\n<p>No \u00e2mbito dos dois meses do projeto-piloto, o Governo considera que j\u00e1 foram alcan\u00e7ados \u201calguns dos objetivos essenciais que se colocavam nesta fase\u201d, nomeadamente a implementa\u00e7\u00e3o correta no terreno do cadastro, \u201csem problemas ou sobressaltos tecnol\u00f3gicos, com forma\u00e7\u00e3o a todos os funcion\u00e1rios do IRN e autarquias que acompanham o BUPi\u201d.<\/p>\n<p>\u201cPodemos hoje afirmar que estamos com um n\u00famero crescente de registos bem como de agendamentos futuros, cerca de 7.100, que nos cria \u2013 conjuntamente com outras medidas \u2013 boas expectativas para ainda este ano apresentarmos a seu tempo os resultados desejados\u201d, advogou a tutela, acrescentando que j\u00e1 foram identificadas \u201calgumas oportunidades para ganhar escala\u201d no \u00e2mbito do crescimento do projeto-piloto.<\/p>\n<p>Neste sentido, o Minist\u00e9rio da Justi\u00e7a est\u00e1 a trabalhar num \u201caumento da capacidade instalada de t\u00e9cnicos, mas tamb\u00e9m em formas alternativas e paralelas de realizar este trabalho que hoje apenas est\u00e1 a ser feito tendo por base as declara\u00e7\u00f5es da localiza\u00e7\u00e3o e limites efetuadas pelos pr\u00f3prios interessados\u201d.<\/p>\n","protected":false},"excerpt":{"rendered":"<p>O projeto-piloto do cadastro, a funcionar desde novembro em dez munic\u00edpios, registou j\u00e1 \u201cmais de 7.100 pedidos de agendamento\u201d, que se estima corresponderem a \u201ccerca de 16 mil pr\u00e9dios\u201d, revelou hoje fonte do Minist\u00e9rio da Justi\u00e7a. \u201cA implementa\u00e7\u00e3o do Sistema de Informa\u00e7\u00e3o Cadastral Simplificada est\u00e1 dentro das expectativas e proje\u00e7\u00f5es criadas, na maioria dos concelhos, [&hellip;]<\/p>\n","protected":false},"author":6,"featured_media":8684,"comment_status":"closed","ping_status":"closed","sticky":false,"template":"","format":"standard","meta":{"_exactmetrics_skip_tracking":false,"_exactmetrics_sitenote_active":false,"_exactmetrics_sitenote_note":"","_exactmetrics_sitenote_category":0,"footnotes":""},"categories":[7],"tags":[27],"class_list":["post-8682","post","type-post","status-publish","format-standard","has-post-thumbnail","hentry","category-caminha","tag-sociedade"],"yoast_head":"<!-- This site is optimized with the Yoast SEO Premium plugin v27.5 (Yoast SEO v27.5) - https:\/\/yoast.com\/product\/yoast-seo-premium-wordpress\/ -->\n<title>Projeto do cadastro registou mais de 7.100 pedidos para georreferencia\u00e7\u00e3o de 16 mil terrenos<\/title>\n<meta name=\"robots\" content=\"index, follow, max-snippet:-1, max-image-preview:large, max-video-preview:-1\" \/>\n<link rel=\"canonical\" href=\"https:\/\/www.altominho.tv\/site\/2018\/01\/24\/projeto-do-cadastro-registou-mais-de-7-100-pedidos-para-georreferenciacao-de-16-mil-terrenos\/\" \/>\n<meta property=\"og:locale\" content=\"pt_PT\" \/>\n<meta property=\"og:type\" content=\"article\" \/>\n<meta property=\"og:title\" content=\"Projeto do cadastro registou mais de 7.100 pedidos para georreferencia\u00e7\u00e3o de 16 mil terrenos\" \/>\n<meta property=\"og:description\" content=\"O projeto-piloto do cadastro, a funcionar desde novembro em dez munic\u00edpios, registou j\u00e1 \u201cmais de 7.100 pedidos de agendamento\u201d, que se estima corresponderem a \u201ccerca de 16 mil pr\u00e9dios\u201d, revelou hoje fonte do Minist\u00e9rio da Justi\u00e7a. \u201cA implementa\u00e7\u00e3o do Sistema de Informa\u00e7\u00e3o Cadastral Simplificada est\u00e1 dentro das expectativas e proje\u00e7\u00f5es criadas, na maioria dos concelhos, [&hellip;]\" \/>\n<meta property=\"og:url\" content=\"https:\/\/www.altominho.tv\/site\/2018\/01\/24\/projeto-do-cadastro-registou-mais-de-7-100-pedidos-para-georreferenciacao-de-16-mil-terrenos\/\" \/>\n<meta property=\"og:site_name\" content=\"Altominho.tv\" \/>\n<meta property=\"article:publisher\" content=\"https:\/\/www.facebook.com\/altominhotv\" \/>\n<meta property=\"article:published_time\" content=\"2018-01-24T10:30:36+00:00\" \/>\n<meta property=\"article:modified_time\" content=\"2018-01-24T10:32:13+00:00\" \/>\n<meta property=\"og:image\" content=\"https:\/\/www.altominho.tv\/site\/wp-content\/uploads\/2018\/01\/pro.jpg\" \/>\n\t<meta property=\"og:image:width\" content=\"800\" \/>\n\t<meta property=\"og:image:height\" content=\"533\" \/>\n\t<meta property=\"og:image:type\" content=\"image\/jpeg\" \/>\n<meta name=\"author\" content=\"C\u00e1tia Malheiro\" \/>\n<meta name=\"twitter:card\" content=\"summary_large_image\" \/>\n<meta name=\"twitter:creator\" content=\"@altominhoTV\" \/>\n<meta name=\"twitter:site\" content=\"@altominhoTV\" \/>\n<meta name=\"twitter:label1\" content=\"Escrito por\" \/>\n\t<meta name=\"twitter:data1\" content=\"C\u00e1tia Malheiro\" \/>\n\t<meta name=\"twitter:label2\" content=\"Tempo estimado de leitura\" \/>\n\t<meta name=\"twitter:data2\" content=\"3 minutos\" \/>\n<script type=\"application\/ld+json\" class=\"yoast-schema-graph\">{\"@context\":\"https:\\\/\\\/schema.org\",\"@graph\":[{\"@type\":\"Article\",\"@id\":\"https:\\\/\\\/www.altominho.tv\\\/site\\\/2018\\\/01\\\/24\\\/projeto-do-cadastro-registou-mais-de-7-100-pedidos-para-georreferenciacao-de-16-mil-terrenos\\\/#article\",\"isPartOf\":{\"@id\":\"https:\\\/\\\/www.altominho.tv\\\/site\\\/2018\\\/01\\\/24\\\/projeto-do-cadastro-registou-mais-de-7-100-pedidos-para-georreferenciacao-de-16-mil-terrenos\\\/\"},\"author\":{\"name\":\"C\u00e1tia Malheiro\",\"@id\":\"https:\\\/\\\/www.altominho.tv\\\/site\\\/#\\\/schema\\\/person\\\/5c9404a8b438614c93da6ca09db92574\"},\"headline\":\"Projeto do cadastro registou mais de 7.100 pedidos para georreferencia\u00e7\u00e3o de 16 mil terrenos\",\"datePublished\":\"2018-01-24T10:30:36+00:00\",\"dateModified\":\"2018-01-24T10:32:13+00:00\",\"mainEntityOfPage\":{\"@id\":\"https:\\\/\\\/www.altominho.tv\\\/site\\\/2018\\\/01\\\/24\\\/projeto-do-cadastro-registou-mais-de-7-100-pedidos-para-georreferenciacao-de-16-mil-terrenos\\\/\"},\"wordCount\":680,\"image\":{\"@id\":\"https:\\\/\\\/www.altominho.tv\\\/site\\\/2018\\\/01\\\/24\\\/projeto-do-cadastro-registou-mais-de-7-100-pedidos-para-georreferenciacao-de-16-mil-terrenos\\\/#primaryimage\"},\"thumbnailUrl\":\"https:\\\/\\\/www.altominho.tv\\\/site\\\/wp-content\\\/uploads\\\/2018\\\/01\\\/pro.jpg\",\"keywords\":[\"Sociedade\"],\"articleSection\":[\"Caminha\"],\"inLanguage\":\"pt-PT\",\"copyrightYear\":\"2018\",\"copyrightHolder\":{\"@id\":\"https:\\\/\\\/www.altominho.tv\\\/site\\\/#organization\"}},{\"@type\":\"WebPage\",\"@id\":\"https:\\\/\\\/www.altominho.tv\\\/site\\\/2018\\\/01\\\/24\\\/projeto-do-cadastro-registou-mais-de-7-100-pedidos-para-georreferenciacao-de-16-mil-terrenos\\\/\",\"url\":\"https:\\\/\\\/www.altominho.tv\\\/site\\\/2018\\\/01\\\/24\\\/projeto-do-cadastro-registou-mais-de-7-100-pedidos-para-georreferenciacao-de-16-mil-terrenos\\\/\",\"name\":\"Projeto do cadastro registou mais de 7.100 pedidos para georreferencia\u00e7\u00e3o de 16 mil terrenos\",\"isPartOf\":{\"@id\":\"https:\\\/\\\/www.altominho.tv\\\/site\\\/#website\"},\"primaryImageOfPage\":{\"@id\":\"https:\\\/\\\/www.altominho.tv\\\/site\\\/2018\\\/01\\\/24\\\/projeto-do-cadastro-registou-mais-de-7-100-pedidos-para-georreferenciacao-de-16-mil-terrenos\\\/#primaryimage\"},\"image\":{\"@id\":\"https:\\\/\\\/www.altominho.tv\\\/site\\\/2018\\\/01\\\/24\\\/projeto-do-cadastro-registou-mais-de-7-100-pedidos-para-georreferenciacao-de-16-mil-terrenos\\\/#primaryimage\"},\"thumbnailUrl\":\"https:\\\/\\\/www.altominho.tv\\\/site\\\/wp-content\\\/uploads\\\/2018\\\/01\\\/pro.jpg\",\"datePublished\":\"2018-01-24T10:30:36+00:00\",\"dateModified\":\"2018-01-24T10:32:13+00:00\",\"author\":{\"@id\":\"https:\\\/\\\/www.altominho.tv\\\/site\\\/#\\\/schema\\\/person\\\/5c9404a8b438614c93da6ca09db92574\"},\"breadcrumb\":{\"@id\":\"https:\\\/\\\/www.altominho.tv\\\/site\\\/2018\\\/01\\\/24\\\/projeto-do-cadastro-registou-mais-de-7-100-pedidos-para-georreferenciacao-de-16-mil-terrenos\\\/#breadcrumb\"},\"inLanguage\":\"pt-PT\",\"potentialAction\":[{\"@type\":\"ReadAction\",\"target\":[\"https:\\\/\\\/www.altominho.tv\\\/site\\\/2018\\\/01\\\/24\\\/projeto-do-cadastro-registou-mais-de-7-100-pedidos-para-georreferenciacao-de-16-mil-terrenos\\\/\"]}]},{\"@type\":\"ImageObject\",\"inLanguage\":\"pt-PT\",\"@id\":\"https:\\\/\\\/www.altominho.tv\\\/site\\\/2018\\\/01\\\/24\\\/projeto-do-cadastro-registou-mais-de-7-100-pedidos-para-georreferenciacao-de-16-mil-terrenos\\\/#primaryimage\",\"url\":\"https:\\\/\\\/www.altominho.tv\\\/site\\\/wp-content\\\/uploads\\\/2018\\\/01\\\/pro.jpg\",\"contentUrl\":\"https:\\\/\\\/www.altominho.tv\\\/site\\\/wp-content\\\/uploads\\\/2018\\\/01\\\/pro.jpg\",\"width\":800,\"height\":533},{\"@type\":\"BreadcrumbList\",\"@id\":\"https:\\\/\\\/www.altominho.tv\\\/site\\\/2018\\\/01\\\/24\\\/projeto-do-cadastro-registou-mais-de-7-100-pedidos-para-georreferenciacao-de-16-mil-terrenos\\\/#breadcrumb\",\"itemListElement\":[{\"@type\":\"ListItem\",\"position\":1,\"name\":\"In\u00edcio\",\"item\":\"https:\\\/\\\/www.altominho.tv\\\/site\\\/\"},{\"@type\":\"ListItem\",\"position\":2,\"name\":\"Projeto do cadastro registou mais de 7.100 pedidos para georreferencia\u00e7\u00e3o de 16 mil terrenos\"}]},{\"@type\":\"WebSite\",\"@id\":\"https:\\\/\\\/www.altominho.tv\\\/site\\\/#website\",\"url\":\"https:\\\/\\\/www.altominho.tv\\\/site\\\/\",\"name\":\"Altominho.tv\",\"description\":\"A sua regi\u00e3o \u00e0 dist\u00e2ncia de um clique...\",\"potentialAction\":[{\"@type\":\"SearchAction\",\"target\":{\"@type\":\"EntryPoint\",\"urlTemplate\":\"https:\\\/\\\/www.altominho.tv\\\/site\\\/?s={search_term_string}\"},\"query-input\":{\"@type\":\"PropertyValueSpecification\",\"valueRequired\":true,\"valueName\":\"search_term_string\"}}],\"inLanguage\":\"pt-PT\"},{\"@type\":\"Person\",\"@id\":\"https:\\\/\\\/www.altominho.tv\\\/site\\\/#\\\/schema\\\/person\\\/5c9404a8b438614c93da6ca09db92574\",\"name\":\"C\u00e1tia Malheiro\",\"image\":{\"@type\":\"ImageObject\",\"inLanguage\":\"pt-PT\",\"@id\":\"https:\\\/\\\/www.altominho.tv\\\/site\\\/wp-content\\\/uploads\\\/2017\\\/11\\\/Catia_Malheiro-150x150.jpg\",\"url\":\"https:\\\/\\\/www.altominho.tv\\\/site\\\/wp-content\\\/uploads\\\/2017\\\/11\\\/Catia_Malheiro-150x150.jpg\",\"contentUrl\":\"https:\\\/\\\/www.altominho.tv\\\/site\\\/wp-content\\\/uploads\\\/2017\\\/11\\\/Catia_Malheiro-150x150.jpg\",\"caption\":\"C\u00e1tia Malheiro\"},\"url\":\"https:\\\/\\\/www.altominho.tv\\\/site\\\/author\\\/catiamalheiro\\\/\"}]}<\/script>\n<!-- \/ Yoast SEO Premium plugin. -->","yoast_head_json":{"title":"Projeto do cadastro registou mais de 7.100 pedidos para georreferencia\u00e7\u00e3o de 16 mil terrenos","robots":{"index":"index","follow":"follow","max-snippet":"max-snippet:-1","max-image-preview":"max-image-preview:large","max-video-preview":"max-video-preview:-1"},"canonical":"https:\/\/www.altominho.tv\/site\/2018\/01\/24\/projeto-do-cadastro-registou-mais-de-7-100-pedidos-para-georreferenciacao-de-16-mil-terrenos\/","og_locale":"pt_PT","og_type":"article","og_title":"Projeto do cadastro registou mais de 7.100 pedidos para georreferencia\u00e7\u00e3o de 16 mil terrenos","og_description":"O projeto-piloto do cadastro, a funcionar desde novembro em dez munic\u00edpios, registou j\u00e1 \u201cmais de 7.100 pedidos de agendamento\u201d, que se estima corresponderem a \u201ccerca de 16 mil pr\u00e9dios\u201d, revelou hoje fonte do Minist\u00e9rio da Justi\u00e7a. \u201cA implementa\u00e7\u00e3o do Sistema de Informa\u00e7\u00e3o Cadastral Simplificada est\u00e1 dentro das expectativas e proje\u00e7\u00f5es criadas, na maioria dos concelhos, [&hellip;]","og_url":"https:\/\/www.altominho.tv\/site\/2018\/01\/24\/projeto-do-cadastro-registou-mais-de-7-100-pedidos-para-georreferenciacao-de-16-mil-terrenos\/","og_site_name":"Altominho.tv","article_publisher":"https:\/\/www.facebook.com\/altominhotv","article_published_time":"2018-01-24T10:30:36+00:00","article_modified_time":"2018-01-24T10:32:13+00:00","og_image":[{"width":800,"height":533,"url":"https:\/\/www.altominho.tv\/site\/wp-content\/uploads\/2018\/01\/pro.jpg","type":"image\/jpeg"}],"author":"C\u00e1tia Malheiro","twitter_card":"summary_large_image","twitter_creator":"@altominhoTV","twitter_site":"@altominhoTV","twitter_misc":{"Escrito por":"C\u00e1tia Malheiro","Tempo estimado de leitura":"3 minutos"},"schema":{"@context":"https:\/\/schema.org","@graph":[{"@type":"Article","@id":"https:\/\/www.altominho.tv\/site\/2018\/01\/24\/projeto-do-cadastro-registou-mais-de-7-100-pedidos-para-georreferenciacao-de-16-mil-terrenos\/#article","isPartOf":{"@id":"https:\/\/www.altominho.tv\/site\/2018\/01\/24\/projeto-do-cadastro-registou-mais-de-7-100-pedidos-para-georreferenciacao-de-16-mil-terrenos\/"},"author":{"name":"C\u00e1tia Malheiro","@id":"https:\/\/www.altominho.tv\/site\/#\/schema\/person\/5c9404a8b438614c93da6ca09db92574"},"headline":"Projeto do cadastro registou mais de 7.100 pedidos para georreferencia\u00e7\u00e3o de 16 mil terrenos","datePublished":"2018-01-24T10:30:36+00:00","dateModified":"2018-01-24T10:32:13+00:00","mainEntityOfPage":{"@id":"https:\/\/www.altominho.tv\/site\/2018\/01\/24\/projeto-do-cadastro-registou-mais-de-7-100-pedidos-para-georreferenciacao-de-16-mil-terrenos\/"},"wordCount":680,"image":{"@id":"https:\/\/www.altominho.tv\/site\/2018\/01\/24\/projeto-do-cadastro-registou-mais-de-7-100-pedidos-para-georreferenciacao-de-16-mil-terrenos\/#primaryimage"},"thumbnailUrl":"https:\/\/www.altominho.tv\/site\/wp-content\/uploads\/2018\/01\/pro.jpg","keywords":["Sociedade"],"articleSection":["Caminha"],"inLanguage":"pt-PT","copyrightYear":"2018","copyrightHolder":{"@id":"https:\/\/www.altominho.tv\/site\/#organization"}},{"@type":"WebPage","@id":"https:\/\/www.altominho.tv\/site\/2018\/01\/24\/projeto-do-cadastro-registou-mais-de-7-100-pedidos-para-georreferenciacao-de-16-mil-terrenos\/","url":"https:\/\/www.altominho.tv\/site\/2018\/01\/24\/projeto-do-cadastro-registou-mais-de-7-100-pedidos-para-georreferenciacao-de-16-mil-terrenos\/","name":"Projeto do cadastro registou mais de 7.100 pedidos para georreferencia\u00e7\u00e3o de 16 mil terrenos","isPartOf":{"@id":"https:\/\/www.altominho.tv\/site\/#website"},"primaryImageOfPage":{"@id":"https:\/\/www.altominho.tv\/site\/2018\/01\/24\/projeto-do-cadastro-registou-mais-de-7-100-pedidos-para-georreferenciacao-de-16-mil-terrenos\/#primaryimage"},"image":{"@id":"https:\/\/www.altominho.tv\/site\/2018\/01\/24\/projeto-do-cadastro-registou-mais-de-7-100-pedidos-para-georreferenciacao-de-16-mil-terrenos\/#primaryimage"},"thumbnailUrl":"https:\/\/www.altominho.tv\/site\/wp-content\/uploads\/2018\/01\/pro.jpg","datePublished":"2018-01-24T10:30:36+00:00","dateModified":"2018-01-24T10:32:13+00:00","author":{"@id":"https:\/\/www.altominho.tv\/site\/#\/schema\/person\/5c9404a8b438614c93da6ca09db92574"},"breadcrumb":{"@id":"https:\/\/www.altominho.tv\/site\/2018\/01\/24\/projeto-do-cadastro-registou-mais-de-7-100-pedidos-para-georreferenciacao-de-16-mil-terrenos\/#breadcrumb"},"inLanguage":"pt-PT","potentialAction":[{"@type":"ReadAction","target":["https:\/\/www.altominho.tv\/site\/2018\/01\/24\/projeto-do-cadastro-registou-mais-de-7-100-pedidos-para-georreferenciacao-de-16-mil-terrenos\/"]}]},{"@type":"ImageObject","inLanguage":"pt-PT","@id":"https:\/\/www.altominho.tv\/site\/2018\/01\/24\/projeto-do-cadastro-registou-mais-de-7-100-pedidos-para-georreferenciacao-de-16-mil-terrenos\/#primaryimage","url":"https:\/\/www.altominho.tv\/site\/wp-content\/uploads\/2018\/01\/pro.jpg","contentUrl":"https:\/\/www.altominho.tv\/site\/wp-content\/uploads\/2018\/01\/pro.jpg","width":800,"height":533},{"@type":"BreadcrumbList","@id":"https:\/\/www.altominho.tv\/site\/2018\/01\/24\/projeto-do-cadastro-registou-mais-de-7-100-pedidos-para-georreferenciacao-de-16-mil-terrenos\/#breadcrumb","itemListElement":[{"@type":"ListItem","position":1,"name":"In\u00edcio","item":"https:\/\/www.altominho.tv\/site\/"},{"@type":"ListItem","position":2,"name":"Projeto do cadastro registou mais de 7.100 pedidos para georreferencia\u00e7\u00e3o de 16 mil terrenos"}]},{"@type":"WebSite","@id":"https:\/\/www.altominho.tv\/site\/#website","url":"https:\/\/www.altominho.tv\/site\/","name":"Altominho.tv","description":"A sua regi\u00e3o \u00e0 dist\u00e2ncia de um clique...","potentialAction":[{"@type":"SearchAction","target":{"@type":"EntryPoint","urlTemplate":"https:\/\/www.altominho.tv\/site\/?s={search_term_string}"},"query-input":{"@type":"PropertyValueSpecification","valueRequired":true,"valueName":"search_term_string"}}],"inLanguage":"pt-PT"},{"@type":"Person","@id":"https:\/\/www.altominho.tv\/site\/#\/schema\/person\/5c9404a8b438614c93da6ca09db92574","name":"C\u00e1tia Malheiro","image":{"@type":"ImageObject","inLanguage":"pt-PT","@id":"https:\/\/www.altominho.tv\/site\/wp-content\/uploads\/2017\/11\/Catia_Malheiro-150x150.jpg","url":"https:\/\/www.altominho.tv\/site\/wp-content\/uploads\/2017\/11\/Catia_Malheiro-150x150.jpg","contentUrl":"https:\/\/www.altominho.tv\/site\/wp-content\/uploads\/2017\/11\/Catia_Malheiro-150x150.jpg","caption":"C\u00e1tia Malheiro"},"url":"https:\/\/www.altominho.tv\/site\/author\/catiamalheiro\/"}]}},"_links":{"self":[{"href":"https:\/\/www.altominho.tv\/site\/wp-json\/wp\/v2\/posts\/8682","targetHints":{"allow":["GET"]}}],"collection":[{"href":"https:\/\/www.altominho.tv\/site\/wp-json\/wp\/v2\/posts"}],"about":[{"href":"https:\/\/www.altominho.tv\/site\/wp-json\/wp\/v2\/types\/post"}],"author":[{"embeddable":true,"href":"https:\/\/www.altominho.tv\/site\/wp-json\/wp\/v2\/users\/6"}],"replies":[{"embeddable":true,"href":"https:\/\/www.altominho.tv\/site\/wp-json\/wp\/v2\/comments?post=8682"}],"version-history":[{"count":0,"href":"https:\/\/www.altominho.tv\/site\/wp-json\/wp\/v2\/posts\/8682\/revisions"}],"wp:featuredmedia":[{"embeddable":true,"href":"https:\/\/www.altominho.tv\/site\/wp-json\/wp\/v2\/media\/8684"}],"wp:attachment":[{"href":"https:\/\/www.altominho.tv\/site\/wp-json\/wp\/v2\/media?parent=8682"}],"wp:term":[{"taxonomy":"category","embeddable":true,"href":"https:\/\/www.altominho.tv\/site\/wp-json\/wp\/v2\/categories?post=8682"},{"taxonomy":"post_tag","embeddable":true,"href":"https:\/\/www.altominho.tv\/site\/wp-json\/wp\/v2\/tags?post=8682"}],"curies":[{"name":"wp","href":"https:\/\/api.w.org\/{rel}","templated":true}]}}