{"id":86809,"date":"2022-12-20T13:42:50","date_gmt":"2022-12-20T13:42:50","guid":{"rendered":"https:\/\/www.altominho.tv\/site\/?p=86809"},"modified":"2022-12-20T19:15:51","modified_gmt":"2022-12-20T19:15:51","slug":"faleceu-evaristo-cardoso-padrinho-da-foda-a-moncao","status":"publish","type":"post","link":"https:\/\/www.altominho.tv\/site\/2022\/12\/20\/faleceu-evaristo-cardoso-padrinho-da-foda-a-moncao\/","title":{"rendered":"Faleceu Evaristo Cardoso,  padrinho da &#8220;Foda \u00e0 Mon\u00e7\u00e3o&#8221;"},"content":{"rendered":"<p>Faleceu hoje, aos 80 anos, o mon\u00e7anense Evaristo Cardoso, padrinho da\u00a0 iguaria gastron\u00f3mica &#8220;Foda \u00e0 Mon\u00e7\u00e3o&#8221; e fundador do Solar dos Presuntos, hist\u00f3rico restaurante de Lisboa, que abriu portas em 1974.<\/p>\n<p>Considerado um dos embaixadores da gastronomia nacional, Evaristo Cardoso foi, em fevereiro de 2022, condecorado por Marcelo Rebelo de Sousa, com a Ordem do M\u00e9rito Empresarial e Comercial, no dia em que celebrou os seus 80 anos de vida.\u00a0<\/p>\n<p>Evaristo Cardoso foi tamb\u00e9m cozinheiro da Sele\u00e7\u00e3o Nacional de futebol, tendo assumido essa responsabilidade quando tinha apenas 21 anos.<\/p>\n<p>A Federa\u00e7\u00e3o Portuguesa de Futebol (FPF) reagiu \u00e0 morte de \u201cum verdadeiro mestre de sabores\u201d e uma \u201cpersonalidade \u00edmpar da restaura\u00e7\u00e3o portuguesa e homem ligado ao futebol pela arte da cozinha, mas n\u00e3o s\u00f3\u201d.<\/p>\n<p>\u201cDedicou duas d\u00e9cadas da sua vida \u00e0 Sele\u00e7\u00e3o Nacional. Desde ent\u00e3o, acompanhou a Equipa das Quinas integrado na comitiva nacional nas desloca\u00e7\u00f5es ao estrangeiro, fazendo com que a Sele\u00e7\u00e3o nunca deixasse de se sentir em casa\u201d, referiu Fernando Gomes, presidente da FPF, em comunicado.<\/p>\n<p><img loading=\"lazy\" decoding=\"async\" class=\"alignnone size-medium wp-image-86814\" src=\"https:\/\/www.altominho.tv\/site\/wp-content\/uploads\/2022\/12\/Evaristo-condecorado-626x433.png\" alt=\"\" width=\"626\" height=\"433\" srcset=\"https:\/\/www.altominho.tv\/site\/wp-content\/uploads\/2022\/12\/Evaristo-condecorado-626x433.png 626w, https:\/\/www.altominho.tv\/site\/wp-content\/uploads\/2022\/12\/Evaristo-condecorado-768x531.png 768w, https:\/\/www.altominho.tv\/site\/wp-content\/uploads\/2022\/12\/Evaristo-condecorado-370x256.png 370w, https:\/\/www.altominho.tv\/site\/wp-content\/uploads\/2022\/12\/Evaristo-condecorado-270x187.png 270w, https:\/\/www.altominho.tv\/site\/wp-content\/uploads\/2022\/12\/Evaristo-condecorado-435x300.png 435w, https:\/\/www.altominho.tv\/site\/wp-content\/uploads\/2022\/12\/Evaristo-condecorado-570x394.png 570w, https:\/\/www.altominho.tv\/site\/wp-content\/uploads\/2022\/12\/Evaristo-condecorado-740x512.png 740w, https:\/\/www.altominho.tv\/site\/wp-content\/uploads\/2022\/12\/Evaristo-condecorado.png 833w\" sizes=\"auto, (max-width: 626px) 100vw, 626px\" \/><\/p>\n<p>\u201c\u00c9 com enorme tristeza que informamos os nossos amigos de que hoje partiu metade da alma do Solar. Hoje choramos com a alegria de saber que cont\u00e1mos com ele ao nosso lado at\u00e9 ao fim e que uma grande parte do senhor Evaristo ficar\u00e1 para sempre na mesa do canto, a olhar por todos n\u00f3s. Morreu o Evaristo de Mon\u00e7\u00e3o, o Evaristo do Solar, o Evaristo da Gra\u00e7a, o Evaristo do Lila. Morreu o Evaristo, um amigo vosso, que viveu para vos servir. O Solar estar\u00e1 encerrado hoje \u00e0 noite e amanh\u00e3\u201d, pode ler-se na nota de pesar do reputado restaurante lisboeta, local de encontro de muitos artistas e figuras p\u00fablicas ao longo de d\u00e9cadas.\u00a0<\/p>\n<p>O munic\u00edpio de Mon\u00e7\u00e3o tamb\u00e9m lamentou &#8220;profundamente&#8221; o falecimento de um &#8220;verdadeiro embaixador da cozinha mon\u00e7anense em Lisboa&#8221;<\/p>\n<p>&#8220;Neste momento de enorme tristeza e consterna\u00e7\u00e3o, registamos a enorme admira\u00e7\u00e3o e apre\u00e7o por Evaristo Cardoso, um dos mais prestigiados e reputados chefs nacionais que contribuiu, de forma decisiva, para o desenvolvimento e afirma\u00e7\u00e3o da culin\u00e1ria mon\u00e7anense e portuguesa&#8221;, refere a autarquia.<\/p>\n<p>O vel\u00f3rio acontecer\u00e1 hoje na Igreja de S\u00e3o Jos\u00e9, \u00e0s 19h00, e a missa decorrer\u00e1 amanh\u00e3, pelas 11h00. O corpo seguir\u00e1 depois para Mon\u00e7\u00e3o.<\/p>\n\n\n<iframe loading=\"lazy\" src=\"https:\/\/www.facebook.com\/plugins\/post.php?href=https%3A%2F%2Fwww.facebook.com%2Fsolardospresuntos%2Fposts%2Fpfbid02S3LwfuZnCseTyroA34XGiEjWqRpYHXPQZ6w1U49sCizVYYRfqrzePWt4ADpsGBmrl&#038;show_text=false&#038;width=500\" width=\"500\" height=\"497\" style=\"border:none;overflow:hidden\" scrolling=\"no\" frameborder=\"0\" allowfullscreen=\"true\" allow=\"autoplay; clipboard-write; encrypted-media; picture-in-picture; web-share\"><\/iframe>\n","protected":false},"excerpt":{"rendered":"<p>Faleceu hoje, aos 80 anos, o mon\u00e7anense Evaristo Cardoso, padrinho da\u00a0 iguaria gastron\u00f3mica &#8220;Foda \u00e0 Mon\u00e7\u00e3o&#8221; e fundador do Solar dos Presuntos, hist\u00f3rico restaurante de Lisboa, que abriu portas em 1974. Considerado um dos embaixadores da gastronomia nacional, Evaristo Cardoso foi, em fevereiro de 2022, condecorado por Marcelo Rebelo de Sousa, com a Ordem do [&hellip;]<\/p>\n","protected":false},"author":24,"featured_media":86810,"comment_status":"closed","ping_status":"closed","sticky":false,"template":"","format":"standard","meta":{"_exactmetrics_skip_tracking":false,"_exactmetrics_sitenote_active":false,"_exactmetrics_sitenote_note":"","_exactmetrics_sitenote_category":0,"footnotes":""},"categories":[9],"tags":[23],"class_list":["post-86809","post","type-post","status-publish","format-standard","has-post-thumbnail","hentry","category-moncao","tag-gente"],"yoast_head":"<!-- This site is optimized with the Yoast SEO Premium plugin v27.4 (Yoast SEO v27.4) - https:\/\/yoast.com\/product\/yoast-seo-premium-wordpress\/ -->\n<title>Faleceu Evaristo Cardoso, padrinho da &quot;Foda \u00e0 Mon\u00e7\u00e3o&quot;<\/title>\n<meta name=\"description\" content=\"Faleceu hoje aos 80 anos Evaristo Cardoso, padrinho da candidatura da \u201cMesa de Mon\u00e7\u00e3o \u2013 Cordeiro \u00e0 Moda de Mon\u00e7\u00e3o\u201d ao concurso gastron\u00f3mico \u201c7 Maravilhas \u00e0 Mesa\u201d.\" \/>\n<meta name=\"robots\" content=\"index, follow, max-snippet:-1, max-image-preview:large, max-video-preview:-1\" \/>\n<link rel=\"canonical\" href=\"https:\/\/www.altominho.tv\/site\/2022\/12\/20\/faleceu-evaristo-cardoso-padrinho-da-foda-a-moncao\/\" \/>\n<meta property=\"og:locale\" content=\"pt_PT\" \/>\n<meta property=\"og:type\" content=\"article\" \/>\n<meta property=\"og:title\" content=\"Faleceu Evaristo Cardoso, padrinho da &quot;Foda \u00e0 Mon\u00e7\u00e3o&quot;\" \/>\n<meta property=\"og:description\" content=\"Faleceu hoje aos 80 anos Evaristo Cardoso, padrinho da candidatura da \u201cMesa de Mon\u00e7\u00e3o \u2013 Cordeiro \u00e0 Moda de Mon\u00e7\u00e3o\u201d ao concurso gastron\u00f3mico \u201c7 Maravilhas \u00e0 Mesa\u201d.\" \/>\n<meta property=\"og:url\" content=\"https:\/\/www.altominho.tv\/site\/2022\/12\/20\/faleceu-evaristo-cardoso-padrinho-da-foda-a-moncao\/\" \/>\n<meta property=\"og:site_name\" content=\"Altominho.tv\" \/>\n<meta property=\"article:publisher\" content=\"https:\/\/www.facebook.com\/altominhotv\" \/>\n<meta property=\"article:published_time\" content=\"2022-12-20T13:42:50+00:00\" \/>\n<meta property=\"article:modified_time\" content=\"2022-12-20T19:15:51+00:00\" \/>\n<meta property=\"og:image\" content=\"https:\/\/www.altominho.tv\/site\/wp-content\/uploads\/2022\/12\/Evaristo.png\" \/>\n\t<meta property=\"og:image:width\" content=\"934\" \/>\n\t<meta property=\"og:image:height\" content=\"608\" \/>\n\t<meta property=\"og:image:type\" content=\"image\/png\" \/>\n<meta name=\"author\" content=\"Cesar Lopes\" \/>\n<meta name=\"twitter:card\" content=\"summary_large_image\" \/>\n<meta name=\"twitter:creator\" content=\"@altominhoTV\" \/>\n<meta name=\"twitter:site\" content=\"@altominhoTV\" \/>\n<meta name=\"twitter:label1\" content=\"Escrito por\" \/>\n\t<meta name=\"twitter:data1\" content=\"Cesar Lopes\" \/>\n\t<meta name=\"twitter:label2\" content=\"Tempo estimado de leitura\" \/>\n\t<meta name=\"twitter:data2\" content=\"3 minutos\" \/>\n<script type=\"application\/ld+json\" class=\"yoast-schema-graph\">{\"@context\":\"https:\\\/\\\/schema.org\",\"@graph\":[{\"@type\":\"Article\",\"@id\":\"https:\\\/\\\/www.altominho.tv\\\/site\\\/2022\\\/12\\\/20\\\/faleceu-evaristo-cardoso-padrinho-da-foda-a-moncao\\\/#article\",\"isPartOf\":{\"@id\":\"https:\\\/\\\/www.altominho.tv\\\/site\\\/2022\\\/12\\\/20\\\/faleceu-evaristo-cardoso-padrinho-da-foda-a-moncao\\\/\"},\"author\":{\"name\":\"Cesar Lopes\",\"@id\":\"https:\\\/\\\/www.altominho.tv\\\/site\\\/#\\\/schema\\\/person\\\/c5570e5afb933b8d08c43373326ef1b1\"},\"headline\":\"Faleceu Evaristo Cardoso, padrinho da &#8220;Foda \u00e0 Mon\u00e7\u00e3o&#8221;\",\"datePublished\":\"2022-12-20T13:42:50+00:00\",\"dateModified\":\"2022-12-20T19:15:51+00:00\",\"mainEntityOfPage\":{\"@id\":\"https:\\\/\\\/www.altominho.tv\\\/site\\\/2022\\\/12\\\/20\\\/faleceu-evaristo-cardoso-padrinho-da-foda-a-moncao\\\/\"},\"wordCount\":398,\"image\":{\"@id\":\"https:\\\/\\\/www.altominho.tv\\\/site\\\/2022\\\/12\\\/20\\\/faleceu-evaristo-cardoso-padrinho-da-foda-a-moncao\\\/#primaryimage\"},\"thumbnailUrl\":\"https:\\\/\\\/www.altominho.tv\\\/site\\\/wp-content\\\/uploads\\\/2022\\\/12\\\/Evaristo.png\",\"keywords\":[\"Gente\"],\"articleSection\":[\"Mon\u00e7\u00e3o\"],\"inLanguage\":\"pt-PT\",\"copyrightYear\":\"2022\",\"copyrightHolder\":{\"@id\":\"https:\\\/\\\/www.altominho.tv\\\/site\\\/#organization\"}},{\"@type\":\"WebPage\",\"@id\":\"https:\\\/\\\/www.altominho.tv\\\/site\\\/2022\\\/12\\\/20\\\/faleceu-evaristo-cardoso-padrinho-da-foda-a-moncao\\\/\",\"url\":\"https:\\\/\\\/www.altominho.tv\\\/site\\\/2022\\\/12\\\/20\\\/faleceu-evaristo-cardoso-padrinho-da-foda-a-moncao\\\/\",\"name\":\"Faleceu Evaristo Cardoso, padrinho da \\\"Foda \u00e0 Mon\u00e7\u00e3o\\\"\",\"isPartOf\":{\"@id\":\"https:\\\/\\\/www.altominho.tv\\\/site\\\/#website\"},\"primaryImageOfPage\":{\"@id\":\"https:\\\/\\\/www.altominho.tv\\\/site\\\/2022\\\/12\\\/20\\\/faleceu-evaristo-cardoso-padrinho-da-foda-a-moncao\\\/#primaryimage\"},\"image\":{\"@id\":\"https:\\\/\\\/www.altominho.tv\\\/site\\\/2022\\\/12\\\/20\\\/faleceu-evaristo-cardoso-padrinho-da-foda-a-moncao\\\/#primaryimage\"},\"thumbnailUrl\":\"https:\\\/\\\/www.altominho.tv\\\/site\\\/wp-content\\\/uploads\\\/2022\\\/12\\\/Evaristo.png\",\"datePublished\":\"2022-12-20T13:42:50+00:00\",\"dateModified\":\"2022-12-20T19:15:51+00:00\",\"author\":{\"@id\":\"https:\\\/\\\/www.altominho.tv\\\/site\\\/#\\\/schema\\\/person\\\/c5570e5afb933b8d08c43373326ef1b1\"},\"description\":\"Faleceu hoje aos 80 anos Evaristo Cardoso, padrinho da candidatura da \u201cMesa de Mon\u00e7\u00e3o \u2013 Cordeiro \u00e0 Moda de Mon\u00e7\u00e3o\u201d ao concurso gastron\u00f3mico \u201c7 Maravilhas \u00e0 Mesa\u201d.\",\"breadcrumb\":{\"@id\":\"https:\\\/\\\/www.altominho.tv\\\/site\\\/2022\\\/12\\\/20\\\/faleceu-evaristo-cardoso-padrinho-da-foda-a-moncao\\\/#breadcrumb\"},\"inLanguage\":\"pt-PT\",\"potentialAction\":[{\"@type\":\"ReadAction\",\"target\":[\"https:\\\/\\\/www.altominho.tv\\\/site\\\/2022\\\/12\\\/20\\\/faleceu-evaristo-cardoso-padrinho-da-foda-a-moncao\\\/\"]}]},{\"@type\":\"ImageObject\",\"inLanguage\":\"pt-PT\",\"@id\":\"https:\\\/\\\/www.altominho.tv\\\/site\\\/2022\\\/12\\\/20\\\/faleceu-evaristo-cardoso-padrinho-da-foda-a-moncao\\\/#primaryimage\",\"url\":\"https:\\\/\\\/www.altominho.tv\\\/site\\\/wp-content\\\/uploads\\\/2022\\\/12\\\/Evaristo.png\",\"contentUrl\":\"https:\\\/\\\/www.altominho.tv\\\/site\\\/wp-content\\\/uploads\\\/2022\\\/12\\\/Evaristo.png\",\"width\":934,\"height\":608},{\"@type\":\"BreadcrumbList\",\"@id\":\"https:\\\/\\\/www.altominho.tv\\\/site\\\/2022\\\/12\\\/20\\\/faleceu-evaristo-cardoso-padrinho-da-foda-a-moncao\\\/#breadcrumb\",\"itemListElement\":[{\"@type\":\"ListItem\",\"position\":1,\"name\":\"In\u00edcio\",\"item\":\"https:\\\/\\\/www.altominho.tv\\\/site\\\/\"},{\"@type\":\"ListItem\",\"position\":2,\"name\":\"Faleceu Evaristo Cardoso, padrinho da &#8220;Foda \u00e0 Mon\u00e7\u00e3o&#8221;\"}]},{\"@type\":\"WebSite\",\"@id\":\"https:\\\/\\\/www.altominho.tv\\\/site\\\/#website\",\"url\":\"https:\\\/\\\/www.altominho.tv\\\/site\\\/\",\"name\":\"Altominho.tv\",\"description\":\"A sua regi\u00e3o \u00e0 dist\u00e2ncia de um clique...\",\"potentialAction\":[{\"@type\":\"SearchAction\",\"target\":{\"@type\":\"EntryPoint\",\"urlTemplate\":\"https:\\\/\\\/www.altominho.tv\\\/site\\\/?s={search_term_string}\"},\"query-input\":{\"@type\":\"PropertyValueSpecification\",\"valueRequired\":true,\"valueName\":\"search_term_string\"}}],\"inLanguage\":\"pt-PT\"},{\"@type\":\"Person\",\"@id\":\"https:\\\/\\\/www.altominho.tv\\\/site\\\/#\\\/schema\\\/person\\\/c5570e5afb933b8d08c43373326ef1b1\",\"name\":\"Cesar Lopes\",\"image\":{\"@type\":\"ImageObject\",\"inLanguage\":\"pt-PT\",\"@id\":\"https:\\\/\\\/www.altominho.tv\\\/site\\\/wp-content\\\/uploads\\\/2022\\\/10\\\/Sem-Titulo-150x150.jpg\",\"url\":\"https:\\\/\\\/www.altominho.tv\\\/site\\\/wp-content\\\/uploads\\\/2022\\\/10\\\/Sem-Titulo-150x150.jpg\",\"contentUrl\":\"https:\\\/\\\/www.altominho.tv\\\/site\\\/wp-content\\\/uploads\\\/2022\\\/10\\\/Sem-Titulo-150x150.jpg\",\"caption\":\"Cesar Lopes\"},\"url\":\"https:\\\/\\\/www.altominho.tv\\\/site\\\/author\\\/cesarlopes\\\/\"}]}<\/script>\n<!-- \/ Yoast SEO Premium plugin. -->","yoast_head_json":{"title":"Faleceu Evaristo Cardoso, padrinho da \"Foda \u00e0 Mon\u00e7\u00e3o\"","description":"Faleceu hoje aos 80 anos Evaristo Cardoso, padrinho da candidatura da \u201cMesa de Mon\u00e7\u00e3o \u2013 Cordeiro \u00e0 Moda de Mon\u00e7\u00e3o\u201d ao concurso gastron\u00f3mico \u201c7 Maravilhas \u00e0 Mesa\u201d.","robots":{"index":"index","follow":"follow","max-snippet":"max-snippet:-1","max-image-preview":"max-image-preview:large","max-video-preview":"max-video-preview:-1"},"canonical":"https:\/\/www.altominho.tv\/site\/2022\/12\/20\/faleceu-evaristo-cardoso-padrinho-da-foda-a-moncao\/","og_locale":"pt_PT","og_type":"article","og_title":"Faleceu Evaristo Cardoso, padrinho da \"Foda \u00e0 Mon\u00e7\u00e3o\"","og_description":"Faleceu hoje aos 80 anos Evaristo Cardoso, padrinho da candidatura da \u201cMesa de Mon\u00e7\u00e3o \u2013 Cordeiro \u00e0 Moda de Mon\u00e7\u00e3o\u201d ao concurso gastron\u00f3mico \u201c7 Maravilhas \u00e0 Mesa\u201d.","og_url":"https:\/\/www.altominho.tv\/site\/2022\/12\/20\/faleceu-evaristo-cardoso-padrinho-da-foda-a-moncao\/","og_site_name":"Altominho.tv","article_publisher":"https:\/\/www.facebook.com\/altominhotv","article_published_time":"2022-12-20T13:42:50+00:00","article_modified_time":"2022-12-20T19:15:51+00:00","og_image":[{"width":934,"height":608,"url":"https:\/\/www.altominho.tv\/site\/wp-content\/uploads\/2022\/12\/Evaristo.png","type":"image\/png"}],"author":"Cesar Lopes","twitter_card":"summary_large_image","twitter_creator":"@altominhoTV","twitter_site":"@altominhoTV","twitter_misc":{"Escrito por":"Cesar Lopes","Tempo estimado de leitura":"3 minutos"},"schema":{"@context":"https:\/\/schema.org","@graph":[{"@type":"Article","@id":"https:\/\/www.altominho.tv\/site\/2022\/12\/20\/faleceu-evaristo-cardoso-padrinho-da-foda-a-moncao\/#article","isPartOf":{"@id":"https:\/\/www.altominho.tv\/site\/2022\/12\/20\/faleceu-evaristo-cardoso-padrinho-da-foda-a-moncao\/"},"author":{"name":"Cesar Lopes","@id":"https:\/\/www.altominho.tv\/site\/#\/schema\/person\/c5570e5afb933b8d08c43373326ef1b1"},"headline":"Faleceu Evaristo Cardoso, padrinho da &#8220;Foda \u00e0 Mon\u00e7\u00e3o&#8221;","datePublished":"2022-12-20T13:42:50+00:00","dateModified":"2022-12-20T19:15:51+00:00","mainEntityOfPage":{"@id":"https:\/\/www.altominho.tv\/site\/2022\/12\/20\/faleceu-evaristo-cardoso-padrinho-da-foda-a-moncao\/"},"wordCount":398,"image":{"@id":"https:\/\/www.altominho.tv\/site\/2022\/12\/20\/faleceu-evaristo-cardoso-padrinho-da-foda-a-moncao\/#primaryimage"},"thumbnailUrl":"https:\/\/www.altominho.tv\/site\/wp-content\/uploads\/2022\/12\/Evaristo.png","keywords":["Gente"],"articleSection":["Mon\u00e7\u00e3o"],"inLanguage":"pt-PT","copyrightYear":"2022","copyrightHolder":{"@id":"https:\/\/www.altominho.tv\/site\/#organization"}},{"@type":"WebPage","@id":"https:\/\/www.altominho.tv\/site\/2022\/12\/20\/faleceu-evaristo-cardoso-padrinho-da-foda-a-moncao\/","url":"https:\/\/www.altominho.tv\/site\/2022\/12\/20\/faleceu-evaristo-cardoso-padrinho-da-foda-a-moncao\/","name":"Faleceu Evaristo Cardoso, padrinho da \"Foda \u00e0 Mon\u00e7\u00e3o\"","isPartOf":{"@id":"https:\/\/www.altominho.tv\/site\/#website"},"primaryImageOfPage":{"@id":"https:\/\/www.altominho.tv\/site\/2022\/12\/20\/faleceu-evaristo-cardoso-padrinho-da-foda-a-moncao\/#primaryimage"},"image":{"@id":"https:\/\/www.altominho.tv\/site\/2022\/12\/20\/faleceu-evaristo-cardoso-padrinho-da-foda-a-moncao\/#primaryimage"},"thumbnailUrl":"https:\/\/www.altominho.tv\/site\/wp-content\/uploads\/2022\/12\/Evaristo.png","datePublished":"2022-12-20T13:42:50+00:00","dateModified":"2022-12-20T19:15:51+00:00","author":{"@id":"https:\/\/www.altominho.tv\/site\/#\/schema\/person\/c5570e5afb933b8d08c43373326ef1b1"},"description":"Faleceu hoje aos 80 anos Evaristo Cardoso, padrinho da candidatura da \u201cMesa de Mon\u00e7\u00e3o \u2013 Cordeiro \u00e0 Moda de Mon\u00e7\u00e3o\u201d ao concurso gastron\u00f3mico \u201c7 Maravilhas \u00e0 Mesa\u201d.","breadcrumb":{"@id":"https:\/\/www.altominho.tv\/site\/2022\/12\/20\/faleceu-evaristo-cardoso-padrinho-da-foda-a-moncao\/#breadcrumb"},"inLanguage":"pt-PT","potentialAction":[{"@type":"ReadAction","target":["https:\/\/www.altominho.tv\/site\/2022\/12\/20\/faleceu-evaristo-cardoso-padrinho-da-foda-a-moncao\/"]}]},{"@type":"ImageObject","inLanguage":"pt-PT","@id":"https:\/\/www.altominho.tv\/site\/2022\/12\/20\/faleceu-evaristo-cardoso-padrinho-da-foda-a-moncao\/#primaryimage","url":"https:\/\/www.altominho.tv\/site\/wp-content\/uploads\/2022\/12\/Evaristo.png","contentUrl":"https:\/\/www.altominho.tv\/site\/wp-content\/uploads\/2022\/12\/Evaristo.png","width":934,"height":608},{"@type":"BreadcrumbList","@id":"https:\/\/www.altominho.tv\/site\/2022\/12\/20\/faleceu-evaristo-cardoso-padrinho-da-foda-a-moncao\/#breadcrumb","itemListElement":[{"@type":"ListItem","position":1,"name":"In\u00edcio","item":"https:\/\/www.altominho.tv\/site\/"},{"@type":"ListItem","position":2,"name":"Faleceu Evaristo Cardoso, padrinho da &#8220;Foda \u00e0 Mon\u00e7\u00e3o&#8221;"}]},{"@type":"WebSite","@id":"https:\/\/www.altominho.tv\/site\/#website","url":"https:\/\/www.altominho.tv\/site\/","name":"Altominho.tv","description":"A sua regi\u00e3o \u00e0 dist\u00e2ncia de um clique...","potentialAction":[{"@type":"SearchAction","target":{"@type":"EntryPoint","urlTemplate":"https:\/\/www.altominho.tv\/site\/?s={search_term_string}"},"query-input":{"@type":"PropertyValueSpecification","valueRequired":true,"valueName":"search_term_string"}}],"inLanguage":"pt-PT"},{"@type":"Person","@id":"https:\/\/www.altominho.tv\/site\/#\/schema\/person\/c5570e5afb933b8d08c43373326ef1b1","name":"Cesar Lopes","image":{"@type":"ImageObject","inLanguage":"pt-PT","@id":"https:\/\/www.altominho.tv\/site\/wp-content\/uploads\/2022\/10\/Sem-Titulo-150x150.jpg","url":"https:\/\/www.altominho.tv\/site\/wp-content\/uploads\/2022\/10\/Sem-Titulo-150x150.jpg","contentUrl":"https:\/\/www.altominho.tv\/site\/wp-content\/uploads\/2022\/10\/Sem-Titulo-150x150.jpg","caption":"Cesar Lopes"},"url":"https:\/\/www.altominho.tv\/site\/author\/cesarlopes\/"}]}},"_links":{"self":[{"href":"https:\/\/www.altominho.tv\/site\/wp-json\/wp\/v2\/posts\/86809","targetHints":{"allow":["GET"]}}],"collection":[{"href":"https:\/\/www.altominho.tv\/site\/wp-json\/wp\/v2\/posts"}],"about":[{"href":"https:\/\/www.altominho.tv\/site\/wp-json\/wp\/v2\/types\/post"}],"author":[{"embeddable":true,"href":"https:\/\/www.altominho.tv\/site\/wp-json\/wp\/v2\/users\/24"}],"replies":[{"embeddable":true,"href":"https:\/\/www.altominho.tv\/site\/wp-json\/wp\/v2\/comments?post=86809"}],"version-history":[{"count":14,"href":"https:\/\/www.altominho.tv\/site\/wp-json\/wp\/v2\/posts\/86809\/revisions"}],"predecessor-version":[{"id":86852,"href":"https:\/\/www.altominho.tv\/site\/wp-json\/wp\/v2\/posts\/86809\/revisions\/86852"}],"wp:featuredmedia":[{"embeddable":true,"href":"https:\/\/www.altominho.tv\/site\/wp-json\/wp\/v2\/media\/86810"}],"wp:attachment":[{"href":"https:\/\/www.altominho.tv\/site\/wp-json\/wp\/v2\/media?parent=86809"}],"wp:term":[{"taxonomy":"category","embeddable":true,"href":"https:\/\/www.altominho.tv\/site\/wp-json\/wp\/v2\/categories?post=86809"},{"taxonomy":"post_tag","embeddable":true,"href":"https:\/\/www.altominho.tv\/site\/wp-json\/wp\/v2\/tags?post=86809"}],"curies":[{"name":"wp","href":"https:\/\/api.w.org\/{rel}","templated":true}]}}